{"id":408400,"date":"2026-03-13T04:29:00","date_gmt":"2026-03-13T07:29:00","guid":{"rendered":"https:\/\/portaltela.pt\/noticias\/2026\/03\/13\/ataque-com-drone-resulta-em-duas-mortes-em-oma\/"},"modified":"2026-03-13T04:29:00","modified_gmt":"2026-03-13T07:29:00","slug":"ataque-com-drone-resulta-em-duas-mortes-em-oma","status":"publish","type":"post","link":"https:\/\/portaltela.pt\/noticias\/internacional\/2026\/03\/13\/ataque-com-drone-resulta-em-duas-mortes-em-oma\/","title":{"rendered":"Ataque com drone resulta em duas mortes em Om\u00e3"},"content":{"rendered":"<p>O ataque com drone em Om\u00e3 resultou na morte de duas pessoas, segundo primeiras informa\u00e7\u00f5es. O incidente ocorreu h\u00e1 14 dias, em territ\u00f3rio omani, e as circunst\u00e2ncias exatas n\u00e3o foram divulgadas pelas autoridades locais. O resultado imediato \u00e9 de rejei\u00e7\u00e3o e preocupa\u00e7\u00e3o na regi\u00e3o.<\/p>\n<p>Identidades das v\u00edtimas ainda n\u00e3o foram confirmadas, e n\u00e3o foi divulgado quem esteve por tr\u00e1s do ataque. As informa\u00e7\u00f5es iniciais apontam para um epis\u00f3dio isolado dentro de um cen\u00e1rio de tens\u00f5es regionais, sem confirma\u00e7\u00e3o de responsabiliza\u00e7\u00e3o.<\/p>\n<h3>Contexto regional<\/h3>\n<p>Ainda de acordo com as informa\u00e7\u00f5es dispon\u00edveis, h\u00e1 14 dias EUA e Israel teriam lan\u00e7ado ataques contra o Ir\u00e3o, sob alega\u00e7\u00e3o de neutralizar amea\u00e7as nucleares. A ofensiva \u00e9 descrita como provocando centenas de mortos e aumentando a tens\u00e3o na regi\u00e3o. Pa\u00edses vizinhos que alojam bases norte-americanas teriam sido alvo de ataques di\u00e1rios, incluindo Dubai e Catar. Mojtaba Khamenei foi anunciado como l\u00edder supremo do Ir\u00e3o, em meio a esse contexto de conflito regional.<\/p>\n","protected":false},"excerpt":{"rendered":"<ul>\n<li>Um ataque com drone em Om\u00e3 matou duas pessoas.<\/li>\n<li>Os EUA e Israel lan\u00e7aram ataques contra o Ir\u00e3o h\u00e1 catorze dias, alegando eliminar amea\u00e7as nucleares.<\/li>\n<li>A ofensiva j\u00e1 provocou centenas de mortos e elevou as tens\u00f5es na regi\u00e3o, com bases militares norte-americanas em pa\u00edses vizinhos a serem alvos di\u00e1rios, incluindo Dubai e Catar.<\/li>\n<li>Mojtaba Khamenei foi oficializado como l\u00edder supremo do Ir\u00e3o; \u00e9 filho do aiatol\u00e1 Ali Khamenei, que morreu nos bombardeamentos do primeiro dia.<\/li>\n<li>A not\u00edcia acompanha os desenvolvimentos da guerra.<\/li>\n<\/ul>\n","protected":false},"author":2,"featured_media":408401,"comment_status":"closed","ping_status":"closed","sticky":false,"template":"","format":"standard","meta":{"footnotes":""},"categories":[6790,4],"tags":[3143,2198,1600,3327,3708,5997],"class_list":["post-408400","post","type-post","status-publish","format-standard","has-post-thumbnail","hentry","category-conflitos","category-internacional","tag-ataques-internacionais","tag-conflitos-internacionais","tag-estados-unidos","tag-iran","tag-israel","tag-oma"],"yoast_head":"<!-- This site is optimized with the Yoast SEO plugin v27.2 - https:\/\/yoast.com\/product\/yoast-seo-wordpress\/ -->\n<title>Ataque com drone resulta em duas mortes em Om\u00e3 - Portal Tela Portugal<\/title>\n<meta name=\"robots\" content=\"index, follow, max-snippet:-1, max-image-preview:large, max-video-preview:-1\" \/>\n<meta property=\"og:locale\" content=\"pt_PT\" \/>\n<meta property=\"og:type\" content=\"article\" \/>\n<meta property=\"og:title\" content=\"Ataque com drone resulta em duas mortes em Om\u00e3 - Portal Tela Portugal\" \/>\n<meta property=\"og:description\" content=\"Um ataque com drone em Om\u00e3 matou duas pessoas. Os EUA e Israel lan\u00e7aram ataques contra o Ir\u00e3o h\u00e1 catorze dias, alegando eliminar amea\u00e7as nucleares. A ofensiva j\u00e1 provocou centenas de mortos e elevou as tens\u00f5es na regi\u00e3o, com bases militares norte-americanas em pa\u00edses vizinhos a serem alvos di\u00e1rios, incluindo Dubai e Catar. Mojtaba Khamenei foi oficializado como l\u00edder supremo do Ir\u00e3o; \u00e9 filho do aiatol\u00e1 Ali Khamenei, que morreu nos bombardeamentos do primeiro dia. A not\u00edcia acompanha os desenvolvimentos da guerra.\" \/>\n<meta property=\"og:url\" content=\"https:\/\/portaltela.pt\/noticias\/2026\/03\/13\/ataque-com-drone-resulta-em-duas-mortes-em-oma\/\" \/>\n<meta property=\"og:site_name\" content=\"Portal Tela Portugal\" \/>\n<meta property=\"article:published_time\" content=\"2026-03-13T07:29:00+00:00\" \/>\n<meta name=\"author\" content=\"Telinha\" \/>\n<meta name=\"twitter:card\" content=\"summary_large_image\" \/>\n<meta name=\"twitter:label1\" content=\"Escrito por\" \/>\n\t<meta name=\"twitter:data1\" content=\"Telinha\" \/>\n\t<meta name=\"twitter:label2\" content=\"Tempo estimado de leitura\" \/>\n\t<meta name=\"twitter:data2\" content=\"1 minuto\" \/>\n<script type=\"application\/ld+json\" class=\"yoast-schema-graph\">{\"@context\":\"https:\/\/schema.org\",\"@graph\":[{\"@type\":\"Article\",\"@id\":\"https:\/\/portaltela.pt\/noticias\/2026\/03\/13\/ataque-com-drone-resulta-em-duas-mortes-em-oma\/#article\",\"isPartOf\":{\"@id\":\"https:\/\/portaltela.pt\/noticias\/2026\/03\/13\/ataque-com-drone-resulta-em-duas-mortes-em-oma\/\"},\"author\":{\"name\":\"Telinha\",\"@id\":\"https:\/\/portaltela.pt\/#\/schema\/person\/c4278d4a6028830caff9ee44b42d32ed\"},\"headline\":\"Ataque com drone resulta em duas mortes em Om\u00e3\",\"datePublished\":\"2026-03-13T07:29:00+00:00\",\"mainEntityOfPage\":{\"@id\":\"https:\/\/portaltela.pt\/noticias\/2026\/03\/13\/ataque-com-drone-resulta-em-duas-mortes-em-oma\/\"},\"wordCount\":189,\"image\":{\"@id\":\"https:\/\/portaltela.pt\/noticias\/2026\/03\/13\/ataque-com-drone-resulta-em-duas-mortes-em-oma\/#primaryimage\"},\"thumbnailUrl\":\"https:\/\/portaltela.pt\/s.01k8rhncp4jt1\/2026\/03\/image-53.webp\",\"keywords\":[\"ataques internacionais\",\"conflitos internacionais\",\"Estados Unidos\",\"\u00cdr\u00e1n\",\"Israel\",\"Om\u00e3\"],\"articleSection\":[\"Conflitos\",\"Internacional\"],\"inLanguage\":\"pt-PT\"},{\"@type\":\"WebPage\",\"@id\":\"https:\/\/portaltela.pt\/noticias\/2026\/03\/13\/ataque-com-drone-resulta-em-duas-mortes-em-oma\/\",\"url\":\"https:\/\/portaltela.pt\/noticias\/2026\/03\/13\/ataque-com-drone-resulta-em-duas-mortes-em-oma\/\",\"name\":\"Ataque com drone resulta em duas mortes em Om\u00e3 - Portal Tela Portugal\",\"isPartOf\":{\"@id\":\"https:\/\/portaltela.pt\/#website\"},\"primaryImageOfPage\":{\"@id\":\"https:\/\/portaltela.pt\/noticias\/2026\/03\/13\/ataque-com-drone-resulta-em-duas-mortes-em-oma\/#primaryimage\"},\"image\":{\"@id\":\"https:\/\/portaltela.pt\/noticias\/2026\/03\/13\/ataque-com-drone-resulta-em-duas-mortes-em-oma\/#primaryimage\"},\"thumbnailUrl\":\"https:\/\/portaltela.pt\/s.01k8rhncp4jt1\/2026\/03\/image-53.webp\",\"datePublished\":\"2026-03-13T07:29:00+00:00\",\"author\":{\"@id\":\"https:\/\/portaltela.pt\/#\/schema\/person\/c4278d4a6028830caff9ee44b42d32ed\"},\"breadcrumb\":{\"@id\":\"https:\/\/portaltela.pt\/noticias\/2026\/03\/13\/ataque-com-drone-resulta-em-duas-mortes-em-oma\/#breadcrumb\"},\"inLanguage\":\"pt-PT\",\"potentialAction\":[{\"@type\":\"ReadAction\",\"target\":[\"https:\/\/portaltela.pt\/noticias\/2026\/03\/13\/ataque-com-drone-resulta-em-duas-mortes-em-oma\/\"]}]},{\"@type\":\"ImageObject\",\"inLanguage\":\"pt-PT\",\"@id\":\"https:\/\/portaltela.pt\/noticias\/2026\/03\/13\/ataque-com-drone-resulta-em-duas-mortes-em-oma\/#primaryimage\",\"url\":\"https:\/\/portaltela.pt\/s.01k8rhncp4jt1\/2026\/03\/image-53.webp\",\"contentUrl\":\"https:\/\/portaltela.pt\/s.01k8rhncp4jt1\/2026\/03\/image-53.webp\",\"width\":1200,\"height\":800,\"caption\":\"Foto Abedin Taherkenareh\/EPA\"},{\"@type\":\"BreadcrumbList\",\"@id\":\"https:\/\/portaltela.pt\/noticias\/2026\/03\/13\/ataque-com-drone-resulta-em-duas-mortes-em-oma\/#breadcrumb\",\"itemListElement\":[{\"@type\":\"ListItem\",\"position\":1,\"name\":\"In\u00edcio\",\"item\":\"https:\/\/portaltela.pt\/\"},{\"@type\":\"ListItem\",\"position\":2,\"name\":\"Ataque com drone resulta em duas mortes em Om\u00e3\"}]},{\"@type\":\"WebSite\",\"@id\":\"https:\/\/portaltela.pt\/#website\",\"url\":\"https:\/\/portaltela.pt\/\",\"name\":\"Portal Tela Portugal\",\"description\":\"\",\"potentialAction\":[{\"@type\":\"SearchAction\",\"target\":{\"@type\":\"EntryPoint\",\"urlTemplate\":\"https:\/\/portaltela.pt\/?s={search_term_string}\"},\"query-input\":{\"@type\":\"PropertyValueSpecification\",\"valueRequired\":true,\"valueName\":\"search_term_string\"}}],\"inLanguage\":\"pt-PT\"},{\"@type\":\"Person\",\"@id\":\"https:\/\/portaltela.pt\/#\/schema\/person\/c4278d4a6028830caff9ee44b42d32ed\",\"name\":\"Telinha\",\"image\":{\"@type\":\"ImageObject\",\"inLanguage\":\"pt-PT\",\"@id\":\"https:\/\/portaltela.pt\/s.01k8rhncp4jt1\/2025\/11\/talking-bot-125x125.png\",\"url\":\"https:\/\/portaltela.pt\/s.01k8rhncp4jt1\/2025\/11\/talking-bot-125x125.png\",\"contentUrl\":\"https:\/\/portaltela.pt\/s.01k8rhncp4jt1\/2025\/11\/talking-bot-125x125.png\",\"caption\":\"Telinha\"},\"sameAs\":[\"https:\/\/portaltela.pt\/\"],\"url\":\"https:\/\/portaltela.pt\/por\/367410592786\/\"}]}<\/script>\n<!-- \/ Yoast SEO plugin. -->","yoast_head_json":{"title":"Ataque com drone resulta em duas mortes em Om\u00e3 - Portal Tela Portugal","robots":{"index":"index","follow":"follow","max-snippet":"max-snippet:-1","max-image-preview":"max-image-preview:large","max-video-preview":"max-video-preview:-1"},"og_locale":"pt_PT","og_type":"article","og_title":"Ataque com drone resulta em duas mortes em Om\u00e3 - Portal Tela Portugal","og_description":"Um ataque com drone em Om\u00e3 matou duas pessoas. Os EUA e Israel lan\u00e7aram ataques contra o Ir\u00e3o h\u00e1 catorze dias, alegando eliminar amea\u00e7as nucleares. A ofensiva j\u00e1 provocou centenas de mortos e elevou as tens\u00f5es na regi\u00e3o, com bases militares norte-americanas em pa\u00edses vizinhos a serem alvos di\u00e1rios, incluindo Dubai e Catar. Mojtaba Khamenei foi oficializado como l\u00edder supremo do Ir\u00e3o; \u00e9 filho do aiatol\u00e1 Ali Khamenei, que morreu nos bombardeamentos do primeiro dia. A not\u00edcia acompanha os desenvolvimentos da guerra.","og_url":"https:\/\/portaltela.pt\/noticias\/2026\/03\/13\/ataque-com-drone-resulta-em-duas-mortes-em-oma\/","og_site_name":"Portal Tela Portugal","article_published_time":"2026-03-13T07:29:00+00:00","author":"Telinha","twitter_card":"summary_large_image","twitter_misc":{"Escrito por":"Telinha","Tempo estimado de leitura":"1 minuto"},"schema":{"@context":"https:\/\/schema.org","@graph":[{"@type":"Article","@id":"https:\/\/portaltela.pt\/noticias\/2026\/03\/13\/ataque-com-drone-resulta-em-duas-mortes-em-oma\/#article","isPartOf":{"@id":"https:\/\/portaltela.pt\/noticias\/2026\/03\/13\/ataque-com-drone-resulta-em-duas-mortes-em-oma\/"},"author":{"name":"Telinha","@id":"https:\/\/portaltela.pt\/#\/schema\/person\/c4278d4a6028830caff9ee44b42d32ed"},"headline":"Ataque com drone resulta em duas mortes em Om\u00e3","datePublished":"2026-03-13T07:29:00+00:00","mainEntityOfPage":{"@id":"https:\/\/portaltela.pt\/noticias\/2026\/03\/13\/ataque-com-drone-resulta-em-duas-mortes-em-oma\/"},"wordCount":189,"image":{"@id":"https:\/\/portaltela.pt\/noticias\/2026\/03\/13\/ataque-com-drone-resulta-em-duas-mortes-em-oma\/#primaryimage"},"thumbnailUrl":"https:\/\/portaltela.pt\/s.01k8rhncp4jt1\/2026\/03\/image-53.webp","keywords":["ataques internacionais","conflitos internacionais","Estados Unidos","\u00cdr\u00e1n","Israel","Om\u00e3"],"articleSection":["Conflitos","Internacional"],"inLanguage":"pt-PT"},{"@type":"WebPage","@id":"https:\/\/portaltela.pt\/noticias\/2026\/03\/13\/ataque-com-drone-resulta-em-duas-mortes-em-oma\/","url":"https:\/\/portaltela.pt\/noticias\/2026\/03\/13\/ataque-com-drone-resulta-em-duas-mortes-em-oma\/","name":"Ataque com drone resulta em duas mortes em Om\u00e3 - Portal Tela Portugal","isPartOf":{"@id":"https:\/\/portaltela.pt\/#website"},"primaryImageOfPage":{"@id":"https:\/\/portaltela.pt\/noticias\/2026\/03\/13\/ataque-com-drone-resulta-em-duas-mortes-em-oma\/#primaryimage"},"image":{"@id":"https:\/\/portaltela.pt\/noticias\/2026\/03\/13\/ataque-com-drone-resulta-em-duas-mortes-em-oma\/#primaryimage"},"thumbnailUrl":"https:\/\/portaltela.pt\/s.01k8rhncp4jt1\/2026\/03\/image-53.webp","datePublished":"2026-03-13T07:29:00+00:00","author":{"@id":"https:\/\/portaltela.pt\/#\/schema\/person\/c4278d4a6028830caff9ee44b42d32ed"},"breadcrumb":{"@id":"https:\/\/portaltela.pt\/noticias\/2026\/03\/13\/ataque-com-drone-resulta-em-duas-mortes-em-oma\/#breadcrumb"},"inLanguage":"pt-PT","potentialAction":[{"@type":"ReadAction","target":["https:\/\/portaltela.pt\/noticias\/2026\/03\/13\/ataque-com-drone-resulta-em-duas-mortes-em-oma\/"]}]},{"@type":"ImageObject","inLanguage":"pt-PT","@id":"https:\/\/portaltela.pt\/noticias\/2026\/03\/13\/ataque-com-drone-resulta-em-duas-mortes-em-oma\/#primaryimage","url":"https:\/\/portaltela.pt\/s.01k8rhncp4jt1\/2026\/03\/image-53.webp","contentUrl":"https:\/\/portaltela.pt\/s.01k8rhncp4jt1\/2026\/03\/image-53.webp","width":1200,"height":800,"caption":"Foto Abedin Taherkenareh\/EPA"},{"@type":"BreadcrumbList","@id":"https:\/\/portaltela.pt\/noticias\/2026\/03\/13\/ataque-com-drone-resulta-em-duas-mortes-em-oma\/#breadcrumb","itemListElement":[{"@type":"ListItem","position":1,"name":"In\u00edcio","item":"https:\/\/portaltela.pt\/"},{"@type":"ListItem","position":2,"name":"Ataque com drone resulta em duas mortes em Om\u00e3"}]},{"@type":"WebSite","@id":"https:\/\/portaltela.pt\/#website","url":"https:\/\/portaltela.pt\/","name":"Portal Tela Portugal","description":"","potentialAction":[{"@type":"SearchAction","target":{"@type":"EntryPoint","urlTemplate":"https:\/\/portaltela.pt\/?s={search_term_string}"},"query-input":{"@type":"PropertyValueSpecification","valueRequired":true,"valueName":"search_term_string"}}],"inLanguage":"pt-PT"},{"@type":"Person","@id":"https:\/\/portaltela.pt\/#\/schema\/person\/c4278d4a6028830caff9ee44b42d32ed","name":"Telinha","image":{"@type":"ImageObject","inLanguage":"pt-PT","@id":"https:\/\/portaltela.pt\/s.01k8rhncp4jt1\/2025\/11\/talking-bot-125x125.png","url":"https:\/\/portaltela.pt\/s.01k8rhncp4jt1\/2025\/11\/talking-bot-125x125.png","contentUrl":"https:\/\/portaltela.pt\/s.01k8rhncp4jt1\/2025\/11\/talking-bot-125x125.png","caption":"Telinha"},"sameAs":["https:\/\/portaltela.pt\/"],"url":"https:\/\/portaltela.pt\/por\/367410592786\/"}]}},"_links":{"self":[{"href":"https:\/\/portaltela.pt\/api\/wp\/v2\/posts\/408400","targetHints":{"allow":["GET"]}}],"collection":[{"href":"https:\/\/portaltela.pt\/api\/wp\/v2\/posts"}],"about":[{"href":"https:\/\/portaltela.pt\/api\/wp\/v2\/types\/post"}],"author":[{"embeddable":true,"href":"https:\/\/portaltela.pt\/api\/wp\/v2\/users\/2"}],"replies":[{"embeddable":true,"href":"https:\/\/portaltela.pt\/api\/wp\/v2\/comments?post=408400"}],"version-history":[{"count":0,"href":"https:\/\/portaltela.pt\/api\/wp\/v2\/posts\/408400\/revisions"}],"wp:featuredmedia":[{"embeddable":true,"href":"https:\/\/portaltela.pt\/api\/wp\/v2\/media\/408401"}],"wp:attachment":[{"href":"https:\/\/portaltela.pt\/api\/wp\/v2\/media?parent=408400"}],"wp:term":[{"taxonomy":"category","embeddable":true,"href":"https:\/\/portaltela.pt\/api\/wp\/v2\/categories?post=408400"},{"taxonomy":"post_tag","embeddable":true,"href":"https:\/\/portaltela.pt\/api\/wp\/v2\/tags?post=408400"}],"curies":[{"name":"wp","href":"https:\/\/api.w.org\/{rel}","templated":true}]}}