{"id":408396,"date":"2026-03-13T04:24:39","date_gmt":"2026-03-13T07:24:39","guid":{"rendered":"https:\/\/portaltela.pt\/noticias\/2026\/03\/13\/camara-e-universidade-de-coimbra-debatem-cheias-do-mondego-hoje\/"},"modified":"2026-03-13T04:24:39","modified_gmt":"2026-03-13T07:24:39","slug":"camara-e-universidade-de-coimbra-debatem-cheias-do-mondego-hoje","status":"publish","type":"post","link":"https:\/\/portaltela.pt\/noticias\/2026\/03\/13\/camara-e-universidade-de-coimbra-debatem-cheias-do-mondego-hoje\/","title":{"rendered":"C\u00e2mara e Universidade de Coimbra debatem cheias do Mondego hoje"},"content":{"rendered":"<p>A C\u00e2mara de Coimbra e a Universidade de Coimbra promovem hoje, \u00e0s 15:00, uma sess\u00e3o p\u00fablica sobre as cheias que atingiram a regi\u00e3o em fevereiro. O evento ocorre sob o viaduto da A1, junto ao dique que tamb\u00e9m colapsou, interrompendo a circula\u00e7\u00e3o na autoestrada. O objetivo \u00e9 analisar os epis\u00f3dios de cheia e refletir sobre o funcionamento das infraestruturas hidr\u00e1ulicas e a gest\u00e3o do risco de inunda\u00e7\u00e3o em Portugal.<\/p>\n<p>A iniciativa conta com a presidente da C\u00e2mara de Coimbra, Ana Abrunhosa, e com o presidente da Ag\u00eancia Portuguesa do Ambiente, Pimenta Machado. A sess\u00e3o abre com uma confer\u00eancia proferida por Fernando Seabra Santos, professor catedr\u00e1tico reformado da Universidade de Coimbra e antigo reitor.<\/p>\n<p>A mesa-redonda re\u00fane ainda Ant\u00f3nio Carmona Rodrigues, presidente do conselho de administra\u00e7\u00e3o do grupo \u00c1guas de Portugal, e Carlos Matias Ramos, antigo presidente do Laborat\u00f3rio Nacional de Engenharia Civil e ex-baston\u00e1rio da Ordem dos Engenheiros. O debate visa clarificar o que aconteceu e quais li\u00e7\u00f5es retirar.<\/p>\n<p>A C\u00e2mara de Coimbra estima que o desassoreamento dos rios Mondego, Ceira e Due\u00e7a pode custar 11,7 milh\u00f5es de euros. As cheias afetaram Montemor-o-Velho, isolando Ereira, e Soure, levando ao corte da A14 e a preju\u00edzos para empresas ribeirinhas.<\/p>\n<p>O epis\u00f3dio for\u00e7ou o fecho de escolas e levou \u00e0 retirada de habitantes, especialmente idosos, ainda que tenha sido preparado um plano de evacua\u00e7\u00e3o para 3 000 pessoas que acabou por n\u00e3o ser necess\u00e1rio. As autoridades mant\u00eam vigil\u00e2ncia, com foco no setor educativo.<\/p>\n<p>No in\u00edcio do m\u00eas, cooperativas agr\u00edcolas do Baixo Mondego pediram, \u00e0 Comiss\u00e3o Parlamentar de Agricultura e Pescas, que o canal de rega seja reparado at\u00e9 in\u00edcio de maio, de forma a minimizar novos impactos na produ\u00e7\u00e3o e no abastecimento h\u00eddrico.<\/p>\n","protected":false},"excerpt":{"rendered":"<ul>\n<li>Sess\u00e3o p\u00fablica hoje \u00e0s 15:00, em Coimbra, sob o dique do viaduto da A1, para debater as cheias de fevereiro no Mondego.<\/li>\n<li>No painel est\u00e3o a presidente da C\u00e2mara de Coimbra, Ana Abrunhosa, o presidente da Ag\u00eancia Portuguesa do Ambiente, Pimenta Machado, e outros especialistas: Fernando Seabra Santos, Ant\u00f3nio Carmona Rodrigues e Carlos Matias Ramos.<\/li>\n<li>As cheias atingiram os concelhos de Montemor-o-Velho e Soure, isolando Ereira, e provocaram o corte da A14, gerando preju\u00edzos a empresas da regi\u00e3o ribeirinha.<\/li>\n<li>O desassoreamento dos rios Mondego, Ceira e Due\u00e7a est\u00e1 estimado em 11,7 milh\u00f5es de euros.<\/li>\n<li>Um plano de evacua\u00e7\u00e3o para 3.000 pessoas foi preparado mas n\u00e3o foi necess\u00e1rio; escolas fecharam, e houve retirada de habita\u00e7\u00f5es, com pedidos de repara\u00e7\u00e3o do canal de rega do Mondego at\u00e9 in\u00edcio de maio.<\/li>\n<\/ul>\n","protected":false},"author":2,"featured_media":408398,"comment_status":"closed","ping_status":"closed","sticky":false,"template":"","format":"standard","meta":{"footnotes":""},"categories":[1],"tags":[6336,7131,167,3701,1070,45],"class_list":["post-408396","post","type-post","status-publish","format-standard","has-post-thumbnail","hentry","category-noticias","tag-a-agua","tag-aguas-de-portugal","tag-ambiente","tag-cheias","tag-coimbra","tag-meio-ambiente"],"yoast_head":"<!-- This site is optimized with the Yoast SEO plugin v27.2 - https:\/\/yoast.com\/product\/yoast-seo-wordpress\/ -->\n<title>C\u00e2mara e Universidade de Coimbra debatem cheias do Mondego hoje - Portal Tela Portugal<\/title>\n<meta name=\"robots\" content=\"index, follow, max-snippet:-1, max-image-preview:large, max-video-preview:-1\" \/>\n<meta property=\"og:locale\" content=\"pt_PT\" \/>\n<meta property=\"og:type\" content=\"article\" \/>\n<meta property=\"og:title\" content=\"C\u00e2mara e Universidade de Coimbra debatem cheias do Mondego hoje - Portal Tela Portugal\" \/>\n<meta property=\"og:description\" content=\"Sess\u00e3o p\u00fablica hoje \u00e0s 15:00, em Coimbra, sob o dique do viaduto da A1, para debater as cheias de fevereiro no Mondego. No painel est\u00e3o a presidente da C\u00e2mara de Coimbra, Ana Abrunhosa, o presidente da Ag\u00eancia Portuguesa do Ambiente, Pimenta Machado, e outros especialistas: Fernando Seabra Santos, Ant\u00f3nio Carmona Rodrigues e Carlos Matias Ramos. As cheias atingiram os concelhos de Montemor-o-Velho e Soure, isolando Ereira, e provocaram o corte da A14, gerando preju\u00edzos a empresas da regi\u00e3o ribeirinha. O desassoreamento dos rios Mondego, Ceira e Due\u00e7a est\u00e1 estimado em 11,7 milh\u00f5es de euros. Um plano de evacua\u00e7\u00e3o para 3.000 pessoas foi preparado mas n\u00e3o foi necess\u00e1rio; escolas fecharam, e houve retirada de habita\u00e7\u00f5es, com pedidos de repara\u00e7\u00e3o do canal de rega do Mondego at\u00e9 in\u00edcio de maio.\" \/>\n<meta property=\"og:url\" content=\"https:\/\/portaltela.pt\/noticias\/2026\/03\/13\/camara-e-universidade-de-coimbra-debatem-cheias-do-mondego-hoje\/\" \/>\n<meta property=\"og:site_name\" content=\"Portal Tela Portugal\" \/>\n<meta property=\"article:published_time\" content=\"2026-03-13T07:24:39+00:00\" \/>\n<meta name=\"author\" content=\"Telinha\" \/>\n<meta name=\"twitter:card\" content=\"summary_large_image\" \/>\n<meta name=\"twitter:label1\" content=\"Escrito por\" \/>\n\t<meta name=\"twitter:data1\" content=\"Telinha\" \/>\n\t<meta name=\"twitter:label2\" content=\"Tempo estimado de leitura\" \/>\n\t<meta name=\"twitter:data2\" content=\"2 minutos\" \/>\n<script type=\"application\/ld+json\" class=\"yoast-schema-graph\">{\"@context\":\"https:\/\/schema.org\",\"@graph\":[{\"@type\":\"Article\",\"@id\":\"https:\/\/portaltela.pt\/noticias\/2026\/03\/13\/camara-e-universidade-de-coimbra-debatem-cheias-do-mondego-hoje\/#article\",\"isPartOf\":{\"@id\":\"https:\/\/portaltela.pt\/noticias\/2026\/03\/13\/camara-e-universidade-de-coimbra-debatem-cheias-do-mondego-hoje\/\"},\"author\":{\"name\":\"Telinha\",\"@id\":\"https:\/\/portaltela.pt\/#\/schema\/person\/c4278d4a6028830caff9ee44b42d32ed\"},\"headline\":\"C\u00e2mara e Universidade de Coimbra debatem cheias do Mondego hoje\",\"datePublished\":\"2026-03-13T07:24:39+00:00\",\"mainEntityOfPage\":{\"@id\":\"https:\/\/portaltela.pt\/noticias\/2026\/03\/13\/camara-e-universidade-de-coimbra-debatem-cheias-do-mondego-hoje\/\"},\"wordCount\":324,\"image\":{\"@id\":\"https:\/\/portaltela.pt\/noticias\/2026\/03\/13\/camara-e-universidade-de-coimbra-debatem-cheias-do-mondego-hoje\/#primaryimage\"},\"thumbnailUrl\":\"https:\/\/portaltela.pt\/s.01k8rhncp4jt1\/2026\/03\/img_1500x1000uu2026-02-12-16-14-22-2266502.jpg\",\"keywords\":[\"a \u00e1gua\",\"\u00c1guas de Portugal\",\"ambiente\",\"cheias\",\"Coimbra\",\"meio-ambiente\"],\"articleSection\":[\"Not\u00edcias\"],\"inLanguage\":\"pt-PT\"},{\"@type\":\"WebPage\",\"@id\":\"https:\/\/portaltela.pt\/noticias\/2026\/03\/13\/camara-e-universidade-de-coimbra-debatem-cheias-do-mondego-hoje\/\",\"url\":\"https:\/\/portaltela.pt\/noticias\/2026\/03\/13\/camara-e-universidade-de-coimbra-debatem-cheias-do-mondego-hoje\/\",\"name\":\"C\u00e2mara e Universidade de Coimbra debatem cheias do Mondego hoje - Portal Tela Portugal\",\"isPartOf\":{\"@id\":\"https:\/\/portaltela.pt\/#website\"},\"primaryImageOfPage\":{\"@id\":\"https:\/\/portaltela.pt\/noticias\/2026\/03\/13\/camara-e-universidade-de-coimbra-debatem-cheias-do-mondego-hoje\/#primaryimage\"},\"image\":{\"@id\":\"https:\/\/portaltela.pt\/noticias\/2026\/03\/13\/camara-e-universidade-de-coimbra-debatem-cheias-do-mondego-hoje\/#primaryimage\"},\"thumbnailUrl\":\"https:\/\/portaltela.pt\/s.01k8rhncp4jt1\/2026\/03\/img_1500x1000uu2026-02-12-16-14-22-2266502.jpg\",\"datePublished\":\"2026-03-13T07:24:39+00:00\",\"author\":{\"@id\":\"https:\/\/portaltela.pt\/#\/schema\/person\/c4278d4a6028830caff9ee44b42d32ed\"},\"breadcrumb\":{\"@id\":\"https:\/\/portaltela.pt\/noticias\/2026\/03\/13\/camara-e-universidade-de-coimbra-debatem-cheias-do-mondego-hoje\/#breadcrumb\"},\"inLanguage\":\"pt-PT\",\"potentialAction\":[{\"@type\":\"ReadAction\",\"target\":[\"https:\/\/portaltela.pt\/noticias\/2026\/03\/13\/camara-e-universidade-de-coimbra-debatem-cheias-do-mondego-hoje\/\"]}]},{\"@type\":\"ImageObject\",\"inLanguage\":\"pt-PT\",\"@id\":\"https:\/\/portaltela.pt\/noticias\/2026\/03\/13\/camara-e-universidade-de-coimbra-debatem-cheias-do-mondego-hoje\/#primaryimage\",\"url\":\"https:\/\/portaltela.pt\/s.01k8rhncp4jt1\/2026\/03\/img_1500x1000uu2026-02-12-16-14-22-2266502.jpg\",\"contentUrl\":\"https:\/\/portaltela.pt\/s.01k8rhncp4jt1\/2026\/03\/img_1500x1000uu2026-02-12-16-14-22-2266502.jpg\",\"width\":1500,\"height\":1000,\"caption\":\"Inunda\u00e7\u00f5es provocadas pelas \u00e1guas do rio Mondego em Montemor-o-Velho\"},{\"@type\":\"BreadcrumbList\",\"@id\":\"https:\/\/portaltela.pt\/noticias\/2026\/03\/13\/camara-e-universidade-de-coimbra-debatem-cheias-do-mondego-hoje\/#breadcrumb\",\"itemListElement\":[{\"@type\":\"ListItem\",\"position\":1,\"name\":\"In\u00edcio\",\"item\":\"https:\/\/portaltela.pt\/\"},{\"@type\":\"ListItem\",\"position\":2,\"name\":\"C\u00e2mara e Universidade de Coimbra debatem cheias do Mondego hoje\"}]},{\"@type\":\"WebSite\",\"@id\":\"https:\/\/portaltela.pt\/#website\",\"url\":\"https:\/\/portaltela.pt\/\",\"name\":\"Portal Tela Portugal\",\"description\":\"\",\"potentialAction\":[{\"@type\":\"SearchAction\",\"target\":{\"@type\":\"EntryPoint\",\"urlTemplate\":\"https:\/\/portaltela.pt\/?s={search_term_string}\"},\"query-input\":{\"@type\":\"PropertyValueSpecification\",\"valueRequired\":true,\"valueName\":\"search_term_string\"}}],\"inLanguage\":\"pt-PT\"},{\"@type\":\"Person\",\"@id\":\"https:\/\/portaltela.pt\/#\/schema\/person\/c4278d4a6028830caff9ee44b42d32ed\",\"name\":\"Telinha\",\"image\":{\"@type\":\"ImageObject\",\"inLanguage\":\"pt-PT\",\"@id\":\"https:\/\/portaltela.pt\/s.01k8rhncp4jt1\/2025\/11\/talking-bot-125x125.png\",\"url\":\"https:\/\/portaltela.pt\/s.01k8rhncp4jt1\/2025\/11\/talking-bot-125x125.png\",\"contentUrl\":\"https:\/\/portaltela.pt\/s.01k8rhncp4jt1\/2025\/11\/talking-bot-125x125.png\",\"caption\":\"Telinha\"},\"sameAs\":[\"https:\/\/portaltela.pt\/\"],\"url\":\"https:\/\/portaltela.pt\/por\/367410592786\/\"}]}<\/script>\n<!-- \/ Yoast SEO plugin. -->","yoast_head_json":{"title":"C\u00e2mara e Universidade de Coimbra debatem cheias do Mondego hoje - Portal Tela Portugal","robots":{"index":"index","follow":"follow","max-snippet":"max-snippet:-1","max-image-preview":"max-image-preview:large","max-video-preview":"max-video-preview:-1"},"og_locale":"pt_PT","og_type":"article","og_title":"C\u00e2mara e Universidade de Coimbra debatem cheias do Mondego hoje - Portal Tela Portugal","og_description":"Sess\u00e3o p\u00fablica hoje \u00e0s 15:00, em Coimbra, sob o dique do viaduto da A1, para debater as cheias de fevereiro no Mondego. No painel est\u00e3o a presidente da C\u00e2mara de Coimbra, Ana Abrunhosa, o presidente da Ag\u00eancia Portuguesa do Ambiente, Pimenta Machado, e outros especialistas: Fernando Seabra Santos, Ant\u00f3nio Carmona Rodrigues e Carlos Matias Ramos. As cheias atingiram os concelhos de Montemor-o-Velho e Soure, isolando Ereira, e provocaram o corte da A14, gerando preju\u00edzos a empresas da regi\u00e3o ribeirinha. O desassoreamento dos rios Mondego, Ceira e Due\u00e7a est\u00e1 estimado em 11,7 milh\u00f5es de euros. Um plano de evacua\u00e7\u00e3o para 3.000 pessoas foi preparado mas n\u00e3o foi necess\u00e1rio; escolas fecharam, e houve retirada de habita\u00e7\u00f5es, com pedidos de repara\u00e7\u00e3o do canal de rega do Mondego at\u00e9 in\u00edcio de maio.","og_url":"https:\/\/portaltela.pt\/noticias\/2026\/03\/13\/camara-e-universidade-de-coimbra-debatem-cheias-do-mondego-hoje\/","og_site_name":"Portal Tela Portugal","article_published_time":"2026-03-13T07:24:39+00:00","author":"Telinha","twitter_card":"summary_large_image","twitter_misc":{"Escrito por":"Telinha","Tempo estimado de leitura":"2 minutos"},"schema":{"@context":"https:\/\/schema.org","@graph":[{"@type":"Article","@id":"https:\/\/portaltela.pt\/noticias\/2026\/03\/13\/camara-e-universidade-de-coimbra-debatem-cheias-do-mondego-hoje\/#article","isPartOf":{"@id":"https:\/\/portaltela.pt\/noticias\/2026\/03\/13\/camara-e-universidade-de-coimbra-debatem-cheias-do-mondego-hoje\/"},"author":{"name":"Telinha","@id":"https:\/\/portaltela.pt\/#\/schema\/person\/c4278d4a6028830caff9ee44b42d32ed"},"headline":"C\u00e2mara e Universidade de Coimbra debatem cheias do Mondego hoje","datePublished":"2026-03-13T07:24:39+00:00","mainEntityOfPage":{"@id":"https:\/\/portaltela.pt\/noticias\/2026\/03\/13\/camara-e-universidade-de-coimbra-debatem-cheias-do-mondego-hoje\/"},"wordCount":324,"image":{"@id":"https:\/\/portaltela.pt\/noticias\/2026\/03\/13\/camara-e-universidade-de-coimbra-debatem-cheias-do-mondego-hoje\/#primaryimage"},"thumbnailUrl":"https:\/\/portaltela.pt\/s.01k8rhncp4jt1\/2026\/03\/img_1500x1000uu2026-02-12-16-14-22-2266502.jpg","keywords":["a \u00e1gua","\u00c1guas de Portugal","ambiente","cheias","Coimbra","meio-ambiente"],"articleSection":["Not\u00edcias"],"inLanguage":"pt-PT"},{"@type":"WebPage","@id":"https:\/\/portaltela.pt\/noticias\/2026\/03\/13\/camara-e-universidade-de-coimbra-debatem-cheias-do-mondego-hoje\/","url":"https:\/\/portaltela.pt\/noticias\/2026\/03\/13\/camara-e-universidade-de-coimbra-debatem-cheias-do-mondego-hoje\/","name":"C\u00e2mara e Universidade de Coimbra debatem cheias do Mondego hoje - Portal Tela Portugal","isPartOf":{"@id":"https:\/\/portaltela.pt\/#website"},"primaryImageOfPage":{"@id":"https:\/\/portaltela.pt\/noticias\/2026\/03\/13\/camara-e-universidade-de-coimbra-debatem-cheias-do-mondego-hoje\/#primaryimage"},"image":{"@id":"https:\/\/portaltela.pt\/noticias\/2026\/03\/13\/camara-e-universidade-de-coimbra-debatem-cheias-do-mondego-hoje\/#primaryimage"},"thumbnailUrl":"https:\/\/portaltela.pt\/s.01k8rhncp4jt1\/2026\/03\/img_1500x1000uu2026-02-12-16-14-22-2266502.jpg","datePublished":"2026-03-13T07:24:39+00:00","author":{"@id":"https:\/\/portaltela.pt\/#\/schema\/person\/c4278d4a6028830caff9ee44b42d32ed"},"breadcrumb":{"@id":"https:\/\/portaltela.pt\/noticias\/2026\/03\/13\/camara-e-universidade-de-coimbra-debatem-cheias-do-mondego-hoje\/#breadcrumb"},"inLanguage":"pt-PT","potentialAction":[{"@type":"ReadAction","target":["https:\/\/portaltela.pt\/noticias\/2026\/03\/13\/camara-e-universidade-de-coimbra-debatem-cheias-do-mondego-hoje\/"]}]},{"@type":"ImageObject","inLanguage":"pt-PT","@id":"https:\/\/portaltela.pt\/noticias\/2026\/03\/13\/camara-e-universidade-de-coimbra-debatem-cheias-do-mondego-hoje\/#primaryimage","url":"https:\/\/portaltela.pt\/s.01k8rhncp4jt1\/2026\/03\/img_1500x1000uu2026-02-12-16-14-22-2266502.jpg","contentUrl":"https:\/\/portaltela.pt\/s.01k8rhncp4jt1\/2026\/03\/img_1500x1000uu2026-02-12-16-14-22-2266502.jpg","width":1500,"height":1000,"caption":"Inunda\u00e7\u00f5es provocadas pelas \u00e1guas do rio Mondego em Montemor-o-Velho"},{"@type":"BreadcrumbList","@id":"https:\/\/portaltela.pt\/noticias\/2026\/03\/13\/camara-e-universidade-de-coimbra-debatem-cheias-do-mondego-hoje\/#breadcrumb","itemListElement":[{"@type":"ListItem","position":1,"name":"In\u00edcio","item":"https:\/\/portaltela.pt\/"},{"@type":"ListItem","position":2,"name":"C\u00e2mara e Universidade de Coimbra debatem cheias do Mondego hoje"}]},{"@type":"WebSite","@id":"https:\/\/portaltela.pt\/#website","url":"https:\/\/portaltela.pt\/","name":"Portal Tela Portugal","description":"","potentialAction":[{"@type":"SearchAction","target":{"@type":"EntryPoint","urlTemplate":"https:\/\/portaltela.pt\/?s={search_term_string}"},"query-input":{"@type":"PropertyValueSpecification","valueRequired":true,"valueName":"search_term_string"}}],"inLanguage":"pt-PT"},{"@type":"Person","@id":"https:\/\/portaltela.pt\/#\/schema\/person\/c4278d4a6028830caff9ee44b42d32ed","name":"Telinha","image":{"@type":"ImageObject","inLanguage":"pt-PT","@id":"https:\/\/portaltela.pt\/s.01k8rhncp4jt1\/2025\/11\/talking-bot-125x125.png","url":"https:\/\/portaltela.pt\/s.01k8rhncp4jt1\/2025\/11\/talking-bot-125x125.png","contentUrl":"https:\/\/portaltela.pt\/s.01k8rhncp4jt1\/2025\/11\/talking-bot-125x125.png","caption":"Telinha"},"sameAs":["https:\/\/portaltela.pt\/"],"url":"https:\/\/portaltela.pt\/por\/367410592786\/"}]}},"_links":{"self":[{"href":"https:\/\/portaltela.pt\/api\/wp\/v2\/posts\/408396","targetHints":{"allow":["GET"]}}],"collection":[{"href":"https:\/\/portaltela.pt\/api\/wp\/v2\/posts"}],"about":[{"href":"https:\/\/portaltela.pt\/api\/wp\/v2\/types\/post"}],"author":[{"embeddable":true,"href":"https:\/\/portaltela.pt\/api\/wp\/v2\/users\/2"}],"replies":[{"embeddable":true,"href":"https:\/\/portaltela.pt\/api\/wp\/v2\/comments?post=408396"}],"version-history":[{"count":0,"href":"https:\/\/portaltela.pt\/api\/wp\/v2\/posts\/408396\/revisions"}],"wp:featuredmedia":[{"embeddable":true,"href":"https:\/\/portaltela.pt\/api\/wp\/v2\/media\/408398"}],"wp:attachment":[{"href":"https:\/\/portaltela.pt\/api\/wp\/v2\/media?parent=408396"}],"wp:term":[{"taxonomy":"category","embeddable":true,"href":"https:\/\/portaltela.pt\/api\/wp\/v2\/categories?post=408396"},{"taxonomy":"post_tag","embeddable":true,"href":"https:\/\/portaltela.pt\/api\/wp\/v2\/tags?post=408396"}],"curies":[{"name":"wp","href":"https:\/\/api.w.org\/{rel}","templated":true}]}}