{"id":408376,"date":"2026-03-13T04:17:10","date_gmt":"2026-03-13T07:17:10","guid":{"rendered":"https:\/\/portaltela.pt\/noticias\/2026\/03\/13\/conflito-no-medio-oriente-intensifica-se-com-soldado-frances-morto-no-iraque\/"},"modified":"2026-03-13T04:17:10","modified_gmt":"2026-03-13T07:17:10","slug":"conflito-no-medio-oriente-intensifica-se-com-soldado-frances-morto-no-iraque","status":"publish","type":"post","link":"https:\/\/portaltela.pt\/noticias\/2026\/03\/13\/conflito-no-medio-oriente-intensifica-se-com-soldado-frances-morto-no-iraque\/","title":{"rendered":"Conflito no M\u00e9dio Oriente intensifica-se com soldado franc\u00eas morto no Iraque"},"content":{"rendered":"<p>Um soldado franc\u00eas morreu numa opera\u00e7\u00e3o no Curdist\u00e3o iraquiano, anunciou o presidente Emmanuel Macron na sexta-feira. A confirma\u00e7\u00e3o ocorre numa escalada do conflito no M\u00e9dio Oriente, que envolve for\u00e7as internacionais contra fac\u00e7\u00f5es pr\u00f3-iranianas.<\/p>\n<p>Macron indicou que o militar faleceu durante um ataque na regi\u00e3o de Erbil. Diversos soldados ficaram feridos, e o chefe de Estado franc\u00eas n\u00e3o especificou quem esteve por tr\u00e1s do ataque. O presidente apelou \u00e0 conten\u00e7\u00e3o e rejeitou que a guerra no Ir\u00e3o justifique o ataque.<\/p>\n<p>Um grupo pr\u00f3-iraniano no Iraque afirmou que os interesses franceses no Iraque estariam sob fogo ap\u00f3s a chegada de um porta-avi\u00f5es franc\u00eas. A afirma\u00e7\u00e3o surge numa conjuntura de tens\u00f5es crescentes entre pot\u00eancias da regi\u00e3o e aliados dos EUA.<\/p>\n<h3>Intercepta\u00e7\u00f5es e impacto regional<\/h3>\n<p>Na sexta-feira, as for\u00e7as sauditas interceptaram mais de 28 drones ao longo do territ\u00f3rio, segundo o seu minist\u00e9rio da Defesa. Os ataques ocorreram num contexto de lan\u00e7amentos de m\u00edsseis e drones a partir do Ir\u00e3o contra v\u00e1rios alvos na regi\u00e3o.<\/p>\n<p>As autoridades israelitas reportaram disparos de m\u00edsseis oriundos do Ir\u00e3o, com sistemas de defesa a interceptar as amea\u00e7as. Paralelamente, um avi\u00e3o americano KC-135 despenhou-se no oeste do Iraque; nenhum fogo hostil foi registrado segundo o CENTCOM.<\/p>\n<p>A Ar\u00e1bia Saudita informou que doze drones foram interceptados ap\u00f3s entrarem no espa\u00e7o a\u00e9reo. Outras opera\u00e7\u00f5es apontaram para abatimentos de nove e sete drones em diferentes momentos. Shaybah, o campo petrol\u00edfero, tem sido alvo de ataques nos \u00faltimos dias.<\/p>\n<h3>Contexto internacional e mercado<\/h3>\n<p>O Ir\u00e3o anunciou medidas para perturbar mercados globais de energia, em retalia\u00e7\u00e3o aos ataques de Estados Unidos e de Israel. A rede de ataques utiliza drones e m\u00edsseis contra alvos com presen\u00e7a militar da coliga\u00e7\u00e3o internacional anti-jihadista.<\/p>\n<p>Os pre\u00e7os do petr\u00f3leo permaneceram acima de 100 d\u00f3lares o barril, com a Ag\u00eancia Internacional de Energia a alertar para a possibilidade de uma dispers\u00e3o de fornecimentos sem precedentes. A viol\u00eancia persiste, elevando incertezas econ\u00f3micas na regi\u00e3o.<\/p>\n<p>O l\u00edder supremo iraniano, Mojtaba Khamenei, prometeu vingan\u00e7as pelas baixas iranianas durante a Guerra. A comunica\u00e7\u00e3o estatal mencionou ferimentos no pr\u00f3prio Khamenei, cuja localiza\u00e7\u00e3o n\u00e3o foi confirmada.<\/p>\n<p>O conflito amplia-se sem sinais de arrefecimento, enquanto m\u00faltiplas partes mant\u00eam opera\u00e7\u00f5es militares e rea\u00e7\u00e3o internacional permanece agressiva, com impacto direto em com\u00e9rcio, energia e seguran\u00e7a regional.<\/p>\n","protected":false},"excerpt":{"rendered":"<ul>\n<li>Um soldado franc\u00eas morreu numa ataque na regi\u00e3o de Erbil, no Curdist\u00e3o iraquiano, conforme anunciou o presidente Emmanuel Macron.<\/li>\n<li>Macron afirmou que v\u00e1rios soldados ficaram feridos e n\u00e3o indicou quem conduziu o ataque, considerado inaceit\u00e1vel.<\/li>\n<li>Um grupo pr\u00f3-iraniano no Iraque alertou que interesses franceses no Iraque e na regi\u00e3o ficariam sob fogo cerrado, ap\u00f3s a chegada de um porta-avi\u00f5es franc\u00eas.<\/li>\n<li>As for\u00e7as sauditas intercetaram mais de vinte e oito drones, com ataques envolvendo o espa\u00e7o a\u00e9reo do pa\u00eds e tentativas de atingir o campo petrol\u00edfero de Shaybah.<\/li>\n<li>O Ir\u00e3o lan\u00e7ou drones e m\u00edsseis contra diversos pa\u00edses com presen\u00e7a militar, elevando tens\u00f5es na regi\u00e3o, com impactos no transporte de petr\u00f3leo pelo Estreito de Ormuz.<\/li>\n<\/ul>\n","protected":false},"author":2,"featured_media":408389,"comment_status":"closed","ping_status":"closed","sticky":false,"template":"","format":"standard","meta":{"footnotes":""},"categories":[6804,1],"tags":[1016,254,174,62,2108,3327],"class_list":["post-408376","post","type-post","status-publish","format-standard","has-post-thumbnail","hentry","category-guerra","category-noticias","tag-arabia-saudita","tag-conflito","tag-energia","tag-guerra","tag-intervencao-internacional","tag-iran"],"yoast_head":"<!-- This site is optimized with the Yoast SEO plugin v27.2 - https:\/\/yoast.com\/product\/yoast-seo-wordpress\/ -->\n<title>Conflito no M\u00e9dio Oriente intensifica-se com soldado franc\u00eas morto no Iraque - Portal Tela Portugal<\/title>\n<meta name=\"robots\" content=\"index, follow, max-snippet:-1, max-image-preview:large, max-video-preview:-1\" \/>\n<meta property=\"og:locale\" content=\"pt_PT\" \/>\n<meta property=\"og:type\" content=\"article\" \/>\n<meta property=\"og:title\" content=\"Conflito no M\u00e9dio Oriente intensifica-se com soldado franc\u00eas morto no Iraque - Portal Tela Portugal\" \/>\n<meta property=\"og:description\" content=\"Um soldado franc\u00eas morreu numa ataque na regi\u00e3o de Erbil, no Curdist\u00e3o iraquiano, conforme anunciou o presidente Emmanuel Macron. Macron afirmou que v\u00e1rios soldados ficaram feridos e n\u00e3o indicou quem conduziu o ataque, considerado inaceit\u00e1vel. Um grupo pr\u00f3-iraniano no Iraque alertou que interesses franceses no Iraque e na regi\u00e3o ficariam sob fogo cerrado, ap\u00f3s a chegada de um porta-avi\u00f5es franc\u00eas. As for\u00e7as sauditas intercetaram mais de vinte e oito drones, com ataques envolvendo o espa\u00e7o a\u00e9reo do pa\u00eds e tentativas de atingir o campo petrol\u00edfero de Shaybah. O Ir\u00e3o lan\u00e7ou drones e m\u00edsseis contra diversos pa\u00edses com presen\u00e7a militar, elevando tens\u00f5es na regi\u00e3o, com impactos no transporte de petr\u00f3leo pelo Estreito de Ormuz.\" \/>\n<meta property=\"og:url\" content=\"https:\/\/portaltela.pt\/noticias\/2026\/03\/13\/conflito-no-medio-oriente-intensifica-se-com-soldado-frances-morto-no-iraque\/\" \/>\n<meta property=\"og:site_name\" content=\"Portal Tela Portugal\" \/>\n<meta property=\"article:published_time\" content=\"2026-03-13T07:17:10+00:00\" \/>\n<meta name=\"author\" content=\"Telinha\" \/>\n<meta name=\"twitter:card\" content=\"summary_large_image\" \/>\n<meta name=\"twitter:label1\" content=\"Escrito por\" \/>\n\t<meta name=\"twitter:data1\" content=\"Telinha\" \/>\n\t<meta name=\"twitter:label2\" content=\"Tempo estimado de leitura\" \/>\n\t<meta name=\"twitter:data2\" content=\"2 minutos\" \/>\n<script type=\"application\/ld+json\" class=\"yoast-schema-graph\">{\"@context\":\"https:\/\/schema.org\",\"@graph\":[{\"@type\":\"Article\",\"@id\":\"https:\/\/portaltela.pt\/noticias\/2026\/03\/13\/conflito-no-medio-oriente-intensifica-se-com-soldado-frances-morto-no-iraque\/#article\",\"isPartOf\":{\"@id\":\"https:\/\/portaltela.pt\/noticias\/2026\/03\/13\/conflito-no-medio-oriente-intensifica-se-com-soldado-frances-morto-no-iraque\/\"},\"author\":{\"name\":\"Telinha\",\"@id\":\"https:\/\/portaltela.pt\/#\/schema\/person\/c4278d4a6028830caff9ee44b42d32ed\"},\"headline\":\"Conflito no M\u00e9dio Oriente intensifica-se com soldado franc\u00eas morto no Iraque\",\"datePublished\":\"2026-03-13T07:17:10+00:00\",\"mainEntityOfPage\":{\"@id\":\"https:\/\/portaltela.pt\/noticias\/2026\/03\/13\/conflito-no-medio-oriente-intensifica-se-com-soldado-frances-morto-no-iraque\/\"},\"wordCount\":444,\"image\":{\"@id\":\"https:\/\/portaltela.pt\/noticias\/2026\/03\/13\/conflito-no-medio-oriente-intensifica-se-com-soldado-frances-morto-no-iraque\/#primaryimage\"},\"thumbnailUrl\":\"https:\/\/portaltela.pt\/s.01k8rhncp4jt1\/2026\/03\/1536x864_cmsv2_0878e973-01de-56ee-8857-ae09cbb104c9-9684113.jpg\",\"keywords\":[\"Ar\u00e1bia Saudita\",\"conflito\",\"energia\",\"guerra\",\"interven\u00e7\u00e3o internacional\",\"\u00cdr\u00e1n\"],\"articleSection\":[\"Guerra\",\"Not\u00edcias\"],\"inLanguage\":\"pt-PT\"},{\"@type\":\"WebPage\",\"@id\":\"https:\/\/portaltela.pt\/noticias\/2026\/03\/13\/conflito-no-medio-oriente-intensifica-se-com-soldado-frances-morto-no-iraque\/\",\"url\":\"https:\/\/portaltela.pt\/noticias\/2026\/03\/13\/conflito-no-medio-oriente-intensifica-se-com-soldado-frances-morto-no-iraque\/\",\"name\":\"Conflito no M\u00e9dio Oriente intensifica-se com soldado franc\u00eas morto no Iraque - Portal Tela Portugal\",\"isPartOf\":{\"@id\":\"https:\/\/portaltela.pt\/#website\"},\"primaryImageOfPage\":{\"@id\":\"https:\/\/portaltela.pt\/noticias\/2026\/03\/13\/conflito-no-medio-oriente-intensifica-se-com-soldado-frances-morto-no-iraque\/#primaryimage\"},\"image\":{\"@id\":\"https:\/\/portaltela.pt\/noticias\/2026\/03\/13\/conflito-no-medio-oriente-intensifica-se-com-soldado-frances-morto-no-iraque\/#primaryimage\"},\"thumbnailUrl\":\"https:\/\/portaltela.pt\/s.01k8rhncp4jt1\/2026\/03\/1536x864_cmsv2_0878e973-01de-56ee-8857-ae09cbb104c9-9684113.jpg\",\"datePublished\":\"2026-03-13T07:17:10+00:00\",\"author\":{\"@id\":\"https:\/\/portaltela.pt\/#\/schema\/person\/c4278d4a6028830caff9ee44b42d32ed\"},\"breadcrumb\":{\"@id\":\"https:\/\/portaltela.pt\/noticias\/2026\/03\/13\/conflito-no-medio-oriente-intensifica-se-com-soldado-frances-morto-no-iraque\/#breadcrumb\"},\"inLanguage\":\"pt-PT\",\"potentialAction\":[{\"@type\":\"ReadAction\",\"target\":[\"https:\/\/portaltela.pt\/noticias\/2026\/03\/13\/conflito-no-medio-oriente-intensifica-se-com-soldado-frances-morto-no-iraque\/\"]}]},{\"@type\":\"ImageObject\",\"inLanguage\":\"pt-PT\",\"@id\":\"https:\/\/portaltela.pt\/noticias\/2026\/03\/13\/conflito-no-medio-oriente-intensifica-se-com-soldado-frances-morto-no-iraque\/#primaryimage\",\"url\":\"https:\/\/portaltela.pt\/s.01k8rhncp4jt1\/2026\/03\/1536x864_cmsv2_0878e973-01de-56ee-8857-ae09cbb104c9-9684113.jpg\",\"contentUrl\":\"https:\/\/portaltela.pt\/s.01k8rhncp4jt1\/2026\/03\/1536x864_cmsv2_0878e973-01de-56ee-8857-ae09cbb104c9-9684113.jpg\",\"width\":1536,\"height\":864,\"caption\":\"Um trabalhador de resgate procura nos escombros de um edif\u00edcio residencial em Teer\u00e3o, Ir\u00e3o, quinta-feira, 12 de mar\u00e7o de 2026, depois de este ter sido danificado no domingo durante a campanha a\u00e9rea israelo-americana.\"},{\"@type\":\"BreadcrumbList\",\"@id\":\"https:\/\/portaltela.pt\/noticias\/2026\/03\/13\/conflito-no-medio-oriente-intensifica-se-com-soldado-frances-morto-no-iraque\/#breadcrumb\",\"itemListElement\":[{\"@type\":\"ListItem\",\"position\":1,\"name\":\"In\u00edcio\",\"item\":\"https:\/\/portaltela.pt\/\"},{\"@type\":\"ListItem\",\"position\":2,\"name\":\"Conflito no M\u00e9dio Oriente intensifica-se com soldado franc\u00eas morto no Iraque\"}]},{\"@type\":\"WebSite\",\"@id\":\"https:\/\/portaltela.pt\/#website\",\"url\":\"https:\/\/portaltela.pt\/\",\"name\":\"Portal Tela Portugal\",\"description\":\"\",\"potentialAction\":[{\"@type\":\"SearchAction\",\"target\":{\"@type\":\"EntryPoint\",\"urlTemplate\":\"https:\/\/portaltela.pt\/?s={search_term_string}\"},\"query-input\":{\"@type\":\"PropertyValueSpecification\",\"valueRequired\":true,\"valueName\":\"search_term_string\"}}],\"inLanguage\":\"pt-PT\"},{\"@type\":\"Person\",\"@id\":\"https:\/\/portaltela.pt\/#\/schema\/person\/c4278d4a6028830caff9ee44b42d32ed\",\"name\":\"Telinha\",\"image\":{\"@type\":\"ImageObject\",\"inLanguage\":\"pt-PT\",\"@id\":\"https:\/\/portaltela.pt\/s.01k8rhncp4jt1\/2025\/11\/talking-bot-125x125.png\",\"url\":\"https:\/\/portaltela.pt\/s.01k8rhncp4jt1\/2025\/11\/talking-bot-125x125.png\",\"contentUrl\":\"https:\/\/portaltela.pt\/s.01k8rhncp4jt1\/2025\/11\/talking-bot-125x125.png\",\"caption\":\"Telinha\"},\"sameAs\":[\"https:\/\/portaltela.pt\/\"],\"url\":\"https:\/\/portaltela.pt\/por\/367410592786\/\"}]}<\/script>\n<!-- \/ Yoast SEO plugin. -->","yoast_head_json":{"title":"Conflito no M\u00e9dio Oriente intensifica-se com soldado franc\u00eas morto no Iraque - Portal Tela Portugal","robots":{"index":"index","follow":"follow","max-snippet":"max-snippet:-1","max-image-preview":"max-image-preview:large","max-video-preview":"max-video-preview:-1"},"og_locale":"pt_PT","og_type":"article","og_title":"Conflito no M\u00e9dio Oriente intensifica-se com soldado franc\u00eas morto no Iraque - Portal Tela Portugal","og_description":"Um soldado franc\u00eas morreu numa ataque na regi\u00e3o de Erbil, no Curdist\u00e3o iraquiano, conforme anunciou o presidente Emmanuel Macron. Macron afirmou que v\u00e1rios soldados ficaram feridos e n\u00e3o indicou quem conduziu o ataque, considerado inaceit\u00e1vel. Um grupo pr\u00f3-iraniano no Iraque alertou que interesses franceses no Iraque e na regi\u00e3o ficariam sob fogo cerrado, ap\u00f3s a chegada de um porta-avi\u00f5es franc\u00eas. As for\u00e7as sauditas intercetaram mais de vinte e oito drones, com ataques envolvendo o espa\u00e7o a\u00e9reo do pa\u00eds e tentativas de atingir o campo petrol\u00edfero de Shaybah. O Ir\u00e3o lan\u00e7ou drones e m\u00edsseis contra diversos pa\u00edses com presen\u00e7a militar, elevando tens\u00f5es na regi\u00e3o, com impactos no transporte de petr\u00f3leo pelo Estreito de Ormuz.","og_url":"https:\/\/portaltela.pt\/noticias\/2026\/03\/13\/conflito-no-medio-oriente-intensifica-se-com-soldado-frances-morto-no-iraque\/","og_site_name":"Portal Tela Portugal","article_published_time":"2026-03-13T07:17:10+00:00","author":"Telinha","twitter_card":"summary_large_image","twitter_misc":{"Escrito por":"Telinha","Tempo estimado de leitura":"2 minutos"},"schema":{"@context":"https:\/\/schema.org","@graph":[{"@type":"Article","@id":"https:\/\/portaltela.pt\/noticias\/2026\/03\/13\/conflito-no-medio-oriente-intensifica-se-com-soldado-frances-morto-no-iraque\/#article","isPartOf":{"@id":"https:\/\/portaltela.pt\/noticias\/2026\/03\/13\/conflito-no-medio-oriente-intensifica-se-com-soldado-frances-morto-no-iraque\/"},"author":{"name":"Telinha","@id":"https:\/\/portaltela.pt\/#\/schema\/person\/c4278d4a6028830caff9ee44b42d32ed"},"headline":"Conflito no M\u00e9dio Oriente intensifica-se com soldado franc\u00eas morto no Iraque","datePublished":"2026-03-13T07:17:10+00:00","mainEntityOfPage":{"@id":"https:\/\/portaltela.pt\/noticias\/2026\/03\/13\/conflito-no-medio-oriente-intensifica-se-com-soldado-frances-morto-no-iraque\/"},"wordCount":444,"image":{"@id":"https:\/\/portaltela.pt\/noticias\/2026\/03\/13\/conflito-no-medio-oriente-intensifica-se-com-soldado-frances-morto-no-iraque\/#primaryimage"},"thumbnailUrl":"https:\/\/portaltela.pt\/s.01k8rhncp4jt1\/2026\/03\/1536x864_cmsv2_0878e973-01de-56ee-8857-ae09cbb104c9-9684113.jpg","keywords":["Ar\u00e1bia Saudita","conflito","energia","guerra","interven\u00e7\u00e3o internacional","\u00cdr\u00e1n"],"articleSection":["Guerra","Not\u00edcias"],"inLanguage":"pt-PT"},{"@type":"WebPage","@id":"https:\/\/portaltela.pt\/noticias\/2026\/03\/13\/conflito-no-medio-oriente-intensifica-se-com-soldado-frances-morto-no-iraque\/","url":"https:\/\/portaltela.pt\/noticias\/2026\/03\/13\/conflito-no-medio-oriente-intensifica-se-com-soldado-frances-morto-no-iraque\/","name":"Conflito no M\u00e9dio Oriente intensifica-se com soldado franc\u00eas morto no Iraque - Portal Tela Portugal","isPartOf":{"@id":"https:\/\/portaltela.pt\/#website"},"primaryImageOfPage":{"@id":"https:\/\/portaltela.pt\/noticias\/2026\/03\/13\/conflito-no-medio-oriente-intensifica-se-com-soldado-frances-morto-no-iraque\/#primaryimage"},"image":{"@id":"https:\/\/portaltela.pt\/noticias\/2026\/03\/13\/conflito-no-medio-oriente-intensifica-se-com-soldado-frances-morto-no-iraque\/#primaryimage"},"thumbnailUrl":"https:\/\/portaltela.pt\/s.01k8rhncp4jt1\/2026\/03\/1536x864_cmsv2_0878e973-01de-56ee-8857-ae09cbb104c9-9684113.jpg","datePublished":"2026-03-13T07:17:10+00:00","author":{"@id":"https:\/\/portaltela.pt\/#\/schema\/person\/c4278d4a6028830caff9ee44b42d32ed"},"breadcrumb":{"@id":"https:\/\/portaltela.pt\/noticias\/2026\/03\/13\/conflito-no-medio-oriente-intensifica-se-com-soldado-frances-morto-no-iraque\/#breadcrumb"},"inLanguage":"pt-PT","potentialAction":[{"@type":"ReadAction","target":["https:\/\/portaltela.pt\/noticias\/2026\/03\/13\/conflito-no-medio-oriente-intensifica-se-com-soldado-frances-morto-no-iraque\/"]}]},{"@type":"ImageObject","inLanguage":"pt-PT","@id":"https:\/\/portaltela.pt\/noticias\/2026\/03\/13\/conflito-no-medio-oriente-intensifica-se-com-soldado-frances-morto-no-iraque\/#primaryimage","url":"https:\/\/portaltela.pt\/s.01k8rhncp4jt1\/2026\/03\/1536x864_cmsv2_0878e973-01de-56ee-8857-ae09cbb104c9-9684113.jpg","contentUrl":"https:\/\/portaltela.pt\/s.01k8rhncp4jt1\/2026\/03\/1536x864_cmsv2_0878e973-01de-56ee-8857-ae09cbb104c9-9684113.jpg","width":1536,"height":864,"caption":"Um trabalhador de resgate procura nos escombros de um edif\u00edcio residencial em Teer\u00e3o, Ir\u00e3o, quinta-feira, 12 de mar\u00e7o de 2026, depois de este ter sido danificado no domingo durante a campanha a\u00e9rea israelo-americana."},{"@type":"BreadcrumbList","@id":"https:\/\/portaltela.pt\/noticias\/2026\/03\/13\/conflito-no-medio-oriente-intensifica-se-com-soldado-frances-morto-no-iraque\/#breadcrumb","itemListElement":[{"@type":"ListItem","position":1,"name":"In\u00edcio","item":"https:\/\/portaltela.pt\/"},{"@type":"ListItem","position":2,"name":"Conflito no M\u00e9dio Oriente intensifica-se com soldado franc\u00eas morto no Iraque"}]},{"@type":"WebSite","@id":"https:\/\/portaltela.pt\/#website","url":"https:\/\/portaltela.pt\/","name":"Portal Tela Portugal","description":"","potentialAction":[{"@type":"SearchAction","target":{"@type":"EntryPoint","urlTemplate":"https:\/\/portaltela.pt\/?s={search_term_string}"},"query-input":{"@type":"PropertyValueSpecification","valueRequired":true,"valueName":"search_term_string"}}],"inLanguage":"pt-PT"},{"@type":"Person","@id":"https:\/\/portaltela.pt\/#\/schema\/person\/c4278d4a6028830caff9ee44b42d32ed","name":"Telinha","image":{"@type":"ImageObject","inLanguage":"pt-PT","@id":"https:\/\/portaltela.pt\/s.01k8rhncp4jt1\/2025\/11\/talking-bot-125x125.png","url":"https:\/\/portaltela.pt\/s.01k8rhncp4jt1\/2025\/11\/talking-bot-125x125.png","contentUrl":"https:\/\/portaltela.pt\/s.01k8rhncp4jt1\/2025\/11\/talking-bot-125x125.png","caption":"Telinha"},"sameAs":["https:\/\/portaltela.pt\/"],"url":"https:\/\/portaltela.pt\/por\/367410592786\/"}]}},"_links":{"self":[{"href":"https:\/\/portaltela.pt\/api\/wp\/v2\/posts\/408376","targetHints":{"allow":["GET"]}}],"collection":[{"href":"https:\/\/portaltela.pt\/api\/wp\/v2\/posts"}],"about":[{"href":"https:\/\/portaltela.pt\/api\/wp\/v2\/types\/post"}],"author":[{"embeddable":true,"href":"https:\/\/portaltela.pt\/api\/wp\/v2\/users\/2"}],"replies":[{"embeddable":true,"href":"https:\/\/portaltela.pt\/api\/wp\/v2\/comments?post=408376"}],"version-history":[{"count":0,"href":"https:\/\/portaltela.pt\/api\/wp\/v2\/posts\/408376\/revisions"}],"wp:featuredmedia":[{"embeddable":true,"href":"https:\/\/portaltela.pt\/api\/wp\/v2\/media\/408389"}],"wp:attachment":[{"href":"https:\/\/portaltela.pt\/api\/wp\/v2\/media?parent=408376"}],"wp:term":[{"taxonomy":"category","embeddable":true,"href":"https:\/\/portaltela.pt\/api\/wp\/v2\/categories?post=408376"},{"taxonomy":"post_tag","embeddable":true,"href":"https:\/\/portaltela.pt\/api\/wp\/v2\/tags?post=408376"}],"curies":[{"name":"wp","href":"https:\/\/api.w.org\/{rel}","templated":true}]}}