{"id":408363,"date":"2026-03-13T03:01:00","date_gmt":"2026-03-13T06:01:00","guid":{"rendered":"https:\/\/portaltela.pt\/noticias\/2026\/03\/13\/infarmed-faz-19-participacoes-ao-mp-por-sobrefacturacao-em-farmacos-diabetes\/"},"modified":"2026-03-13T03:01:00","modified_gmt":"2026-03-13T06:01:00","slug":"infarmed-faz-19-participacoes-ao-mp-por-sobrefacturacao-em-farmacos-diabetes","status":"publish","type":"post","link":"https:\/\/portaltela.pt\/saude\/2026\/03\/13\/infarmed-faz-19-participacoes-ao-mp-por-sobrefacturacao-em-farmacos-diabetes\/","title":{"rendered":"Infarmed faz 19 participa\u00e7\u00f5es ao MP por sobrefactura\u00e7\u00e3o em f\u00e1rmacos diabetes"},"content":{"rendered":"<p>O Infarmed informou ter conclu\u00eddo a\u00e7\u00f5es de fiscaliza\u00e7\u00e3o em 2025 que resultaram em 27 processos de contra-ordena\u00e7\u00e3o contra farm\u00e1cias e 19 participa\u00e7\u00f5es ao Minist\u00e9rio P\u00fablico (MP), por suspeita de sobrefactura\u00e7\u00e3o ao SNS. A opera\u00e7\u00e3o incidiu sobre medicamentos para diabetes, muitos usados tamb\u00e9m na perda de peso, e dispositivos de medi\u00e7\u00e3o de glicemia.<\/p>\n<p>As irregularidades detectadas abrangem venda pontual de medicamentos sem receita, dispensa de embalagens para mais de dois meses sem justifica\u00e7\u00e3o v\u00e1lida e factura\u00e7\u00e3o de embalagens que n\u00e3o estavam dispon\u00edveis. Foram apuradas situa\u00e7\u00f5es de fatura\u00e7\u00e3o indevida associadas a diferentes unidades de venda.<\/p>\n<p>De acordo com o regulador, as a\u00e7\u00f5es de fiscaliza\u00e7\u00e3o, realizadas ao abrigo da vigil\u00e2ncia de farmacovigil\u00e2ncia e da cadeia de abastecimento, visam assegurar a qualidade, seguran\u00e7a e custo-efici\u00eancia dos tratamentos. O Infarmed garante que as a\u00e7\u00f5es ser\u00e3o mantidas em 2026 para aprofundar altera\u00e7\u00f5es verificadas.<\/p>\n<h3>Desdobramentos e pr\u00f3ximos passos<\/h3>\n<p>As 19 participa\u00e7\u00f5es ao MP procuram apurar responsabilidades por suspeita de sobrefactura\u00e7\u00e3o ao SNS. O processo de contra-ordena\u00e7\u00e3o visa infra\u00e7\u00f5es ligadas \u00e0 venda indiscriminada de f\u00e1rmacos e \u00e0 gest\u00e3o de embalagens. O Infarmed n\u00e3o divulgou nomes de entidades implicadas.<\/p>\n","protected":false},"excerpt":{"rendered":"<ul>\n<li>O Infarmed fez 19 participa\u00e7\u00f5es ao Minist\u00e9rio P\u00fablico por suspeita de sobrefactura\u00e7\u00e3o ao SNS relacionadas com medicamentos para diabetes.<\/li>\n<li>Foram instaurados 27 processos de contra-ordena\u00e7\u00e3o contra farm\u00e1cias.<\/li>\n<li>As fiscaliza\u00e7\u00f5es em 2025 tamb\u00e9m abrangeram dispositivos de medi\u00e7\u00e3o de glicemia, usados por desportistas, al\u00e9m de medicamentos para diabetes.<\/li>\n<li>Entre as irregularidades detetadas est\u00e3o venda de medicamentos sem receita, dispensa de embalagens por mais de dois meses sem justifica\u00e7\u00e3o e factura\u00e7\u00e3o de embalagens indispon\u00edveis.<\/li>\n<li>As a\u00e7\u00f5es v\u00e3o continuar em 2026, com novas inspe\u00e7\u00f5es e monitoriza\u00e7\u00e3o.<\/li>\n<\/ul>\n","protected":false},"author":2,"featured_media":408377,"comment_status":"closed","ping_status":"closed","sticky":false,"template":"","format":"standard","meta":{"footnotes":""},"categories":[1,6745],"tags":[1926,5814,3664,3678,215,271],"class_list":["post-408363","post","type-post","status-publish","format-standard","has-post-thumbnail","hentry","category-noticias","category-saude","tag-contraordenacoes","tag-diabetes","tag-farmacias","tag-infarmed","tag-investigacao","tag-saude-publica"],"yoast_head":"<!-- This site is optimized with the Yoast SEO plugin v27.2 - https:\/\/yoast.com\/product\/yoast-seo-wordpress\/ -->\n<title>Infarmed faz 19 participa\u00e7\u00f5es ao MP por sobrefactura\u00e7\u00e3o em f\u00e1rmacos diabetes - Portal Tela Portugal<\/title>\n<meta name=\"robots\" content=\"index, follow, max-snippet:-1, max-image-preview:large, max-video-preview:-1\" \/>\n<meta property=\"og:locale\" content=\"pt_PT\" \/>\n<meta property=\"og:type\" content=\"article\" \/>\n<meta property=\"og:title\" content=\"Infarmed faz 19 participa\u00e7\u00f5es ao MP por sobrefactura\u00e7\u00e3o em f\u00e1rmacos diabetes - Portal Tela Portugal\" \/>\n<meta property=\"og:description\" content=\"O Infarmed fez 19 participa\u00e7\u00f5es ao Minist\u00e9rio P\u00fablico por suspeita de sobrefactura\u00e7\u00e3o ao SNS relacionadas com medicamentos para diabetes. Foram instaurados 27 processos de contra-ordena\u00e7\u00e3o contra farm\u00e1cias. As fiscaliza\u00e7\u00f5es em 2025 tamb\u00e9m abrangeram dispositivos de medi\u00e7\u00e3o de glicemia, usados por desportistas, al\u00e9m de medicamentos para diabetes. Entre as irregularidades detetadas est\u00e3o venda de medicamentos sem receita, dispensa de embalagens por mais de dois meses sem justifica\u00e7\u00e3o e factura\u00e7\u00e3o de embalagens indispon\u00edveis. As a\u00e7\u00f5es v\u00e3o continuar em 2026, com novas inspe\u00e7\u00f5es e monitoriza\u00e7\u00e3o.\" \/>\n<meta property=\"og:url\" content=\"https:\/\/portaltela.pt\/noticias\/2026\/03\/13\/infarmed-faz-19-participacoes-ao-mp-por-sobrefacturacao-em-farmacos-diabetes\/\" \/>\n<meta property=\"og:site_name\" content=\"Portal Tela Portugal\" \/>\n<meta property=\"article:published_time\" content=\"2026-03-13T06:01:00+00:00\" \/>\n<meta name=\"author\" content=\"Telinha\" \/>\n<meta name=\"twitter:card\" content=\"summary_large_image\" \/>\n<meta name=\"twitter:label1\" content=\"Escrito por\" \/>\n\t<meta name=\"twitter:data1\" content=\"Telinha\" \/>\n\t<meta name=\"twitter:label2\" content=\"Tempo estimado de leitura\" \/>\n\t<meta name=\"twitter:data2\" content=\"1 minuto\" \/>\n<script type=\"application\/ld+json\" class=\"yoast-schema-graph\">{\"@context\":\"https:\/\/schema.org\",\"@graph\":[{\"@type\":\"Article\",\"@id\":\"https:\/\/portaltela.pt\/noticias\/2026\/03\/13\/infarmed-faz-19-participacoes-ao-mp-por-sobrefacturacao-em-farmacos-diabetes\/#article\",\"isPartOf\":{\"@id\":\"https:\/\/portaltela.pt\/noticias\/2026\/03\/13\/infarmed-faz-19-participacoes-ao-mp-por-sobrefacturacao-em-farmacos-diabetes\/\"},\"author\":{\"name\":\"Telinha\",\"@id\":\"https:\/\/portaltela.pt\/#\/schema\/person\/c4278d4a6028830caff9ee44b42d32ed\"},\"headline\":\"Infarmed faz 19 participa\u00e7\u00f5es ao MP por sobrefactura\u00e7\u00e3o em f\u00e1rmacos diabetes\",\"datePublished\":\"2026-03-13T06:01:00+00:00\",\"mainEntityOfPage\":{\"@id\":\"https:\/\/portaltela.pt\/noticias\/2026\/03\/13\/infarmed-faz-19-participacoes-ao-mp-por-sobrefacturacao-em-farmacos-diabetes\/\"},\"wordCount\":222,\"image\":{\"@id\":\"https:\/\/portaltela.pt\/noticias\/2026\/03\/13\/infarmed-faz-19-participacoes-ao-mp-por-sobrefacturacao-em-farmacos-diabetes\/#primaryimage\"},\"thumbnailUrl\":\"https:\/\/portaltela.pt\/s.01k8rhncp4jt1\/2026\/03\/tpUHdbIMAGENStypeJPGshare1oBarraFacebook_Publico-20.jpg\",\"keywords\":[\"contraordena\u00e7\u00f5es\",\"diabetes\",\"farm\u00e1cias\",\"Infarmed\",\"investiga\u00e7\u00e3o\",\"sa\u00fade p\u00fablica\"],\"articleSection\":[\"Not\u00edcias\",\"Sa\u00fade\"],\"inLanguage\":\"pt-PT\"},{\"@type\":\"WebPage\",\"@id\":\"https:\/\/portaltela.pt\/noticias\/2026\/03\/13\/infarmed-faz-19-participacoes-ao-mp-por-sobrefacturacao-em-farmacos-diabetes\/\",\"url\":\"https:\/\/portaltela.pt\/noticias\/2026\/03\/13\/infarmed-faz-19-participacoes-ao-mp-por-sobrefacturacao-em-farmacos-diabetes\/\",\"name\":\"Infarmed faz 19 participa\u00e7\u00f5es ao MP por sobrefactura\u00e7\u00e3o em f\u00e1rmacos diabetes - Portal Tela Portugal\",\"isPartOf\":{\"@id\":\"https:\/\/portaltela.pt\/#website\"},\"primaryImageOfPage\":{\"@id\":\"https:\/\/portaltela.pt\/noticias\/2026\/03\/13\/infarmed-faz-19-participacoes-ao-mp-por-sobrefacturacao-em-farmacos-diabetes\/#primaryimage\"},\"image\":{\"@id\":\"https:\/\/portaltela.pt\/noticias\/2026\/03\/13\/infarmed-faz-19-participacoes-ao-mp-por-sobrefacturacao-em-farmacos-diabetes\/#primaryimage\"},\"thumbnailUrl\":\"https:\/\/portaltela.pt\/s.01k8rhncp4jt1\/2026\/03\/tpUHdbIMAGENStypeJPGshare1oBarraFacebook_Publico-20.jpg\",\"datePublished\":\"2026-03-13T06:01:00+00:00\",\"author\":{\"@id\":\"https:\/\/portaltela.pt\/#\/schema\/person\/c4278d4a6028830caff9ee44b42d32ed\"},\"breadcrumb\":{\"@id\":\"https:\/\/portaltela.pt\/noticias\/2026\/03\/13\/infarmed-faz-19-participacoes-ao-mp-por-sobrefacturacao-em-farmacos-diabetes\/#breadcrumb\"},\"inLanguage\":\"pt-PT\",\"potentialAction\":[{\"@type\":\"ReadAction\",\"target\":[\"https:\/\/portaltela.pt\/noticias\/2026\/03\/13\/infarmed-faz-19-participacoes-ao-mp-por-sobrefacturacao-em-farmacos-diabetes\/\"]}]},{\"@type\":\"ImageObject\",\"inLanguage\":\"pt-PT\",\"@id\":\"https:\/\/portaltela.pt\/noticias\/2026\/03\/13\/infarmed-faz-19-participacoes-ao-mp-por-sobrefacturacao-em-farmacos-diabetes\/#primaryimage\",\"url\":\"https:\/\/portaltela.pt\/s.01k8rhncp4jt1\/2026\/03\/tpUHdbIMAGENStypeJPGshare1oBarraFacebook_Publico-20.jpg\",\"contentUrl\":\"https:\/\/portaltela.pt\/s.01k8rhncp4jt1\/2026\/03\/tpUHdbIMAGENStypeJPGshare1oBarraFacebook_Publico-20.jpg\",\"width\":1200,\"height\":630,\"caption\":\"Infarmed realizou 89 inspec\u00e7\u00f5es, das quais 69 foram a farm\u00e1cias\"},{\"@type\":\"BreadcrumbList\",\"@id\":\"https:\/\/portaltela.pt\/noticias\/2026\/03\/13\/infarmed-faz-19-participacoes-ao-mp-por-sobrefacturacao-em-farmacos-diabetes\/#breadcrumb\",\"itemListElement\":[{\"@type\":\"ListItem\",\"position\":1,\"name\":\"In\u00edcio\",\"item\":\"https:\/\/portaltela.pt\/\"},{\"@type\":\"ListItem\",\"position\":2,\"name\":\"Infarmed faz 19 participa\u00e7\u00f5es ao MP por sobrefactura\u00e7\u00e3o em f\u00e1rmacos diabetes\"}]},{\"@type\":\"WebSite\",\"@id\":\"https:\/\/portaltela.pt\/#website\",\"url\":\"https:\/\/portaltela.pt\/\",\"name\":\"Portal Tela Portugal\",\"description\":\"\",\"potentialAction\":[{\"@type\":\"SearchAction\",\"target\":{\"@type\":\"EntryPoint\",\"urlTemplate\":\"https:\/\/portaltela.pt\/?s={search_term_string}\"},\"query-input\":{\"@type\":\"PropertyValueSpecification\",\"valueRequired\":true,\"valueName\":\"search_term_string\"}}],\"inLanguage\":\"pt-PT\"},{\"@type\":\"Person\",\"@id\":\"https:\/\/portaltela.pt\/#\/schema\/person\/c4278d4a6028830caff9ee44b42d32ed\",\"name\":\"Telinha\",\"image\":{\"@type\":\"ImageObject\",\"inLanguage\":\"pt-PT\",\"@id\":\"https:\/\/portaltela.pt\/s.01k8rhncp4jt1\/2025\/11\/talking-bot-125x125.png\",\"url\":\"https:\/\/portaltela.pt\/s.01k8rhncp4jt1\/2025\/11\/talking-bot-125x125.png\",\"contentUrl\":\"https:\/\/portaltela.pt\/s.01k8rhncp4jt1\/2025\/11\/talking-bot-125x125.png\",\"caption\":\"Telinha\"},\"sameAs\":[\"https:\/\/portaltela.pt\/\"],\"url\":\"https:\/\/portaltela.pt\/por\/367410592786\/\"}]}<\/script>\n<!-- \/ Yoast SEO plugin. -->","yoast_head_json":{"title":"Infarmed faz 19 participa\u00e7\u00f5es ao MP por sobrefactura\u00e7\u00e3o em f\u00e1rmacos diabetes - Portal Tela Portugal","robots":{"index":"index","follow":"follow","max-snippet":"max-snippet:-1","max-image-preview":"max-image-preview:large","max-video-preview":"max-video-preview:-1"},"og_locale":"pt_PT","og_type":"article","og_title":"Infarmed faz 19 participa\u00e7\u00f5es ao MP por sobrefactura\u00e7\u00e3o em f\u00e1rmacos diabetes - Portal Tela Portugal","og_description":"O Infarmed fez 19 participa\u00e7\u00f5es ao Minist\u00e9rio P\u00fablico por suspeita de sobrefactura\u00e7\u00e3o ao SNS relacionadas com medicamentos para diabetes. Foram instaurados 27 processos de contra-ordena\u00e7\u00e3o contra farm\u00e1cias. As fiscaliza\u00e7\u00f5es em 2025 tamb\u00e9m abrangeram dispositivos de medi\u00e7\u00e3o de glicemia, usados por desportistas, al\u00e9m de medicamentos para diabetes. Entre as irregularidades detetadas est\u00e3o venda de medicamentos sem receita, dispensa de embalagens por mais de dois meses sem justifica\u00e7\u00e3o e factura\u00e7\u00e3o de embalagens indispon\u00edveis. As a\u00e7\u00f5es v\u00e3o continuar em 2026, com novas inspe\u00e7\u00f5es e monitoriza\u00e7\u00e3o.","og_url":"https:\/\/portaltela.pt\/noticias\/2026\/03\/13\/infarmed-faz-19-participacoes-ao-mp-por-sobrefacturacao-em-farmacos-diabetes\/","og_site_name":"Portal Tela Portugal","article_published_time":"2026-03-13T06:01:00+00:00","author":"Telinha","twitter_card":"summary_large_image","twitter_misc":{"Escrito por":"Telinha","Tempo estimado de leitura":"1 minuto"},"schema":{"@context":"https:\/\/schema.org","@graph":[{"@type":"Article","@id":"https:\/\/portaltela.pt\/noticias\/2026\/03\/13\/infarmed-faz-19-participacoes-ao-mp-por-sobrefacturacao-em-farmacos-diabetes\/#article","isPartOf":{"@id":"https:\/\/portaltela.pt\/noticias\/2026\/03\/13\/infarmed-faz-19-participacoes-ao-mp-por-sobrefacturacao-em-farmacos-diabetes\/"},"author":{"name":"Telinha","@id":"https:\/\/portaltela.pt\/#\/schema\/person\/c4278d4a6028830caff9ee44b42d32ed"},"headline":"Infarmed faz 19 participa\u00e7\u00f5es ao MP por sobrefactura\u00e7\u00e3o em f\u00e1rmacos diabetes","datePublished":"2026-03-13T06:01:00+00:00","mainEntityOfPage":{"@id":"https:\/\/portaltela.pt\/noticias\/2026\/03\/13\/infarmed-faz-19-participacoes-ao-mp-por-sobrefacturacao-em-farmacos-diabetes\/"},"wordCount":222,"image":{"@id":"https:\/\/portaltela.pt\/noticias\/2026\/03\/13\/infarmed-faz-19-participacoes-ao-mp-por-sobrefacturacao-em-farmacos-diabetes\/#primaryimage"},"thumbnailUrl":"https:\/\/portaltela.pt\/s.01k8rhncp4jt1\/2026\/03\/tpUHdbIMAGENStypeJPGshare1oBarraFacebook_Publico-20.jpg","keywords":["contraordena\u00e7\u00f5es","diabetes","farm\u00e1cias","Infarmed","investiga\u00e7\u00e3o","sa\u00fade p\u00fablica"],"articleSection":["Not\u00edcias","Sa\u00fade"],"inLanguage":"pt-PT"},{"@type":"WebPage","@id":"https:\/\/portaltela.pt\/noticias\/2026\/03\/13\/infarmed-faz-19-participacoes-ao-mp-por-sobrefacturacao-em-farmacos-diabetes\/","url":"https:\/\/portaltela.pt\/noticias\/2026\/03\/13\/infarmed-faz-19-participacoes-ao-mp-por-sobrefacturacao-em-farmacos-diabetes\/","name":"Infarmed faz 19 participa\u00e7\u00f5es ao MP por sobrefactura\u00e7\u00e3o em f\u00e1rmacos diabetes - Portal Tela Portugal","isPartOf":{"@id":"https:\/\/portaltela.pt\/#website"},"primaryImageOfPage":{"@id":"https:\/\/portaltela.pt\/noticias\/2026\/03\/13\/infarmed-faz-19-participacoes-ao-mp-por-sobrefacturacao-em-farmacos-diabetes\/#primaryimage"},"image":{"@id":"https:\/\/portaltela.pt\/noticias\/2026\/03\/13\/infarmed-faz-19-participacoes-ao-mp-por-sobrefacturacao-em-farmacos-diabetes\/#primaryimage"},"thumbnailUrl":"https:\/\/portaltela.pt\/s.01k8rhncp4jt1\/2026\/03\/tpUHdbIMAGENStypeJPGshare1oBarraFacebook_Publico-20.jpg","datePublished":"2026-03-13T06:01:00+00:00","author":{"@id":"https:\/\/portaltela.pt\/#\/schema\/person\/c4278d4a6028830caff9ee44b42d32ed"},"breadcrumb":{"@id":"https:\/\/portaltela.pt\/noticias\/2026\/03\/13\/infarmed-faz-19-participacoes-ao-mp-por-sobrefacturacao-em-farmacos-diabetes\/#breadcrumb"},"inLanguage":"pt-PT","potentialAction":[{"@type":"ReadAction","target":["https:\/\/portaltela.pt\/noticias\/2026\/03\/13\/infarmed-faz-19-participacoes-ao-mp-por-sobrefacturacao-em-farmacos-diabetes\/"]}]},{"@type":"ImageObject","inLanguage":"pt-PT","@id":"https:\/\/portaltela.pt\/noticias\/2026\/03\/13\/infarmed-faz-19-participacoes-ao-mp-por-sobrefacturacao-em-farmacos-diabetes\/#primaryimage","url":"https:\/\/portaltela.pt\/s.01k8rhncp4jt1\/2026\/03\/tpUHdbIMAGENStypeJPGshare1oBarraFacebook_Publico-20.jpg","contentUrl":"https:\/\/portaltela.pt\/s.01k8rhncp4jt1\/2026\/03\/tpUHdbIMAGENStypeJPGshare1oBarraFacebook_Publico-20.jpg","width":1200,"height":630,"caption":"Infarmed realizou 89 inspec\u00e7\u00f5es, das quais 69 foram a farm\u00e1cias"},{"@type":"BreadcrumbList","@id":"https:\/\/portaltela.pt\/noticias\/2026\/03\/13\/infarmed-faz-19-participacoes-ao-mp-por-sobrefacturacao-em-farmacos-diabetes\/#breadcrumb","itemListElement":[{"@type":"ListItem","position":1,"name":"In\u00edcio","item":"https:\/\/portaltela.pt\/"},{"@type":"ListItem","position":2,"name":"Infarmed faz 19 participa\u00e7\u00f5es ao MP por sobrefactura\u00e7\u00e3o em f\u00e1rmacos diabetes"}]},{"@type":"WebSite","@id":"https:\/\/portaltela.pt\/#website","url":"https:\/\/portaltela.pt\/","name":"Portal Tela Portugal","description":"","potentialAction":[{"@type":"SearchAction","target":{"@type":"EntryPoint","urlTemplate":"https:\/\/portaltela.pt\/?s={search_term_string}"},"query-input":{"@type":"PropertyValueSpecification","valueRequired":true,"valueName":"search_term_string"}}],"inLanguage":"pt-PT"},{"@type":"Person","@id":"https:\/\/portaltela.pt\/#\/schema\/person\/c4278d4a6028830caff9ee44b42d32ed","name":"Telinha","image":{"@type":"ImageObject","inLanguage":"pt-PT","@id":"https:\/\/portaltela.pt\/s.01k8rhncp4jt1\/2025\/11\/talking-bot-125x125.png","url":"https:\/\/portaltela.pt\/s.01k8rhncp4jt1\/2025\/11\/talking-bot-125x125.png","contentUrl":"https:\/\/portaltela.pt\/s.01k8rhncp4jt1\/2025\/11\/talking-bot-125x125.png","caption":"Telinha"},"sameAs":["https:\/\/portaltela.pt\/"],"url":"https:\/\/portaltela.pt\/por\/367410592786\/"}]}},"_links":{"self":[{"href":"https:\/\/portaltela.pt\/api\/wp\/v2\/posts\/408363","targetHints":{"allow":["GET"]}}],"collection":[{"href":"https:\/\/portaltela.pt\/api\/wp\/v2\/posts"}],"about":[{"href":"https:\/\/portaltela.pt\/api\/wp\/v2\/types\/post"}],"author":[{"embeddable":true,"href":"https:\/\/portaltela.pt\/api\/wp\/v2\/users\/2"}],"replies":[{"embeddable":true,"href":"https:\/\/portaltela.pt\/api\/wp\/v2\/comments?post=408363"}],"version-history":[{"count":0,"href":"https:\/\/portaltela.pt\/api\/wp\/v2\/posts\/408363\/revisions"}],"wp:featuredmedia":[{"embeddable":true,"href":"https:\/\/portaltela.pt\/api\/wp\/v2\/media\/408377"}],"wp:attachment":[{"href":"https:\/\/portaltela.pt\/api\/wp\/v2\/media?parent=408363"}],"wp:term":[{"taxonomy":"category","embeddable":true,"href":"https:\/\/portaltela.pt\/api\/wp\/v2\/categories?post=408363"},{"taxonomy":"post_tag","embeddable":true,"href":"https:\/\/portaltela.pt\/api\/wp\/v2\/tags?post=408363"}],"curies":[{"name":"wp","href":"https:\/\/api.w.org\/{rel}","templated":true}]}}