{"id":408336,"date":"2026-03-13T04:00:00","date_gmt":"2026-03-13T07:00:00","guid":{"rendered":"https:\/\/portaltela.pt\/noticias\/2026\/03\/13\/aped-pede-ao-governo-revisao-da-fiscalidade-dos-combustiveis\/"},"modified":"2026-03-13T04:00:00","modified_gmt":"2026-03-13T07:00:00","slug":"aped-pede-ao-governo-revisao-da-fiscalidade-dos-combustiveis","status":"publish","type":"post","link":"https:\/\/portaltela.pt\/noticias\/economia\/2026\/03\/13\/aped-pede-ao-governo-revisao-da-fiscalidade-dos-combustiveis\/","title":{"rendered":"APED pede ao Governo revis\u00e3o da fiscalidade dos combust\u00edveis"},"content":{"rendered":"<p>A APED pediu ao Governo para mexer na fiscalidade dos combust\u00edveis, numa comunica\u00e7\u00e3o dirigida \u00e0s autoridades competentes. A organiza\u00e7\u00e3o sustenta a necessidade de ajustamentos para enfrentar os impactos econ\u00f3micos da atual conjuntura.<\/p>\n<p>A alega\u00e7\u00e3o envolve responsabilidade setorial: reduzir encargos fiscais ou ajustar estruturas de tributa\u00e7\u00e3o que afetem pre\u00e7os ao consumidor e custos empresariais. A APED n\u00e3o especifica medidas concretas neste resumo p\u00fablico.<\/p>\n<p>O objetivo \u00e9 promover maior previsibilidade e estabilidade no setor energ\u00e9tico, conforme a leitura da associa\u00e7\u00e3o. O conte\u00fado completo est\u00e1 dispon\u00edvel apenas para subscritores.<\/p>\n","protected":false},"excerpt":{"rendered":"<ul>\n<li>A APED pediu ao Governo para mexer na fiscalidade dos combust\u00edveis.<\/li>\n<li>O objetivo \u00e9 ajustar a pol\u00edtica fiscal aplicada aos combust\u00edveis.<\/li>\n<li>A not\u00edcia completa est\u00e1 dispon\u00edvel apenas para subscritores, com acesso mediante login.<\/li>\n<li>O texto original n\u00e3o inclui mais detalhes sobre o valor ou o timing do pedido.<\/li>\n<\/ul>\n","protected":false},"author":2,"featured_media":408338,"comment_status":"closed","ping_status":"closed","sticky":false,"template":"","format":"standard","meta":{"footnotes":""},"categories":[2,6850],"tags":[4729,28,174,3436,3613,229],"class_list":["post-408336","post","type-post","status-publish","format-standard","has-post-thumbnail","hentry","category-economia","category-financas","tag-abastecimento-de-energia","tag-economia","tag-energia","tag-imposto-sobre-consumo","tag-impostos","tag-politica-publica"],"yoast_head":"<!-- This site is optimized with the Yoast SEO plugin v27.2 - https:\/\/yoast.com\/product\/yoast-seo-wordpress\/ -->\n<title>APED pede ao Governo revis\u00e3o da fiscalidade dos combust\u00edveis - Portal Tela Portugal<\/title>\n<meta name=\"robots\" content=\"index, follow, max-snippet:-1, max-image-preview:large, max-video-preview:-1\" \/>\n<meta property=\"og:locale\" content=\"pt_PT\" \/>\n<meta property=\"og:type\" content=\"article\" \/>\n<meta property=\"og:title\" content=\"APED pede ao Governo revis\u00e3o da fiscalidade dos combust\u00edveis - Portal Tela Portugal\" \/>\n<meta property=\"og:description\" content=\"A APED pediu ao Governo para mexer na fiscalidade dos combust\u00edveis. O objetivo \u00e9 ajustar a pol\u00edtica fiscal aplicada aos combust\u00edveis. A not\u00edcia completa est\u00e1 dispon\u00edvel apenas para subscritores, com acesso mediante login. O texto original n\u00e3o inclui mais detalhes sobre o valor ou o timing do pedido.\" \/>\n<meta property=\"og:url\" content=\"https:\/\/portaltela.pt\/noticias\/2026\/03\/13\/aped-pede-ao-governo-revisao-da-fiscalidade-dos-combustiveis\/\" \/>\n<meta property=\"og:site_name\" content=\"Portal Tela Portugal\" \/>\n<meta property=\"article:published_time\" content=\"2026-03-13T07:00:00+00:00\" \/>\n<meta name=\"author\" content=\"Telinha\" \/>\n<meta name=\"twitter:card\" content=\"summary_large_image\" \/>\n<meta name=\"twitter:label1\" content=\"Escrito por\" \/>\n\t<meta name=\"twitter:data1\" content=\"Telinha\" \/>\n<script type=\"application\/ld+json\" class=\"yoast-schema-graph\">{\"@context\":\"https:\/\/schema.org\",\"@graph\":[{\"@type\":\"Article\",\"@id\":\"https:\/\/portaltela.pt\/noticias\/2026\/03\/13\/aped-pede-ao-governo-revisao-da-fiscalidade-dos-combustiveis\/#article\",\"isPartOf\":{\"@id\":\"https:\/\/portaltela.pt\/noticias\/2026\/03\/13\/aped-pede-ao-governo-revisao-da-fiscalidade-dos-combustiveis\/\"},\"author\":{\"name\":\"Telinha\",\"@id\":\"https:\/\/portaltela.pt\/#\/schema\/person\/c4278d4a6028830caff9ee44b42d32ed\"},\"headline\":\"APED pede ao Governo revis\u00e3o da fiscalidade dos combust\u00edveis\",\"datePublished\":\"2026-03-13T07:00:00+00:00\",\"mainEntityOfPage\":{\"@id\":\"https:\/\/portaltela.pt\/noticias\/2026\/03\/13\/aped-pede-ao-governo-revisao-da-fiscalidade-dos-combustiveis\/\"},\"wordCount\":109,\"image\":{\"@id\":\"https:\/\/portaltela.pt\/noticias\/2026\/03\/13\/aped-pede-ao-governo-revisao-da-fiscalidade-dos-combustiveis\/#primaryimage\"},\"thumbnailUrl\":\"https:\/\/portaltela.pt\/s.01k8rhncp4jt1\/2026\/03\/CACHE_780X1200_ANALOG_WATERMARKED_31163251_2645346_11042021105340.jpg\",\"keywords\":[\"abastecimento de energia\",\"economia\",\"energia\",\"imposto sobre consumo\",\"impostos\",\"pol\u00edtica p\u00fablica\"],\"articleSection\":[\"Economia\",\"Finan\u00e7as\"],\"inLanguage\":\"pt-PT\"},{\"@type\":\"WebPage\",\"@id\":\"https:\/\/portaltela.pt\/noticias\/2026\/03\/13\/aped-pede-ao-governo-revisao-da-fiscalidade-dos-combustiveis\/\",\"url\":\"https:\/\/portaltela.pt\/noticias\/2026\/03\/13\/aped-pede-ao-governo-revisao-da-fiscalidade-dos-combustiveis\/\",\"name\":\"APED pede ao Governo revis\u00e3o da fiscalidade dos combust\u00edveis - Portal Tela Portugal\",\"isPartOf\":{\"@id\":\"https:\/\/portaltela.pt\/#website\"},\"primaryImageOfPage\":{\"@id\":\"https:\/\/portaltela.pt\/noticias\/2026\/03\/13\/aped-pede-ao-governo-revisao-da-fiscalidade-dos-combustiveis\/#primaryimage\"},\"image\":{\"@id\":\"https:\/\/portaltela.pt\/noticias\/2026\/03\/13\/aped-pede-ao-governo-revisao-da-fiscalidade-dos-combustiveis\/#primaryimage\"},\"thumbnailUrl\":\"https:\/\/portaltela.pt\/s.01k8rhncp4jt1\/2026\/03\/CACHE_780X1200_ANALOG_WATERMARKED_31163251_2645346_11042021105340.jpg\",\"datePublished\":\"2026-03-13T07:00:00+00:00\",\"author\":{\"@id\":\"https:\/\/portaltela.pt\/#\/schema\/person\/c4278d4a6028830caff9ee44b42d32ed\"},\"breadcrumb\":{\"@id\":\"https:\/\/portaltela.pt\/noticias\/2026\/03\/13\/aped-pede-ao-governo-revisao-da-fiscalidade-dos-combustiveis\/#breadcrumb\"},\"inLanguage\":\"pt-PT\",\"potentialAction\":[{\"@type\":\"ReadAction\",\"target\":[\"https:\/\/portaltela.pt\/noticias\/2026\/03\/13\/aped-pede-ao-governo-revisao-da-fiscalidade-dos-combustiveis\/\"]}]},{\"@type\":\"ImageObject\",\"inLanguage\":\"pt-PT\",\"@id\":\"https:\/\/portaltela.pt\/noticias\/2026\/03\/13\/aped-pede-ao-governo-revisao-da-fiscalidade-dos-combustiveis\/#primaryimage\",\"url\":\"https:\/\/portaltela.pt\/s.01k8rhncp4jt1\/2026\/03\/CACHE_780X1200_ANALOG_WATERMARKED_31163251_2645346_11042021105340.jpg\",\"contentUrl\":\"https:\/\/portaltela.pt\/s.01k8rhncp4jt1\/2026\/03\/CACHE_780X1200_ANALOG_WATERMARKED_31163251_2645346_11042021105340.jpg\",\"width\":796,\"height\":448,\"caption\":\"Photo\"},{\"@type\":\"BreadcrumbList\",\"@id\":\"https:\/\/portaltela.pt\/noticias\/2026\/03\/13\/aped-pede-ao-governo-revisao-da-fiscalidade-dos-combustiveis\/#breadcrumb\",\"itemListElement\":[{\"@type\":\"ListItem\",\"position\":1,\"name\":\"In\u00edcio\",\"item\":\"https:\/\/portaltela.pt\/\"},{\"@type\":\"ListItem\",\"position\":2,\"name\":\"APED pede ao Governo revis\u00e3o da fiscalidade dos combust\u00edveis\"}]},{\"@type\":\"WebSite\",\"@id\":\"https:\/\/portaltela.pt\/#website\",\"url\":\"https:\/\/portaltela.pt\/\",\"name\":\"Portal Tela Portugal\",\"description\":\"\",\"potentialAction\":[{\"@type\":\"SearchAction\",\"target\":{\"@type\":\"EntryPoint\",\"urlTemplate\":\"https:\/\/portaltela.pt\/?s={search_term_string}\"},\"query-input\":{\"@type\":\"PropertyValueSpecification\",\"valueRequired\":true,\"valueName\":\"search_term_string\"}}],\"inLanguage\":\"pt-PT\"},{\"@type\":\"Person\",\"@id\":\"https:\/\/portaltela.pt\/#\/schema\/person\/c4278d4a6028830caff9ee44b42d32ed\",\"name\":\"Telinha\",\"image\":{\"@type\":\"ImageObject\",\"inLanguage\":\"pt-PT\",\"@id\":\"https:\/\/portaltela.pt\/s.01k8rhncp4jt1\/2025\/11\/talking-bot-125x125.png\",\"url\":\"https:\/\/portaltela.pt\/s.01k8rhncp4jt1\/2025\/11\/talking-bot-125x125.png\",\"contentUrl\":\"https:\/\/portaltela.pt\/s.01k8rhncp4jt1\/2025\/11\/talking-bot-125x125.png\",\"caption\":\"Telinha\"},\"sameAs\":[\"https:\/\/portaltela.pt\/\"],\"url\":\"https:\/\/portaltela.pt\/por\/367410592786\/\"}]}<\/script>\n<!-- \/ Yoast SEO plugin. -->","yoast_head_json":{"title":"APED pede ao Governo revis\u00e3o da fiscalidade dos combust\u00edveis - Portal Tela Portugal","robots":{"index":"index","follow":"follow","max-snippet":"max-snippet:-1","max-image-preview":"max-image-preview:large","max-video-preview":"max-video-preview:-1"},"og_locale":"pt_PT","og_type":"article","og_title":"APED pede ao Governo revis\u00e3o da fiscalidade dos combust\u00edveis - Portal Tela Portugal","og_description":"A APED pediu ao Governo para mexer na fiscalidade dos combust\u00edveis. O objetivo \u00e9 ajustar a pol\u00edtica fiscal aplicada aos combust\u00edveis. A not\u00edcia completa est\u00e1 dispon\u00edvel apenas para subscritores, com acesso mediante login. O texto original n\u00e3o inclui mais detalhes sobre o valor ou o timing do pedido.","og_url":"https:\/\/portaltela.pt\/noticias\/2026\/03\/13\/aped-pede-ao-governo-revisao-da-fiscalidade-dos-combustiveis\/","og_site_name":"Portal Tela Portugal","article_published_time":"2026-03-13T07:00:00+00:00","author":"Telinha","twitter_card":"summary_large_image","twitter_misc":{"Escrito por":"Telinha"},"schema":{"@context":"https:\/\/schema.org","@graph":[{"@type":"Article","@id":"https:\/\/portaltela.pt\/noticias\/2026\/03\/13\/aped-pede-ao-governo-revisao-da-fiscalidade-dos-combustiveis\/#article","isPartOf":{"@id":"https:\/\/portaltela.pt\/noticias\/2026\/03\/13\/aped-pede-ao-governo-revisao-da-fiscalidade-dos-combustiveis\/"},"author":{"name":"Telinha","@id":"https:\/\/portaltela.pt\/#\/schema\/person\/c4278d4a6028830caff9ee44b42d32ed"},"headline":"APED pede ao Governo revis\u00e3o da fiscalidade dos combust\u00edveis","datePublished":"2026-03-13T07:00:00+00:00","mainEntityOfPage":{"@id":"https:\/\/portaltela.pt\/noticias\/2026\/03\/13\/aped-pede-ao-governo-revisao-da-fiscalidade-dos-combustiveis\/"},"wordCount":109,"image":{"@id":"https:\/\/portaltela.pt\/noticias\/2026\/03\/13\/aped-pede-ao-governo-revisao-da-fiscalidade-dos-combustiveis\/#primaryimage"},"thumbnailUrl":"https:\/\/portaltela.pt\/s.01k8rhncp4jt1\/2026\/03\/CACHE_780X1200_ANALOG_WATERMARKED_31163251_2645346_11042021105340.jpg","keywords":["abastecimento de energia","economia","energia","imposto sobre consumo","impostos","pol\u00edtica p\u00fablica"],"articleSection":["Economia","Finan\u00e7as"],"inLanguage":"pt-PT"},{"@type":"WebPage","@id":"https:\/\/portaltela.pt\/noticias\/2026\/03\/13\/aped-pede-ao-governo-revisao-da-fiscalidade-dos-combustiveis\/","url":"https:\/\/portaltela.pt\/noticias\/2026\/03\/13\/aped-pede-ao-governo-revisao-da-fiscalidade-dos-combustiveis\/","name":"APED pede ao Governo revis\u00e3o da fiscalidade dos combust\u00edveis - Portal Tela Portugal","isPartOf":{"@id":"https:\/\/portaltela.pt\/#website"},"primaryImageOfPage":{"@id":"https:\/\/portaltela.pt\/noticias\/2026\/03\/13\/aped-pede-ao-governo-revisao-da-fiscalidade-dos-combustiveis\/#primaryimage"},"image":{"@id":"https:\/\/portaltela.pt\/noticias\/2026\/03\/13\/aped-pede-ao-governo-revisao-da-fiscalidade-dos-combustiveis\/#primaryimage"},"thumbnailUrl":"https:\/\/portaltela.pt\/s.01k8rhncp4jt1\/2026\/03\/CACHE_780X1200_ANALOG_WATERMARKED_31163251_2645346_11042021105340.jpg","datePublished":"2026-03-13T07:00:00+00:00","author":{"@id":"https:\/\/portaltela.pt\/#\/schema\/person\/c4278d4a6028830caff9ee44b42d32ed"},"breadcrumb":{"@id":"https:\/\/portaltela.pt\/noticias\/2026\/03\/13\/aped-pede-ao-governo-revisao-da-fiscalidade-dos-combustiveis\/#breadcrumb"},"inLanguage":"pt-PT","potentialAction":[{"@type":"ReadAction","target":["https:\/\/portaltela.pt\/noticias\/2026\/03\/13\/aped-pede-ao-governo-revisao-da-fiscalidade-dos-combustiveis\/"]}]},{"@type":"ImageObject","inLanguage":"pt-PT","@id":"https:\/\/portaltela.pt\/noticias\/2026\/03\/13\/aped-pede-ao-governo-revisao-da-fiscalidade-dos-combustiveis\/#primaryimage","url":"https:\/\/portaltela.pt\/s.01k8rhncp4jt1\/2026\/03\/CACHE_780X1200_ANALOG_WATERMARKED_31163251_2645346_11042021105340.jpg","contentUrl":"https:\/\/portaltela.pt\/s.01k8rhncp4jt1\/2026\/03\/CACHE_780X1200_ANALOG_WATERMARKED_31163251_2645346_11042021105340.jpg","width":796,"height":448,"caption":"Photo"},{"@type":"BreadcrumbList","@id":"https:\/\/portaltela.pt\/noticias\/2026\/03\/13\/aped-pede-ao-governo-revisao-da-fiscalidade-dos-combustiveis\/#breadcrumb","itemListElement":[{"@type":"ListItem","position":1,"name":"In\u00edcio","item":"https:\/\/portaltela.pt\/"},{"@type":"ListItem","position":2,"name":"APED pede ao Governo revis\u00e3o da fiscalidade dos combust\u00edveis"}]},{"@type":"WebSite","@id":"https:\/\/portaltela.pt\/#website","url":"https:\/\/portaltela.pt\/","name":"Portal Tela Portugal","description":"","potentialAction":[{"@type":"SearchAction","target":{"@type":"EntryPoint","urlTemplate":"https:\/\/portaltela.pt\/?s={search_term_string}"},"query-input":{"@type":"PropertyValueSpecification","valueRequired":true,"valueName":"search_term_string"}}],"inLanguage":"pt-PT"},{"@type":"Person","@id":"https:\/\/portaltela.pt\/#\/schema\/person\/c4278d4a6028830caff9ee44b42d32ed","name":"Telinha","image":{"@type":"ImageObject","inLanguage":"pt-PT","@id":"https:\/\/portaltela.pt\/s.01k8rhncp4jt1\/2025\/11\/talking-bot-125x125.png","url":"https:\/\/portaltela.pt\/s.01k8rhncp4jt1\/2025\/11\/talking-bot-125x125.png","contentUrl":"https:\/\/portaltela.pt\/s.01k8rhncp4jt1\/2025\/11\/talking-bot-125x125.png","caption":"Telinha"},"sameAs":["https:\/\/portaltela.pt\/"],"url":"https:\/\/portaltela.pt\/por\/367410592786\/"}]}},"_links":{"self":[{"href":"https:\/\/portaltela.pt\/api\/wp\/v2\/posts\/408336","targetHints":{"allow":["GET"]}}],"collection":[{"href":"https:\/\/portaltela.pt\/api\/wp\/v2\/posts"}],"about":[{"href":"https:\/\/portaltela.pt\/api\/wp\/v2\/types\/post"}],"author":[{"embeddable":true,"href":"https:\/\/portaltela.pt\/api\/wp\/v2\/users\/2"}],"replies":[{"embeddable":true,"href":"https:\/\/portaltela.pt\/api\/wp\/v2\/comments?post=408336"}],"version-history":[{"count":0,"href":"https:\/\/portaltela.pt\/api\/wp\/v2\/posts\/408336\/revisions"}],"wp:featuredmedia":[{"embeddable":true,"href":"https:\/\/portaltela.pt\/api\/wp\/v2\/media\/408338"}],"wp:attachment":[{"href":"https:\/\/portaltela.pt\/api\/wp\/v2\/media?parent=408336"}],"wp:term":[{"taxonomy":"category","embeddable":true,"href":"https:\/\/portaltela.pt\/api\/wp\/v2\/categories?post=408336"},{"taxonomy":"post_tag","embeddable":true,"href":"https:\/\/portaltela.pt\/api\/wp\/v2\/tags?post=408336"}],"curies":[{"name":"wp","href":"https:\/\/api.w.org\/{rel}","templated":true}]}}