{"id":408288,"date":"2026-03-12T22:30:00","date_gmt":"2026-03-13T01:30:00","guid":{"rendered":"https:\/\/portaltela.pt\/noticias\/2026\/03\/12\/mourinho-fora-do-banco-nos-dois-proximos-jogos-do-benfica\/"},"modified":"2026-03-12T22:30:00","modified_gmt":"2026-03-13T01:30:00","slug":"mourinho-fora-do-banco-nos-dois-proximos-jogos-do-benfica","status":"publish","type":"post","link":"https:\/\/portaltela.pt\/desporto\/futebol\/2026\/03\/12\/mourinho-fora-do-banco-nos-dois-proximos-jogos-do-benfica\/","title":{"rendered":"Mourinho fora do banco nos dois pr\u00f3ximos jogos do Benfica"},"content":{"rendered":"<p>Jos\u00e9 Mourinho ficar\u00e1 afastado do banco de suplentes nos pr\u00f3ximos dois jogos do Benfica. O castigo inclui um jogo de suspens\u00e3o e 11 dias, com multa total de 5355 euros, aplicado pelo Conselho de Disciplina da FPF. O t\u00e9cnico n\u00e3o poder\u00e1 estar presente na desloca\u00e7\u00e3o a Arouca nem na rece\u00e7\u00e3o ao Vit\u00f3ria de Guimar\u00e3es.<\/p>\n<p>A puni\u00e7\u00e3o resulta da expuls\u00e3o no cl\u00e1ssico frente ao FC Porto (2-2) e dos incidentes registados nesse encontro. N\u00e3o pode cumprir os dois castigos de forma concomitante; o CD dever\u00e1 seguir a pr\u00e1tica comum, permitindo ao treinador escolher o que for mais conveniente.<\/p>\n<p>O Benfica dever\u00e1 cumprir o primeiro jogo de suspens\u00e3o diante do Arouca, come\u00e7ando a contar o castigo de 11 dias no domingo seguinte, 15 de mar\u00e7o. Assim, Mourinho falhar\u00e1 apenas a rece\u00e7\u00e3o ao V. Guimar\u00e3es, antes da paragem para as sele\u00e7\u00f5es.<\/p>\n<h3>Rea\u00e7\u00e3o do Benfica e Medidas<\/h3>\n<p>A institui\u00e7\u00e3o reagiu ao castigo, repudiando-o de forma categ\u00f3rica. O clube aponta que o castigo desvaloriza as provoca\u00e7\u00f5es e ignora as explica\u00e7\u00f5es dadas, mantendo a hip\u00f3tese de recorrer para o TAD com provid\u00eancia cautelar para a partida com o V. Guimar\u00e3es.<\/p>\n<p>O relat\u00f3rio do \u00e1rbitro descreve que Mourinho saiu da \u00e1rea t\u00e9cnica e dirigiu-se ao banco advers\u00e1rio, chutando uma bola em dire\u00e7\u00e3o \u00e0 bancada, provocando controv\u00e9rsia entre equipas t\u00e9cnicas e dirigentes presentes. O valor total das multas ascendia a 3825 euros para este epis\u00f3dio.<\/p>\n<h3>San\u00e7\u00f5es adicionais e Assessor<\/h3>\n<p>Gon\u00e7alo Guimar\u00e3es, assessor de imprensa do Benfica, tamb\u00e9m foi punido com 23 dias de suspens\u00e3o e 3825 euros de multa. O CD descreveu que Guimar\u00e3es provocou uma alterca\u00e7\u00e3o entre agentes desportivos, empurrou o delegado e proferiu insultos durante o incidente no cl\u00e1ssico.<\/p>\n","protected":false},"excerpt":{"rendered":"<ul>\n<li>Mou<\/li>\n<\/ul>\n<p>rinho foi castigado com um jogo de suspens\u00e3o e 11 dias de suspens\u00e3o, totalizando 5.355 euros em multas, pelos incidentes no cl\u00e1ssico com o FC Porto (2-2) e pela expuls\u00e3o.<\/p>\n<ul>\n<li>Vai falhar a desloca\u00e7\u00e3o a Arouca, este s\u00e1bado, e a rece\u00e7\u00e3o ao Vit\u00f3ria de Guimar\u00e3es, na pr\u00f3xima jornada; o Benfica dever\u00e1 cumprir o jogo de suspens\u00e3o frente ao Arouca, come\u00e7ando a contar no domingo seguinte, dia 15 de mar\u00e7o, ficando apenas fora da rece\u00e7\u00e3o aos vitorianos em 21 de mar\u00e7o.<\/li>\n<li>O relat\u00f3rio do \u00e1rbitro registra que Mourinho deixou deliberadamente a \u00e1rea t\u00e9cnica, correu para o banco advers\u00e1rio e chutou uma bola na dire\u00e7\u00e3o da bancada; a expuls\u00e3o acarreta 1 jogo de suspens\u00e3o e uma multa de 1.530 euros.<\/li>\n<li>O epis\u00f3dio com Lucho Gonz\u00e1lez valeu-lhe 11 dias de suspens\u00e3o e 3.825 euros de multa; o delegado descreveu provoca\u00e7\u00f5es de Mourinho com gestos e palavras que geraram uma alterca\u00e7\u00e3o entre diversos elementos.<\/li>\n<li>O Benfica anunciou que ir\u00e1 recorrer com provid\u00eancia cautelar para tentar manter Mourinho na rece\u00e7\u00e3o ao V. Guimar\u00e3es; o clube tamb\u00e9m destacou a participa\u00e7\u00e3o do assessor do clube, Gon\u00e7alo Guimar\u00e3es, que recebeu 23 dias de suspens\u00e3o e 3.825 euros de multa por envolvimento no incidente.<\/li>\n<\/ul>\n","protected":false},"author":2,"featured_media":408293,"comment_status":"closed","ping_status":"closed","sticky":false,"template":"","format":"standard","meta":{"footnotes":""},"categories":[21,24],"tags":[6920,1946,6613,152,2971,32],"class_list":["post-408288","post","type-post","status-publish","format-standard","has-post-thumbnail","hentry","category-desporto","category-futebol","tag-arbitros","tag-benfica","tag-comissao-de-disciplina","tag-desporto","tag-expulsoes","tag-futebol"],"yoast_head":"<!-- This site is optimized with the Yoast SEO plugin v27.2 - https:\/\/yoast.com\/product\/yoast-seo-wordpress\/ -->\n<title>Mourinho fora do banco nos dois pr\u00f3ximos jogos do Benfica - Portal Tela Portugal<\/title>\n<meta name=\"robots\" content=\"index, follow, max-snippet:-1, max-image-preview:large, max-video-preview:-1\" \/>\n<meta property=\"og:locale\" content=\"pt_PT\" \/>\n<meta property=\"og:type\" content=\"article\" \/>\n<meta property=\"og:title\" content=\"Mourinho fora do banco nos dois pr\u00f3ximos jogos do Benfica - Portal Tela Portugal\" \/>\n<meta property=\"og:description\" content=\"Mou rinho foi castigado com um jogo de suspens\u00e3o e 11 dias de suspens\u00e3o, totalizando 5.355 euros em multas, pelos incidentes no cl\u00e1ssico com o FC Porto (2-2) e pela expuls\u00e3o. Vai falhar a desloca\u00e7\u00e3o a Arouca, este s\u00e1bado, e a rece\u00e7\u00e3o ao Vit\u00f3ria de Guimar\u00e3es, na pr\u00f3xima jornada; o Benfica dever\u00e1 cumprir o jogo de suspens\u00e3o frente ao Arouca, come\u00e7ando a contar no domingo seguinte, dia 15 de mar\u00e7o, ficando apenas fora da rece\u00e7\u00e3o aos vitorianos em 21 de mar\u00e7o. O relat\u00f3rio do \u00e1rbitro registra que Mourinho deixou deliberadamente a \u00e1rea t\u00e9cnica, correu para o banco advers\u00e1rio e chutou uma bola na dire\u00e7\u00e3o da bancada; a expuls\u00e3o acarreta 1 jogo de suspens\u00e3o e uma multa de 1.530 euros. O epis\u00f3dio com Lucho Gonz\u00e1lez valeu-lhe 11 dias de suspens\u00e3o e 3.825 euros de multa; o delegado descreveu provoca\u00e7\u00f5es de Mourinho com gestos e palavras que geraram uma alterca\u00e7\u00e3o entre diversos elementos. O Benfica anunciou que ir\u00e1 recorrer com provid\u00eancia cautelar para tentar manter Mourinho na rece\u00e7\u00e3o ao V. Guimar\u00e3es; o clube tamb\u00e9m destacou a participa\u00e7\u00e3o do assessor do clube, Gon\u00e7alo Guimar\u00e3es, que recebeu 23 dias de suspens\u00e3o e 3.825 euros de multa por envolvimento no incidente.\" \/>\n<meta property=\"og:url\" content=\"https:\/\/portaltela.pt\/noticias\/2026\/03\/12\/mourinho-fora-do-banco-nos-dois-proximos-jogos-do-benfica\/\" \/>\n<meta property=\"og:site_name\" content=\"Portal Tela Portugal\" \/>\n<meta property=\"article:published_time\" content=\"2026-03-13T01:30:00+00:00\" \/>\n<meta name=\"author\" content=\"Telinha\" \/>\n<meta name=\"twitter:card\" content=\"summary_large_image\" \/>\n<meta name=\"twitter:label1\" content=\"Escrito por\" \/>\n\t<meta name=\"twitter:data1\" content=\"Telinha\" \/>\n\t<meta name=\"twitter:label2\" content=\"Tempo estimado de leitura\" \/>\n\t<meta name=\"twitter:data2\" content=\"2 minutos\" \/>\n<script type=\"application\/ld+json\" class=\"yoast-schema-graph\">{\"@context\":\"https:\/\/schema.org\",\"@graph\":[{\"@type\":\"Article\",\"@id\":\"https:\/\/portaltela.pt\/noticias\/2026\/03\/12\/mourinho-fora-do-banco-nos-dois-proximos-jogos-do-benfica\/#article\",\"isPartOf\":{\"@id\":\"https:\/\/portaltela.pt\/noticias\/2026\/03\/12\/mourinho-fora-do-banco-nos-dois-proximos-jogos-do-benfica\/\"},\"author\":{\"name\":\"Telinha\",\"@id\":\"https:\/\/portaltela.pt\/#\/schema\/person\/c4278d4a6028830caff9ee44b42d32ed\"},\"headline\":\"Mourinho fora do banco nos dois pr\u00f3ximos jogos do Benfica\",\"datePublished\":\"2026-03-13T01:30:00+00:00\",\"mainEntityOfPage\":{\"@id\":\"https:\/\/portaltela.pt\/noticias\/2026\/03\/12\/mourinho-fora-do-banco-nos-dois-proximos-jogos-do-benfica\/\"},\"wordCount\":318,\"image\":{\"@id\":\"https:\/\/portaltela.pt\/noticias\/2026\/03\/12\/mourinho-fora-do-banco-nos-dois-proximos-jogos-do-benfica\/#primaryimage\"},\"thumbnailUrl\":\"https:\/\/portaltela.pt\/s.01k8rhncp4jt1\/2026\/03\/img_1500x1000uu2026-02-14-16-23-17-2266874.jpg\",\"keywords\":[\"\u00e1rbitros\",\"Benfica\",\"Comiss\u00e3o de Disciplina\",\"desporto\",\"expuls\u00f5es\",\"futebol\"],\"articleSection\":[\"Desporto\",\"Futebol\"],\"inLanguage\":\"pt-PT\"},{\"@type\":\"WebPage\",\"@id\":\"https:\/\/portaltela.pt\/noticias\/2026\/03\/12\/mourinho-fora-do-banco-nos-dois-proximos-jogos-do-benfica\/\",\"url\":\"https:\/\/portaltela.pt\/noticias\/2026\/03\/12\/mourinho-fora-do-banco-nos-dois-proximos-jogos-do-benfica\/\",\"name\":\"Mourinho fora do banco nos dois pr\u00f3ximos jogos do Benfica - Portal Tela Portugal\",\"isPartOf\":{\"@id\":\"https:\/\/portaltela.pt\/#website\"},\"primaryImageOfPage\":{\"@id\":\"https:\/\/portaltela.pt\/noticias\/2026\/03\/12\/mourinho-fora-do-banco-nos-dois-proximos-jogos-do-benfica\/#primaryimage\"},\"image\":{\"@id\":\"https:\/\/portaltela.pt\/noticias\/2026\/03\/12\/mourinho-fora-do-banco-nos-dois-proximos-jogos-do-benfica\/#primaryimage\"},\"thumbnailUrl\":\"https:\/\/portaltela.pt\/s.01k8rhncp4jt1\/2026\/03\/img_1500x1000uu2026-02-14-16-23-17-2266874.jpg\",\"datePublished\":\"2026-03-13T01:30:00+00:00\",\"author\":{\"@id\":\"https:\/\/portaltela.pt\/#\/schema\/person\/c4278d4a6028830caff9ee44b42d32ed\"},\"breadcrumb\":{\"@id\":\"https:\/\/portaltela.pt\/noticias\/2026\/03\/12\/mourinho-fora-do-banco-nos-dois-proximos-jogos-do-benfica\/#breadcrumb\"},\"inLanguage\":\"pt-PT\",\"potentialAction\":[{\"@type\":\"ReadAction\",\"target\":[\"https:\/\/portaltela.pt\/noticias\/2026\/03\/12\/mourinho-fora-do-banco-nos-dois-proximos-jogos-do-benfica\/\"]}]},{\"@type\":\"ImageObject\",\"inLanguage\":\"pt-PT\",\"@id\":\"https:\/\/portaltela.pt\/noticias\/2026\/03\/12\/mourinho-fora-do-banco-nos-dois-proximos-jogos-do-benfica\/#primaryimage\",\"url\":\"https:\/\/portaltela.pt\/s.01k8rhncp4jt1\/2026\/03\/img_1500x1000uu2026-02-14-16-23-17-2266874.jpg\",\"contentUrl\":\"https:\/\/portaltela.pt\/s.01k8rhncp4jt1\/2026\/03\/img_1500x1000uu2026-02-14-16-23-17-2266874.jpg\",\"width\":1500,\"height\":1000,\"caption\":\"Jos\u00e9 Mourinho reage ap\u00f3s jogo com Santa Clara\"},{\"@type\":\"BreadcrumbList\",\"@id\":\"https:\/\/portaltela.pt\/noticias\/2026\/03\/12\/mourinho-fora-do-banco-nos-dois-proximos-jogos-do-benfica\/#breadcrumb\",\"itemListElement\":[{\"@type\":\"ListItem\",\"position\":1,\"name\":\"In\u00edcio\",\"item\":\"https:\/\/portaltela.pt\/\"},{\"@type\":\"ListItem\",\"position\":2,\"name\":\"Mourinho fora do banco nos dois pr\u00f3ximos jogos do Benfica\"}]},{\"@type\":\"WebSite\",\"@id\":\"https:\/\/portaltela.pt\/#website\",\"url\":\"https:\/\/portaltela.pt\/\",\"name\":\"Portal Tela Portugal\",\"description\":\"\",\"potentialAction\":[{\"@type\":\"SearchAction\",\"target\":{\"@type\":\"EntryPoint\",\"urlTemplate\":\"https:\/\/portaltela.pt\/?s={search_term_string}\"},\"query-input\":{\"@type\":\"PropertyValueSpecification\",\"valueRequired\":true,\"valueName\":\"search_term_string\"}}],\"inLanguage\":\"pt-PT\"},{\"@type\":\"Person\",\"@id\":\"https:\/\/portaltela.pt\/#\/schema\/person\/c4278d4a6028830caff9ee44b42d32ed\",\"name\":\"Telinha\",\"image\":{\"@type\":\"ImageObject\",\"inLanguage\":\"pt-PT\",\"@id\":\"https:\/\/portaltela.pt\/s.01k8rhncp4jt1\/2025\/11\/talking-bot-125x125.png\",\"url\":\"https:\/\/portaltela.pt\/s.01k8rhncp4jt1\/2025\/11\/talking-bot-125x125.png\",\"contentUrl\":\"https:\/\/portaltela.pt\/s.01k8rhncp4jt1\/2025\/11\/talking-bot-125x125.png\",\"caption\":\"Telinha\"},\"sameAs\":[\"https:\/\/portaltela.pt\/\"],\"url\":\"https:\/\/portaltela.pt\/por\/367410592786\/\"}]}<\/script>\n<!-- \/ Yoast SEO plugin. -->","yoast_head_json":{"title":"Mourinho fora do banco nos dois pr\u00f3ximos jogos do Benfica - Portal Tela Portugal","robots":{"index":"index","follow":"follow","max-snippet":"max-snippet:-1","max-image-preview":"max-image-preview:large","max-video-preview":"max-video-preview:-1"},"og_locale":"pt_PT","og_type":"article","og_title":"Mourinho fora do banco nos dois pr\u00f3ximos jogos do Benfica - Portal Tela Portugal","og_description":"Mou rinho foi castigado com um jogo de suspens\u00e3o e 11 dias de suspens\u00e3o, totalizando 5.355 euros em multas, pelos incidentes no cl\u00e1ssico com o FC Porto (2-2) e pela expuls\u00e3o. Vai falhar a desloca\u00e7\u00e3o a Arouca, este s\u00e1bado, e a rece\u00e7\u00e3o ao Vit\u00f3ria de Guimar\u00e3es, na pr\u00f3xima jornada; o Benfica dever\u00e1 cumprir o jogo de suspens\u00e3o frente ao Arouca, come\u00e7ando a contar no domingo seguinte, dia 15 de mar\u00e7o, ficando apenas fora da rece\u00e7\u00e3o aos vitorianos em 21 de mar\u00e7o. O relat\u00f3rio do \u00e1rbitro registra que Mourinho deixou deliberadamente a \u00e1rea t\u00e9cnica, correu para o banco advers\u00e1rio e chutou uma bola na dire\u00e7\u00e3o da bancada; a expuls\u00e3o acarreta 1 jogo de suspens\u00e3o e uma multa de 1.530 euros. O epis\u00f3dio com Lucho Gonz\u00e1lez valeu-lhe 11 dias de suspens\u00e3o e 3.825 euros de multa; o delegado descreveu provoca\u00e7\u00f5es de Mourinho com gestos e palavras que geraram uma alterca\u00e7\u00e3o entre diversos elementos. O Benfica anunciou que ir\u00e1 recorrer com provid\u00eancia cautelar para tentar manter Mourinho na rece\u00e7\u00e3o ao V. Guimar\u00e3es; o clube tamb\u00e9m destacou a participa\u00e7\u00e3o do assessor do clube, Gon\u00e7alo Guimar\u00e3es, que recebeu 23 dias de suspens\u00e3o e 3.825 euros de multa por envolvimento no incidente.","og_url":"https:\/\/portaltela.pt\/noticias\/2026\/03\/12\/mourinho-fora-do-banco-nos-dois-proximos-jogos-do-benfica\/","og_site_name":"Portal Tela Portugal","article_published_time":"2026-03-13T01:30:00+00:00","author":"Telinha","twitter_card":"summary_large_image","twitter_misc":{"Escrito por":"Telinha","Tempo estimado de leitura":"2 minutos"},"schema":{"@context":"https:\/\/schema.org","@graph":[{"@type":"Article","@id":"https:\/\/portaltela.pt\/noticias\/2026\/03\/12\/mourinho-fora-do-banco-nos-dois-proximos-jogos-do-benfica\/#article","isPartOf":{"@id":"https:\/\/portaltela.pt\/noticias\/2026\/03\/12\/mourinho-fora-do-banco-nos-dois-proximos-jogos-do-benfica\/"},"author":{"name":"Telinha","@id":"https:\/\/portaltela.pt\/#\/schema\/person\/c4278d4a6028830caff9ee44b42d32ed"},"headline":"Mourinho fora do banco nos dois pr\u00f3ximos jogos do Benfica","datePublished":"2026-03-13T01:30:00+00:00","mainEntityOfPage":{"@id":"https:\/\/portaltela.pt\/noticias\/2026\/03\/12\/mourinho-fora-do-banco-nos-dois-proximos-jogos-do-benfica\/"},"wordCount":318,"image":{"@id":"https:\/\/portaltela.pt\/noticias\/2026\/03\/12\/mourinho-fora-do-banco-nos-dois-proximos-jogos-do-benfica\/#primaryimage"},"thumbnailUrl":"https:\/\/portaltela.pt\/s.01k8rhncp4jt1\/2026\/03\/img_1500x1000uu2026-02-14-16-23-17-2266874.jpg","keywords":["\u00e1rbitros","Benfica","Comiss\u00e3o de Disciplina","desporto","expuls\u00f5es","futebol"],"articleSection":["Desporto","Futebol"],"inLanguage":"pt-PT"},{"@type":"WebPage","@id":"https:\/\/portaltela.pt\/noticias\/2026\/03\/12\/mourinho-fora-do-banco-nos-dois-proximos-jogos-do-benfica\/","url":"https:\/\/portaltela.pt\/noticias\/2026\/03\/12\/mourinho-fora-do-banco-nos-dois-proximos-jogos-do-benfica\/","name":"Mourinho fora do banco nos dois pr\u00f3ximos jogos do Benfica - Portal Tela Portugal","isPartOf":{"@id":"https:\/\/portaltela.pt\/#website"},"primaryImageOfPage":{"@id":"https:\/\/portaltela.pt\/noticias\/2026\/03\/12\/mourinho-fora-do-banco-nos-dois-proximos-jogos-do-benfica\/#primaryimage"},"image":{"@id":"https:\/\/portaltela.pt\/noticias\/2026\/03\/12\/mourinho-fora-do-banco-nos-dois-proximos-jogos-do-benfica\/#primaryimage"},"thumbnailUrl":"https:\/\/portaltela.pt\/s.01k8rhncp4jt1\/2026\/03\/img_1500x1000uu2026-02-14-16-23-17-2266874.jpg","datePublished":"2026-03-13T01:30:00+00:00","author":{"@id":"https:\/\/portaltela.pt\/#\/schema\/person\/c4278d4a6028830caff9ee44b42d32ed"},"breadcrumb":{"@id":"https:\/\/portaltela.pt\/noticias\/2026\/03\/12\/mourinho-fora-do-banco-nos-dois-proximos-jogos-do-benfica\/#breadcrumb"},"inLanguage":"pt-PT","potentialAction":[{"@type":"ReadAction","target":["https:\/\/portaltela.pt\/noticias\/2026\/03\/12\/mourinho-fora-do-banco-nos-dois-proximos-jogos-do-benfica\/"]}]},{"@type":"ImageObject","inLanguage":"pt-PT","@id":"https:\/\/portaltela.pt\/noticias\/2026\/03\/12\/mourinho-fora-do-banco-nos-dois-proximos-jogos-do-benfica\/#primaryimage","url":"https:\/\/portaltela.pt\/s.01k8rhncp4jt1\/2026\/03\/img_1500x1000uu2026-02-14-16-23-17-2266874.jpg","contentUrl":"https:\/\/portaltela.pt\/s.01k8rhncp4jt1\/2026\/03\/img_1500x1000uu2026-02-14-16-23-17-2266874.jpg","width":1500,"height":1000,"caption":"Jos\u00e9 Mourinho reage ap\u00f3s jogo com Santa Clara"},{"@type":"BreadcrumbList","@id":"https:\/\/portaltela.pt\/noticias\/2026\/03\/12\/mourinho-fora-do-banco-nos-dois-proximos-jogos-do-benfica\/#breadcrumb","itemListElement":[{"@type":"ListItem","position":1,"name":"In\u00edcio","item":"https:\/\/portaltela.pt\/"},{"@type":"ListItem","position":2,"name":"Mourinho fora do banco nos dois pr\u00f3ximos jogos do Benfica"}]},{"@type":"WebSite","@id":"https:\/\/portaltela.pt\/#website","url":"https:\/\/portaltela.pt\/","name":"Portal Tela Portugal","description":"","potentialAction":[{"@type":"SearchAction","target":{"@type":"EntryPoint","urlTemplate":"https:\/\/portaltela.pt\/?s={search_term_string}"},"query-input":{"@type":"PropertyValueSpecification","valueRequired":true,"valueName":"search_term_string"}}],"inLanguage":"pt-PT"},{"@type":"Person","@id":"https:\/\/portaltela.pt\/#\/schema\/person\/c4278d4a6028830caff9ee44b42d32ed","name":"Telinha","image":{"@type":"ImageObject","inLanguage":"pt-PT","@id":"https:\/\/portaltela.pt\/s.01k8rhncp4jt1\/2025\/11\/talking-bot-125x125.png","url":"https:\/\/portaltela.pt\/s.01k8rhncp4jt1\/2025\/11\/talking-bot-125x125.png","contentUrl":"https:\/\/portaltela.pt\/s.01k8rhncp4jt1\/2025\/11\/talking-bot-125x125.png","caption":"Telinha"},"sameAs":["https:\/\/portaltela.pt\/"],"url":"https:\/\/portaltela.pt\/por\/367410592786\/"}]}},"_links":{"self":[{"href":"https:\/\/portaltela.pt\/api\/wp\/v2\/posts\/408288","targetHints":{"allow":["GET"]}}],"collection":[{"href":"https:\/\/portaltela.pt\/api\/wp\/v2\/posts"}],"about":[{"href":"https:\/\/portaltela.pt\/api\/wp\/v2\/types\/post"}],"author":[{"embeddable":true,"href":"https:\/\/portaltela.pt\/api\/wp\/v2\/users\/2"}],"replies":[{"embeddable":true,"href":"https:\/\/portaltela.pt\/api\/wp\/v2\/comments?post=408288"}],"version-history":[{"count":0,"href":"https:\/\/portaltela.pt\/api\/wp\/v2\/posts\/408288\/revisions"}],"wp:featuredmedia":[{"embeddable":true,"href":"https:\/\/portaltela.pt\/api\/wp\/v2\/media\/408293"}],"wp:attachment":[{"href":"https:\/\/portaltela.pt\/api\/wp\/v2\/media?parent=408288"}],"wp:term":[{"taxonomy":"category","embeddable":true,"href":"https:\/\/portaltela.pt\/api\/wp\/v2\/categories?post=408288"},{"taxonomy":"post_tag","embeddable":true,"href":"https:\/\/portaltela.pt\/api\/wp\/v2\/tags?post=408288"}],"curies":[{"name":"wp","href":"https:\/\/api.w.org\/{rel}","templated":true}]}}