{"id":408273,"date":"2026-03-12T22:30:00","date_gmt":"2026-03-13T01:30:00","guid":{"rendered":"https:\/\/portaltela.pt\/noticias\/2026\/03\/12\/maria-joao-bastos-vila-mais-odiada-da-ficcao-nacional\/"},"modified":"2026-03-12T22:30:00","modified_gmt":"2026-03-13T01:30:00","slug":"maria-joao-bastos-vila-mais-odiada-da-ficcao-nacional","status":"publish","type":"post","link":"https:\/\/portaltela.pt\/noticias\/2026\/03\/12\/maria-joao-bastos-vila-mais-odiada-da-ficcao-nacional\/","title":{"rendered":"Maria Jo\u00e3o Bastos: vil\u00e3 mais odiada da fic\u00e7\u00e3o nacional"},"content":{"rendered":"<p>Maria Jo\u00e3o Bastos vai interpretar Marta, a vil\u00e3 da nova novela da SIC, um remake de P\u00e1ginas da Vida. A produ\u00e7\u00e3o, ainda sem data de estreia, aposta numa vilania marcante para o enredo. O papel \u00e9 apresentado como desafiador, mas recompensador para a atriz.<\/p>\n<p>Com 50 anos, Bastos assume uma personagem complexa e influente na narrativa. A atriz n\u00e3o teme a rea\u00e7\u00e3o do p\u00fablico nem insultos no eixo p\u00fablico, como j\u00e1 aconteceu com colegas noutros mercados.<\/p>\n<p>A obra \u00e9 produzida pela SIC e reinterpreta a hist\u00f3ria original de P\u00e1ginas da Vida. A escolha de Bastos para o papel central refor\u00e7a o tom dram\u00e1tico da nova vers\u00e3o, esperada para os pr\u00f3ximos meses.<\/p>\n<h3>Sobre o papel de Marta<\/h3>\n<ul>\n<li>Marta \u00e9 apresentada como figura central na trama, com turning points que moldam a rela\u00e7\u00e3o entre os protagonistas.<\/li>\n<li>A nova vers\u00e3o mant\u00e9m a ess\u00eancia da hist\u00f3ria enquanto incorpora elementos atuais para o p\u00fablico.<\/li>\n<\/ul>\n","protected":false},"excerpt":{"rendered":"<ul>\n<li>Maria Jo\u00e3o Bastos, 50 anos, interpreta a vil\u00e3 Marta na nova novela da SIC, remake de P\u00e1ginas da Vida.<\/li>\n<li>A personagem \u00e9 descrita como \u201co diabo em figura de gente\u201d ao longo da trama.<\/li>\n<li>A atriz afirma que vestir o papel de vil\u00e3 \u00e9 desafiante, mas traz reconhecimento.<\/li>\n<li>N\u00e3o teme a rea\u00e7\u00e3o do p\u00fablico nem insultos na rua, situa\u00e7\u00e3o que j\u00e1 ocorreu a colegas noutros locais.<\/li>\n<li>O papel tem gerado muitos elogios \u00e0 performance da atriz.<\/li>\n<\/ul>\n","protected":false},"author":2,"featured_media":408283,"comment_status":"closed","ping_status":"closed","sticky":false,"template":"","format":"standard","meta":{"footnotes":""},"categories":[12,1],"tags":[1975,145,3797,131,40,5962],"class_list":["post-408273","post","type-post","status-publish","format-standard","has-post-thumbnail","hentry","category-entretenimento","category-noticias","tag-arte-teatro-concertos","tag-cultura","tag-ficcao","tag-novelas","tag-pessoas","tag-vida-publica"],"yoast_head":"<!-- This site is optimized with the Yoast SEO plugin v27.2 - https:\/\/yoast.com\/product\/yoast-seo-wordpress\/ -->\n<title>Maria Jo\u00e3o Bastos: vil\u00e3 mais odiada da fic\u00e7\u00e3o nacional - Portal Tela Portugal<\/title>\n<meta name=\"robots\" content=\"index, follow, max-snippet:-1, max-image-preview:large, max-video-preview:-1\" \/>\n<meta property=\"og:locale\" content=\"pt_PT\" \/>\n<meta property=\"og:type\" content=\"article\" \/>\n<meta property=\"og:title\" content=\"Maria Jo\u00e3o Bastos: vil\u00e3 mais odiada da fic\u00e7\u00e3o nacional - Portal Tela Portugal\" \/>\n<meta property=\"og:description\" content=\"Maria Jo\u00e3o Bastos, 50 anos, interpreta a vil\u00e3 Marta na nova novela da SIC, remake de P\u00e1ginas da Vida. A personagem \u00e9 descrita como \u201co diabo em figura de gente\u201d ao longo da trama. A atriz afirma que vestir o papel de vil\u00e3 \u00e9 desafiante, mas traz reconhecimento. N\u00e3o teme a rea\u00e7\u00e3o do p\u00fablico nem insultos na rua, situa\u00e7\u00e3o que j\u00e1 ocorreu a colegas noutros locais. O papel tem gerado muitos elogios \u00e0 performance da atriz.\" \/>\n<meta property=\"og:url\" content=\"https:\/\/portaltela.pt\/noticias\/2026\/03\/12\/maria-joao-bastos-vila-mais-odiada-da-ficcao-nacional\/\" \/>\n<meta property=\"og:site_name\" content=\"Portal Tela Portugal\" \/>\n<meta property=\"article:published_time\" content=\"2026-03-13T01:30:00+00:00\" \/>\n<meta name=\"author\" content=\"Telinha\" \/>\n<meta name=\"twitter:card\" content=\"summary_large_image\" \/>\n<meta name=\"twitter:label1\" content=\"Escrito por\" \/>\n\t<meta name=\"twitter:data1\" content=\"Telinha\" \/>\n\t<meta name=\"twitter:label2\" content=\"Tempo estimado de leitura\" \/>\n\t<meta name=\"twitter:data2\" content=\"1 minuto\" \/>\n<script type=\"application\/ld+json\" class=\"yoast-schema-graph\">{\"@context\":\"https:\/\/schema.org\",\"@graph\":[{\"@type\":\"Article\",\"@id\":\"https:\/\/portaltela.pt\/noticias\/2026\/03\/12\/maria-joao-bastos-vila-mais-odiada-da-ficcao-nacional\/#article\",\"isPartOf\":{\"@id\":\"https:\/\/portaltela.pt\/noticias\/2026\/03\/12\/maria-joao-bastos-vila-mais-odiada-da-ficcao-nacional\/\"},\"author\":{\"name\":\"Telinha\",\"@id\":\"https:\/\/portaltela.pt\/#\/schema\/person\/c4278d4a6028830caff9ee44b42d32ed\"},\"headline\":\"Maria Jo\u00e3o Bastos: vil\u00e3 mais odiada da fic\u00e7\u00e3o nacional\",\"datePublished\":\"2026-03-13T01:30:00+00:00\",\"mainEntityOfPage\":{\"@id\":\"https:\/\/portaltela.pt\/noticias\/2026\/03\/12\/maria-joao-bastos-vila-mais-odiada-da-ficcao-nacional\/\"},\"wordCount\":175,\"image\":{\"@id\":\"https:\/\/portaltela.pt\/noticias\/2026\/03\/12\/maria-joao-bastos-vila-mais-odiada-da-ficcao-nacional\/#primaryimage\"},\"thumbnailUrl\":\"https:\/\/portaltela.pt\/s.01k8rhncp4jt1\/2026\/03\/img_1280x721uu2026-03-09-11-49-59-2271275-im-639089381521573002.jpg\",\"keywords\":[\"arte\/teatro\/concertos\",\"cultura\",\"fic\u00e7\u00e3o\",\"novelas\",\"pessoas\",\"vida p\u00fablica\"],\"articleSection\":[\"Entretenimento\",\"Not\u00edcias\"],\"inLanguage\":\"pt-PT\"},{\"@type\":\"WebPage\",\"@id\":\"https:\/\/portaltela.pt\/noticias\/2026\/03\/12\/maria-joao-bastos-vila-mais-odiada-da-ficcao-nacional\/\",\"url\":\"https:\/\/portaltela.pt\/noticias\/2026\/03\/12\/maria-joao-bastos-vila-mais-odiada-da-ficcao-nacional\/\",\"name\":\"Maria Jo\u00e3o Bastos: vil\u00e3 mais odiada da fic\u00e7\u00e3o nacional - Portal Tela Portugal\",\"isPartOf\":{\"@id\":\"https:\/\/portaltela.pt\/#website\"},\"primaryImageOfPage\":{\"@id\":\"https:\/\/portaltela.pt\/noticias\/2026\/03\/12\/maria-joao-bastos-vila-mais-odiada-da-ficcao-nacional\/#primaryimage\"},\"image\":{\"@id\":\"https:\/\/portaltela.pt\/noticias\/2026\/03\/12\/maria-joao-bastos-vila-mais-odiada-da-ficcao-nacional\/#primaryimage\"},\"thumbnailUrl\":\"https:\/\/portaltela.pt\/s.01k8rhncp4jt1\/2026\/03\/img_1280x721uu2026-03-09-11-49-59-2271275-im-639089381521573002.jpg\",\"datePublished\":\"2026-03-13T01:30:00+00:00\",\"author\":{\"@id\":\"https:\/\/portaltela.pt\/#\/schema\/person\/c4278d4a6028830caff9ee44b42d32ed\"},\"breadcrumb\":{\"@id\":\"https:\/\/portaltela.pt\/noticias\/2026\/03\/12\/maria-joao-bastos-vila-mais-odiada-da-ficcao-nacional\/#breadcrumb\"},\"inLanguage\":\"pt-PT\",\"potentialAction\":[{\"@type\":\"ReadAction\",\"target\":[\"https:\/\/portaltela.pt\/noticias\/2026\/03\/12\/maria-joao-bastos-vila-mais-odiada-da-ficcao-nacional\/\"]}]},{\"@type\":\"ImageObject\",\"inLanguage\":\"pt-PT\",\"@id\":\"https:\/\/portaltela.pt\/noticias\/2026\/03\/12\/maria-joao-bastos-vila-mais-odiada-da-ficcao-nacional\/#primaryimage\",\"url\":\"https:\/\/portaltela.pt\/s.01k8rhncp4jt1\/2026\/03\/img_1280x721uu2026-03-09-11-49-59-2271275-im-639089381521573002.jpg\",\"contentUrl\":\"https:\/\/portaltela.pt\/s.01k8rhncp4jt1\/2026\/03\/img_1280x721uu2026-03-09-11-49-59-2271275-im-639089381521573002.jpg\",\"width\":1280,\"height\":721,\"caption\":\"Maria Jo\u00e3o Bastos interpreta 'Marta' na nova novela da SIC, um papel desafiante\"},{\"@type\":\"BreadcrumbList\",\"@id\":\"https:\/\/portaltela.pt\/noticias\/2026\/03\/12\/maria-joao-bastos-vila-mais-odiada-da-ficcao-nacional\/#breadcrumb\",\"itemListElement\":[{\"@type\":\"ListItem\",\"position\":1,\"name\":\"In\u00edcio\",\"item\":\"https:\/\/portaltela.pt\/\"},{\"@type\":\"ListItem\",\"position\":2,\"name\":\"Maria Jo\u00e3o Bastos: vil\u00e3 mais odiada da fic\u00e7\u00e3o nacional\"}]},{\"@type\":\"WebSite\",\"@id\":\"https:\/\/portaltela.pt\/#website\",\"url\":\"https:\/\/portaltela.pt\/\",\"name\":\"Portal Tela Portugal\",\"description\":\"\",\"potentialAction\":[{\"@type\":\"SearchAction\",\"target\":{\"@type\":\"EntryPoint\",\"urlTemplate\":\"https:\/\/portaltela.pt\/?s={search_term_string}\"},\"query-input\":{\"@type\":\"PropertyValueSpecification\",\"valueRequired\":true,\"valueName\":\"search_term_string\"}}],\"inLanguage\":\"pt-PT\"},{\"@type\":\"Person\",\"@id\":\"https:\/\/portaltela.pt\/#\/schema\/person\/c4278d4a6028830caff9ee44b42d32ed\",\"name\":\"Telinha\",\"image\":{\"@type\":\"ImageObject\",\"inLanguage\":\"pt-PT\",\"@id\":\"https:\/\/portaltela.pt\/s.01k8rhncp4jt1\/2025\/11\/talking-bot-125x125.png\",\"url\":\"https:\/\/portaltela.pt\/s.01k8rhncp4jt1\/2025\/11\/talking-bot-125x125.png\",\"contentUrl\":\"https:\/\/portaltela.pt\/s.01k8rhncp4jt1\/2025\/11\/talking-bot-125x125.png\",\"caption\":\"Telinha\"},\"sameAs\":[\"https:\/\/portaltela.pt\/\"],\"url\":\"https:\/\/portaltela.pt\/por\/367410592786\/\"}]}<\/script>\n<!-- \/ Yoast SEO plugin. -->","yoast_head_json":{"title":"Maria Jo\u00e3o Bastos: vil\u00e3 mais odiada da fic\u00e7\u00e3o nacional - Portal Tela Portugal","robots":{"index":"index","follow":"follow","max-snippet":"max-snippet:-1","max-image-preview":"max-image-preview:large","max-video-preview":"max-video-preview:-1"},"og_locale":"pt_PT","og_type":"article","og_title":"Maria Jo\u00e3o Bastos: vil\u00e3 mais odiada da fic\u00e7\u00e3o nacional - Portal Tela Portugal","og_description":"Maria Jo\u00e3o Bastos, 50 anos, interpreta a vil\u00e3 Marta na nova novela da SIC, remake de P\u00e1ginas da Vida. A personagem \u00e9 descrita como \u201co diabo em figura de gente\u201d ao longo da trama. A atriz afirma que vestir o papel de vil\u00e3 \u00e9 desafiante, mas traz reconhecimento. N\u00e3o teme a rea\u00e7\u00e3o do p\u00fablico nem insultos na rua, situa\u00e7\u00e3o que j\u00e1 ocorreu a colegas noutros locais. O papel tem gerado muitos elogios \u00e0 performance da atriz.","og_url":"https:\/\/portaltela.pt\/noticias\/2026\/03\/12\/maria-joao-bastos-vila-mais-odiada-da-ficcao-nacional\/","og_site_name":"Portal Tela Portugal","article_published_time":"2026-03-13T01:30:00+00:00","author":"Telinha","twitter_card":"summary_large_image","twitter_misc":{"Escrito por":"Telinha","Tempo estimado de leitura":"1 minuto"},"schema":{"@context":"https:\/\/schema.org","@graph":[{"@type":"Article","@id":"https:\/\/portaltela.pt\/noticias\/2026\/03\/12\/maria-joao-bastos-vila-mais-odiada-da-ficcao-nacional\/#article","isPartOf":{"@id":"https:\/\/portaltela.pt\/noticias\/2026\/03\/12\/maria-joao-bastos-vila-mais-odiada-da-ficcao-nacional\/"},"author":{"name":"Telinha","@id":"https:\/\/portaltela.pt\/#\/schema\/person\/c4278d4a6028830caff9ee44b42d32ed"},"headline":"Maria Jo\u00e3o Bastos: vil\u00e3 mais odiada da fic\u00e7\u00e3o nacional","datePublished":"2026-03-13T01:30:00+00:00","mainEntityOfPage":{"@id":"https:\/\/portaltela.pt\/noticias\/2026\/03\/12\/maria-joao-bastos-vila-mais-odiada-da-ficcao-nacional\/"},"wordCount":175,"image":{"@id":"https:\/\/portaltela.pt\/noticias\/2026\/03\/12\/maria-joao-bastos-vila-mais-odiada-da-ficcao-nacional\/#primaryimage"},"thumbnailUrl":"https:\/\/portaltela.pt\/s.01k8rhncp4jt1\/2026\/03\/img_1280x721uu2026-03-09-11-49-59-2271275-im-639089381521573002.jpg","keywords":["arte\/teatro\/concertos","cultura","fic\u00e7\u00e3o","novelas","pessoas","vida p\u00fablica"],"articleSection":["Entretenimento","Not\u00edcias"],"inLanguage":"pt-PT"},{"@type":"WebPage","@id":"https:\/\/portaltela.pt\/noticias\/2026\/03\/12\/maria-joao-bastos-vila-mais-odiada-da-ficcao-nacional\/","url":"https:\/\/portaltela.pt\/noticias\/2026\/03\/12\/maria-joao-bastos-vila-mais-odiada-da-ficcao-nacional\/","name":"Maria Jo\u00e3o Bastos: vil\u00e3 mais odiada da fic\u00e7\u00e3o nacional - Portal Tela Portugal","isPartOf":{"@id":"https:\/\/portaltela.pt\/#website"},"primaryImageOfPage":{"@id":"https:\/\/portaltela.pt\/noticias\/2026\/03\/12\/maria-joao-bastos-vila-mais-odiada-da-ficcao-nacional\/#primaryimage"},"image":{"@id":"https:\/\/portaltela.pt\/noticias\/2026\/03\/12\/maria-joao-bastos-vila-mais-odiada-da-ficcao-nacional\/#primaryimage"},"thumbnailUrl":"https:\/\/portaltela.pt\/s.01k8rhncp4jt1\/2026\/03\/img_1280x721uu2026-03-09-11-49-59-2271275-im-639089381521573002.jpg","datePublished":"2026-03-13T01:30:00+00:00","author":{"@id":"https:\/\/portaltela.pt\/#\/schema\/person\/c4278d4a6028830caff9ee44b42d32ed"},"breadcrumb":{"@id":"https:\/\/portaltela.pt\/noticias\/2026\/03\/12\/maria-joao-bastos-vila-mais-odiada-da-ficcao-nacional\/#breadcrumb"},"inLanguage":"pt-PT","potentialAction":[{"@type":"ReadAction","target":["https:\/\/portaltela.pt\/noticias\/2026\/03\/12\/maria-joao-bastos-vila-mais-odiada-da-ficcao-nacional\/"]}]},{"@type":"ImageObject","inLanguage":"pt-PT","@id":"https:\/\/portaltela.pt\/noticias\/2026\/03\/12\/maria-joao-bastos-vila-mais-odiada-da-ficcao-nacional\/#primaryimage","url":"https:\/\/portaltela.pt\/s.01k8rhncp4jt1\/2026\/03\/img_1280x721uu2026-03-09-11-49-59-2271275-im-639089381521573002.jpg","contentUrl":"https:\/\/portaltela.pt\/s.01k8rhncp4jt1\/2026\/03\/img_1280x721uu2026-03-09-11-49-59-2271275-im-639089381521573002.jpg","width":1280,"height":721,"caption":"Maria Jo\u00e3o Bastos interpreta 'Marta' na nova novela da SIC, um papel desafiante"},{"@type":"BreadcrumbList","@id":"https:\/\/portaltela.pt\/noticias\/2026\/03\/12\/maria-joao-bastos-vila-mais-odiada-da-ficcao-nacional\/#breadcrumb","itemListElement":[{"@type":"ListItem","position":1,"name":"In\u00edcio","item":"https:\/\/portaltela.pt\/"},{"@type":"ListItem","position":2,"name":"Maria Jo\u00e3o Bastos: vil\u00e3 mais odiada da fic\u00e7\u00e3o nacional"}]},{"@type":"WebSite","@id":"https:\/\/portaltela.pt\/#website","url":"https:\/\/portaltela.pt\/","name":"Portal Tela Portugal","description":"","potentialAction":[{"@type":"SearchAction","target":{"@type":"EntryPoint","urlTemplate":"https:\/\/portaltela.pt\/?s={search_term_string}"},"query-input":{"@type":"PropertyValueSpecification","valueRequired":true,"valueName":"search_term_string"}}],"inLanguage":"pt-PT"},{"@type":"Person","@id":"https:\/\/portaltela.pt\/#\/schema\/person\/c4278d4a6028830caff9ee44b42d32ed","name":"Telinha","image":{"@type":"ImageObject","inLanguage":"pt-PT","@id":"https:\/\/portaltela.pt\/s.01k8rhncp4jt1\/2025\/11\/talking-bot-125x125.png","url":"https:\/\/portaltela.pt\/s.01k8rhncp4jt1\/2025\/11\/talking-bot-125x125.png","contentUrl":"https:\/\/portaltela.pt\/s.01k8rhncp4jt1\/2025\/11\/talking-bot-125x125.png","caption":"Telinha"},"sameAs":["https:\/\/portaltela.pt\/"],"url":"https:\/\/portaltela.pt\/por\/367410592786\/"}]}},"_links":{"self":[{"href":"https:\/\/portaltela.pt\/api\/wp\/v2\/posts\/408273","targetHints":{"allow":["GET"]}}],"collection":[{"href":"https:\/\/portaltela.pt\/api\/wp\/v2\/posts"}],"about":[{"href":"https:\/\/portaltela.pt\/api\/wp\/v2\/types\/post"}],"author":[{"embeddable":true,"href":"https:\/\/portaltela.pt\/api\/wp\/v2\/users\/2"}],"replies":[{"embeddable":true,"href":"https:\/\/portaltela.pt\/api\/wp\/v2\/comments?post=408273"}],"version-history":[{"count":0,"href":"https:\/\/portaltela.pt\/api\/wp\/v2\/posts\/408273\/revisions"}],"wp:featuredmedia":[{"embeddable":true,"href":"https:\/\/portaltela.pt\/api\/wp\/v2\/media\/408283"}],"wp:attachment":[{"href":"https:\/\/portaltela.pt\/api\/wp\/v2\/media?parent=408273"}],"wp:term":[{"taxonomy":"category","embeddable":true,"href":"https:\/\/portaltela.pt\/api\/wp\/v2\/categories?post=408273"},{"taxonomy":"post_tag","embeddable":true,"href":"https:\/\/portaltela.pt\/api\/wp\/v2\/tags?post=408273"}],"curies":[{"name":"wp","href":"https:\/\/api.w.org\/{rel}","templated":true}]}}