{"id":408270,"date":"2026-03-12T22:30:00","date_gmt":"2026-03-13T01:30:00","guid":{"rendered":"https:\/\/portaltela.pt\/noticias\/2026\/03\/12\/gestor-do-patrimonio-de-epstein-revela-acordo-com-vitima-que-acusou-trump\/"},"modified":"2026-03-12T22:30:00","modified_gmt":"2026-03-13T01:30:00","slug":"gestor-do-patrimonio-de-epstein-revela-acordo-com-vitima-que-acusou-trump","status":"publish","type":"post","link":"https:\/\/portaltela.pt\/noticias\/2026\/03\/12\/gestor-do-patrimonio-de-epstein-revela-acordo-com-vitima-que-acusou-trump\/","title":{"rendered":"Gestor do patrim\u00f3nio de Epstein revela acordo com v\u00edtima que acusou Trump"},"content":{"rendered":"<p>Richard Kahn, contabilista de Jeffrey Epstein desde 2005, afirmou perante o Comit\u00e9 de Supervis\u00e3o da C\u00e2mara dos EUA que os executores do patrim\u00f3nio chegaram a um acordo com uma mulher que tamb\u00e9m o tinha acusado de crimes contra menores. A audi\u00eancia, de cerca de sete horas, decorreu em Washington D.C. e contou com a presen\u00e7a do advogado Darren Indyke, coadministrador do patrim\u00f3nio.<\/p>\n<p>Kahn, que tamb\u00e9m \u00e9 coadministrador do esp\u00f3lio juntamente com Indyke, disse n\u00e3o ter visto transa\u00e7\u00f5es que indicassem atividade ilegal nem ter conhecimento de \u201ccoisas terr\u00edveis\u201d associadas a Epstein. Nesta sess\u00e3o, o contabilista negou ter verificado opera\u00e7\u00f5es financeiras com liga\u00e7\u00e3o a Trump ou \u00e0 sua fam\u00edlia.<\/p>\n<p>O patrim\u00f3nio de Epstein foi constitu\u00eddo por uma fortuna estimada em cerca de 550 milh\u00f5es de euros. Epstein nomeou Kahn e Indyke como executores testament\u00e1rios em agosto de 2019, dois dias antes de morrer \u00e0 espera de julgamento por tr\u00e1fico sexual de menores. O esp\u00f3lio j\u00e1 pagou aproximadamente 90 milh\u00f5es de euros \u00e0s v\u00edtimas.<\/p>\n<h3>Contexto da investiga\u00e7\u00e3o e do cofre<\/h3>\n<p>Durante a opera\u00e7\u00e3o policial \u00e0 mans\u00e3o de Epstein em Nova Iorque, em julho de 2019, o FBI localizou um cofre com diamantes, dinheiro, passaportes, CDs e discos r\u00edgidos, mas n\u00e3o foi poss\u00edvel confiscar tudo por irregularidades no mandado. Mais tarde, um novo mandado permitiu a recupera\u00e7\u00e3o, mas o cofre j\u00e1 estava vazio.<\/p>\n<p>Documentos do FBI indicam que Kahn ordenou que o conte\u00fado do cofre fosse colocado em duas malas e entregue na sua resid\u00eancia. Posteriormente, o contabilista concordou entregar as malas, sem revelar quem deu a ordem para retirar os objetos. Uma das v\u00edtimas afirmou \u00e0 BBC que Indyke e Kahn sabem mais do que dizem.<\/p>\n","protected":false},"excerpt":{"rendered":"<ul>\n<li>O contabilista de Jeffrey Epstein, Richard Kahn, revelou ao Comit\u00e9 de Supervis\u00e3o da C\u00e2mara dos EUA que os executores do patrim\u00f3nio chegaram a acordo com uma mulher que tamb\u00e9m tinha feito acusa\u00e7\u00f5es contra Donald Trump.<\/li>\n<li>Kahn, que \u00e9 coadministrador do patrim\u00f3nio juntamente com o advogado Darren Indyke, disse que o acordo foi feito numa audi\u00eancia de cerca de sete horas, em Washington D.C.<\/li>\n<li>Os depoimentos contrastam com as afirma\u00e7\u00f5es de James Comer de que n\u00e3o houve qualquer transa\u00e7\u00e3o envolvendo Trump; este afirmou que Kahn nunca viu esse tipo de transa\u00e7\u00e3o.<\/li>\n<li>Epstein nomeou Kahn e Indyke como executores testament\u00e1rios em agosto de 2019, transferindo uma fortuna estimada em 550 milh\u00f5es de euros para um fundo fiduci\u00e1rio; o esp\u00f3lio j\u00e1 pagou cerca de 90 milh\u00f5es de euros \u00e0s v\u00edtimas.<\/li>\n<li>Durante a opera\u00e7\u00e3o do FBI na mans\u00e3o de Epstein, o cofre foi arrombado; conte\u00fado foi colocado em duas malas a mando de Kahn e entregue na sua casa, com ele a n\u00e3o indicar quem deu a ordem para retirar os itens.<\/li>\n<\/ul>\n","protected":false},"author":2,"featured_media":408276,"comment_status":"closed","ping_status":"closed","sticky":false,"template":"","format":"standard","meta":{"footnotes":""},"categories":[6815,1],"tags":[6210,653,5212,217,5632,1705],"class_list":["post-408270","post","type-post","status-publish","format-standard","has-post-thumbnail","hentry","category-justica","category-noticias","tag-crimes-contra-menores","tag-dinheiro","tag-fbi","tag-investigacao-criminal","tag-nova-iorque","tag-trafico-de-menores"],"yoast_head":"<!-- This site is optimized with the Yoast SEO plugin v27.2 - https:\/\/yoast.com\/product\/yoast-seo-wordpress\/ -->\n<title>Gestor do patrim\u00f3nio de Epstein revela acordo com v\u00edtima que acusou Trump - Portal Tela Portugal<\/title>\n<meta name=\"robots\" content=\"index, follow, max-snippet:-1, max-image-preview:large, max-video-preview:-1\" \/>\n<meta property=\"og:locale\" content=\"pt_PT\" \/>\n<meta property=\"og:type\" content=\"article\" \/>\n<meta property=\"og:title\" content=\"Gestor do patrim\u00f3nio de Epstein revela acordo com v\u00edtima que acusou Trump - Portal Tela Portugal\" \/>\n<meta property=\"og:description\" content=\"O contabilista de Jeffrey Epstein, Richard Kahn, revelou ao Comit\u00e9 de Supervis\u00e3o da C\u00e2mara dos EUA que os executores do patrim\u00f3nio chegaram a acordo com uma mulher que tamb\u00e9m tinha feito acusa\u00e7\u00f5es contra Donald Trump. Kahn, que \u00e9 coadministrador do patrim\u00f3nio juntamente com o advogado Darren Indyke, disse que o acordo foi feito numa audi\u00eancia de cerca de sete horas, em Washington D.C. Os depoimentos contrastam com as afirma\u00e7\u00f5es de James Comer de que n\u00e3o houve qualquer transa\u00e7\u00e3o envolvendo Trump; este afirmou que Kahn nunca viu esse tipo de transa\u00e7\u00e3o. Epstein nomeou Kahn e Indyke como executores testament\u00e1rios em agosto de 2019, transferindo uma fortuna estimada em 550 milh\u00f5es de euros para um fundo fiduci\u00e1rio; o esp\u00f3lio j\u00e1 pagou cerca de 90 milh\u00f5es de euros \u00e0s v\u00edtimas. Durante a opera\u00e7\u00e3o do FBI na mans\u00e3o de Epstein, o cofre foi arrombado; conte\u00fado foi colocado em duas malas a mando de Kahn e entregue na sua casa, com ele a n\u00e3o indicar quem deu a ordem para retirar os itens.\" \/>\n<meta property=\"og:url\" content=\"https:\/\/portaltela.pt\/noticias\/2026\/03\/12\/gestor-do-patrimonio-de-epstein-revela-acordo-com-vitima-que-acusou-trump\/\" \/>\n<meta property=\"og:site_name\" content=\"Portal Tela Portugal\" \/>\n<meta property=\"article:published_time\" content=\"2026-03-13T01:30:00+00:00\" \/>\n<meta name=\"author\" content=\"Telinha\" \/>\n<meta name=\"twitter:card\" content=\"summary_large_image\" \/>\n<meta name=\"twitter:label1\" content=\"Escrito por\" \/>\n\t<meta name=\"twitter:data1\" content=\"Telinha\" \/>\n\t<meta name=\"twitter:label2\" content=\"Tempo estimado de leitura\" \/>\n\t<meta name=\"twitter:data2\" content=\"1 minuto\" \/>\n<script type=\"application\/ld+json\" class=\"yoast-schema-graph\">{\"@context\":\"https:\/\/schema.org\",\"@graph\":[{\"@type\":\"Article\",\"@id\":\"https:\/\/portaltela.pt\/noticias\/2026\/03\/12\/gestor-do-patrimonio-de-epstein-revela-acordo-com-vitima-que-acusou-trump\/#article\",\"isPartOf\":{\"@id\":\"https:\/\/portaltela.pt\/noticias\/2026\/03\/12\/gestor-do-patrimonio-de-epstein-revela-acordo-com-vitima-que-acusou-trump\/\"},\"author\":{\"name\":\"Telinha\",\"@id\":\"https:\/\/portaltela.pt\/#\/schema\/person\/c4278d4a6028830caff9ee44b42d32ed\"},\"headline\":\"Gestor do patrim\u00f3nio de Epstein revela acordo com v\u00edtima que acusou Trump\",\"datePublished\":\"2026-03-13T01:30:00+00:00\",\"mainEntityOfPage\":{\"@id\":\"https:\/\/portaltela.pt\/noticias\/2026\/03\/12\/gestor-do-patrimonio-de-epstein-revela-acordo-com-vitima-que-acusou-trump\/\"},\"wordCount\":312,\"image\":{\"@id\":\"https:\/\/portaltela.pt\/noticias\/2026\/03\/12\/gestor-do-patrimonio-de-epstein-revela-acordo-com-vitima-que-acusou-trump\/#primaryimage\"},\"thumbnailUrl\":\"https:\/\/portaltela.pt\/s.01k8rhncp4jt1\/2026\/03\/img_1280x721uu2026-03-13-01-39-50-2271987.jpg\",\"keywords\":[\"crimes contra menores\",\"dinheiro\",\"FBI\",\"investiga\u00e7\u00e3o criminal\",\"Nova Iorque\",\"tr\u00e1fico de menores\"],\"articleSection\":[\"Justi\u00e7a\",\"Not\u00edcias\"],\"inLanguage\":\"pt-PT\"},{\"@type\":\"WebPage\",\"@id\":\"https:\/\/portaltela.pt\/noticias\/2026\/03\/12\/gestor-do-patrimonio-de-epstein-revela-acordo-com-vitima-que-acusou-trump\/\",\"url\":\"https:\/\/portaltela.pt\/noticias\/2026\/03\/12\/gestor-do-patrimonio-de-epstein-revela-acordo-com-vitima-que-acusou-trump\/\",\"name\":\"Gestor do patrim\u00f3nio de Epstein revela acordo com v\u00edtima que acusou Trump - Portal Tela Portugal\",\"isPartOf\":{\"@id\":\"https:\/\/portaltela.pt\/#website\"},\"primaryImageOfPage\":{\"@id\":\"https:\/\/portaltela.pt\/noticias\/2026\/03\/12\/gestor-do-patrimonio-de-epstein-revela-acordo-com-vitima-que-acusou-trump\/#primaryimage\"},\"image\":{\"@id\":\"https:\/\/portaltela.pt\/noticias\/2026\/03\/12\/gestor-do-patrimonio-de-epstein-revela-acordo-com-vitima-que-acusou-trump\/#primaryimage\"},\"thumbnailUrl\":\"https:\/\/portaltela.pt\/s.01k8rhncp4jt1\/2026\/03\/img_1280x721uu2026-03-13-01-39-50-2271987.jpg\",\"datePublished\":\"2026-03-13T01:30:00+00:00\",\"author\":{\"@id\":\"https:\/\/portaltela.pt\/#\/schema\/person\/c4278d4a6028830caff9ee44b42d32ed\"},\"breadcrumb\":{\"@id\":\"https:\/\/portaltela.pt\/noticias\/2026\/03\/12\/gestor-do-patrimonio-de-epstein-revela-acordo-com-vitima-que-acusou-trump\/#breadcrumb\"},\"inLanguage\":\"pt-PT\",\"potentialAction\":[{\"@type\":\"ReadAction\",\"target\":[\"https:\/\/portaltela.pt\/noticias\/2026\/03\/12\/gestor-do-patrimonio-de-epstein-revela-acordo-com-vitima-que-acusou-trump\/\"]}]},{\"@type\":\"ImageObject\",\"inLanguage\":\"pt-PT\",\"@id\":\"https:\/\/portaltela.pt\/noticias\/2026\/03\/12\/gestor-do-patrimonio-de-epstein-revela-acordo-com-vitima-que-acusou-trump\/#primaryimage\",\"url\":\"https:\/\/portaltela.pt\/s.01k8rhncp4jt1\/2026\/03\/img_1280x721uu2026-03-13-01-39-50-2271987.jpg\",\"contentUrl\":\"https:\/\/portaltela.pt\/s.01k8rhncp4jt1\/2026\/03\/img_1280x721uu2026-03-13-01-39-50-2271987.jpg\",\"width\":796,\"height\":448,\"caption\":\"Photo\"},{\"@type\":\"BreadcrumbList\",\"@id\":\"https:\/\/portaltela.pt\/noticias\/2026\/03\/12\/gestor-do-patrimonio-de-epstein-revela-acordo-com-vitima-que-acusou-trump\/#breadcrumb\",\"itemListElement\":[{\"@type\":\"ListItem\",\"position\":1,\"name\":\"In\u00edcio\",\"item\":\"https:\/\/portaltela.pt\/\"},{\"@type\":\"ListItem\",\"position\":2,\"name\":\"Gestor do patrim\u00f3nio de Epstein revela acordo com v\u00edtima que acusou Trump\"}]},{\"@type\":\"WebSite\",\"@id\":\"https:\/\/portaltela.pt\/#website\",\"url\":\"https:\/\/portaltela.pt\/\",\"name\":\"Portal Tela Portugal\",\"description\":\"\",\"potentialAction\":[{\"@type\":\"SearchAction\",\"target\":{\"@type\":\"EntryPoint\",\"urlTemplate\":\"https:\/\/portaltela.pt\/?s={search_term_string}\"},\"query-input\":{\"@type\":\"PropertyValueSpecification\",\"valueRequired\":true,\"valueName\":\"search_term_string\"}}],\"inLanguage\":\"pt-PT\"},{\"@type\":\"Person\",\"@id\":\"https:\/\/portaltela.pt\/#\/schema\/person\/c4278d4a6028830caff9ee44b42d32ed\",\"name\":\"Telinha\",\"image\":{\"@type\":\"ImageObject\",\"inLanguage\":\"pt-PT\",\"@id\":\"https:\/\/portaltela.pt\/s.01k8rhncp4jt1\/2025\/11\/talking-bot-125x125.png\",\"url\":\"https:\/\/portaltela.pt\/s.01k8rhncp4jt1\/2025\/11\/talking-bot-125x125.png\",\"contentUrl\":\"https:\/\/portaltela.pt\/s.01k8rhncp4jt1\/2025\/11\/talking-bot-125x125.png\",\"caption\":\"Telinha\"},\"sameAs\":[\"https:\/\/portaltela.pt\/\"],\"url\":\"https:\/\/portaltela.pt\/por\/367410592786\/\"}]}<\/script>\n<!-- \/ Yoast SEO plugin. -->","yoast_head_json":{"title":"Gestor do patrim\u00f3nio de Epstein revela acordo com v\u00edtima que acusou Trump - Portal Tela Portugal","robots":{"index":"index","follow":"follow","max-snippet":"max-snippet:-1","max-image-preview":"max-image-preview:large","max-video-preview":"max-video-preview:-1"},"og_locale":"pt_PT","og_type":"article","og_title":"Gestor do patrim\u00f3nio de Epstein revela acordo com v\u00edtima que acusou Trump - Portal Tela Portugal","og_description":"O contabilista de Jeffrey Epstein, Richard Kahn, revelou ao Comit\u00e9 de Supervis\u00e3o da C\u00e2mara dos EUA que os executores do patrim\u00f3nio chegaram a acordo com uma mulher que tamb\u00e9m tinha feito acusa\u00e7\u00f5es contra Donald Trump. Kahn, que \u00e9 coadministrador do patrim\u00f3nio juntamente com o advogado Darren Indyke, disse que o acordo foi feito numa audi\u00eancia de cerca de sete horas, em Washington D.C. Os depoimentos contrastam com as afirma\u00e7\u00f5es de James Comer de que n\u00e3o houve qualquer transa\u00e7\u00e3o envolvendo Trump; este afirmou que Kahn nunca viu esse tipo de transa\u00e7\u00e3o. Epstein nomeou Kahn e Indyke como executores testament\u00e1rios em agosto de 2019, transferindo uma fortuna estimada em 550 milh\u00f5es de euros para um fundo fiduci\u00e1rio; o esp\u00f3lio j\u00e1 pagou cerca de 90 milh\u00f5es de euros \u00e0s v\u00edtimas. Durante a opera\u00e7\u00e3o do FBI na mans\u00e3o de Epstein, o cofre foi arrombado; conte\u00fado foi colocado em duas malas a mando de Kahn e entregue na sua casa, com ele a n\u00e3o indicar quem deu a ordem para retirar os itens.","og_url":"https:\/\/portaltela.pt\/noticias\/2026\/03\/12\/gestor-do-patrimonio-de-epstein-revela-acordo-com-vitima-que-acusou-trump\/","og_site_name":"Portal Tela Portugal","article_published_time":"2026-03-13T01:30:00+00:00","author":"Telinha","twitter_card":"summary_large_image","twitter_misc":{"Escrito por":"Telinha","Tempo estimado de leitura":"1 minuto"},"schema":{"@context":"https:\/\/schema.org","@graph":[{"@type":"Article","@id":"https:\/\/portaltela.pt\/noticias\/2026\/03\/12\/gestor-do-patrimonio-de-epstein-revela-acordo-com-vitima-que-acusou-trump\/#article","isPartOf":{"@id":"https:\/\/portaltela.pt\/noticias\/2026\/03\/12\/gestor-do-patrimonio-de-epstein-revela-acordo-com-vitima-que-acusou-trump\/"},"author":{"name":"Telinha","@id":"https:\/\/portaltela.pt\/#\/schema\/person\/c4278d4a6028830caff9ee44b42d32ed"},"headline":"Gestor do patrim\u00f3nio de Epstein revela acordo com v\u00edtima que acusou Trump","datePublished":"2026-03-13T01:30:00+00:00","mainEntityOfPage":{"@id":"https:\/\/portaltela.pt\/noticias\/2026\/03\/12\/gestor-do-patrimonio-de-epstein-revela-acordo-com-vitima-que-acusou-trump\/"},"wordCount":312,"image":{"@id":"https:\/\/portaltela.pt\/noticias\/2026\/03\/12\/gestor-do-patrimonio-de-epstein-revela-acordo-com-vitima-que-acusou-trump\/#primaryimage"},"thumbnailUrl":"https:\/\/portaltela.pt\/s.01k8rhncp4jt1\/2026\/03\/img_1280x721uu2026-03-13-01-39-50-2271987.jpg","keywords":["crimes contra menores","dinheiro","FBI","investiga\u00e7\u00e3o criminal","Nova Iorque","tr\u00e1fico de menores"],"articleSection":["Justi\u00e7a","Not\u00edcias"],"inLanguage":"pt-PT"},{"@type":"WebPage","@id":"https:\/\/portaltela.pt\/noticias\/2026\/03\/12\/gestor-do-patrimonio-de-epstein-revela-acordo-com-vitima-que-acusou-trump\/","url":"https:\/\/portaltela.pt\/noticias\/2026\/03\/12\/gestor-do-patrimonio-de-epstein-revela-acordo-com-vitima-que-acusou-trump\/","name":"Gestor do patrim\u00f3nio de Epstein revela acordo com v\u00edtima que acusou Trump - Portal Tela Portugal","isPartOf":{"@id":"https:\/\/portaltela.pt\/#website"},"primaryImageOfPage":{"@id":"https:\/\/portaltela.pt\/noticias\/2026\/03\/12\/gestor-do-patrimonio-de-epstein-revela-acordo-com-vitima-que-acusou-trump\/#primaryimage"},"image":{"@id":"https:\/\/portaltela.pt\/noticias\/2026\/03\/12\/gestor-do-patrimonio-de-epstein-revela-acordo-com-vitima-que-acusou-trump\/#primaryimage"},"thumbnailUrl":"https:\/\/portaltela.pt\/s.01k8rhncp4jt1\/2026\/03\/img_1280x721uu2026-03-13-01-39-50-2271987.jpg","datePublished":"2026-03-13T01:30:00+00:00","author":{"@id":"https:\/\/portaltela.pt\/#\/schema\/person\/c4278d4a6028830caff9ee44b42d32ed"},"breadcrumb":{"@id":"https:\/\/portaltela.pt\/noticias\/2026\/03\/12\/gestor-do-patrimonio-de-epstein-revela-acordo-com-vitima-que-acusou-trump\/#breadcrumb"},"inLanguage":"pt-PT","potentialAction":[{"@type":"ReadAction","target":["https:\/\/portaltela.pt\/noticias\/2026\/03\/12\/gestor-do-patrimonio-de-epstein-revela-acordo-com-vitima-que-acusou-trump\/"]}]},{"@type":"ImageObject","inLanguage":"pt-PT","@id":"https:\/\/portaltela.pt\/noticias\/2026\/03\/12\/gestor-do-patrimonio-de-epstein-revela-acordo-com-vitima-que-acusou-trump\/#primaryimage","url":"https:\/\/portaltela.pt\/s.01k8rhncp4jt1\/2026\/03\/img_1280x721uu2026-03-13-01-39-50-2271987.jpg","contentUrl":"https:\/\/portaltela.pt\/s.01k8rhncp4jt1\/2026\/03\/img_1280x721uu2026-03-13-01-39-50-2271987.jpg","width":796,"height":448,"caption":"Photo"},{"@type":"BreadcrumbList","@id":"https:\/\/portaltela.pt\/noticias\/2026\/03\/12\/gestor-do-patrimonio-de-epstein-revela-acordo-com-vitima-que-acusou-trump\/#breadcrumb","itemListElement":[{"@type":"ListItem","position":1,"name":"In\u00edcio","item":"https:\/\/portaltela.pt\/"},{"@type":"ListItem","position":2,"name":"Gestor do patrim\u00f3nio de Epstein revela acordo com v\u00edtima que acusou Trump"}]},{"@type":"WebSite","@id":"https:\/\/portaltela.pt\/#website","url":"https:\/\/portaltela.pt\/","name":"Portal Tela Portugal","description":"","potentialAction":[{"@type":"SearchAction","target":{"@type":"EntryPoint","urlTemplate":"https:\/\/portaltela.pt\/?s={search_term_string}"},"query-input":{"@type":"PropertyValueSpecification","valueRequired":true,"valueName":"search_term_string"}}],"inLanguage":"pt-PT"},{"@type":"Person","@id":"https:\/\/portaltela.pt\/#\/schema\/person\/c4278d4a6028830caff9ee44b42d32ed","name":"Telinha","image":{"@type":"ImageObject","inLanguage":"pt-PT","@id":"https:\/\/portaltela.pt\/s.01k8rhncp4jt1\/2025\/11\/talking-bot-125x125.png","url":"https:\/\/portaltela.pt\/s.01k8rhncp4jt1\/2025\/11\/talking-bot-125x125.png","contentUrl":"https:\/\/portaltela.pt\/s.01k8rhncp4jt1\/2025\/11\/talking-bot-125x125.png","caption":"Telinha"},"sameAs":["https:\/\/portaltela.pt\/"],"url":"https:\/\/portaltela.pt\/por\/367410592786\/"}]}},"_links":{"self":[{"href":"https:\/\/portaltela.pt\/api\/wp\/v2\/posts\/408270","targetHints":{"allow":["GET"]}}],"collection":[{"href":"https:\/\/portaltela.pt\/api\/wp\/v2\/posts"}],"about":[{"href":"https:\/\/portaltela.pt\/api\/wp\/v2\/types\/post"}],"author":[{"embeddable":true,"href":"https:\/\/portaltela.pt\/api\/wp\/v2\/users\/2"}],"replies":[{"embeddable":true,"href":"https:\/\/portaltela.pt\/api\/wp\/v2\/comments?post=408270"}],"version-history":[{"count":0,"href":"https:\/\/portaltela.pt\/api\/wp\/v2\/posts\/408270\/revisions"}],"wp:featuredmedia":[{"embeddable":true,"href":"https:\/\/portaltela.pt\/api\/wp\/v2\/media\/408276"}],"wp:attachment":[{"href":"https:\/\/portaltela.pt\/api\/wp\/v2\/media?parent=408270"}],"wp:term":[{"taxonomy":"category","embeddable":true,"href":"https:\/\/portaltela.pt\/api\/wp\/v2\/categories?post=408270"},{"taxonomy":"post_tag","embeddable":true,"href":"https:\/\/portaltela.pt\/api\/wp\/v2\/tags?post=408270"}],"curies":[{"name":"wp","href":"https:\/\/api.w.org\/{rel}","templated":true}]}}