{"id":408258,"date":"2026-03-12T22:30:00","date_gmt":"2026-03-13T01:30:00","guid":{"rendered":"https:\/\/portaltela.pt\/noticias\/2026\/03\/12\/tribunal-revoga-decisao-e-absolve-tania-laranjo\/"},"modified":"2026-03-12T22:30:00","modified_gmt":"2026-03-13T01:30:00","slug":"tribunal-revoga-decisao-e-absolve-tania-laranjo","status":"publish","type":"post","link":"https:\/\/portaltela.pt\/noticias\/2026\/03\/12\/tribunal-revoga-decisao-e-absolve-tania-laranjo\/","title":{"rendered":"Tribunal revoga decis\u00e3o e absolve T\u00e2nia Laranjo"},"content":{"rendered":"<p>O Tribunal da Rela\u00e7\u00e3o de Lisboa absolveu a jornalista da CMTV T\u00e2nia Laranjo do crime de desobedi\u00eancia, revogando a condena\u00e7\u00e3o associada \u00e0 divulga\u00e7\u00e3o do interrogat\u00f3rio do antigo ministro da Administra\u00e7\u00e3o Interna Miguel Macedo. A decis\u00e3o ocorreu no \u00e2mbito de um recurso extraordin\u00e1rio de revis\u00e3o apresentado pela defesa, ap\u00f3s o parecer do Tribunal Europeu dos Direitos do Homem (TEDH).<\/p>\n<p>A revis\u00e3o baseou\u2011se no facto de o TEDH ter considerado inadequadas as raz\u00f5es apresentadas pelos tribunais portugueses para justificar o impacto da transmiss\u00e3o do interrogat\u00f3rio na CMTV no processo dos Vistos Gold. O tribunal entendeu que a decis\u00e3o inicial n\u00e3o demonstrou de forma suficiente como a divulga\u00e7\u00e3o prejudicou os direitos de Macedo e a integridade do processo, que j\u00e1 tinha ampla cobertura medi\u00e1tica.<\/p>\n<p>A queixa original incluiu processos crime e c\u00edvel, com a divulga\u00e7\u00e3o de excertos do interrogat\u00f3rio n\u00e3o judicial do arguido no programa Especial Vistos Gold, exibido pela CMTV em 2015, sem consentimento. A defesa argumentou que a reportagem visava o interesse p\u00fablico e a liberdade de express\u00e3o, pontos que o TEDH acabou por valorizar no seu parecer.<\/p>\n<h3>Aboli\u00e7\u00e3o da condena\u00e7\u00e3o e fundamentos<\/h3>\n<p>A defesa celebrou a decis\u00e3o como um reconhecimento de que o interesse p\u00fablico e a informa\u00e7\u00e3o verificada pesam mais do que a san\u00e7\u00e3o anteriormente aplicada. A advogada de defesa, In\u00eas de Oliveira e Silva, afirmou que a decis\u00e3o refor\u00e7a a liberdade de express\u00e3o num quadro de informa\u00e7\u00e3o jornal\u00edstica.<\/p>\n<h3>Contexto jur\u00eddico e pr\u00f3ximos passos<\/h3>\n<p>Este caso envolve ainda uma a\u00e7\u00e3o c\u00edvel relacionada com os mesmos acontecimentos. O TEDH tinha conclu\u00eddo que houve uma inger\u00eancia desproporcionada na liberdade de express\u00e3o, o que levou \u00e0 revis\u00e3o da decis\u00e3o na Rela\u00e7\u00e3o de Lisboa. A decis\u00e3o atual encerra, para j\u00e1, o acompanhamento direto desta pe\u00e7a processual no que diz respeito \u00e0 acusa\u00e7\u00e3o de desobedi\u00eancia.<\/p>\n","protected":false},"excerpt":{"rendered":"<ul>\n<li>O Tribunal da Rela\u00e7\u00e3o de Lisboa absolveu a jornalista T\u00e2nia Laranjo, da CMTV, do crime de desobedi\u00eancia, revogando a condena\u00e7\u00e3o pela divulga\u00e7\u00e3o do interrogat\u00f3rio de Miguel Macedo no caso dos Vistos Gold.<\/li>\n<li>A decis\u00e3o de revis\u00e3o do processo criminal resulta de um recurso extraordin\u00e1rio de revis\u00e3o apresentado pela defesa, depois do ac\u00f3rd\u00e3o do Tribunal Europeu dos Direitos do Homem.<\/li>\n<li>O TEDH tinha considerado que as decis\u00f5es portuguesas violaram o direito \u00e0 liberdade de express\u00e3o ao n\u00e3o justificar devidamente a rela\u00e7\u00e3o entre a transmiss\u00e3o e a integridade do processo.<\/li>\n<li>A defesa afirma tratar-se de uma vit\u00f3ria da liberdade de express\u00e3o e do direito de informa\u00e7\u00e3o, destacando o interesse p\u00fablico.<\/li>\n<li>A queixa originou processos criminal e c\u00edvel, decorrentes da divulga\u00e7\u00e3o, em 2015, no programa Especial Vistos Gold da CMTV, de excertos do interrogat\u00f3rio do arguido Miguel Macedo sem autoriza\u00e7\u00e3o.<\/li>\n<\/ul>\n","protected":false},"author":2,"featured_media":408260,"comment_status":"closed","ping_status":"closed","sticky":false,"template":"","format":"standard","meta":{"footnotes":""},"categories":[6815,1],"tags":[2778,6453,506,5707,2920,6208],"class_list":["post-408258","post","type-post","status-publish","format-standard","has-post-thumbnail","hentry","category-justica","category-noticias","tag-cmtv","tag-desobedicao","tag-imprensa","tag-jornalistas","tag-liberdade-de-expressao","tag-tribunais"],"yoast_head":"<!-- This site is optimized with the Yoast SEO plugin v27.2 - https:\/\/yoast.com\/product\/yoast-seo-wordpress\/ -->\n<title>Tribunal revoga decis\u00e3o e absolve T\u00e2nia Laranjo - Portal Tela Portugal<\/title>\n<meta name=\"robots\" content=\"index, follow, max-snippet:-1, max-image-preview:large, max-video-preview:-1\" \/>\n<meta property=\"og:locale\" content=\"pt_PT\" \/>\n<meta property=\"og:type\" content=\"article\" \/>\n<meta property=\"og:title\" content=\"Tribunal revoga decis\u00e3o e absolve T\u00e2nia Laranjo - Portal Tela Portugal\" \/>\n<meta property=\"og:description\" content=\"O Tribunal da Rela\u00e7\u00e3o de Lisboa absolveu a jornalista T\u00e2nia Laranjo, da CMTV, do crime de desobedi\u00eancia, revogando a condena\u00e7\u00e3o pela divulga\u00e7\u00e3o do interrogat\u00f3rio de Miguel Macedo no caso dos Vistos Gold. A decis\u00e3o de revis\u00e3o do processo criminal resulta de um recurso extraordin\u00e1rio de revis\u00e3o apresentado pela defesa, depois do ac\u00f3rd\u00e3o do Tribunal Europeu dos Direitos do Homem. O TEDH tinha considerado que as decis\u00f5es portuguesas violaram o direito \u00e0 liberdade de express\u00e3o ao n\u00e3o justificar devidamente a rela\u00e7\u00e3o entre a transmiss\u00e3o e a integridade do processo. A defesa afirma tratar-se de uma vit\u00f3ria da liberdade de express\u00e3o e do direito de informa\u00e7\u00e3o, destacando o interesse p\u00fablico. A queixa originou processos criminal e c\u00edvel, decorrentes da divulga\u00e7\u00e3o, em 2015, no programa Especial Vistos Gold da CMTV, de excertos do interrogat\u00f3rio do arguido Miguel Macedo sem autoriza\u00e7\u00e3o.\" \/>\n<meta property=\"og:url\" content=\"https:\/\/portaltela.pt\/noticias\/2026\/03\/12\/tribunal-revoga-decisao-e-absolve-tania-laranjo\/\" \/>\n<meta property=\"og:site_name\" content=\"Portal Tela Portugal\" \/>\n<meta property=\"article:published_time\" content=\"2026-03-13T01:30:00+00:00\" \/>\n<meta name=\"author\" content=\"Telinha\" \/>\n<meta name=\"twitter:card\" content=\"summary_large_image\" \/>\n<meta name=\"twitter:label1\" content=\"Escrito por\" \/>\n\t<meta name=\"twitter:data1\" content=\"Telinha\" \/>\n\t<meta name=\"twitter:label2\" content=\"Tempo estimado de leitura\" \/>\n\t<meta name=\"twitter:data2\" content=\"2 minutos\" \/>\n<script type=\"application\/ld+json\" class=\"yoast-schema-graph\">{\"@context\":\"https:\/\/schema.org\",\"@graph\":[{\"@type\":\"Article\",\"@id\":\"https:\/\/portaltela.pt\/noticias\/2026\/03\/12\/tribunal-revoga-decisao-e-absolve-tania-laranjo\/#article\",\"isPartOf\":{\"@id\":\"https:\/\/portaltela.pt\/noticias\/2026\/03\/12\/tribunal-revoga-decisao-e-absolve-tania-laranjo\/\"},\"author\":{\"name\":\"Telinha\",\"@id\":\"https:\/\/portaltela.pt\/#\/schema\/person\/c4278d4a6028830caff9ee44b42d32ed\"},\"headline\":\"Tribunal revoga decis\u00e3o e absolve T\u00e2nia Laranjo\",\"datePublished\":\"2026-03-13T01:30:00+00:00\",\"mainEntityOfPage\":{\"@id\":\"https:\/\/portaltela.pt\/noticias\/2026\/03\/12\/tribunal-revoga-decisao-e-absolve-tania-laranjo\/\"},\"wordCount\":348,\"image\":{\"@id\":\"https:\/\/portaltela.pt\/noticias\/2026\/03\/12\/tribunal-revoga-decisao-e-absolve-tania-laranjo\/#primaryimage\"},\"thumbnailUrl\":\"https:\/\/portaltela.pt\/s.01k8rhncp4jt1\/2026\/03\/img_1500x1000uu2026-03-08-10-40-22-2271048.jpg\",\"keywords\":[\"CMTV\",\"desobedi\u00e7\u00e3o\",\"imprensa\",\"jornalistas\",\"liberdade de express\u00e3o\",\"Tribunais\"],\"articleSection\":[\"Justi\u00e7a\",\"Not\u00edcias\"],\"inLanguage\":\"pt-PT\"},{\"@type\":\"WebPage\",\"@id\":\"https:\/\/portaltela.pt\/noticias\/2026\/03\/12\/tribunal-revoga-decisao-e-absolve-tania-laranjo\/\",\"url\":\"https:\/\/portaltela.pt\/noticias\/2026\/03\/12\/tribunal-revoga-decisao-e-absolve-tania-laranjo\/\",\"name\":\"Tribunal revoga decis\u00e3o e absolve T\u00e2nia Laranjo - Portal Tela Portugal\",\"isPartOf\":{\"@id\":\"https:\/\/portaltela.pt\/#website\"},\"primaryImageOfPage\":{\"@id\":\"https:\/\/portaltela.pt\/noticias\/2026\/03\/12\/tribunal-revoga-decisao-e-absolve-tania-laranjo\/#primaryimage\"},\"image\":{\"@id\":\"https:\/\/portaltela.pt\/noticias\/2026\/03\/12\/tribunal-revoga-decisao-e-absolve-tania-laranjo\/#primaryimage\"},\"thumbnailUrl\":\"https:\/\/portaltela.pt\/s.01k8rhncp4jt1\/2026\/03\/img_1500x1000uu2026-03-08-10-40-22-2271048.jpg\",\"datePublished\":\"2026-03-13T01:30:00+00:00\",\"author\":{\"@id\":\"https:\/\/portaltela.pt\/#\/schema\/person\/c4278d4a6028830caff9ee44b42d32ed\"},\"breadcrumb\":{\"@id\":\"https:\/\/portaltela.pt\/noticias\/2026\/03\/12\/tribunal-revoga-decisao-e-absolve-tania-laranjo\/#breadcrumb\"},\"inLanguage\":\"pt-PT\",\"potentialAction\":[{\"@type\":\"ReadAction\",\"target\":[\"https:\/\/portaltela.pt\/noticias\/2026\/03\/12\/tribunal-revoga-decisao-e-absolve-tania-laranjo\/\"]}]},{\"@type\":\"ImageObject\",\"inLanguage\":\"pt-PT\",\"@id\":\"https:\/\/portaltela.pt\/noticias\/2026\/03\/12\/tribunal-revoga-decisao-e-absolve-tania-laranjo\/#primaryimage\",\"url\":\"https:\/\/portaltela.pt\/s.01k8rhncp4jt1\/2026\/03\/img_1500x1000uu2026-03-08-10-40-22-2271048.jpg\",\"contentUrl\":\"https:\/\/portaltela.pt\/s.01k8rhncp4jt1\/2026\/03\/img_1500x1000uu2026-03-08-10-40-22-2271048.jpg\",\"width\":796,\"height\":448,\"caption\":\"T\u00e2nia Laranjo\"},{\"@type\":\"BreadcrumbList\",\"@id\":\"https:\/\/portaltela.pt\/noticias\/2026\/03\/12\/tribunal-revoga-decisao-e-absolve-tania-laranjo\/#breadcrumb\",\"itemListElement\":[{\"@type\":\"ListItem\",\"position\":1,\"name\":\"In\u00edcio\",\"item\":\"https:\/\/portaltela.pt\/\"},{\"@type\":\"ListItem\",\"position\":2,\"name\":\"Tribunal revoga decis\u00e3o e absolve T\u00e2nia Laranjo\"}]},{\"@type\":\"WebSite\",\"@id\":\"https:\/\/portaltela.pt\/#website\",\"url\":\"https:\/\/portaltela.pt\/\",\"name\":\"Portal Tela Portugal\",\"description\":\"\",\"potentialAction\":[{\"@type\":\"SearchAction\",\"target\":{\"@type\":\"EntryPoint\",\"urlTemplate\":\"https:\/\/portaltela.pt\/?s={search_term_string}\"},\"query-input\":{\"@type\":\"PropertyValueSpecification\",\"valueRequired\":true,\"valueName\":\"search_term_string\"}}],\"inLanguage\":\"pt-PT\"},{\"@type\":\"Person\",\"@id\":\"https:\/\/portaltela.pt\/#\/schema\/person\/c4278d4a6028830caff9ee44b42d32ed\",\"name\":\"Telinha\",\"image\":{\"@type\":\"ImageObject\",\"inLanguage\":\"pt-PT\",\"@id\":\"https:\/\/portaltela.pt\/s.01k8rhncp4jt1\/2025\/11\/talking-bot-125x125.png\",\"url\":\"https:\/\/portaltela.pt\/s.01k8rhncp4jt1\/2025\/11\/talking-bot-125x125.png\",\"contentUrl\":\"https:\/\/portaltela.pt\/s.01k8rhncp4jt1\/2025\/11\/talking-bot-125x125.png\",\"caption\":\"Telinha\"},\"sameAs\":[\"https:\/\/portaltela.pt\/\"],\"url\":\"https:\/\/portaltela.pt\/por\/367410592786\/\"}]}<\/script>\n<!-- \/ Yoast SEO plugin. -->","yoast_head_json":{"title":"Tribunal revoga decis\u00e3o e absolve T\u00e2nia Laranjo - Portal Tela Portugal","robots":{"index":"index","follow":"follow","max-snippet":"max-snippet:-1","max-image-preview":"max-image-preview:large","max-video-preview":"max-video-preview:-1"},"og_locale":"pt_PT","og_type":"article","og_title":"Tribunal revoga decis\u00e3o e absolve T\u00e2nia Laranjo - Portal Tela Portugal","og_description":"O Tribunal da Rela\u00e7\u00e3o de Lisboa absolveu a jornalista T\u00e2nia Laranjo, da CMTV, do crime de desobedi\u00eancia, revogando a condena\u00e7\u00e3o pela divulga\u00e7\u00e3o do interrogat\u00f3rio de Miguel Macedo no caso dos Vistos Gold. A decis\u00e3o de revis\u00e3o do processo criminal resulta de um recurso extraordin\u00e1rio de revis\u00e3o apresentado pela defesa, depois do ac\u00f3rd\u00e3o do Tribunal Europeu dos Direitos do Homem. O TEDH tinha considerado que as decis\u00f5es portuguesas violaram o direito \u00e0 liberdade de express\u00e3o ao n\u00e3o justificar devidamente a rela\u00e7\u00e3o entre a transmiss\u00e3o e a integridade do processo. A defesa afirma tratar-se de uma vit\u00f3ria da liberdade de express\u00e3o e do direito de informa\u00e7\u00e3o, destacando o interesse p\u00fablico. A queixa originou processos criminal e c\u00edvel, decorrentes da divulga\u00e7\u00e3o, em 2015, no programa Especial Vistos Gold da CMTV, de excertos do interrogat\u00f3rio do arguido Miguel Macedo sem autoriza\u00e7\u00e3o.","og_url":"https:\/\/portaltela.pt\/noticias\/2026\/03\/12\/tribunal-revoga-decisao-e-absolve-tania-laranjo\/","og_site_name":"Portal Tela Portugal","article_published_time":"2026-03-13T01:30:00+00:00","author":"Telinha","twitter_card":"summary_large_image","twitter_misc":{"Escrito por":"Telinha","Tempo estimado de leitura":"2 minutos"},"schema":{"@context":"https:\/\/schema.org","@graph":[{"@type":"Article","@id":"https:\/\/portaltela.pt\/noticias\/2026\/03\/12\/tribunal-revoga-decisao-e-absolve-tania-laranjo\/#article","isPartOf":{"@id":"https:\/\/portaltela.pt\/noticias\/2026\/03\/12\/tribunal-revoga-decisao-e-absolve-tania-laranjo\/"},"author":{"name":"Telinha","@id":"https:\/\/portaltela.pt\/#\/schema\/person\/c4278d4a6028830caff9ee44b42d32ed"},"headline":"Tribunal revoga decis\u00e3o e absolve T\u00e2nia Laranjo","datePublished":"2026-03-13T01:30:00+00:00","mainEntityOfPage":{"@id":"https:\/\/portaltela.pt\/noticias\/2026\/03\/12\/tribunal-revoga-decisao-e-absolve-tania-laranjo\/"},"wordCount":348,"image":{"@id":"https:\/\/portaltela.pt\/noticias\/2026\/03\/12\/tribunal-revoga-decisao-e-absolve-tania-laranjo\/#primaryimage"},"thumbnailUrl":"https:\/\/portaltela.pt\/s.01k8rhncp4jt1\/2026\/03\/img_1500x1000uu2026-03-08-10-40-22-2271048.jpg","keywords":["CMTV","desobedi\u00e7\u00e3o","imprensa","jornalistas","liberdade de express\u00e3o","Tribunais"],"articleSection":["Justi\u00e7a","Not\u00edcias"],"inLanguage":"pt-PT"},{"@type":"WebPage","@id":"https:\/\/portaltela.pt\/noticias\/2026\/03\/12\/tribunal-revoga-decisao-e-absolve-tania-laranjo\/","url":"https:\/\/portaltela.pt\/noticias\/2026\/03\/12\/tribunal-revoga-decisao-e-absolve-tania-laranjo\/","name":"Tribunal revoga decis\u00e3o e absolve T\u00e2nia Laranjo - Portal Tela Portugal","isPartOf":{"@id":"https:\/\/portaltela.pt\/#website"},"primaryImageOfPage":{"@id":"https:\/\/portaltela.pt\/noticias\/2026\/03\/12\/tribunal-revoga-decisao-e-absolve-tania-laranjo\/#primaryimage"},"image":{"@id":"https:\/\/portaltela.pt\/noticias\/2026\/03\/12\/tribunal-revoga-decisao-e-absolve-tania-laranjo\/#primaryimage"},"thumbnailUrl":"https:\/\/portaltela.pt\/s.01k8rhncp4jt1\/2026\/03\/img_1500x1000uu2026-03-08-10-40-22-2271048.jpg","datePublished":"2026-03-13T01:30:00+00:00","author":{"@id":"https:\/\/portaltela.pt\/#\/schema\/person\/c4278d4a6028830caff9ee44b42d32ed"},"breadcrumb":{"@id":"https:\/\/portaltela.pt\/noticias\/2026\/03\/12\/tribunal-revoga-decisao-e-absolve-tania-laranjo\/#breadcrumb"},"inLanguage":"pt-PT","potentialAction":[{"@type":"ReadAction","target":["https:\/\/portaltela.pt\/noticias\/2026\/03\/12\/tribunal-revoga-decisao-e-absolve-tania-laranjo\/"]}]},{"@type":"ImageObject","inLanguage":"pt-PT","@id":"https:\/\/portaltela.pt\/noticias\/2026\/03\/12\/tribunal-revoga-decisao-e-absolve-tania-laranjo\/#primaryimage","url":"https:\/\/portaltela.pt\/s.01k8rhncp4jt1\/2026\/03\/img_1500x1000uu2026-03-08-10-40-22-2271048.jpg","contentUrl":"https:\/\/portaltela.pt\/s.01k8rhncp4jt1\/2026\/03\/img_1500x1000uu2026-03-08-10-40-22-2271048.jpg","width":796,"height":448,"caption":"T\u00e2nia Laranjo"},{"@type":"BreadcrumbList","@id":"https:\/\/portaltela.pt\/noticias\/2026\/03\/12\/tribunal-revoga-decisao-e-absolve-tania-laranjo\/#breadcrumb","itemListElement":[{"@type":"ListItem","position":1,"name":"In\u00edcio","item":"https:\/\/portaltela.pt\/"},{"@type":"ListItem","position":2,"name":"Tribunal revoga decis\u00e3o e absolve T\u00e2nia Laranjo"}]},{"@type":"WebSite","@id":"https:\/\/portaltela.pt\/#website","url":"https:\/\/portaltela.pt\/","name":"Portal Tela Portugal","description":"","potentialAction":[{"@type":"SearchAction","target":{"@type":"EntryPoint","urlTemplate":"https:\/\/portaltela.pt\/?s={search_term_string}"},"query-input":{"@type":"PropertyValueSpecification","valueRequired":true,"valueName":"search_term_string"}}],"inLanguage":"pt-PT"},{"@type":"Person","@id":"https:\/\/portaltela.pt\/#\/schema\/person\/c4278d4a6028830caff9ee44b42d32ed","name":"Telinha","image":{"@type":"ImageObject","inLanguage":"pt-PT","@id":"https:\/\/portaltela.pt\/s.01k8rhncp4jt1\/2025\/11\/talking-bot-125x125.png","url":"https:\/\/portaltela.pt\/s.01k8rhncp4jt1\/2025\/11\/talking-bot-125x125.png","contentUrl":"https:\/\/portaltela.pt\/s.01k8rhncp4jt1\/2025\/11\/talking-bot-125x125.png","caption":"Telinha"},"sameAs":["https:\/\/portaltela.pt\/"],"url":"https:\/\/portaltela.pt\/por\/367410592786\/"}]}},"_links":{"self":[{"href":"https:\/\/portaltela.pt\/api\/wp\/v2\/posts\/408258","targetHints":{"allow":["GET"]}}],"collection":[{"href":"https:\/\/portaltela.pt\/api\/wp\/v2\/posts"}],"about":[{"href":"https:\/\/portaltela.pt\/api\/wp\/v2\/types\/post"}],"author":[{"embeddable":true,"href":"https:\/\/portaltela.pt\/api\/wp\/v2\/users\/2"}],"replies":[{"embeddable":true,"href":"https:\/\/portaltela.pt\/api\/wp\/v2\/comments?post=408258"}],"version-history":[{"count":0,"href":"https:\/\/portaltela.pt\/api\/wp\/v2\/posts\/408258\/revisions"}],"wp:featuredmedia":[{"embeddable":true,"href":"https:\/\/portaltela.pt\/api\/wp\/v2\/media\/408260"}],"wp:attachment":[{"href":"https:\/\/portaltela.pt\/api\/wp\/v2\/media?parent=408258"}],"wp:term":[{"taxonomy":"category","embeddable":true,"href":"https:\/\/portaltela.pt\/api\/wp\/v2\/categories?post=408258"},{"taxonomy":"post_tag","embeddable":true,"href":"https:\/\/portaltela.pt\/api\/wp\/v2\/tags?post=408258"}],"curies":[{"name":"wp","href":"https:\/\/api.w.org\/{rel}","templated":true}]}}