{"id":408256,"date":"2026-03-12T22:30:00","date_gmt":"2026-03-13T01:30:00","guid":{"rendered":"https:\/\/portaltela.pt\/noticias\/2026\/03\/12\/antigo-presidente-do-tribunal-de-contas-defende-visto-previo\/"},"modified":"2026-03-12T22:30:00","modified_gmt":"2026-03-13T01:30:00","slug":"antigo-presidente-do-tribunal-de-contas-defende-visto-previo","status":"publish","type":"post","link":"https:\/\/portaltela.pt\/noticias\/2026\/03\/12\/antigo-presidente-do-tribunal-de-contas-defende-visto-previo\/","title":{"rendered":"Antigo presidente do Tribunal de Contas defende visto pr\u00e9vio"},"content":{"rendered":"<p>Guilherme d\u2019Oliveira Martins, antigo presidente do Tribunal de Contas, comentou, na quinta-feira, sobre o fim do visto pr\u00e9vio para a contrata\u00e7\u00e3o p\u00fablica, anunciado pelo Governo, considerando-o essencial para a sustentabilidade financeira.<\/p>\n<p>O ex-dirigente sublinhou que a fiscaliza\u00e7\u00e3o pr\u00e9via n\u00e3o \u00e9 entrave e que, com a reforma, n\u00e3o se pode atirar o beb\u00e9 fora, mantendo o controlo das finan\u00e7as.<\/p>\n<p>A defesa do visto pr\u00e9vio surge no contexto do an\u00fancio governamental de terminar este mecanismo no \u00e2mbito de uma reforma das compras p\u00fablicas, segundo o que foi tornado p\u00fablico.<\/p>\n","protected":false},"excerpt":{"rendered":"<ul>\n<li>O antigo presidente do Tribunal de Contas, Guilherme d\u2019Oliveira Martins, comentou na quinta-feira sobre o fim do visto pr\u00e9vio para a contrata\u00e7\u00e3o p\u00fablica.<\/li>\n<li>Disse que o visto pr\u00e9vio \u00e9 essencial para a sustentabilidade financeira e o controlo das finan\u00e7as.<\/li>\n<li>Afirmou que partir do princ\u00edpio de que a fiscaliza\u00e7\u00e3o pr\u00e9via \u00e9 um entrave \u00e9 err\u00f3neo.<\/li>\n<li>Alertou que, com a reforma, n\u00e3o se deve \u201catirar o beb\u00e9 com a \u00e1gua do banho\u201d.<\/li>\n<li>A posi\u00e7\u00e3o foi expressa em resposta ao an\u00fancio do Governo sobre altera\u00e7\u00f5es ao regime de contrata\u00e7\u00e3o p\u00fablica.<\/li>\n<\/ul>\n","protected":false},"author":2,"featured_media":408259,"comment_status":"closed","ping_status":"closed","sticky":false,"template":"","format":"standard","meta":{"footnotes":""},"categories":[1],"tags":[6115,168,7056,5306,5822,695],"class_list":["post-408256","post","type-post","status-publish","format-standard","has-post-thumbnail","hentry","category-noticias","tag-_economia","tag-administracao-publica","tag-compras","tag-contratacao-publica","tag-contratos-publicos","tag-fiscalizacao"],"yoast_head":"<!-- This site is optimized with the Yoast SEO plugin v27.2 - https:\/\/yoast.com\/product\/yoast-seo-wordpress\/ -->\n<title>Antigo presidente do Tribunal de Contas defende visto pr\u00e9vio - Portal Tela Portugal<\/title>\n<meta name=\"robots\" content=\"index, follow, max-snippet:-1, max-image-preview:large, max-video-preview:-1\" \/>\n<meta property=\"og:locale\" content=\"pt_PT\" \/>\n<meta property=\"og:type\" content=\"article\" \/>\n<meta property=\"og:title\" content=\"Antigo presidente do Tribunal de Contas defende visto pr\u00e9vio - Portal Tela Portugal\" \/>\n<meta property=\"og:description\" content=\"O antigo presidente do Tribunal de Contas, Guilherme d\u2019Oliveira Martins, comentou na quinta-feira sobre o fim do visto pr\u00e9vio para a contrata\u00e7\u00e3o p\u00fablica. Disse que o visto pr\u00e9vio \u00e9 essencial para a sustentabilidade financeira e o controlo das finan\u00e7as. Afirmou que partir do princ\u00edpio de que a fiscaliza\u00e7\u00e3o pr\u00e9via \u00e9 um entrave \u00e9 err\u00f3neo. Alertou que, com a reforma, n\u00e3o se deve \u201catirar o beb\u00e9 com a \u00e1gua do banho\u201d. A posi\u00e7\u00e3o foi expressa em resposta ao an\u00fancio do Governo sobre altera\u00e7\u00f5es ao regime de contrata\u00e7\u00e3o p\u00fablica.\" \/>\n<meta property=\"og:url\" content=\"https:\/\/portaltela.pt\/noticias\/2026\/03\/12\/antigo-presidente-do-tribunal-de-contas-defende-visto-previo\/\" \/>\n<meta property=\"og:site_name\" content=\"Portal Tela Portugal\" \/>\n<meta property=\"article:published_time\" content=\"2026-03-13T01:30:00+00:00\" \/>\n<meta name=\"author\" content=\"Telinha\" \/>\n<meta name=\"twitter:card\" content=\"summary_large_image\" \/>\n<meta name=\"twitter:label1\" content=\"Escrito por\" \/>\n\t<meta name=\"twitter:data1\" content=\"Telinha\" \/>\n<script type=\"application\/ld+json\" class=\"yoast-schema-graph\">{\"@context\":\"https:\/\/schema.org\",\"@graph\":[{\"@type\":\"Article\",\"@id\":\"https:\/\/portaltela.pt\/noticias\/2026\/03\/12\/antigo-presidente-do-tribunal-de-contas-defende-visto-previo\/#article\",\"isPartOf\":{\"@id\":\"https:\/\/portaltela.pt\/noticias\/2026\/03\/12\/antigo-presidente-do-tribunal-de-contas-defende-visto-previo\/\"},\"author\":{\"name\":\"Telinha\",\"@id\":\"https:\/\/portaltela.pt\/#\/schema\/person\/c4278d4a6028830caff9ee44b42d32ed\"},\"headline\":\"Antigo presidente do Tribunal de Contas defende visto pr\u00e9vio\",\"datePublished\":\"2026-03-13T01:30:00+00:00\",\"mainEntityOfPage\":{\"@id\":\"https:\/\/portaltela.pt\/noticias\/2026\/03\/12\/antigo-presidente-do-tribunal-de-contas-defende-visto-previo\/\"},\"wordCount\":109,\"image\":{\"@id\":\"https:\/\/portaltela.pt\/noticias\/2026\/03\/12\/antigo-presidente-do-tribunal-de-contas-defende-visto-previo\/#primaryimage\"},\"thumbnailUrl\":\"https:\/\/portaltela.pt\/s.01k8rhncp4jt1\/2026\/03\/img_1500x1000uu2016-02-04-19-31-00-512170.jpg\",\"keywords\":[\"_economia\",\"administra\u00e7\u00e3o p\u00fablica\",\"compras\",\"contrata\u00e7\u00e3o p\u00fablica\",\"contratos p\u00fablicos\",\"fiscaliza\u00e7\u00e3o\"],\"articleSection\":[\"Not\u00edcias\"],\"inLanguage\":\"pt-PT\"},{\"@type\":\"WebPage\",\"@id\":\"https:\/\/portaltela.pt\/noticias\/2026\/03\/12\/antigo-presidente-do-tribunal-de-contas-defende-visto-previo\/\",\"url\":\"https:\/\/portaltela.pt\/noticias\/2026\/03\/12\/antigo-presidente-do-tribunal-de-contas-defende-visto-previo\/\",\"name\":\"Antigo presidente do Tribunal de Contas defende visto pr\u00e9vio - Portal Tela Portugal\",\"isPartOf\":{\"@id\":\"https:\/\/portaltela.pt\/#website\"},\"primaryImageOfPage\":{\"@id\":\"https:\/\/portaltela.pt\/noticias\/2026\/03\/12\/antigo-presidente-do-tribunal-de-contas-defende-visto-previo\/#primaryimage\"},\"image\":{\"@id\":\"https:\/\/portaltela.pt\/noticias\/2026\/03\/12\/antigo-presidente-do-tribunal-de-contas-defende-visto-previo\/#primaryimage\"},\"thumbnailUrl\":\"https:\/\/portaltela.pt\/s.01k8rhncp4jt1\/2026\/03\/img_1500x1000uu2016-02-04-19-31-00-512170.jpg\",\"datePublished\":\"2026-03-13T01:30:00+00:00\",\"author\":{\"@id\":\"https:\/\/portaltela.pt\/#\/schema\/person\/c4278d4a6028830caff9ee44b42d32ed\"},\"breadcrumb\":{\"@id\":\"https:\/\/portaltela.pt\/noticias\/2026\/03\/12\/antigo-presidente-do-tribunal-de-contas-defende-visto-previo\/#breadcrumb\"},\"inLanguage\":\"pt-PT\",\"potentialAction\":[{\"@type\":\"ReadAction\",\"target\":[\"https:\/\/portaltela.pt\/noticias\/2026\/03\/12\/antigo-presidente-do-tribunal-de-contas-defende-visto-previo\/\"]}]},{\"@type\":\"ImageObject\",\"inLanguage\":\"pt-PT\",\"@id\":\"https:\/\/portaltela.pt\/noticias\/2026\/03\/12\/antigo-presidente-do-tribunal-de-contas-defende-visto-previo\/#primaryimage\",\"url\":\"https:\/\/portaltela.pt\/s.01k8rhncp4jt1\/2026\/03\/img_1500x1000uu2016-02-04-19-31-00-512170.jpg\",\"contentUrl\":\"https:\/\/portaltela.pt\/s.01k8rhncp4jt1\/2026\/03\/img_1500x1000uu2016-02-04-19-31-00-512170.jpg\",\"width\":796,\"height\":448,\"caption\":\"Guilherme d'Oliveira Martins\"},{\"@type\":\"BreadcrumbList\",\"@id\":\"https:\/\/portaltela.pt\/noticias\/2026\/03\/12\/antigo-presidente-do-tribunal-de-contas-defende-visto-previo\/#breadcrumb\",\"itemListElement\":[{\"@type\":\"ListItem\",\"position\":1,\"name\":\"In\u00edcio\",\"item\":\"https:\/\/portaltela.pt\/\"},{\"@type\":\"ListItem\",\"position\":2,\"name\":\"Antigo presidente do Tribunal de Contas defende visto pr\u00e9vio\"}]},{\"@type\":\"WebSite\",\"@id\":\"https:\/\/portaltela.pt\/#website\",\"url\":\"https:\/\/portaltela.pt\/\",\"name\":\"Portal Tela Portugal\",\"description\":\"\",\"potentialAction\":[{\"@type\":\"SearchAction\",\"target\":{\"@type\":\"EntryPoint\",\"urlTemplate\":\"https:\/\/portaltela.pt\/?s={search_term_string}\"},\"query-input\":{\"@type\":\"PropertyValueSpecification\",\"valueRequired\":true,\"valueName\":\"search_term_string\"}}],\"inLanguage\":\"pt-PT\"},{\"@type\":\"Person\",\"@id\":\"https:\/\/portaltela.pt\/#\/schema\/person\/c4278d4a6028830caff9ee44b42d32ed\",\"name\":\"Telinha\",\"image\":{\"@type\":\"ImageObject\",\"inLanguage\":\"pt-PT\",\"@id\":\"https:\/\/portaltela.pt\/s.01k8rhncp4jt1\/2025\/11\/talking-bot-125x125.png\",\"url\":\"https:\/\/portaltela.pt\/s.01k8rhncp4jt1\/2025\/11\/talking-bot-125x125.png\",\"contentUrl\":\"https:\/\/portaltela.pt\/s.01k8rhncp4jt1\/2025\/11\/talking-bot-125x125.png\",\"caption\":\"Telinha\"},\"sameAs\":[\"https:\/\/portaltela.pt\/\"],\"url\":\"https:\/\/portaltela.pt\/por\/367410592786\/\"}]}<\/script>\n<!-- \/ Yoast SEO plugin. -->","yoast_head_json":{"title":"Antigo presidente do Tribunal de Contas defende visto pr\u00e9vio - Portal Tela Portugal","robots":{"index":"index","follow":"follow","max-snippet":"max-snippet:-1","max-image-preview":"max-image-preview:large","max-video-preview":"max-video-preview:-1"},"og_locale":"pt_PT","og_type":"article","og_title":"Antigo presidente do Tribunal de Contas defende visto pr\u00e9vio - Portal Tela Portugal","og_description":"O antigo presidente do Tribunal de Contas, Guilherme d\u2019Oliveira Martins, comentou na quinta-feira sobre o fim do visto pr\u00e9vio para a contrata\u00e7\u00e3o p\u00fablica. Disse que o visto pr\u00e9vio \u00e9 essencial para a sustentabilidade financeira e o controlo das finan\u00e7as. Afirmou que partir do princ\u00edpio de que a fiscaliza\u00e7\u00e3o pr\u00e9via \u00e9 um entrave \u00e9 err\u00f3neo. Alertou que, com a reforma, n\u00e3o se deve \u201catirar o beb\u00e9 com a \u00e1gua do banho\u201d. A posi\u00e7\u00e3o foi expressa em resposta ao an\u00fancio do Governo sobre altera\u00e7\u00f5es ao regime de contrata\u00e7\u00e3o p\u00fablica.","og_url":"https:\/\/portaltela.pt\/noticias\/2026\/03\/12\/antigo-presidente-do-tribunal-de-contas-defende-visto-previo\/","og_site_name":"Portal Tela Portugal","article_published_time":"2026-03-13T01:30:00+00:00","author":"Telinha","twitter_card":"summary_large_image","twitter_misc":{"Escrito por":"Telinha"},"schema":{"@context":"https:\/\/schema.org","@graph":[{"@type":"Article","@id":"https:\/\/portaltela.pt\/noticias\/2026\/03\/12\/antigo-presidente-do-tribunal-de-contas-defende-visto-previo\/#article","isPartOf":{"@id":"https:\/\/portaltela.pt\/noticias\/2026\/03\/12\/antigo-presidente-do-tribunal-de-contas-defende-visto-previo\/"},"author":{"name":"Telinha","@id":"https:\/\/portaltela.pt\/#\/schema\/person\/c4278d4a6028830caff9ee44b42d32ed"},"headline":"Antigo presidente do Tribunal de Contas defende visto pr\u00e9vio","datePublished":"2026-03-13T01:30:00+00:00","mainEntityOfPage":{"@id":"https:\/\/portaltela.pt\/noticias\/2026\/03\/12\/antigo-presidente-do-tribunal-de-contas-defende-visto-previo\/"},"wordCount":109,"image":{"@id":"https:\/\/portaltela.pt\/noticias\/2026\/03\/12\/antigo-presidente-do-tribunal-de-contas-defende-visto-previo\/#primaryimage"},"thumbnailUrl":"https:\/\/portaltela.pt\/s.01k8rhncp4jt1\/2026\/03\/img_1500x1000uu2016-02-04-19-31-00-512170.jpg","keywords":["_economia","administra\u00e7\u00e3o p\u00fablica","compras","contrata\u00e7\u00e3o p\u00fablica","contratos p\u00fablicos","fiscaliza\u00e7\u00e3o"],"articleSection":["Not\u00edcias"],"inLanguage":"pt-PT"},{"@type":"WebPage","@id":"https:\/\/portaltela.pt\/noticias\/2026\/03\/12\/antigo-presidente-do-tribunal-de-contas-defende-visto-previo\/","url":"https:\/\/portaltela.pt\/noticias\/2026\/03\/12\/antigo-presidente-do-tribunal-de-contas-defende-visto-previo\/","name":"Antigo presidente do Tribunal de Contas defende visto pr\u00e9vio - Portal Tela Portugal","isPartOf":{"@id":"https:\/\/portaltela.pt\/#website"},"primaryImageOfPage":{"@id":"https:\/\/portaltela.pt\/noticias\/2026\/03\/12\/antigo-presidente-do-tribunal-de-contas-defende-visto-previo\/#primaryimage"},"image":{"@id":"https:\/\/portaltela.pt\/noticias\/2026\/03\/12\/antigo-presidente-do-tribunal-de-contas-defende-visto-previo\/#primaryimage"},"thumbnailUrl":"https:\/\/portaltela.pt\/s.01k8rhncp4jt1\/2026\/03\/img_1500x1000uu2016-02-04-19-31-00-512170.jpg","datePublished":"2026-03-13T01:30:00+00:00","author":{"@id":"https:\/\/portaltela.pt\/#\/schema\/person\/c4278d4a6028830caff9ee44b42d32ed"},"breadcrumb":{"@id":"https:\/\/portaltela.pt\/noticias\/2026\/03\/12\/antigo-presidente-do-tribunal-de-contas-defende-visto-previo\/#breadcrumb"},"inLanguage":"pt-PT","potentialAction":[{"@type":"ReadAction","target":["https:\/\/portaltela.pt\/noticias\/2026\/03\/12\/antigo-presidente-do-tribunal-de-contas-defende-visto-previo\/"]}]},{"@type":"ImageObject","inLanguage":"pt-PT","@id":"https:\/\/portaltela.pt\/noticias\/2026\/03\/12\/antigo-presidente-do-tribunal-de-contas-defende-visto-previo\/#primaryimage","url":"https:\/\/portaltela.pt\/s.01k8rhncp4jt1\/2026\/03\/img_1500x1000uu2016-02-04-19-31-00-512170.jpg","contentUrl":"https:\/\/portaltela.pt\/s.01k8rhncp4jt1\/2026\/03\/img_1500x1000uu2016-02-04-19-31-00-512170.jpg","width":796,"height":448,"caption":"Guilherme d'Oliveira Martins"},{"@type":"BreadcrumbList","@id":"https:\/\/portaltela.pt\/noticias\/2026\/03\/12\/antigo-presidente-do-tribunal-de-contas-defende-visto-previo\/#breadcrumb","itemListElement":[{"@type":"ListItem","position":1,"name":"In\u00edcio","item":"https:\/\/portaltela.pt\/"},{"@type":"ListItem","position":2,"name":"Antigo presidente do Tribunal de Contas defende visto pr\u00e9vio"}]},{"@type":"WebSite","@id":"https:\/\/portaltela.pt\/#website","url":"https:\/\/portaltela.pt\/","name":"Portal Tela Portugal","description":"","potentialAction":[{"@type":"SearchAction","target":{"@type":"EntryPoint","urlTemplate":"https:\/\/portaltela.pt\/?s={search_term_string}"},"query-input":{"@type":"PropertyValueSpecification","valueRequired":true,"valueName":"search_term_string"}}],"inLanguage":"pt-PT"},{"@type":"Person","@id":"https:\/\/portaltela.pt\/#\/schema\/person\/c4278d4a6028830caff9ee44b42d32ed","name":"Telinha","image":{"@type":"ImageObject","inLanguage":"pt-PT","@id":"https:\/\/portaltela.pt\/s.01k8rhncp4jt1\/2025\/11\/talking-bot-125x125.png","url":"https:\/\/portaltela.pt\/s.01k8rhncp4jt1\/2025\/11\/talking-bot-125x125.png","contentUrl":"https:\/\/portaltela.pt\/s.01k8rhncp4jt1\/2025\/11\/talking-bot-125x125.png","caption":"Telinha"},"sameAs":["https:\/\/portaltela.pt\/"],"url":"https:\/\/portaltela.pt\/por\/367410592786\/"}]}},"_links":{"self":[{"href":"https:\/\/portaltela.pt\/api\/wp\/v2\/posts\/408256","targetHints":{"allow":["GET"]}}],"collection":[{"href":"https:\/\/portaltela.pt\/api\/wp\/v2\/posts"}],"about":[{"href":"https:\/\/portaltela.pt\/api\/wp\/v2\/types\/post"}],"author":[{"embeddable":true,"href":"https:\/\/portaltela.pt\/api\/wp\/v2\/users\/2"}],"replies":[{"embeddable":true,"href":"https:\/\/portaltela.pt\/api\/wp\/v2\/comments?post=408256"}],"version-history":[{"count":0,"href":"https:\/\/portaltela.pt\/api\/wp\/v2\/posts\/408256\/revisions"}],"wp:featuredmedia":[{"embeddable":true,"href":"https:\/\/portaltela.pt\/api\/wp\/v2\/media\/408259"}],"wp:attachment":[{"href":"https:\/\/portaltela.pt\/api\/wp\/v2\/media?parent=408256"}],"wp:term":[{"taxonomy":"category","embeddable":true,"href":"https:\/\/portaltela.pt\/api\/wp\/v2\/categories?post=408256"},{"taxonomy":"post_tag","embeddable":true,"href":"https:\/\/portaltela.pt\/api\/wp\/v2\/tags?post=408256"}],"curies":[{"name":"wp","href":"https:\/\/api.w.org\/{rel}","templated":true}]}}