{"id":408237,"date":"2026-03-12T21:01:00","date_gmt":"2026-03-13T00:01:00","guid":{"rendered":"https:\/\/portaltela.pt\/noticias\/2026\/03\/12\/dia-mundial-do-sono-dormir-bem-comeca-no-pequeno-almoco\/"},"modified":"2026-03-12T21:01:00","modified_gmt":"2026-03-13T00:01:00","slug":"dia-mundial-do-sono-dormir-bem-comeca-no-pequeno-almoco","status":"publish","type":"post","link":"https:\/\/portaltela.pt\/saude\/2026\/03\/12\/dia-mundial-do-sono-dormir-bem-comeca-no-pequeno-almoco\/","title":{"rendered":"Dia Mundial do Sono: dormir bem come\u00e7a no pequeno-almo\u00e7o"},"content":{"rendered":"<p>O Dia Mundial do Sono foi criado para alertar para o impacto do descanso na sa\u00fade f\u00edsica, mental e emocional. Hoje, o foco est\u00e1 em mudar a forma como encaramos o sono.<\/p>\n<p>A data lembra que dormir bem n\u00e3o depende apenas da hora de deitar ou do tempo de sono. O descanso come\u00e7a muito antes de adormecer, na forma como acordamos e na pressa com que iniciamos o dia.<\/p>\n<p>Num mundo acelerado, o maior desafio n\u00e3o \u00e9 apenas a ins\u00f3nia, mas o ritmo matinal. Alarmes repetidos, notifica\u00e7\u00f5es e tarefas acumuladas geram stress, reduzindo a qualidade do sono.<\/p>\n<h3>Rotina matinal e qualidade do sono<\/h3>\n<p>A ideia \u00e9 ver o sono como um ciclo cont\u00ednuo que come\u00e7a pela manh\u00e3 e se prolonga at\u00e9 \u00e0 noite. Acordar com calma pode definir um tom mais sereno para as horas seguintes.<\/p>\n<p>Sugere-se, em vez de pegar no telem\u00f3vel logo de manh\u00e3, reservar alguns minutos para leitura tranquila durante o pequeno-almo\u00e7o. Uma refei\u00e7\u00e3o preparada com aten\u00e7\u00e3o tamb\u00e9m contribui para iniciar o dia em equil\u00edbrio.<\/p>\n<h3>Pausas que ajudam o descanso<\/h3>\n<p>Para manter um ritmo saud\u00e1vel, s\u00e3o importantes pausas conscientes ao longo do dia. A marca Matinal tem vindo a refor\u00e7ar a import\u00e2ncia do autocuidado na mesa de v\u00e1rias fam\u00edlias.<\/p>\n<p>A campanha da Matinal destaca o Leite Seleccionado certificado e uma gama de leite e derivados que privilegia o bem-estar digestivo, o equil\u00edbrio nutricional e o funcionamento do sistema imunit\u00e1rio.<\/p>\n<p>A nova assinatura Come\u00e7o por mim refor\u00e7a a ideia de que tudo come\u00e7a no primeiro gesto. Um copo de leite, p\u00e3o com manteiga ou queijo durante uma pausa pode ser mais que uma op\u00e7\u00e3o alimentar: \u00e9 um ritual que ajuda a estabelecer um ritmo est\u00e1vel desde o in\u00edcio do dia.<\/p>\n","protected":false},"excerpt":{"rendered":"<ul>\n<li>Hoje celebra-se o Dia Mundial do Sono, destacando que o descanso impacta a sa\u00fade f\u00edsica, mental e emocional e que dormir bem come\u00e7a pela manh\u00e3.<\/li>\n<li>O texto alerta para o ritmo acelerado das manh\u00e3s, alarmes repetidos e notifica\u00e7\u00f5es que aumentam o stress e afetam a qualidade do sono.<\/li>\n<li>Prop\u00f5e ver o descanso como um ciclo cont\u00ednuo, come\u00e7ando no primeiro gesto da manh\u00e3 e mantendo a calma ao acordar.<\/li>\n<li>A Matinal \u00e9 apresentada como presen\u00e7a habitual nas pausas matinais, associada ao bem-estar e ao Leite Seleccionado certificado, com foco no equil\u00edbrio nutricional.<\/li>\n<li>Surge a nova assinatura \u201cCome\u00e7o por mim\u201d, um convite a valorizar o autocuidado desde o in\u00edcio do dia e a transformar pequenas pausas numa rotina de bem-estar.<\/li>\n<\/ul>\n","protected":false},"author":2,"featured_media":408238,"comment_status":"closed","ping_status":"closed","sticky":false,"template":"","format":"standard","meta":{"footnotes":""},"categories":[1,6745],"tags":[86,4995,915,7075,172,271],"class_list":["post-408237","post","type-post","status-publish","format-standard","has-post-thumbnail","hentry","category-noticias","category-saude","tag-alimentacao","tag-educacao-alimentar","tag-nutricao","tag-nutricao-alimentar","tag-saude","tag-saude-publica"],"yoast_head":"<!-- This site is optimized with the Yoast SEO plugin v27.2 - https:\/\/yoast.com\/product\/yoast-seo-wordpress\/ -->\n<title>Dia Mundial do Sono: dormir bem come\u00e7a no pequeno-almo\u00e7o - Portal Tela Portugal<\/title>\n<meta name=\"robots\" content=\"index, follow, max-snippet:-1, max-image-preview:large, max-video-preview:-1\" \/>\n<meta property=\"og:locale\" content=\"pt_PT\" \/>\n<meta property=\"og:type\" content=\"article\" \/>\n<meta property=\"og:title\" content=\"Dia Mundial do Sono: dormir bem come\u00e7a no pequeno-almo\u00e7o - Portal Tela Portugal\" \/>\n<meta property=\"og:description\" content=\"Hoje celebra-se o Dia Mundial do Sono, destacando que o descanso impacta a sa\u00fade f\u00edsica, mental e emocional e que dormir bem come\u00e7a pela manh\u00e3. O texto alerta para o ritmo acelerado das manh\u00e3s, alarmes repetidos e notifica\u00e7\u00f5es que aumentam o stress e afetam a qualidade do sono. Prop\u00f5e ver o descanso como um ciclo cont\u00ednuo, come\u00e7ando no primeiro gesto da manh\u00e3 e mantendo a calma ao acordar. A Matinal \u00e9 apresentada como presen\u00e7a habitual nas pausas matinais, associada ao bem-estar e ao Leite Seleccionado certificado, com foco no equil\u00edbrio nutricional. Surge a nova assinatura \u201cCome\u00e7o por mim\u201d, um convite a valorizar o autocuidado desde o in\u00edcio do dia e a transformar pequenas pausas numa rotina de bem-estar.\" \/>\n<meta property=\"og:url\" content=\"https:\/\/portaltela.pt\/noticias\/2026\/03\/12\/dia-mundial-do-sono-dormir-bem-comeca-no-pequeno-almoco\/\" \/>\n<meta property=\"og:site_name\" content=\"Portal Tela Portugal\" \/>\n<meta property=\"article:published_time\" content=\"2026-03-13T00:01:00+00:00\" \/>\n<meta name=\"author\" content=\"Telinha\" \/>\n<meta name=\"twitter:card\" content=\"summary_large_image\" \/>\n<meta name=\"twitter:label1\" content=\"Escrito por\" \/>\n\t<meta name=\"twitter:data1\" content=\"Telinha\" \/>\n\t<meta name=\"twitter:label2\" content=\"Tempo estimado de leitura\" \/>\n\t<meta name=\"twitter:data2\" content=\"2 minutos\" \/>\n<script type=\"application\/ld+json\" class=\"yoast-schema-graph\">{\"@context\":\"https:\/\/schema.org\",\"@graph\":[{\"@type\":\"Article\",\"@id\":\"https:\/\/portaltela.pt\/noticias\/2026\/03\/12\/dia-mundial-do-sono-dormir-bem-comeca-no-pequeno-almoco\/#article\",\"isPartOf\":{\"@id\":\"https:\/\/portaltela.pt\/noticias\/2026\/03\/12\/dia-mundial-do-sono-dormir-bem-comeca-no-pequeno-almoco\/\"},\"author\":{\"name\":\"Telinha\",\"@id\":\"https:\/\/portaltela.pt\/#\/schema\/person\/c4278d4a6028830caff9ee44b42d32ed\"},\"headline\":\"Dia Mundial do Sono: dormir bem come\u00e7a no pequeno-almo\u00e7o\",\"datePublished\":\"2026-03-13T00:01:00+00:00\",\"mainEntityOfPage\":{\"@id\":\"https:\/\/portaltela.pt\/noticias\/2026\/03\/12\/dia-mundial-do-sono-dormir-bem-comeca-no-pequeno-almoco\/\"},\"wordCount\":319,\"image\":{\"@id\":\"https:\/\/portaltela.pt\/noticias\/2026\/03\/12\/dia-mundial-do-sono-dormir-bem-comeca-no-pequeno-almoco\/#primaryimage\"},\"thumbnailUrl\":\"https:\/\/portaltela.pt\/s.01k8rhncp4jt1\/2026\/03\/2072238.jpg\",\"keywords\":[\"alimenta\u00e7\u00e3o\",\"educa\u00e7\u00e3o alimentar\",\"nutri\u00e7\u00e3o\",\"nutri\u00e7\u00e3o alimentar\",\"sa\u00fade\",\"sa\u00fade p\u00fablica\"],\"articleSection\":[\"Not\u00edcias\",\"Sa\u00fade\"],\"inLanguage\":\"pt-PT\"},{\"@type\":\"WebPage\",\"@id\":\"https:\/\/portaltela.pt\/noticias\/2026\/03\/12\/dia-mundial-do-sono-dormir-bem-comeca-no-pequeno-almoco\/\",\"url\":\"https:\/\/portaltela.pt\/noticias\/2026\/03\/12\/dia-mundial-do-sono-dormir-bem-comeca-no-pequeno-almoco\/\",\"name\":\"Dia Mundial do Sono: dormir bem come\u00e7a no pequeno-almo\u00e7o - Portal Tela Portugal\",\"isPartOf\":{\"@id\":\"https:\/\/portaltela.pt\/#website\"},\"primaryImageOfPage\":{\"@id\":\"https:\/\/portaltela.pt\/noticias\/2026\/03\/12\/dia-mundial-do-sono-dormir-bem-comeca-no-pequeno-almoco\/#primaryimage\"},\"image\":{\"@id\":\"https:\/\/portaltela.pt\/noticias\/2026\/03\/12\/dia-mundial-do-sono-dormir-bem-comeca-no-pequeno-almoco\/#primaryimage\"},\"thumbnailUrl\":\"https:\/\/portaltela.pt\/s.01k8rhncp4jt1\/2026\/03\/2072238.jpg\",\"datePublished\":\"2026-03-13T00:01:00+00:00\",\"author\":{\"@id\":\"https:\/\/portaltela.pt\/#\/schema\/person\/c4278d4a6028830caff9ee44b42d32ed\"},\"breadcrumb\":{\"@id\":\"https:\/\/portaltela.pt\/noticias\/2026\/03\/12\/dia-mundial-do-sono-dormir-bem-comeca-no-pequeno-almoco\/#breadcrumb\"},\"inLanguage\":\"pt-PT\",\"potentialAction\":[{\"@type\":\"ReadAction\",\"target\":[\"https:\/\/portaltela.pt\/noticias\/2026\/03\/12\/dia-mundial-do-sono-dormir-bem-comeca-no-pequeno-almoco\/\"]}]},{\"@type\":\"ImageObject\",\"inLanguage\":\"pt-PT\",\"@id\":\"https:\/\/portaltela.pt\/noticias\/2026\/03\/12\/dia-mundial-do-sono-dormir-bem-comeca-no-pequeno-almoco\/#primaryimage\",\"url\":\"https:\/\/portaltela.pt\/s.01k8rhncp4jt1\/2026\/03\/2072238.jpg\",\"contentUrl\":\"https:\/\/portaltela.pt\/s.01k8rhncp4jt1\/2026\/03\/2072238.jpg\",\"width\":796,\"height\":448,\"caption\":\"Photo\"},{\"@type\":\"BreadcrumbList\",\"@id\":\"https:\/\/portaltela.pt\/noticias\/2026\/03\/12\/dia-mundial-do-sono-dormir-bem-comeca-no-pequeno-almoco\/#breadcrumb\",\"itemListElement\":[{\"@type\":\"ListItem\",\"position\":1,\"name\":\"In\u00edcio\",\"item\":\"https:\/\/portaltela.pt\/\"},{\"@type\":\"ListItem\",\"position\":2,\"name\":\"Dia Mundial do Sono: dormir bem come\u00e7a no pequeno-almo\u00e7o\"}]},{\"@type\":\"WebSite\",\"@id\":\"https:\/\/portaltela.pt\/#website\",\"url\":\"https:\/\/portaltela.pt\/\",\"name\":\"Portal Tela Portugal\",\"description\":\"\",\"potentialAction\":[{\"@type\":\"SearchAction\",\"target\":{\"@type\":\"EntryPoint\",\"urlTemplate\":\"https:\/\/portaltela.pt\/?s={search_term_string}\"},\"query-input\":{\"@type\":\"PropertyValueSpecification\",\"valueRequired\":true,\"valueName\":\"search_term_string\"}}],\"inLanguage\":\"pt-PT\"},{\"@type\":\"Person\",\"@id\":\"https:\/\/portaltela.pt\/#\/schema\/person\/c4278d4a6028830caff9ee44b42d32ed\",\"name\":\"Telinha\",\"image\":{\"@type\":\"ImageObject\",\"inLanguage\":\"pt-PT\",\"@id\":\"https:\/\/portaltela.pt\/s.01k8rhncp4jt1\/2025\/11\/talking-bot-125x125.png\",\"url\":\"https:\/\/portaltela.pt\/s.01k8rhncp4jt1\/2025\/11\/talking-bot-125x125.png\",\"contentUrl\":\"https:\/\/portaltela.pt\/s.01k8rhncp4jt1\/2025\/11\/talking-bot-125x125.png\",\"caption\":\"Telinha\"},\"sameAs\":[\"https:\/\/portaltela.pt\/\"],\"url\":\"https:\/\/portaltela.pt\/por\/367410592786\/\"}]}<\/script>\n<!-- \/ Yoast SEO plugin. -->","yoast_head_json":{"title":"Dia Mundial do Sono: dormir bem come\u00e7a no pequeno-almo\u00e7o - Portal Tela Portugal","robots":{"index":"index","follow":"follow","max-snippet":"max-snippet:-1","max-image-preview":"max-image-preview:large","max-video-preview":"max-video-preview:-1"},"og_locale":"pt_PT","og_type":"article","og_title":"Dia Mundial do Sono: dormir bem come\u00e7a no pequeno-almo\u00e7o - Portal Tela Portugal","og_description":"Hoje celebra-se o Dia Mundial do Sono, destacando que o descanso impacta a sa\u00fade f\u00edsica, mental e emocional e que dormir bem come\u00e7a pela manh\u00e3. O texto alerta para o ritmo acelerado das manh\u00e3s, alarmes repetidos e notifica\u00e7\u00f5es que aumentam o stress e afetam a qualidade do sono. Prop\u00f5e ver o descanso como um ciclo cont\u00ednuo, come\u00e7ando no primeiro gesto da manh\u00e3 e mantendo a calma ao acordar. A Matinal \u00e9 apresentada como presen\u00e7a habitual nas pausas matinais, associada ao bem-estar e ao Leite Seleccionado certificado, com foco no equil\u00edbrio nutricional. Surge a nova assinatura \u201cCome\u00e7o por mim\u201d, um convite a valorizar o autocuidado desde o in\u00edcio do dia e a transformar pequenas pausas numa rotina de bem-estar.","og_url":"https:\/\/portaltela.pt\/noticias\/2026\/03\/12\/dia-mundial-do-sono-dormir-bem-comeca-no-pequeno-almoco\/","og_site_name":"Portal Tela Portugal","article_published_time":"2026-03-13T00:01:00+00:00","author":"Telinha","twitter_card":"summary_large_image","twitter_misc":{"Escrito por":"Telinha","Tempo estimado de leitura":"2 minutos"},"schema":{"@context":"https:\/\/schema.org","@graph":[{"@type":"Article","@id":"https:\/\/portaltela.pt\/noticias\/2026\/03\/12\/dia-mundial-do-sono-dormir-bem-comeca-no-pequeno-almoco\/#article","isPartOf":{"@id":"https:\/\/portaltela.pt\/noticias\/2026\/03\/12\/dia-mundial-do-sono-dormir-bem-comeca-no-pequeno-almoco\/"},"author":{"name":"Telinha","@id":"https:\/\/portaltela.pt\/#\/schema\/person\/c4278d4a6028830caff9ee44b42d32ed"},"headline":"Dia Mundial do Sono: dormir bem come\u00e7a no pequeno-almo\u00e7o","datePublished":"2026-03-13T00:01:00+00:00","mainEntityOfPage":{"@id":"https:\/\/portaltela.pt\/noticias\/2026\/03\/12\/dia-mundial-do-sono-dormir-bem-comeca-no-pequeno-almoco\/"},"wordCount":319,"image":{"@id":"https:\/\/portaltela.pt\/noticias\/2026\/03\/12\/dia-mundial-do-sono-dormir-bem-comeca-no-pequeno-almoco\/#primaryimage"},"thumbnailUrl":"https:\/\/portaltela.pt\/s.01k8rhncp4jt1\/2026\/03\/2072238.jpg","keywords":["alimenta\u00e7\u00e3o","educa\u00e7\u00e3o alimentar","nutri\u00e7\u00e3o","nutri\u00e7\u00e3o alimentar","sa\u00fade","sa\u00fade p\u00fablica"],"articleSection":["Not\u00edcias","Sa\u00fade"],"inLanguage":"pt-PT"},{"@type":"WebPage","@id":"https:\/\/portaltela.pt\/noticias\/2026\/03\/12\/dia-mundial-do-sono-dormir-bem-comeca-no-pequeno-almoco\/","url":"https:\/\/portaltela.pt\/noticias\/2026\/03\/12\/dia-mundial-do-sono-dormir-bem-comeca-no-pequeno-almoco\/","name":"Dia Mundial do Sono: dormir bem come\u00e7a no pequeno-almo\u00e7o - Portal Tela Portugal","isPartOf":{"@id":"https:\/\/portaltela.pt\/#website"},"primaryImageOfPage":{"@id":"https:\/\/portaltela.pt\/noticias\/2026\/03\/12\/dia-mundial-do-sono-dormir-bem-comeca-no-pequeno-almoco\/#primaryimage"},"image":{"@id":"https:\/\/portaltela.pt\/noticias\/2026\/03\/12\/dia-mundial-do-sono-dormir-bem-comeca-no-pequeno-almoco\/#primaryimage"},"thumbnailUrl":"https:\/\/portaltela.pt\/s.01k8rhncp4jt1\/2026\/03\/2072238.jpg","datePublished":"2026-03-13T00:01:00+00:00","author":{"@id":"https:\/\/portaltela.pt\/#\/schema\/person\/c4278d4a6028830caff9ee44b42d32ed"},"breadcrumb":{"@id":"https:\/\/portaltela.pt\/noticias\/2026\/03\/12\/dia-mundial-do-sono-dormir-bem-comeca-no-pequeno-almoco\/#breadcrumb"},"inLanguage":"pt-PT","potentialAction":[{"@type":"ReadAction","target":["https:\/\/portaltela.pt\/noticias\/2026\/03\/12\/dia-mundial-do-sono-dormir-bem-comeca-no-pequeno-almoco\/"]}]},{"@type":"ImageObject","inLanguage":"pt-PT","@id":"https:\/\/portaltela.pt\/noticias\/2026\/03\/12\/dia-mundial-do-sono-dormir-bem-comeca-no-pequeno-almoco\/#primaryimage","url":"https:\/\/portaltela.pt\/s.01k8rhncp4jt1\/2026\/03\/2072238.jpg","contentUrl":"https:\/\/portaltela.pt\/s.01k8rhncp4jt1\/2026\/03\/2072238.jpg","width":796,"height":448,"caption":"Photo"},{"@type":"BreadcrumbList","@id":"https:\/\/portaltela.pt\/noticias\/2026\/03\/12\/dia-mundial-do-sono-dormir-bem-comeca-no-pequeno-almoco\/#breadcrumb","itemListElement":[{"@type":"ListItem","position":1,"name":"In\u00edcio","item":"https:\/\/portaltela.pt\/"},{"@type":"ListItem","position":2,"name":"Dia Mundial do Sono: dormir bem come\u00e7a no pequeno-almo\u00e7o"}]},{"@type":"WebSite","@id":"https:\/\/portaltela.pt\/#website","url":"https:\/\/portaltela.pt\/","name":"Portal Tela Portugal","description":"","potentialAction":[{"@type":"SearchAction","target":{"@type":"EntryPoint","urlTemplate":"https:\/\/portaltela.pt\/?s={search_term_string}"},"query-input":{"@type":"PropertyValueSpecification","valueRequired":true,"valueName":"search_term_string"}}],"inLanguage":"pt-PT"},{"@type":"Person","@id":"https:\/\/portaltela.pt\/#\/schema\/person\/c4278d4a6028830caff9ee44b42d32ed","name":"Telinha","image":{"@type":"ImageObject","inLanguage":"pt-PT","@id":"https:\/\/portaltela.pt\/s.01k8rhncp4jt1\/2025\/11\/talking-bot-125x125.png","url":"https:\/\/portaltela.pt\/s.01k8rhncp4jt1\/2025\/11\/talking-bot-125x125.png","contentUrl":"https:\/\/portaltela.pt\/s.01k8rhncp4jt1\/2025\/11\/talking-bot-125x125.png","caption":"Telinha"},"sameAs":["https:\/\/portaltela.pt\/"],"url":"https:\/\/portaltela.pt\/por\/367410592786\/"}]}},"_links":{"self":[{"href":"https:\/\/portaltela.pt\/api\/wp\/v2\/posts\/408237","targetHints":{"allow":["GET"]}}],"collection":[{"href":"https:\/\/portaltela.pt\/api\/wp\/v2\/posts"}],"about":[{"href":"https:\/\/portaltela.pt\/api\/wp\/v2\/types\/post"}],"author":[{"embeddable":true,"href":"https:\/\/portaltela.pt\/api\/wp\/v2\/users\/2"}],"replies":[{"embeddable":true,"href":"https:\/\/portaltela.pt\/api\/wp\/v2\/comments?post=408237"}],"version-history":[{"count":0,"href":"https:\/\/portaltela.pt\/api\/wp\/v2\/posts\/408237\/revisions"}],"wp:featuredmedia":[{"embeddable":true,"href":"https:\/\/portaltela.pt\/api\/wp\/v2\/media\/408238"}],"wp:attachment":[{"href":"https:\/\/portaltela.pt\/api\/wp\/v2\/media?parent=408237"}],"wp:term":[{"taxonomy":"category","embeddable":true,"href":"https:\/\/portaltela.pt\/api\/wp\/v2\/categories?post=408237"},{"taxonomy":"post_tag","embeddable":true,"href":"https:\/\/portaltela.pt\/api\/wp\/v2\/tags?post=408237"}],"curies":[{"name":"wp","href":"https:\/\/api.w.org\/{rel}","templated":true}]}}