{"id":408228,"date":"2026-03-12T21:05:58","date_gmt":"2026-03-13T00:05:58","guid":{"rendered":"https:\/\/portaltela.pt\/noticias\/2026\/03\/12\/nuno-couto-nao-ve-favoritismo-jorge-monteiro-antecipa-final-da-taca-da-liga\/"},"modified":"2026-03-12T21:05:58","modified_gmt":"2026-03-13T00:05:58","slug":"nuno-couto-nao-ve-favoritismo-jorge-monteiro-antecipa-final-da-taca-da-liga","status":"publish","type":"post","link":"https:\/\/portaltela.pt\/desporto\/futebol\/2026\/03\/12\/nuno-couto-nao-ve-favoritismo-jorge-monteiro-antecipa-final-da-taca-da-liga\/","title":{"rendered":"Nuno Couto n\u00e3o v\u00ea favoritismo; Jorge Monteiro antecipa final da Ta\u00e7a da Liga"},"content":{"rendered":"<p>Fund\u00e3o e El\u00e9ctrico discutem, nesta sexta-feira, a passagem \u00e0 final da Ta\u00e7a da Liga de futsal, num encontro que antecede o duelo entre Le\u00f5es de Porto Salvo e Benfica. A partida est\u00e1 marcada para as 18h, em jogo \u00fanico, com um lugar na decis\u00e3o em jogo.<\/p>\n<p>Nuno Couto, treinador do Fund\u00e3o, nega favoritismo entre as duas forma\u00e7\u00f5es. O t\u00e9cnico sublinha a qualidade de ambas, a motiva\u00e7\u00e3o elevada e a energia de todos os jogadores na prova. Assume que pretende surpreender o El\u00e9ctrico e destaca a agressividade positiva do advers\u00e1rio.<\/p>\n<p>Jorge Monteiro, t\u00e9cnico do El\u00e9ctrico, afirma que a equipa est\u00e1 confiante e sem problemas f\u00edsicos. Enquadra o encontro como uma final, definido pela necessidade de manter o n\u00edvel competitivo para alcan\u00e7ar o objetivo central da equipa.<\/p>\n<h3>An\u00e1lise dos treinadores<\/h3>\n<p>O treinador do Fund\u00e3o elogia o advers\u00e1rio, destacando din\u00e2micas bem organizadas e uma dire\u00e7\u00e3o t\u00e9cnica competente. Salienta que, para al\u00e9m da estrat\u00e9gia, o equil\u00edbrio emocional \u00e9 relevante para o desempenho da equipa.<\/p>\n<p>O l\u00edder alentejano refor\u00e7a que o El\u00e9ctrico \u00e9 uma forma\u00e7\u00e3o bem preparada, com experi\u00eancia em palcos de decis\u00e3o. Indica que o sucesso depende de manter o foco t\u00e9cnico e o equil\u00edbrio entre o planeamento e a resposta emocional do grupo.<\/p>\n","protected":false},"excerpt":{"rendered":"<ul>\n<li>Fund\u00e3o e El\u00e9ctrico discutem nesta sexta-feira, \u00e0s 18h, a passagem \u00e0 final da Ta\u00e7a da Liga de futsal.<\/li>\n<li>O treinador do Fund\u00e3o, Nuno Couto, diz que n\u00e3o h\u00e1 favorito e que as duas equipas s\u00e3o competentes e organizadas.<\/li>\n<li>Couto destaca a motiva\u00e7\u00e3o de todos os jogadores e que vai tentar surpreender o El\u00e9ctrico, reconhecendo a agressividade positiva do advers\u00e1rio.<\/li>\n<li>Jorge Monteiro, treinador do El\u00e9ctrico, afirma que a equipa est\u00e1 confiante e sem problemas f\u00edsicos; considera o jogo uma final.<\/li>\n<li>Monteiro elogia o advers\u00e1rio, sublinhando boas din\u00e2micas, orienta\u00e7\u00e3o t\u00e9cnica e a import\u00e2ncia de fatores estrat\u00e9gicos e emocionais.<\/li>\n<\/ul>\n","protected":false},"author":2,"featured_media":408231,"comment_status":"closed","ping_status":"closed","sticky":false,"template":"","format":"standard","meta":{"footnotes":""},"categories":[21,24],"tags":[1946,152,4326,2772,161,1172],"class_list":["post-408228","post","type-post","status-publish","format-standard","has-post-thumbnail","hentry","category-desporto","category-futebol","tag-benfica","tag-desporto","tag-electrico","tag-fundao","tag-futsal","tag-taca-da-liga"],"yoast_head":"<!-- This site is optimized with the Yoast SEO plugin v27.2 - https:\/\/yoast.com\/product\/yoast-seo-wordpress\/ -->\n<title>Nuno Couto n\u00e3o v\u00ea favoritismo; Jorge Monteiro antecipa final da Ta\u00e7a da Liga - Portal Tela Portugal<\/title>\n<meta name=\"robots\" content=\"index, follow, max-snippet:-1, max-image-preview:large, max-video-preview:-1\" \/>\n<meta property=\"og:locale\" content=\"pt_PT\" \/>\n<meta property=\"og:type\" content=\"article\" \/>\n<meta property=\"og:title\" content=\"Nuno Couto n\u00e3o v\u00ea favoritismo; Jorge Monteiro antecipa final da Ta\u00e7a da Liga - Portal Tela Portugal\" \/>\n<meta property=\"og:description\" content=\"Fund\u00e3o e El\u00e9ctrico discutem nesta sexta-feira, \u00e0s 18h, a passagem \u00e0 final da Ta\u00e7a da Liga de futsal. O treinador do Fund\u00e3o, Nuno Couto, diz que n\u00e3o h\u00e1 favorito e que as duas equipas s\u00e3o competentes e organizadas. Couto destaca a motiva\u00e7\u00e3o de todos os jogadores e que vai tentar surpreender o El\u00e9ctrico, reconhecendo a agressividade positiva do advers\u00e1rio. Jorge Monteiro, treinador do El\u00e9ctrico, afirma que a equipa est\u00e1 confiante e sem problemas f\u00edsicos; considera o jogo uma final. Monteiro elogia o advers\u00e1rio, sublinhando boas din\u00e2micas, orienta\u00e7\u00e3o t\u00e9cnica e a import\u00e2ncia de fatores estrat\u00e9gicos e emocionais.\" \/>\n<meta property=\"og:url\" content=\"https:\/\/portaltela.pt\/noticias\/2026\/03\/12\/nuno-couto-nao-ve-favoritismo-jorge-monteiro-antecipa-final-da-taca-da-liga\/\" \/>\n<meta property=\"og:site_name\" content=\"Portal Tela Portugal\" \/>\n<meta property=\"article:published_time\" content=\"2026-03-13T00:05:58+00:00\" \/>\n<meta name=\"author\" content=\"Telinha\" \/>\n<meta name=\"twitter:card\" content=\"summary_large_image\" \/>\n<meta name=\"twitter:label1\" content=\"Escrito por\" \/>\n\t<meta name=\"twitter:data1\" content=\"Telinha\" \/>\n\t<meta name=\"twitter:label2\" content=\"Tempo estimado de leitura\" \/>\n\t<meta name=\"twitter:data2\" content=\"1 minuto\" \/>\n<script type=\"application\/ld+json\" class=\"yoast-schema-graph\">{\"@context\":\"https:\/\/schema.org\",\"@graph\":[{\"@type\":\"Article\",\"@id\":\"https:\/\/portaltela.pt\/noticias\/2026\/03\/12\/nuno-couto-nao-ve-favoritismo-jorge-monteiro-antecipa-final-da-taca-da-liga\/#article\",\"isPartOf\":{\"@id\":\"https:\/\/portaltela.pt\/noticias\/2026\/03\/12\/nuno-couto-nao-ve-favoritismo-jorge-monteiro-antecipa-final-da-taca-da-liga\/\"},\"author\":{\"name\":\"Telinha\",\"@id\":\"https:\/\/portaltela.pt\/#\/schema\/person\/c4278d4a6028830caff9ee44b42d32ed\"},\"headline\":\"Nuno Couto n\u00e3o v\u00ea favoritismo; Jorge Monteiro antecipa final da Ta\u00e7a da Liga\",\"datePublished\":\"2026-03-13T00:05:58+00:00\",\"mainEntityOfPage\":{\"@id\":\"https:\/\/portaltela.pt\/noticias\/2026\/03\/12\/nuno-couto-nao-ve-favoritismo-jorge-monteiro-antecipa-final-da-taca-da-liga\/\"},\"wordCount\":245,\"image\":{\"@id\":\"https:\/\/portaltela.pt\/noticias\/2026\/03\/12\/nuno-couto-nao-ve-favoritismo-jorge-monteiro-antecipa-final-da-taca-da-liga\/#primaryimage\"},\"thumbnailUrl\":\"https:\/\/portaltela.pt\/s.01k8rhncp4jt1\/2026\/03\/img_1200x721uu2026-03-10-15-13-57-2426018-im-639089499953849284.jpg\",\"keywords\":[\"Benfica\",\"desporto\",\"El\u00e9ctrico\",\"Fund\u00e3o\",\"futsal\",\"Ta\u00e7a da Liga\"],\"articleSection\":[\"Desporto\",\"Futebol\"],\"inLanguage\":\"pt-PT\"},{\"@type\":\"WebPage\",\"@id\":\"https:\/\/portaltela.pt\/noticias\/2026\/03\/12\/nuno-couto-nao-ve-favoritismo-jorge-monteiro-antecipa-final-da-taca-da-liga\/\",\"url\":\"https:\/\/portaltela.pt\/noticias\/2026\/03\/12\/nuno-couto-nao-ve-favoritismo-jorge-monteiro-antecipa-final-da-taca-da-liga\/\",\"name\":\"Nuno Couto n\u00e3o v\u00ea favoritismo; Jorge Monteiro antecipa final da Ta\u00e7a da Liga - Portal Tela Portugal\",\"isPartOf\":{\"@id\":\"https:\/\/portaltela.pt\/#website\"},\"primaryImageOfPage\":{\"@id\":\"https:\/\/portaltela.pt\/noticias\/2026\/03\/12\/nuno-couto-nao-ve-favoritismo-jorge-monteiro-antecipa-final-da-taca-da-liga\/#primaryimage\"},\"image\":{\"@id\":\"https:\/\/portaltela.pt\/noticias\/2026\/03\/12\/nuno-couto-nao-ve-favoritismo-jorge-monteiro-antecipa-final-da-taca-da-liga\/#primaryimage\"},\"thumbnailUrl\":\"https:\/\/portaltela.pt\/s.01k8rhncp4jt1\/2026\/03\/img_1200x721uu2026-03-10-15-13-57-2426018-im-639089499953849284.jpg\",\"datePublished\":\"2026-03-13T00:05:58+00:00\",\"author\":{\"@id\":\"https:\/\/portaltela.pt\/#\/schema\/person\/c4278d4a6028830caff9ee44b42d32ed\"},\"breadcrumb\":{\"@id\":\"https:\/\/portaltela.pt\/noticias\/2026\/03\/12\/nuno-couto-nao-ve-favoritismo-jorge-monteiro-antecipa-final-da-taca-da-liga\/#breadcrumb\"},\"inLanguage\":\"pt-PT\",\"potentialAction\":[{\"@type\":\"ReadAction\",\"target\":[\"https:\/\/portaltela.pt\/noticias\/2026\/03\/12\/nuno-couto-nao-ve-favoritismo-jorge-monteiro-antecipa-final-da-taca-da-liga\/\"]}]},{\"@type\":\"ImageObject\",\"inLanguage\":\"pt-PT\",\"@id\":\"https:\/\/portaltela.pt\/noticias\/2026\/03\/12\/nuno-couto-nao-ve-favoritismo-jorge-monteiro-antecipa-final-da-taca-da-liga\/#primaryimage\",\"url\":\"https:\/\/portaltela.pt\/s.01k8rhncp4jt1\/2026\/03\/img_1200x721uu2026-03-10-15-13-57-2426018-im-639089499953849284.jpg\",\"contentUrl\":\"https:\/\/portaltela.pt\/s.01k8rhncp4jt1\/2026\/03\/img_1200x721uu2026-03-10-15-13-57-2426018-im-639089499953849284.jpg\",\"width\":796,\"height\":448,\"caption\":\"Nuno Couto n\u00e3o atribui favoritismo\"},{\"@type\":\"BreadcrumbList\",\"@id\":\"https:\/\/portaltela.pt\/noticias\/2026\/03\/12\/nuno-couto-nao-ve-favoritismo-jorge-monteiro-antecipa-final-da-taca-da-liga\/#breadcrumb\",\"itemListElement\":[{\"@type\":\"ListItem\",\"position\":1,\"name\":\"In\u00edcio\",\"item\":\"https:\/\/portaltela.pt\/\"},{\"@type\":\"ListItem\",\"position\":2,\"name\":\"Nuno Couto n\u00e3o v\u00ea favoritismo; Jorge Monteiro antecipa final da Ta\u00e7a da Liga\"}]},{\"@type\":\"WebSite\",\"@id\":\"https:\/\/portaltela.pt\/#website\",\"url\":\"https:\/\/portaltela.pt\/\",\"name\":\"Portal Tela Portugal\",\"description\":\"\",\"potentialAction\":[{\"@type\":\"SearchAction\",\"target\":{\"@type\":\"EntryPoint\",\"urlTemplate\":\"https:\/\/portaltela.pt\/?s={search_term_string}\"},\"query-input\":{\"@type\":\"PropertyValueSpecification\",\"valueRequired\":true,\"valueName\":\"search_term_string\"}}],\"inLanguage\":\"pt-PT\"},{\"@type\":\"Person\",\"@id\":\"https:\/\/portaltela.pt\/#\/schema\/person\/c4278d4a6028830caff9ee44b42d32ed\",\"name\":\"Telinha\",\"image\":{\"@type\":\"ImageObject\",\"inLanguage\":\"pt-PT\",\"@id\":\"https:\/\/portaltela.pt\/s.01k8rhncp4jt1\/2025\/11\/talking-bot-125x125.png\",\"url\":\"https:\/\/portaltela.pt\/s.01k8rhncp4jt1\/2025\/11\/talking-bot-125x125.png\",\"contentUrl\":\"https:\/\/portaltela.pt\/s.01k8rhncp4jt1\/2025\/11\/talking-bot-125x125.png\",\"caption\":\"Telinha\"},\"sameAs\":[\"https:\/\/portaltela.pt\/\"],\"url\":\"https:\/\/portaltela.pt\/por\/367410592786\/\"}]}<\/script>\n<!-- \/ Yoast SEO plugin. -->","yoast_head_json":{"title":"Nuno Couto n\u00e3o v\u00ea favoritismo; Jorge Monteiro antecipa final da Ta\u00e7a da Liga - Portal Tela Portugal","robots":{"index":"index","follow":"follow","max-snippet":"max-snippet:-1","max-image-preview":"max-image-preview:large","max-video-preview":"max-video-preview:-1"},"og_locale":"pt_PT","og_type":"article","og_title":"Nuno Couto n\u00e3o v\u00ea favoritismo; Jorge Monteiro antecipa final da Ta\u00e7a da Liga - Portal Tela Portugal","og_description":"Fund\u00e3o e El\u00e9ctrico discutem nesta sexta-feira, \u00e0s 18h, a passagem \u00e0 final da Ta\u00e7a da Liga de futsal. O treinador do Fund\u00e3o, Nuno Couto, diz que n\u00e3o h\u00e1 favorito e que as duas equipas s\u00e3o competentes e organizadas. Couto destaca a motiva\u00e7\u00e3o de todos os jogadores e que vai tentar surpreender o El\u00e9ctrico, reconhecendo a agressividade positiva do advers\u00e1rio. Jorge Monteiro, treinador do El\u00e9ctrico, afirma que a equipa est\u00e1 confiante e sem problemas f\u00edsicos; considera o jogo uma final. Monteiro elogia o advers\u00e1rio, sublinhando boas din\u00e2micas, orienta\u00e7\u00e3o t\u00e9cnica e a import\u00e2ncia de fatores estrat\u00e9gicos e emocionais.","og_url":"https:\/\/portaltela.pt\/noticias\/2026\/03\/12\/nuno-couto-nao-ve-favoritismo-jorge-monteiro-antecipa-final-da-taca-da-liga\/","og_site_name":"Portal Tela Portugal","article_published_time":"2026-03-13T00:05:58+00:00","author":"Telinha","twitter_card":"summary_large_image","twitter_misc":{"Escrito por":"Telinha","Tempo estimado de leitura":"1 minuto"},"schema":{"@context":"https:\/\/schema.org","@graph":[{"@type":"Article","@id":"https:\/\/portaltela.pt\/noticias\/2026\/03\/12\/nuno-couto-nao-ve-favoritismo-jorge-monteiro-antecipa-final-da-taca-da-liga\/#article","isPartOf":{"@id":"https:\/\/portaltela.pt\/noticias\/2026\/03\/12\/nuno-couto-nao-ve-favoritismo-jorge-monteiro-antecipa-final-da-taca-da-liga\/"},"author":{"name":"Telinha","@id":"https:\/\/portaltela.pt\/#\/schema\/person\/c4278d4a6028830caff9ee44b42d32ed"},"headline":"Nuno Couto n\u00e3o v\u00ea favoritismo; Jorge Monteiro antecipa final da Ta\u00e7a da Liga","datePublished":"2026-03-13T00:05:58+00:00","mainEntityOfPage":{"@id":"https:\/\/portaltela.pt\/noticias\/2026\/03\/12\/nuno-couto-nao-ve-favoritismo-jorge-monteiro-antecipa-final-da-taca-da-liga\/"},"wordCount":245,"image":{"@id":"https:\/\/portaltela.pt\/noticias\/2026\/03\/12\/nuno-couto-nao-ve-favoritismo-jorge-monteiro-antecipa-final-da-taca-da-liga\/#primaryimage"},"thumbnailUrl":"https:\/\/portaltela.pt\/s.01k8rhncp4jt1\/2026\/03\/img_1200x721uu2026-03-10-15-13-57-2426018-im-639089499953849284.jpg","keywords":["Benfica","desporto","El\u00e9ctrico","Fund\u00e3o","futsal","Ta\u00e7a da Liga"],"articleSection":["Desporto","Futebol"],"inLanguage":"pt-PT"},{"@type":"WebPage","@id":"https:\/\/portaltela.pt\/noticias\/2026\/03\/12\/nuno-couto-nao-ve-favoritismo-jorge-monteiro-antecipa-final-da-taca-da-liga\/","url":"https:\/\/portaltela.pt\/noticias\/2026\/03\/12\/nuno-couto-nao-ve-favoritismo-jorge-monteiro-antecipa-final-da-taca-da-liga\/","name":"Nuno Couto n\u00e3o v\u00ea favoritismo; Jorge Monteiro antecipa final da Ta\u00e7a da Liga - Portal Tela Portugal","isPartOf":{"@id":"https:\/\/portaltela.pt\/#website"},"primaryImageOfPage":{"@id":"https:\/\/portaltela.pt\/noticias\/2026\/03\/12\/nuno-couto-nao-ve-favoritismo-jorge-monteiro-antecipa-final-da-taca-da-liga\/#primaryimage"},"image":{"@id":"https:\/\/portaltela.pt\/noticias\/2026\/03\/12\/nuno-couto-nao-ve-favoritismo-jorge-monteiro-antecipa-final-da-taca-da-liga\/#primaryimage"},"thumbnailUrl":"https:\/\/portaltela.pt\/s.01k8rhncp4jt1\/2026\/03\/img_1200x721uu2026-03-10-15-13-57-2426018-im-639089499953849284.jpg","datePublished":"2026-03-13T00:05:58+00:00","author":{"@id":"https:\/\/portaltela.pt\/#\/schema\/person\/c4278d4a6028830caff9ee44b42d32ed"},"breadcrumb":{"@id":"https:\/\/portaltela.pt\/noticias\/2026\/03\/12\/nuno-couto-nao-ve-favoritismo-jorge-monteiro-antecipa-final-da-taca-da-liga\/#breadcrumb"},"inLanguage":"pt-PT","potentialAction":[{"@type":"ReadAction","target":["https:\/\/portaltela.pt\/noticias\/2026\/03\/12\/nuno-couto-nao-ve-favoritismo-jorge-monteiro-antecipa-final-da-taca-da-liga\/"]}]},{"@type":"ImageObject","inLanguage":"pt-PT","@id":"https:\/\/portaltela.pt\/noticias\/2026\/03\/12\/nuno-couto-nao-ve-favoritismo-jorge-monteiro-antecipa-final-da-taca-da-liga\/#primaryimage","url":"https:\/\/portaltela.pt\/s.01k8rhncp4jt1\/2026\/03\/img_1200x721uu2026-03-10-15-13-57-2426018-im-639089499953849284.jpg","contentUrl":"https:\/\/portaltela.pt\/s.01k8rhncp4jt1\/2026\/03\/img_1200x721uu2026-03-10-15-13-57-2426018-im-639089499953849284.jpg","width":796,"height":448,"caption":"Nuno Couto n\u00e3o atribui favoritismo"},{"@type":"BreadcrumbList","@id":"https:\/\/portaltela.pt\/noticias\/2026\/03\/12\/nuno-couto-nao-ve-favoritismo-jorge-monteiro-antecipa-final-da-taca-da-liga\/#breadcrumb","itemListElement":[{"@type":"ListItem","position":1,"name":"In\u00edcio","item":"https:\/\/portaltela.pt\/"},{"@type":"ListItem","position":2,"name":"Nuno Couto n\u00e3o v\u00ea favoritismo; Jorge Monteiro antecipa final da Ta\u00e7a da Liga"}]},{"@type":"WebSite","@id":"https:\/\/portaltela.pt\/#website","url":"https:\/\/portaltela.pt\/","name":"Portal Tela Portugal","description":"","potentialAction":[{"@type":"SearchAction","target":{"@type":"EntryPoint","urlTemplate":"https:\/\/portaltela.pt\/?s={search_term_string}"},"query-input":{"@type":"PropertyValueSpecification","valueRequired":true,"valueName":"search_term_string"}}],"inLanguage":"pt-PT"},{"@type":"Person","@id":"https:\/\/portaltela.pt\/#\/schema\/person\/c4278d4a6028830caff9ee44b42d32ed","name":"Telinha","image":{"@type":"ImageObject","inLanguage":"pt-PT","@id":"https:\/\/portaltela.pt\/s.01k8rhncp4jt1\/2025\/11\/talking-bot-125x125.png","url":"https:\/\/portaltela.pt\/s.01k8rhncp4jt1\/2025\/11\/talking-bot-125x125.png","contentUrl":"https:\/\/portaltela.pt\/s.01k8rhncp4jt1\/2025\/11\/talking-bot-125x125.png","caption":"Telinha"},"sameAs":["https:\/\/portaltela.pt\/"],"url":"https:\/\/portaltela.pt\/por\/367410592786\/"}]}},"_links":{"self":[{"href":"https:\/\/portaltela.pt\/api\/wp\/v2\/posts\/408228","targetHints":{"allow":["GET"]}}],"collection":[{"href":"https:\/\/portaltela.pt\/api\/wp\/v2\/posts"}],"about":[{"href":"https:\/\/portaltela.pt\/api\/wp\/v2\/types\/post"}],"author":[{"embeddable":true,"href":"https:\/\/portaltela.pt\/api\/wp\/v2\/users\/2"}],"replies":[{"embeddable":true,"href":"https:\/\/portaltela.pt\/api\/wp\/v2\/comments?post=408228"}],"version-history":[{"count":0,"href":"https:\/\/portaltela.pt\/api\/wp\/v2\/posts\/408228\/revisions"}],"wp:featuredmedia":[{"embeddable":true,"href":"https:\/\/portaltela.pt\/api\/wp\/v2\/media\/408231"}],"wp:attachment":[{"href":"https:\/\/portaltela.pt\/api\/wp\/v2\/media?parent=408228"}],"wp:term":[{"taxonomy":"category","embeddable":true,"href":"https:\/\/portaltela.pt\/api\/wp\/v2\/categories?post=408228"},{"taxonomy":"post_tag","embeddable":true,"href":"https:\/\/portaltela.pt\/api\/wp\/v2\/tags?post=408228"}],"curies":[{"name":"wp","href":"https:\/\/api.w.org\/{rel}","templated":true}]}}