{"id":408224,"date":"2026-03-12T21:00:00","date_gmt":"2026-03-13T00:00:00","guid":{"rendered":"https:\/\/portaltela.pt\/noticias\/2026\/03\/12\/iefp-recebe-mais-fundos-europeus-metros-de-lisboa-e-porto-sao-caros\/"},"modified":"2026-03-12T21:00:00","modified_gmt":"2026-03-13T00:00:00","slug":"iefp-recebe-mais-fundos-europeus-metros-de-lisboa-e-porto-sao-caros","status":"publish","type":"post","link":"https:\/\/portaltela.pt\/noticias\/economia\/2026\/03\/12\/iefp-recebe-mais-fundos-europeus-metros-de-lisboa-e-porto-sao-caros\/","title":{"rendered":"IEFP recebe mais fundos europeus; metros de Lisboa e Porto s\u00e3o caros"},"content":{"rendered":"<p>O IEFP \u00e9 o maior benefici\u00e1rio do programa Portugal 2020, segundo o Portal da Transpar\u00eancia, com 410 projetos apoiados e quase dois mil milh\u00f5es de euros de financiamento. Entre as entidades no topo da lista destacam-se a Dire\u00e7\u00e3o-Geral do Ensino Superior e a Infraestruturas de Portugal.<\/p>\n<p>Em termos de montante atribu\u00eddo por projeto, o financiamento mais elevado foi para a expans\u00e3o do metro de Lisboa, no valor de 131 milh\u00f5es de euros. Em seguida aparece o metro do Porto, com a Linha Amarela a receber 112 milh\u00f5es.<\/p>\n<p>Estes n\u00fameros refletem a distribui\u00e7\u00e3o dos fundos europeus no \u00e2mbito do Portugal 2020, apontando o IEFP como principal benefici\u00e1rio pela soma de projetos e pelo montante global concedido. O relat\u00f3rio n\u00e3o indica datas espec\u00edficas de aprova\u00e7\u00e3o para cada a\u00e7\u00e3o.<\/p>\n<p>A an\u00e1lise baseia-se em dados tornados p\u00fablicos pelo Portal da Transpar\u00eancia, que re\u00fane informa\u00e7\u00f5es oficiais sobre a execu\u00e7\u00e3o e a reparti\u00e7\u00e3o de fundos comunit\u00e1rios a n\u00edvel nacional.<\/p>\n","protected":false},"excerpt":{"rendered":"<ul>\n<li>O IEFP foi o maior benefici\u00e1rio de fundos do Portugal 2020, com 410 projetos apoiados e quase dois mil milh\u00f5es de euros de financiamento.<\/li>\n<li>No topo da tabela surgem igualmente a Dire\u00e7\u00e3o-Geral do Ensino Superior e a Infraestruturas de Portugal.<\/li>\n<li>Em termos de financiamento por projeto, a maior fatia foi para a expans\u00e3o do metro de Lisboa, no valor de 131 milh\u00f5es de euros.<\/li>\n<li>Segue-se o metro do Porto, Linha Amarela (Santo Ov\u00eddio-Vila D\u2019 Este), com 112 milh\u00f5es de euros.<\/li>\n<li>A an\u00e1lise \u00e9 baseada em dados do Portal da Transpar\u00eancia.<\/li>\n<\/ul>\n","protected":false},"author":2,"featured_media":408230,"comment_status":"closed","ping_status":"closed","sticky":false,"template":"","format":"standard","meta":{"footnotes":""},"categories":[2,6735],"tags":[6115,2417,4352,2698,981,982],"class_list":["post-408224","post","type-post","status-publish","format-standard","has-post-thumbnail","hentry","category-economia","category-negocios","tag-_economia","tag-financiamento","tag-iefp","tag-infraestruturas-de-portugal","tag-lisboa","tag-porto"],"yoast_head":"<!-- This site is optimized with the Yoast SEO plugin v27.2 - https:\/\/yoast.com\/product\/yoast-seo-wordpress\/ -->\n<title>IEFP recebe mais fundos europeus; metros de Lisboa e Porto s\u00e3o caros - Portal Tela Portugal<\/title>\n<meta name=\"robots\" content=\"index, follow, max-snippet:-1, max-image-preview:large, max-video-preview:-1\" \/>\n<meta property=\"og:locale\" content=\"pt_PT\" \/>\n<meta property=\"og:type\" content=\"article\" \/>\n<meta property=\"og:title\" content=\"IEFP recebe mais fundos europeus; metros de Lisboa e Porto s\u00e3o caros - Portal Tela Portugal\" \/>\n<meta property=\"og:description\" content=\"O IEFP foi o maior benefici\u00e1rio de fundos do Portugal 2020, com 410 projetos apoiados e quase dois mil milh\u00f5es de euros de financiamento. No topo da tabela surgem igualmente a Dire\u00e7\u00e3o-Geral do Ensino Superior e a Infraestruturas de Portugal. Em termos de financiamento por projeto, a maior fatia foi para a expans\u00e3o do metro de Lisboa, no valor de 131 milh\u00f5es de euros. Segue-se o metro do Porto, Linha Amarela (Santo Ov\u00eddio-Vila D\u2019 Este), com 112 milh\u00f5es de euros. A an\u00e1lise \u00e9 baseada em dados do Portal da Transpar\u00eancia.\" \/>\n<meta property=\"og:url\" content=\"https:\/\/portaltela.pt\/noticias\/2026\/03\/12\/iefp-recebe-mais-fundos-europeus-metros-de-lisboa-e-porto-sao-caros\/\" \/>\n<meta property=\"og:site_name\" content=\"Portal Tela Portugal\" \/>\n<meta property=\"article:published_time\" content=\"2026-03-13T00:00:00+00:00\" \/>\n<meta name=\"author\" content=\"Telinha\" \/>\n<meta name=\"twitter:card\" content=\"summary_large_image\" \/>\n<meta name=\"twitter:label1\" content=\"Escrito por\" \/>\n\t<meta name=\"twitter:data1\" content=\"Telinha\" \/>\n\t<meta name=\"twitter:label2\" content=\"Tempo estimado de leitura\" \/>\n\t<meta name=\"twitter:data2\" content=\"1 minuto\" \/>\n<script type=\"application\/ld+json\" class=\"yoast-schema-graph\">{\"@context\":\"https:\/\/schema.org\",\"@graph\":[{\"@type\":\"Article\",\"@id\":\"https:\/\/portaltela.pt\/noticias\/2026\/03\/12\/iefp-recebe-mais-fundos-europeus-metros-de-lisboa-e-porto-sao-caros\/#article\",\"isPartOf\":{\"@id\":\"https:\/\/portaltela.pt\/noticias\/2026\/03\/12\/iefp-recebe-mais-fundos-europeus-metros-de-lisboa-e-porto-sao-caros\/\"},\"author\":{\"name\":\"Telinha\",\"@id\":\"https:\/\/portaltela.pt\/#\/schema\/person\/c4278d4a6028830caff9ee44b42d32ed\"},\"headline\":\"IEFP recebe mais fundos europeus; metros de Lisboa e Porto s\u00e3o caros\",\"datePublished\":\"2026-03-13T00:00:00+00:00\",\"mainEntityOfPage\":{\"@id\":\"https:\/\/portaltela.pt\/noticias\/2026\/03\/12\/iefp-recebe-mais-fundos-europeus-metros-de-lisboa-e-porto-sao-caros\/\"},\"wordCount\":185,\"image\":{\"@id\":\"https:\/\/portaltela.pt\/noticias\/2026\/03\/12\/iefp-recebe-mais-fundos-europeus-metros-de-lisboa-e-porto-sao-caros\/#primaryimage\"},\"thumbnailUrl\":\"https:\/\/portaltela.pt\/s.01k8rhncp4jt1\/2026\/03\/image-826.jpg\",\"keywords\":[\"_economia\",\"financiamento\",\"IEFP\",\"Infraestruturas de Portugal\",\"Lisboa\",\"Porto\"],\"articleSection\":[\"Economia\",\"Neg\u00f3cios\"],\"inLanguage\":\"pt-PT\"},{\"@type\":\"WebPage\",\"@id\":\"https:\/\/portaltela.pt\/noticias\/2026\/03\/12\/iefp-recebe-mais-fundos-europeus-metros-de-lisboa-e-porto-sao-caros\/\",\"url\":\"https:\/\/portaltela.pt\/noticias\/2026\/03\/12\/iefp-recebe-mais-fundos-europeus-metros-de-lisboa-e-porto-sao-caros\/\",\"name\":\"IEFP recebe mais fundos europeus; metros de Lisboa e Porto s\u00e3o caros - Portal Tela Portugal\",\"isPartOf\":{\"@id\":\"https:\/\/portaltela.pt\/#website\"},\"primaryImageOfPage\":{\"@id\":\"https:\/\/portaltela.pt\/noticias\/2026\/03\/12\/iefp-recebe-mais-fundos-europeus-metros-de-lisboa-e-porto-sao-caros\/#primaryimage\"},\"image\":{\"@id\":\"https:\/\/portaltela.pt\/noticias\/2026\/03\/12\/iefp-recebe-mais-fundos-europeus-metros-de-lisboa-e-porto-sao-caros\/#primaryimage\"},\"thumbnailUrl\":\"https:\/\/portaltela.pt\/s.01k8rhncp4jt1\/2026\/03\/image-826.jpg\",\"datePublished\":\"2026-03-13T00:00:00+00:00\",\"author\":{\"@id\":\"https:\/\/portaltela.pt\/#\/schema\/person\/c4278d4a6028830caff9ee44b42d32ed\"},\"breadcrumb\":{\"@id\":\"https:\/\/portaltela.pt\/noticias\/2026\/03\/12\/iefp-recebe-mais-fundos-europeus-metros-de-lisboa-e-porto-sao-caros\/#breadcrumb\"},\"inLanguage\":\"pt-PT\",\"potentialAction\":[{\"@type\":\"ReadAction\",\"target\":[\"https:\/\/portaltela.pt\/noticias\/2026\/03\/12\/iefp-recebe-mais-fundos-europeus-metros-de-lisboa-e-porto-sao-caros\/\"]}]},{\"@type\":\"ImageObject\",\"inLanguage\":\"pt-PT\",\"@id\":\"https:\/\/portaltela.pt\/noticias\/2026\/03\/12\/iefp-recebe-mais-fundos-europeus-metros-de-lisboa-e-porto-sao-caros\/#primaryimage\",\"url\":\"https:\/\/portaltela.pt\/s.01k8rhncp4jt1\/2026\/03\/image-826.jpg\",\"contentUrl\":\"https:\/\/portaltela.pt\/s.01k8rhncp4jt1\/2026\/03\/image-826.jpg\",\"width\":796,\"height\":448,\"caption\":\"O IEFP teve 410 projetos apoiados e quase dois mil milh\u00f5es de euros de financiamento\"},{\"@type\":\"BreadcrumbList\",\"@id\":\"https:\/\/portaltela.pt\/noticias\/2026\/03\/12\/iefp-recebe-mais-fundos-europeus-metros-de-lisboa-e-porto-sao-caros\/#breadcrumb\",\"itemListElement\":[{\"@type\":\"ListItem\",\"position\":1,\"name\":\"In\u00edcio\",\"item\":\"https:\/\/portaltela.pt\/\"},{\"@type\":\"ListItem\",\"position\":2,\"name\":\"IEFP recebe mais fundos europeus; metros de Lisboa e Porto s\u00e3o caros\"}]},{\"@type\":\"WebSite\",\"@id\":\"https:\/\/portaltela.pt\/#website\",\"url\":\"https:\/\/portaltela.pt\/\",\"name\":\"Portal Tela Portugal\",\"description\":\"\",\"potentialAction\":[{\"@type\":\"SearchAction\",\"target\":{\"@type\":\"EntryPoint\",\"urlTemplate\":\"https:\/\/portaltela.pt\/?s={search_term_string}\"},\"query-input\":{\"@type\":\"PropertyValueSpecification\",\"valueRequired\":true,\"valueName\":\"search_term_string\"}}],\"inLanguage\":\"pt-PT\"},{\"@type\":\"Person\",\"@id\":\"https:\/\/portaltela.pt\/#\/schema\/person\/c4278d4a6028830caff9ee44b42d32ed\",\"name\":\"Telinha\",\"image\":{\"@type\":\"ImageObject\",\"inLanguage\":\"pt-PT\",\"@id\":\"https:\/\/portaltela.pt\/s.01k8rhncp4jt1\/2025\/11\/talking-bot-125x125.png\",\"url\":\"https:\/\/portaltela.pt\/s.01k8rhncp4jt1\/2025\/11\/talking-bot-125x125.png\",\"contentUrl\":\"https:\/\/portaltela.pt\/s.01k8rhncp4jt1\/2025\/11\/talking-bot-125x125.png\",\"caption\":\"Telinha\"},\"sameAs\":[\"https:\/\/portaltela.pt\/\"],\"url\":\"https:\/\/portaltela.pt\/por\/367410592786\/\"}]}<\/script>\n<!-- \/ Yoast SEO plugin. -->","yoast_head_json":{"title":"IEFP recebe mais fundos europeus; metros de Lisboa e Porto s\u00e3o caros - Portal Tela Portugal","robots":{"index":"index","follow":"follow","max-snippet":"max-snippet:-1","max-image-preview":"max-image-preview:large","max-video-preview":"max-video-preview:-1"},"og_locale":"pt_PT","og_type":"article","og_title":"IEFP recebe mais fundos europeus; metros de Lisboa e Porto s\u00e3o caros - Portal Tela Portugal","og_description":"O IEFP foi o maior benefici\u00e1rio de fundos do Portugal 2020, com 410 projetos apoiados e quase dois mil milh\u00f5es de euros de financiamento. No topo da tabela surgem igualmente a Dire\u00e7\u00e3o-Geral do Ensino Superior e a Infraestruturas de Portugal. Em termos de financiamento por projeto, a maior fatia foi para a expans\u00e3o do metro de Lisboa, no valor de 131 milh\u00f5es de euros. Segue-se o metro do Porto, Linha Amarela (Santo Ov\u00eddio-Vila D\u2019 Este), com 112 milh\u00f5es de euros. A an\u00e1lise \u00e9 baseada em dados do Portal da Transpar\u00eancia.","og_url":"https:\/\/portaltela.pt\/noticias\/2026\/03\/12\/iefp-recebe-mais-fundos-europeus-metros-de-lisboa-e-porto-sao-caros\/","og_site_name":"Portal Tela Portugal","article_published_time":"2026-03-13T00:00:00+00:00","author":"Telinha","twitter_card":"summary_large_image","twitter_misc":{"Escrito por":"Telinha","Tempo estimado de leitura":"1 minuto"},"schema":{"@context":"https:\/\/schema.org","@graph":[{"@type":"Article","@id":"https:\/\/portaltela.pt\/noticias\/2026\/03\/12\/iefp-recebe-mais-fundos-europeus-metros-de-lisboa-e-porto-sao-caros\/#article","isPartOf":{"@id":"https:\/\/portaltela.pt\/noticias\/2026\/03\/12\/iefp-recebe-mais-fundos-europeus-metros-de-lisboa-e-porto-sao-caros\/"},"author":{"name":"Telinha","@id":"https:\/\/portaltela.pt\/#\/schema\/person\/c4278d4a6028830caff9ee44b42d32ed"},"headline":"IEFP recebe mais fundos europeus; metros de Lisboa e Porto s\u00e3o caros","datePublished":"2026-03-13T00:00:00+00:00","mainEntityOfPage":{"@id":"https:\/\/portaltela.pt\/noticias\/2026\/03\/12\/iefp-recebe-mais-fundos-europeus-metros-de-lisboa-e-porto-sao-caros\/"},"wordCount":185,"image":{"@id":"https:\/\/portaltela.pt\/noticias\/2026\/03\/12\/iefp-recebe-mais-fundos-europeus-metros-de-lisboa-e-porto-sao-caros\/#primaryimage"},"thumbnailUrl":"https:\/\/portaltela.pt\/s.01k8rhncp4jt1\/2026\/03\/image-826.jpg","keywords":["_economia","financiamento","IEFP","Infraestruturas de Portugal","Lisboa","Porto"],"articleSection":["Economia","Neg\u00f3cios"],"inLanguage":"pt-PT"},{"@type":"WebPage","@id":"https:\/\/portaltela.pt\/noticias\/2026\/03\/12\/iefp-recebe-mais-fundos-europeus-metros-de-lisboa-e-porto-sao-caros\/","url":"https:\/\/portaltela.pt\/noticias\/2026\/03\/12\/iefp-recebe-mais-fundos-europeus-metros-de-lisboa-e-porto-sao-caros\/","name":"IEFP recebe mais fundos europeus; metros de Lisboa e Porto s\u00e3o caros - Portal Tela Portugal","isPartOf":{"@id":"https:\/\/portaltela.pt\/#website"},"primaryImageOfPage":{"@id":"https:\/\/portaltela.pt\/noticias\/2026\/03\/12\/iefp-recebe-mais-fundos-europeus-metros-de-lisboa-e-porto-sao-caros\/#primaryimage"},"image":{"@id":"https:\/\/portaltela.pt\/noticias\/2026\/03\/12\/iefp-recebe-mais-fundos-europeus-metros-de-lisboa-e-porto-sao-caros\/#primaryimage"},"thumbnailUrl":"https:\/\/portaltela.pt\/s.01k8rhncp4jt1\/2026\/03\/image-826.jpg","datePublished":"2026-03-13T00:00:00+00:00","author":{"@id":"https:\/\/portaltela.pt\/#\/schema\/person\/c4278d4a6028830caff9ee44b42d32ed"},"breadcrumb":{"@id":"https:\/\/portaltela.pt\/noticias\/2026\/03\/12\/iefp-recebe-mais-fundos-europeus-metros-de-lisboa-e-porto-sao-caros\/#breadcrumb"},"inLanguage":"pt-PT","potentialAction":[{"@type":"ReadAction","target":["https:\/\/portaltela.pt\/noticias\/2026\/03\/12\/iefp-recebe-mais-fundos-europeus-metros-de-lisboa-e-porto-sao-caros\/"]}]},{"@type":"ImageObject","inLanguage":"pt-PT","@id":"https:\/\/portaltela.pt\/noticias\/2026\/03\/12\/iefp-recebe-mais-fundos-europeus-metros-de-lisboa-e-porto-sao-caros\/#primaryimage","url":"https:\/\/portaltela.pt\/s.01k8rhncp4jt1\/2026\/03\/image-826.jpg","contentUrl":"https:\/\/portaltela.pt\/s.01k8rhncp4jt1\/2026\/03\/image-826.jpg","width":796,"height":448,"caption":"O IEFP teve 410 projetos apoiados e quase dois mil milh\u00f5es de euros de financiamento"},{"@type":"BreadcrumbList","@id":"https:\/\/portaltela.pt\/noticias\/2026\/03\/12\/iefp-recebe-mais-fundos-europeus-metros-de-lisboa-e-porto-sao-caros\/#breadcrumb","itemListElement":[{"@type":"ListItem","position":1,"name":"In\u00edcio","item":"https:\/\/portaltela.pt\/"},{"@type":"ListItem","position":2,"name":"IEFP recebe mais fundos europeus; metros de Lisboa e Porto s\u00e3o caros"}]},{"@type":"WebSite","@id":"https:\/\/portaltela.pt\/#website","url":"https:\/\/portaltela.pt\/","name":"Portal Tela Portugal","description":"","potentialAction":[{"@type":"SearchAction","target":{"@type":"EntryPoint","urlTemplate":"https:\/\/portaltela.pt\/?s={search_term_string}"},"query-input":{"@type":"PropertyValueSpecification","valueRequired":true,"valueName":"search_term_string"}}],"inLanguage":"pt-PT"},{"@type":"Person","@id":"https:\/\/portaltela.pt\/#\/schema\/person\/c4278d4a6028830caff9ee44b42d32ed","name":"Telinha","image":{"@type":"ImageObject","inLanguage":"pt-PT","@id":"https:\/\/portaltela.pt\/s.01k8rhncp4jt1\/2025\/11\/talking-bot-125x125.png","url":"https:\/\/portaltela.pt\/s.01k8rhncp4jt1\/2025\/11\/talking-bot-125x125.png","contentUrl":"https:\/\/portaltela.pt\/s.01k8rhncp4jt1\/2025\/11\/talking-bot-125x125.png","caption":"Telinha"},"sameAs":["https:\/\/portaltela.pt\/"],"url":"https:\/\/portaltela.pt\/por\/367410592786\/"}]}},"_links":{"self":[{"href":"https:\/\/portaltela.pt\/api\/wp\/v2\/posts\/408224","targetHints":{"allow":["GET"]}}],"collection":[{"href":"https:\/\/portaltela.pt\/api\/wp\/v2\/posts"}],"about":[{"href":"https:\/\/portaltela.pt\/api\/wp\/v2\/types\/post"}],"author":[{"embeddable":true,"href":"https:\/\/portaltela.pt\/api\/wp\/v2\/users\/2"}],"replies":[{"embeddable":true,"href":"https:\/\/portaltela.pt\/api\/wp\/v2\/comments?post=408224"}],"version-history":[{"count":0,"href":"https:\/\/portaltela.pt\/api\/wp\/v2\/posts\/408224\/revisions"}],"wp:featuredmedia":[{"embeddable":true,"href":"https:\/\/portaltela.pt\/api\/wp\/v2\/media\/408230"}],"wp:attachment":[{"href":"https:\/\/portaltela.pt\/api\/wp\/v2\/media?parent=408224"}],"wp:term":[{"taxonomy":"category","embeddable":true,"href":"https:\/\/portaltela.pt\/api\/wp\/v2\/categories?post=408224"},{"taxonomy":"post_tag","embeddable":true,"href":"https:\/\/portaltela.pt\/api\/wp\/v2\/tags?post=408224"}],"curies":[{"name":"wp","href":"https:\/\/api.w.org\/{rel}","templated":true}]}}