{"id":408219,"date":"2026-03-12T21:00:00","date_gmt":"2026-03-13T00:00:00","guid":{"rendered":"https:\/\/portaltela.pt\/noticias\/2026\/03\/12\/quem-cria-a-marca-fica-com-o-valor-do-negocio\/"},"modified":"2026-03-12T21:00:00","modified_gmt":"2026-03-13T00:00:00","slug":"quem-cria-a-marca-fica-com-o-valor-do-negocio","status":"publish","type":"post","link":"https:\/\/portaltela.pt\/noticias\/economia\/2026\/03\/12\/quem-cria-a-marca-fica-com-o-valor-do-negocio\/","title":{"rendered":"Quem cria a marca fica com o valor do neg\u00f3cio"},"content":{"rendered":"<p>Durante anos, a economia portuguesa concentrou-se na produ\u00e7\u00e3o para terceiros. A qualidade \u00e9 reconhecida internacionalmente, mas o valor ao longo da cadeia fica muitas vezes com quem est\u00e1 mais pr\u00f3ximo do consumidor final: a marca.<\/p>\n<p>A not\u00edcia traz uma leitura sobre como o controle da marca define a rela\u00e7\u00e3o com o mercado, a narrativa e a parcela de valor econ\u00f3mico. O fen\u00f3meno cresce com uma nova gera\u00e7\u00e3o de empreendedores que visa produtos pr\u00f3prios e presen\u00e7a internacional.<\/p>\n<p>A economia portuguesa pode beneficiar de uma coopera\u00e7\u00e3o entre startups e PME. Ao introduzir inova\u00e7\u00e3o, novas linguagens de mercado e novos posicionamentos, pode emergir um conjunto de marcas com identidade pr\u00f3pria.<\/p>\n<h3>Contexto atual<\/h3>\n<p>Startups com voca\u00e7\u00e3o global podem nascer com foco em marcas fortes desde o in\u00edcio. Por outro lado, empresas estabelecidas trazem conhecimento setorial e capacidades produtivas que, associadas \u00e0 criatividade, geram oportunidades de valoriza\u00e7\u00e3o da marca.<\/p>\n<h3>Papel das startups<\/h3>\n<p>A intera\u00e7\u00e3o entre inova\u00e7\u00e3o jovem e tradi\u00e7\u00e3o industrial pode transformar capacidade produtiva em propostas de valor reconhecidas. Esse casamento pode acelerar o posicionamento internacional de v\u00e1rias empresas portuguesas.<\/p>\n<h3>Desafios e pol\u00edticas p\u00fablicas<\/h3>\n<p>Criar marcas exige vis\u00e3o, investimento e consist\u00eancia ao longo do tempo. Pol\u00edticas p\u00fablicas que protejam a propriedade intelectual e incentivem a internacionaliza\u00e7\u00e3o podem acelerar o processo de valoriza\u00e7\u00e3o da marca nacional.<\/p>\n<h3>Caminhos futuros<\/h3>\n<p>Portugal j\u00e1 tem produ\u00e7\u00e3o de qualidade. O desafio \u00e9 transformar esse conhecimento em marcas que expressem valor, identidade e presen\u00e7a global. O avan\u00e7o passa por estrat\u00e9gias que conectem produ\u00e7\u00e3o, inova\u00e7\u00e3o e gest\u00e3o de marca.<\/p>\n","protected":false},"excerpt":{"rendered":"<ul>\n<li>Em Portugal, o valor criado na cadeia de produ\u00e7\u00e3o fica muitas vezes com quem gere a marca, n\u00e3o com a f\u00e1brica.<\/li>\n<li>Quem controla a marca define a rela\u00e7\u00e3o com o mercado, a narrativa e capta uma fatia maior do valor econ\u00f3mico.<\/li>\n<li>Startups podem ter um papel importante, criando marcas globais ou oferecendo inova\u00e7\u00e3o e novas linguagens de mercado a empresas existentes.<\/li>\n<li>A colabora\u00e7\u00e3o entre startups e PME pode gerar novos posicionamentos e marcas, promovendo transforma\u00e7\u00e3o na economia.<\/li>\n<li>Pol\u00edticas p\u00fablicas que protejam a propriedade intelectual, promovam a internacionaliza\u00e7\u00e3o e facilitar a capitaliza\u00e7\u00e3o s\u00e3o fundamentais para transformar conhecimento em marcas com presen\u00e7a internacional.<\/li>\n<\/ul>\n","protected":false},"author":2,"featured_media":408223,"comment_status":"closed","ping_status":"closed","sticky":false,"template":"","format":"standard","meta":{"footnotes":""},"categories":[2,6735],"tags":[28,3861,33,3080,240,49],"class_list":["post-408219","post","type-post","status-publish","format-standard","has-post-thumbnail","hentry","category-economia","category-negocios","tag-economia","tag-economia-internacional","tag-inovacao","tag-internacionalizacao","tag-propriedade-intelectual","tag-startups"],"yoast_head":"<!-- This site is optimized with the Yoast SEO plugin v27.2 - https:\/\/yoast.com\/product\/yoast-seo-wordpress\/ -->\n<title>Quem cria a marca fica com o valor do neg\u00f3cio - Portal Tela Portugal<\/title>\n<meta name=\"robots\" content=\"index, follow, max-snippet:-1, max-image-preview:large, max-video-preview:-1\" \/>\n<meta property=\"og:locale\" content=\"pt_PT\" \/>\n<meta property=\"og:type\" content=\"article\" \/>\n<meta property=\"og:title\" content=\"Quem cria a marca fica com o valor do neg\u00f3cio - Portal Tela Portugal\" \/>\n<meta property=\"og:description\" content=\"Em Portugal, o valor criado na cadeia de produ\u00e7\u00e3o fica muitas vezes com quem gere a marca, n\u00e3o com a f\u00e1brica. Quem controla a marca define a rela\u00e7\u00e3o com o mercado, a narrativa e capta uma fatia maior do valor econ\u00f3mico. Startups podem ter um papel importante, criando marcas globais ou oferecendo inova\u00e7\u00e3o e novas linguagens de mercado a empresas existentes. A colabora\u00e7\u00e3o entre startups e PME pode gerar novos posicionamentos e marcas, promovendo transforma\u00e7\u00e3o na economia. Pol\u00edticas p\u00fablicas que protejam a propriedade intelectual, promovam a internacionaliza\u00e7\u00e3o e facilitar a capitaliza\u00e7\u00e3o s\u00e3o fundamentais para transformar conhecimento em marcas com presen\u00e7a internacional.\" \/>\n<meta property=\"og:url\" content=\"https:\/\/portaltela.pt\/noticias\/2026\/03\/12\/quem-cria-a-marca-fica-com-o-valor-do-negocio\/\" \/>\n<meta property=\"og:site_name\" content=\"Portal Tela Portugal\" \/>\n<meta property=\"article:published_time\" content=\"2026-03-13T00:00:00+00:00\" \/>\n<meta name=\"author\" content=\"Telinha\" \/>\n<meta name=\"twitter:card\" content=\"summary_large_image\" \/>\n<meta name=\"twitter:label1\" content=\"Escrito por\" \/>\n\t<meta name=\"twitter:data1\" content=\"Telinha\" \/>\n\t<meta name=\"twitter:label2\" content=\"Tempo estimado de leitura\" \/>\n\t<meta name=\"twitter:data2\" content=\"1 minuto\" \/>\n<script type=\"application\/ld+json\" class=\"yoast-schema-graph\">{\"@context\":\"https:\/\/schema.org\",\"@graph\":[{\"@type\":\"Article\",\"@id\":\"https:\/\/portaltela.pt\/noticias\/2026\/03\/12\/quem-cria-a-marca-fica-com-o-valor-do-negocio\/#article\",\"isPartOf\":{\"@id\":\"https:\/\/portaltela.pt\/noticias\/2026\/03\/12\/quem-cria-a-marca-fica-com-o-valor-do-negocio\/\"},\"author\":{\"name\":\"Telinha\",\"@id\":\"https:\/\/portaltela.pt\/#\/schema\/person\/c4278d4a6028830caff9ee44b42d32ed\"},\"headline\":\"Quem cria a marca fica com o valor do neg\u00f3cio\",\"datePublished\":\"2026-03-13T00:00:00+00:00\",\"mainEntityOfPage\":{\"@id\":\"https:\/\/portaltela.pt\/noticias\/2026\/03\/12\/quem-cria-a-marca-fica-com-o-valor-do-negocio\/\"},\"wordCount\":288,\"image\":{\"@id\":\"https:\/\/portaltela.pt\/noticias\/2026\/03\/12\/quem-cria-a-marca-fica-com-o-valor-do-negocio\/#primaryimage\"},\"thumbnailUrl\":\"https:\/\/portaltela.pt\/s.01k8rhncp4jt1\/2026\/03\/b8fe0873-4401-4950-a3b5-ff1f740d8314_1200x675.jpg\",\"keywords\":[\"economia\",\"economia internacional\",\"inova\u00e7\u00e3o\",\"internacionaliza\u00e7\u00e3o\",\"propriedade intelectual\",\"startups\"],\"articleSection\":[\"Economia\",\"Neg\u00f3cios\"],\"inLanguage\":\"pt-PT\"},{\"@type\":\"WebPage\",\"@id\":\"https:\/\/portaltela.pt\/noticias\/2026\/03\/12\/quem-cria-a-marca-fica-com-o-valor-do-negocio\/\",\"url\":\"https:\/\/portaltela.pt\/noticias\/2026\/03\/12\/quem-cria-a-marca-fica-com-o-valor-do-negocio\/\",\"name\":\"Quem cria a marca fica com o valor do neg\u00f3cio - Portal Tela Portugal\",\"isPartOf\":{\"@id\":\"https:\/\/portaltela.pt\/#website\"},\"primaryImageOfPage\":{\"@id\":\"https:\/\/portaltela.pt\/noticias\/2026\/03\/12\/quem-cria-a-marca-fica-com-o-valor-do-negocio\/#primaryimage\"},\"image\":{\"@id\":\"https:\/\/portaltela.pt\/noticias\/2026\/03\/12\/quem-cria-a-marca-fica-com-o-valor-do-negocio\/#primaryimage\"},\"thumbnailUrl\":\"https:\/\/portaltela.pt\/s.01k8rhncp4jt1\/2026\/03\/b8fe0873-4401-4950-a3b5-ff1f740d8314_1200x675.jpg\",\"datePublished\":\"2026-03-13T00:00:00+00:00\",\"author\":{\"@id\":\"https:\/\/portaltela.pt\/#\/schema\/person\/c4278d4a6028830caff9ee44b42d32ed\"},\"breadcrumb\":{\"@id\":\"https:\/\/portaltela.pt\/noticias\/2026\/03\/12\/quem-cria-a-marca-fica-com-o-valor-do-negocio\/#breadcrumb\"},\"inLanguage\":\"pt-PT\",\"potentialAction\":[{\"@type\":\"ReadAction\",\"target\":[\"https:\/\/portaltela.pt\/noticias\/2026\/03\/12\/quem-cria-a-marca-fica-com-o-valor-do-negocio\/\"]}]},{\"@type\":\"ImageObject\",\"inLanguage\":\"pt-PT\",\"@id\":\"https:\/\/portaltela.pt\/noticias\/2026\/03\/12\/quem-cria-a-marca-fica-com-o-valor-do-negocio\/#primaryimage\",\"url\":\"https:\/\/portaltela.pt\/s.01k8rhncp4jt1\/2026\/03\/b8fe0873-4401-4950-a3b5-ff1f740d8314_1200x675.jpg\",\"contentUrl\":\"https:\/\/portaltela.pt\/s.01k8rhncp4jt1\/2026\/03\/b8fe0873-4401-4950-a3b5-ff1f740d8314_1200x675.jpg\",\"width\":796,\"height\":448,\"caption\":\"Photo\"},{\"@type\":\"BreadcrumbList\",\"@id\":\"https:\/\/portaltela.pt\/noticias\/2026\/03\/12\/quem-cria-a-marca-fica-com-o-valor-do-negocio\/#breadcrumb\",\"itemListElement\":[{\"@type\":\"ListItem\",\"position\":1,\"name\":\"In\u00edcio\",\"item\":\"https:\/\/portaltela.pt\/\"},{\"@type\":\"ListItem\",\"position\":2,\"name\":\"Quem cria a marca fica com o valor do neg\u00f3cio\"}]},{\"@type\":\"WebSite\",\"@id\":\"https:\/\/portaltela.pt\/#website\",\"url\":\"https:\/\/portaltela.pt\/\",\"name\":\"Portal Tela Portugal\",\"description\":\"\",\"potentialAction\":[{\"@type\":\"SearchAction\",\"target\":{\"@type\":\"EntryPoint\",\"urlTemplate\":\"https:\/\/portaltela.pt\/?s={search_term_string}\"},\"query-input\":{\"@type\":\"PropertyValueSpecification\",\"valueRequired\":true,\"valueName\":\"search_term_string\"}}],\"inLanguage\":\"pt-PT\"},{\"@type\":\"Person\",\"@id\":\"https:\/\/portaltela.pt\/#\/schema\/person\/c4278d4a6028830caff9ee44b42d32ed\",\"name\":\"Telinha\",\"image\":{\"@type\":\"ImageObject\",\"inLanguage\":\"pt-PT\",\"@id\":\"https:\/\/portaltela.pt\/s.01k8rhncp4jt1\/2025\/11\/talking-bot-125x125.png\",\"url\":\"https:\/\/portaltela.pt\/s.01k8rhncp4jt1\/2025\/11\/talking-bot-125x125.png\",\"contentUrl\":\"https:\/\/portaltela.pt\/s.01k8rhncp4jt1\/2025\/11\/talking-bot-125x125.png\",\"caption\":\"Telinha\"},\"sameAs\":[\"https:\/\/portaltela.pt\/\"],\"url\":\"https:\/\/portaltela.pt\/por\/367410592786\/\"}]}<\/script>\n<!-- \/ Yoast SEO plugin. -->","yoast_head_json":{"title":"Quem cria a marca fica com o valor do neg\u00f3cio - Portal Tela Portugal","robots":{"index":"index","follow":"follow","max-snippet":"max-snippet:-1","max-image-preview":"max-image-preview:large","max-video-preview":"max-video-preview:-1"},"og_locale":"pt_PT","og_type":"article","og_title":"Quem cria a marca fica com o valor do neg\u00f3cio - Portal Tela Portugal","og_description":"Em Portugal, o valor criado na cadeia de produ\u00e7\u00e3o fica muitas vezes com quem gere a marca, n\u00e3o com a f\u00e1brica. Quem controla a marca define a rela\u00e7\u00e3o com o mercado, a narrativa e capta uma fatia maior do valor econ\u00f3mico. Startups podem ter um papel importante, criando marcas globais ou oferecendo inova\u00e7\u00e3o e novas linguagens de mercado a empresas existentes. A colabora\u00e7\u00e3o entre startups e PME pode gerar novos posicionamentos e marcas, promovendo transforma\u00e7\u00e3o na economia. Pol\u00edticas p\u00fablicas que protejam a propriedade intelectual, promovam a internacionaliza\u00e7\u00e3o e facilitar a capitaliza\u00e7\u00e3o s\u00e3o fundamentais para transformar conhecimento em marcas com presen\u00e7a internacional.","og_url":"https:\/\/portaltela.pt\/noticias\/2026\/03\/12\/quem-cria-a-marca-fica-com-o-valor-do-negocio\/","og_site_name":"Portal Tela Portugal","article_published_time":"2026-03-13T00:00:00+00:00","author":"Telinha","twitter_card":"summary_large_image","twitter_misc":{"Escrito por":"Telinha","Tempo estimado de leitura":"1 minuto"},"schema":{"@context":"https:\/\/schema.org","@graph":[{"@type":"Article","@id":"https:\/\/portaltela.pt\/noticias\/2026\/03\/12\/quem-cria-a-marca-fica-com-o-valor-do-negocio\/#article","isPartOf":{"@id":"https:\/\/portaltela.pt\/noticias\/2026\/03\/12\/quem-cria-a-marca-fica-com-o-valor-do-negocio\/"},"author":{"name":"Telinha","@id":"https:\/\/portaltela.pt\/#\/schema\/person\/c4278d4a6028830caff9ee44b42d32ed"},"headline":"Quem cria a marca fica com o valor do neg\u00f3cio","datePublished":"2026-03-13T00:00:00+00:00","mainEntityOfPage":{"@id":"https:\/\/portaltela.pt\/noticias\/2026\/03\/12\/quem-cria-a-marca-fica-com-o-valor-do-negocio\/"},"wordCount":288,"image":{"@id":"https:\/\/portaltela.pt\/noticias\/2026\/03\/12\/quem-cria-a-marca-fica-com-o-valor-do-negocio\/#primaryimage"},"thumbnailUrl":"https:\/\/portaltela.pt\/s.01k8rhncp4jt1\/2026\/03\/b8fe0873-4401-4950-a3b5-ff1f740d8314_1200x675.jpg","keywords":["economia","economia internacional","inova\u00e7\u00e3o","internacionaliza\u00e7\u00e3o","propriedade intelectual","startups"],"articleSection":["Economia","Neg\u00f3cios"],"inLanguage":"pt-PT"},{"@type":"WebPage","@id":"https:\/\/portaltela.pt\/noticias\/2026\/03\/12\/quem-cria-a-marca-fica-com-o-valor-do-negocio\/","url":"https:\/\/portaltela.pt\/noticias\/2026\/03\/12\/quem-cria-a-marca-fica-com-o-valor-do-negocio\/","name":"Quem cria a marca fica com o valor do neg\u00f3cio - Portal Tela Portugal","isPartOf":{"@id":"https:\/\/portaltela.pt\/#website"},"primaryImageOfPage":{"@id":"https:\/\/portaltela.pt\/noticias\/2026\/03\/12\/quem-cria-a-marca-fica-com-o-valor-do-negocio\/#primaryimage"},"image":{"@id":"https:\/\/portaltela.pt\/noticias\/2026\/03\/12\/quem-cria-a-marca-fica-com-o-valor-do-negocio\/#primaryimage"},"thumbnailUrl":"https:\/\/portaltela.pt\/s.01k8rhncp4jt1\/2026\/03\/b8fe0873-4401-4950-a3b5-ff1f740d8314_1200x675.jpg","datePublished":"2026-03-13T00:00:00+00:00","author":{"@id":"https:\/\/portaltela.pt\/#\/schema\/person\/c4278d4a6028830caff9ee44b42d32ed"},"breadcrumb":{"@id":"https:\/\/portaltela.pt\/noticias\/2026\/03\/12\/quem-cria-a-marca-fica-com-o-valor-do-negocio\/#breadcrumb"},"inLanguage":"pt-PT","potentialAction":[{"@type":"ReadAction","target":["https:\/\/portaltela.pt\/noticias\/2026\/03\/12\/quem-cria-a-marca-fica-com-o-valor-do-negocio\/"]}]},{"@type":"ImageObject","inLanguage":"pt-PT","@id":"https:\/\/portaltela.pt\/noticias\/2026\/03\/12\/quem-cria-a-marca-fica-com-o-valor-do-negocio\/#primaryimage","url":"https:\/\/portaltela.pt\/s.01k8rhncp4jt1\/2026\/03\/b8fe0873-4401-4950-a3b5-ff1f740d8314_1200x675.jpg","contentUrl":"https:\/\/portaltela.pt\/s.01k8rhncp4jt1\/2026\/03\/b8fe0873-4401-4950-a3b5-ff1f740d8314_1200x675.jpg","width":796,"height":448,"caption":"Photo"},{"@type":"BreadcrumbList","@id":"https:\/\/portaltela.pt\/noticias\/2026\/03\/12\/quem-cria-a-marca-fica-com-o-valor-do-negocio\/#breadcrumb","itemListElement":[{"@type":"ListItem","position":1,"name":"In\u00edcio","item":"https:\/\/portaltela.pt\/"},{"@type":"ListItem","position":2,"name":"Quem cria a marca fica com o valor do neg\u00f3cio"}]},{"@type":"WebSite","@id":"https:\/\/portaltela.pt\/#website","url":"https:\/\/portaltela.pt\/","name":"Portal Tela Portugal","description":"","potentialAction":[{"@type":"SearchAction","target":{"@type":"EntryPoint","urlTemplate":"https:\/\/portaltela.pt\/?s={search_term_string}"},"query-input":{"@type":"PropertyValueSpecification","valueRequired":true,"valueName":"search_term_string"}}],"inLanguage":"pt-PT"},{"@type":"Person","@id":"https:\/\/portaltela.pt\/#\/schema\/person\/c4278d4a6028830caff9ee44b42d32ed","name":"Telinha","image":{"@type":"ImageObject","inLanguage":"pt-PT","@id":"https:\/\/portaltela.pt\/s.01k8rhncp4jt1\/2025\/11\/talking-bot-125x125.png","url":"https:\/\/portaltela.pt\/s.01k8rhncp4jt1\/2025\/11\/talking-bot-125x125.png","contentUrl":"https:\/\/portaltela.pt\/s.01k8rhncp4jt1\/2025\/11\/talking-bot-125x125.png","caption":"Telinha"},"sameAs":["https:\/\/portaltela.pt\/"],"url":"https:\/\/portaltela.pt\/por\/367410592786\/"}]}},"_links":{"self":[{"href":"https:\/\/portaltela.pt\/api\/wp\/v2\/posts\/408219","targetHints":{"allow":["GET"]}}],"collection":[{"href":"https:\/\/portaltela.pt\/api\/wp\/v2\/posts"}],"about":[{"href":"https:\/\/portaltela.pt\/api\/wp\/v2\/types\/post"}],"author":[{"embeddable":true,"href":"https:\/\/portaltela.pt\/api\/wp\/v2\/users\/2"}],"replies":[{"embeddable":true,"href":"https:\/\/portaltela.pt\/api\/wp\/v2\/comments?post=408219"}],"version-history":[{"count":0,"href":"https:\/\/portaltela.pt\/api\/wp\/v2\/posts\/408219\/revisions"}],"wp:featuredmedia":[{"embeddable":true,"href":"https:\/\/portaltela.pt\/api\/wp\/v2\/media\/408223"}],"wp:attachment":[{"href":"https:\/\/portaltela.pt\/api\/wp\/v2\/media?parent=408219"}],"wp:term":[{"taxonomy":"category","embeddable":true,"href":"https:\/\/portaltela.pt\/api\/wp\/v2\/categories?post=408219"},{"taxonomy":"post_tag","embeddable":true,"href":"https:\/\/portaltela.pt\/api\/wp\/v2\/tags?post=408219"}],"curies":[{"name":"wp","href":"https:\/\/api.w.org\/{rel}","templated":true}]}}