{"id":408205,"date":"2026-03-12T20:40:00","date_gmt":"2026-03-12T23:40:00","guid":{"rendered":"https:\/\/portaltela.pt\/noticias\/2026\/03\/12\/netanyahu-pede-fim-ao-circo-do-julgamento-para-se-concentrar-na-guerra\/"},"modified":"2026-03-12T20:40:00","modified_gmt":"2026-03-12T23:40:00","slug":"netanyahu-pede-fim-ao-circo-do-julgamento-para-se-concentrar-na-guerra","status":"publish","type":"post","link":"https:\/\/portaltela.pt\/noticias\/politica\/2026\/03\/12\/netanyahu-pede-fim-ao-circo-do-julgamento-para-se-concentrar-na-guerra\/","title":{"rendered":"Netanyahu pede fim ao circo do julgamento para se concentrar na guerra"},"content":{"rendered":"<p>O primeiro-ministro de Israel, Benjamin Netanyahu, pediu o fim do que chamou de circo no julgamento por corrup\u00e7\u00e3o para poder concentrar-se na guerra. A declara\u00e7\u00e3o ocorreu na primeira confer\u00eancia de imprensa desde o in\u00edcio do conflito, em que Israel, com o apoio dos EUA, combate o Ir\u00e3o a partir de 28 de fevereiro.<\/p>\n<p>Netanyahu afirmou que o julgamento deveria ser suspenso durante o estado de guerra, justificando que, nesse per\u00edodo, n\u00e3o h\u00e1 espa\u00e7o para di\u00e1logo. O l\u00edder descreveu o processo como um obst\u00e1culo \u00e0 condu\u00e7\u00e3o da defesa nacional.<\/p>\n<p>O chefe de governo apresentou formalmente, a 30 de novembro, um pedido de indulto ao Presidente Isaac Herzog, que ainda n\u00e3o tomou uma decis\u00e3o. O apoio recebido do aliado Donald Trump foi destacado pelo premi\u00ea.<\/p>\n<p>Trump chegou a defender que o caso \u00e9 uma ca\u00e7a \u00e0s bruxas, sugerindo que o julgamento nunca deveria ter avan\u00e7ado. Netanyahu respondeu que Herzog \u00e9 livre para decidir, mantendo a posi\u00e7\u00e3o de encerrar o que classifica como circo.<\/p>\n<p>Antes da guerra, Netanyahu comparecia ao tribunal tr\u00eas vezes por semana. Desde o in\u00edcio do julgamento em 2024, as audi\u00eancias t\u00eam sido adiadas por compromissos diplom\u00e1ticos e pela ofensiva em Gaza, levando a aus\u00eancias reiteradas.<\/p>\n<p>O processo envolve tr\u00eas casos: 1000 e 2000, por fraude e abuso de confian\u00e7a, e o 4000, considerado o mais grave, relacionado com alegados favores ao empres\u00e1rio Shaul Elovich, controlador da Bezeq e do Walla News, em troca de cobertura medi\u00e1tica favor\u00e1vel.<\/p>\n<p>Netanyahu, que tem repetidamente apelado aos tribunais como alvo de uma conspira\u00e7\u00e3o, \u00e9 o primeiro-ministro em fun\u00e7\u00f5es a ser julgado em Israel. O resultado dos processos continua incerto, com decis\u00f5es judiciais pendentes.<\/p>\n","protected":false},"excerpt":{"rendered":"<ul>\n<li>O primeiro-ministro de Israel, Benjamin Netanyahu, pediu o fim do que chamou de \u201ccirco\u201d do julgamento por corrup\u00e7\u00e3o para poder concentrar-se na guerra.<\/li>\n<li>Netanyahu sugeriu que o julgamento seja suspenso durante o conflito, que come\u00e7ou com o apoio dos Estados Unidos contra o Ir\u00e3o a 28 de fevereiro.<\/li>\n<li>O chefe de governo formalizou, a 30 de novembro, um pedido de indulto ao presidente Isaac Herzog, contando com o apoio do seu aliado, Donald Trump, que j\u00e1 pediu amnistia.<\/li>\n<li>Trump afirmou que h\u00e1 \u201cca\u00e7a \u00e0s bruxas\u201d pol\u00edtica e que o julgamento n\u00e3o deveria ter acontecido, sugerindo manipula\u00e7\u00e3o de testemunhas.<\/li>\n<li>Netanyahu enfrenta tr\u00eas processos em aberto (1000, 2000 e 4000), sendo este \u00faltimo considerado o mais grave, relacionado com alegados favores a um empres\u00e1rio de telecomunica\u00e7\u00f5es em troca de mediatismo.<\/li>\n<\/ul>\n","protected":false},"author":2,"featured_media":408207,"comment_status":"closed","ping_status":"closed","sticky":false,"template":"","format":"standard","meta":{"footnotes":""},"categories":[1,5],"tags":[6049,254,4953,62,3708,2832],"class_list":["post-408205","post","type-post","status-publish","format-standard","has-post-thumbnail","hentry","category-noticias","category-politica","tag-benjamin-netanyahu","tag-conflito","tag-donald-trump","tag-guerra","tag-israel","tag-politica"],"yoast_head":"<!-- This site is optimized with the Yoast SEO plugin v27.2 - https:\/\/yoast.com\/product\/yoast-seo-wordpress\/ -->\n<title>Netanyahu pede fim ao circo do julgamento para se concentrar na guerra - Portal Tela Portugal<\/title>\n<meta name=\"robots\" content=\"index, follow, max-snippet:-1, max-image-preview:large, max-video-preview:-1\" \/>\n<meta property=\"og:locale\" content=\"pt_PT\" \/>\n<meta property=\"og:type\" content=\"article\" \/>\n<meta property=\"og:title\" content=\"Netanyahu pede fim ao circo do julgamento para se concentrar na guerra - Portal Tela Portugal\" \/>\n<meta property=\"og:description\" content=\"O primeiro-ministro de Israel, Benjamin Netanyahu, pediu o fim do que chamou de \u201ccirco\u201d do julgamento por corrup\u00e7\u00e3o para poder concentrar-se na guerra. Netanyahu sugeriu que o julgamento seja suspenso durante o conflito, que come\u00e7ou com o apoio dos Estados Unidos contra o Ir\u00e3o a 28 de fevereiro. O chefe de governo formalizou, a 30 de novembro, um pedido de indulto ao presidente Isaac Herzog, contando com o apoio do seu aliado, Donald Trump, que j\u00e1 pediu amnistia. Trump afirmou que h\u00e1 \u201cca\u00e7a \u00e0s bruxas\u201d pol\u00edtica e que o julgamento n\u00e3o deveria ter acontecido, sugerindo manipula\u00e7\u00e3o de testemunhas. Netanyahu enfrenta tr\u00eas processos em aberto (1000, 2000 e 4000), sendo este \u00faltimo considerado o mais grave, relacionado com alegados favores a um empres\u00e1rio de telecomunica\u00e7\u00f5es em troca de mediatismo.\" \/>\n<meta property=\"og:url\" content=\"https:\/\/portaltela.pt\/noticias\/2026\/03\/12\/netanyahu-pede-fim-ao-circo-do-julgamento-para-se-concentrar-na-guerra\/\" \/>\n<meta property=\"og:site_name\" content=\"Portal Tela Portugal\" \/>\n<meta property=\"article:published_time\" content=\"2026-03-12T23:40:00+00:00\" \/>\n<meta name=\"author\" content=\"Telinha\" \/>\n<meta name=\"twitter:card\" content=\"summary_large_image\" \/>\n<meta name=\"twitter:label1\" content=\"Escrito por\" \/>\n\t<meta name=\"twitter:data1\" content=\"Telinha\" \/>\n\t<meta name=\"twitter:label2\" content=\"Tempo estimado de leitura\" \/>\n\t<meta name=\"twitter:data2\" content=\"1 minuto\" \/>\n<script type=\"application\/ld+json\" class=\"yoast-schema-graph\">{\"@context\":\"https:\/\/schema.org\",\"@graph\":[{\"@type\":\"Article\",\"@id\":\"https:\/\/portaltela.pt\/noticias\/2026\/03\/12\/netanyahu-pede-fim-ao-circo-do-julgamento-para-se-concentrar-na-guerra\/#article\",\"isPartOf\":{\"@id\":\"https:\/\/portaltela.pt\/noticias\/2026\/03\/12\/netanyahu-pede-fim-ao-circo-do-julgamento-para-se-concentrar-na-guerra\/\"},\"author\":{\"name\":\"Telinha\",\"@id\":\"https:\/\/portaltela.pt\/#\/schema\/person\/c4278d4a6028830caff9ee44b42d32ed\"},\"headline\":\"Netanyahu pede fim ao circo do julgamento para se concentrar na guerra\",\"datePublished\":\"2026-03-12T23:40:00+00:00\",\"mainEntityOfPage\":{\"@id\":\"https:\/\/portaltela.pt\/noticias\/2026\/03\/12\/netanyahu-pede-fim-ao-circo-do-julgamento-para-se-concentrar-na-guerra\/\"},\"wordCount\":303,\"image\":{\"@id\":\"https:\/\/portaltela.pt\/noticias\/2026\/03\/12\/netanyahu-pede-fim-ao-circo-do-julgamento-para-se-concentrar-na-guerra\/#primaryimage\"},\"thumbnailUrl\":\"https:\/\/portaltela.pt\/s.01k8rhncp4jt1\/2026\/03\/image-824.jpg\",\"keywords\":[\"Benjamin Netanyahu\",\"conflito\",\"Donald Trump\",\"guerra\",\"Israel\",\"pol\u00edtica\"],\"articleSection\":[\"Not\u00edcias\",\"Pol\u00edtica\"],\"inLanguage\":\"pt-PT\"},{\"@type\":\"WebPage\",\"@id\":\"https:\/\/portaltela.pt\/noticias\/2026\/03\/12\/netanyahu-pede-fim-ao-circo-do-julgamento-para-se-concentrar-na-guerra\/\",\"url\":\"https:\/\/portaltela.pt\/noticias\/2026\/03\/12\/netanyahu-pede-fim-ao-circo-do-julgamento-para-se-concentrar-na-guerra\/\",\"name\":\"Netanyahu pede fim ao circo do julgamento para se concentrar na guerra - Portal Tela Portugal\",\"isPartOf\":{\"@id\":\"https:\/\/portaltela.pt\/#website\"},\"primaryImageOfPage\":{\"@id\":\"https:\/\/portaltela.pt\/noticias\/2026\/03\/12\/netanyahu-pede-fim-ao-circo-do-julgamento-para-se-concentrar-na-guerra\/#primaryimage\"},\"image\":{\"@id\":\"https:\/\/portaltela.pt\/noticias\/2026\/03\/12\/netanyahu-pede-fim-ao-circo-do-julgamento-para-se-concentrar-na-guerra\/#primaryimage\"},\"thumbnailUrl\":\"https:\/\/portaltela.pt\/s.01k8rhncp4jt1\/2026\/03\/image-824.jpg\",\"datePublished\":\"2026-03-12T23:40:00+00:00\",\"author\":{\"@id\":\"https:\/\/portaltela.pt\/#\/schema\/person\/c4278d4a6028830caff9ee44b42d32ed\"},\"breadcrumb\":{\"@id\":\"https:\/\/portaltela.pt\/noticias\/2026\/03\/12\/netanyahu-pede-fim-ao-circo-do-julgamento-para-se-concentrar-na-guerra\/#breadcrumb\"},\"inLanguage\":\"pt-PT\",\"potentialAction\":[{\"@type\":\"ReadAction\",\"target\":[\"https:\/\/portaltela.pt\/noticias\/2026\/03\/12\/netanyahu-pede-fim-ao-circo-do-julgamento-para-se-concentrar-na-guerra\/\"]}]},{\"@type\":\"ImageObject\",\"inLanguage\":\"pt-PT\",\"@id\":\"https:\/\/portaltela.pt\/noticias\/2026\/03\/12\/netanyahu-pede-fim-ao-circo-do-julgamento-para-se-concentrar-na-guerra\/#primaryimage\",\"url\":\"https:\/\/portaltela.pt\/s.01k8rhncp4jt1\/2026\/03\/image-824.jpg\",\"contentUrl\":\"https:\/\/portaltela.pt\/s.01k8rhncp4jt1\/2026\/03\/image-824.jpg\",\"width\":796,\"height\":448,\"caption\":\"O primeiro-ministro israelita, Benjamin Netanyahu\"},{\"@type\":\"BreadcrumbList\",\"@id\":\"https:\/\/portaltela.pt\/noticias\/2026\/03\/12\/netanyahu-pede-fim-ao-circo-do-julgamento-para-se-concentrar-na-guerra\/#breadcrumb\",\"itemListElement\":[{\"@type\":\"ListItem\",\"position\":1,\"name\":\"In\u00edcio\",\"item\":\"https:\/\/portaltela.pt\/\"},{\"@type\":\"ListItem\",\"position\":2,\"name\":\"Netanyahu pede fim ao circo do julgamento para se concentrar na guerra\"}]},{\"@type\":\"WebSite\",\"@id\":\"https:\/\/portaltela.pt\/#website\",\"url\":\"https:\/\/portaltela.pt\/\",\"name\":\"Portal Tela Portugal\",\"description\":\"\",\"potentialAction\":[{\"@type\":\"SearchAction\",\"target\":{\"@type\":\"EntryPoint\",\"urlTemplate\":\"https:\/\/portaltela.pt\/?s={search_term_string}\"},\"query-input\":{\"@type\":\"PropertyValueSpecification\",\"valueRequired\":true,\"valueName\":\"search_term_string\"}}],\"inLanguage\":\"pt-PT\"},{\"@type\":\"Person\",\"@id\":\"https:\/\/portaltela.pt\/#\/schema\/person\/c4278d4a6028830caff9ee44b42d32ed\",\"name\":\"Telinha\",\"image\":{\"@type\":\"ImageObject\",\"inLanguage\":\"pt-PT\",\"@id\":\"https:\/\/portaltela.pt\/s.01k8rhncp4jt1\/2025\/11\/talking-bot-125x125.png\",\"url\":\"https:\/\/portaltela.pt\/s.01k8rhncp4jt1\/2025\/11\/talking-bot-125x125.png\",\"contentUrl\":\"https:\/\/portaltela.pt\/s.01k8rhncp4jt1\/2025\/11\/talking-bot-125x125.png\",\"caption\":\"Telinha\"},\"sameAs\":[\"https:\/\/portaltela.pt\/\"],\"url\":\"https:\/\/portaltela.pt\/por\/367410592786\/\"}]}<\/script>\n<!-- \/ Yoast SEO plugin. -->","yoast_head_json":{"title":"Netanyahu pede fim ao circo do julgamento para se concentrar na guerra - Portal Tela Portugal","robots":{"index":"index","follow":"follow","max-snippet":"max-snippet:-1","max-image-preview":"max-image-preview:large","max-video-preview":"max-video-preview:-1"},"og_locale":"pt_PT","og_type":"article","og_title":"Netanyahu pede fim ao circo do julgamento para se concentrar na guerra - Portal Tela Portugal","og_description":"O primeiro-ministro de Israel, Benjamin Netanyahu, pediu o fim do que chamou de \u201ccirco\u201d do julgamento por corrup\u00e7\u00e3o para poder concentrar-se na guerra. Netanyahu sugeriu que o julgamento seja suspenso durante o conflito, que come\u00e7ou com o apoio dos Estados Unidos contra o Ir\u00e3o a 28 de fevereiro. O chefe de governo formalizou, a 30 de novembro, um pedido de indulto ao presidente Isaac Herzog, contando com o apoio do seu aliado, Donald Trump, que j\u00e1 pediu amnistia. Trump afirmou que h\u00e1 \u201cca\u00e7a \u00e0s bruxas\u201d pol\u00edtica e que o julgamento n\u00e3o deveria ter acontecido, sugerindo manipula\u00e7\u00e3o de testemunhas. Netanyahu enfrenta tr\u00eas processos em aberto (1000, 2000 e 4000), sendo este \u00faltimo considerado o mais grave, relacionado com alegados favores a um empres\u00e1rio de telecomunica\u00e7\u00f5es em troca de mediatismo.","og_url":"https:\/\/portaltela.pt\/noticias\/2026\/03\/12\/netanyahu-pede-fim-ao-circo-do-julgamento-para-se-concentrar-na-guerra\/","og_site_name":"Portal Tela Portugal","article_published_time":"2026-03-12T23:40:00+00:00","author":"Telinha","twitter_card":"summary_large_image","twitter_misc":{"Escrito por":"Telinha","Tempo estimado de leitura":"1 minuto"},"schema":{"@context":"https:\/\/schema.org","@graph":[{"@type":"Article","@id":"https:\/\/portaltela.pt\/noticias\/2026\/03\/12\/netanyahu-pede-fim-ao-circo-do-julgamento-para-se-concentrar-na-guerra\/#article","isPartOf":{"@id":"https:\/\/portaltela.pt\/noticias\/2026\/03\/12\/netanyahu-pede-fim-ao-circo-do-julgamento-para-se-concentrar-na-guerra\/"},"author":{"name":"Telinha","@id":"https:\/\/portaltela.pt\/#\/schema\/person\/c4278d4a6028830caff9ee44b42d32ed"},"headline":"Netanyahu pede fim ao circo do julgamento para se concentrar na guerra","datePublished":"2026-03-12T23:40:00+00:00","mainEntityOfPage":{"@id":"https:\/\/portaltela.pt\/noticias\/2026\/03\/12\/netanyahu-pede-fim-ao-circo-do-julgamento-para-se-concentrar-na-guerra\/"},"wordCount":303,"image":{"@id":"https:\/\/portaltela.pt\/noticias\/2026\/03\/12\/netanyahu-pede-fim-ao-circo-do-julgamento-para-se-concentrar-na-guerra\/#primaryimage"},"thumbnailUrl":"https:\/\/portaltela.pt\/s.01k8rhncp4jt1\/2026\/03\/image-824.jpg","keywords":["Benjamin Netanyahu","conflito","Donald Trump","guerra","Israel","pol\u00edtica"],"articleSection":["Not\u00edcias","Pol\u00edtica"],"inLanguage":"pt-PT"},{"@type":"WebPage","@id":"https:\/\/portaltela.pt\/noticias\/2026\/03\/12\/netanyahu-pede-fim-ao-circo-do-julgamento-para-se-concentrar-na-guerra\/","url":"https:\/\/portaltela.pt\/noticias\/2026\/03\/12\/netanyahu-pede-fim-ao-circo-do-julgamento-para-se-concentrar-na-guerra\/","name":"Netanyahu pede fim ao circo do julgamento para se concentrar na guerra - Portal Tela Portugal","isPartOf":{"@id":"https:\/\/portaltela.pt\/#website"},"primaryImageOfPage":{"@id":"https:\/\/portaltela.pt\/noticias\/2026\/03\/12\/netanyahu-pede-fim-ao-circo-do-julgamento-para-se-concentrar-na-guerra\/#primaryimage"},"image":{"@id":"https:\/\/portaltela.pt\/noticias\/2026\/03\/12\/netanyahu-pede-fim-ao-circo-do-julgamento-para-se-concentrar-na-guerra\/#primaryimage"},"thumbnailUrl":"https:\/\/portaltela.pt\/s.01k8rhncp4jt1\/2026\/03\/image-824.jpg","datePublished":"2026-03-12T23:40:00+00:00","author":{"@id":"https:\/\/portaltela.pt\/#\/schema\/person\/c4278d4a6028830caff9ee44b42d32ed"},"breadcrumb":{"@id":"https:\/\/portaltela.pt\/noticias\/2026\/03\/12\/netanyahu-pede-fim-ao-circo-do-julgamento-para-se-concentrar-na-guerra\/#breadcrumb"},"inLanguage":"pt-PT","potentialAction":[{"@type":"ReadAction","target":["https:\/\/portaltela.pt\/noticias\/2026\/03\/12\/netanyahu-pede-fim-ao-circo-do-julgamento-para-se-concentrar-na-guerra\/"]}]},{"@type":"ImageObject","inLanguage":"pt-PT","@id":"https:\/\/portaltela.pt\/noticias\/2026\/03\/12\/netanyahu-pede-fim-ao-circo-do-julgamento-para-se-concentrar-na-guerra\/#primaryimage","url":"https:\/\/portaltela.pt\/s.01k8rhncp4jt1\/2026\/03\/image-824.jpg","contentUrl":"https:\/\/portaltela.pt\/s.01k8rhncp4jt1\/2026\/03\/image-824.jpg","width":796,"height":448,"caption":"O primeiro-ministro israelita, Benjamin Netanyahu"},{"@type":"BreadcrumbList","@id":"https:\/\/portaltela.pt\/noticias\/2026\/03\/12\/netanyahu-pede-fim-ao-circo-do-julgamento-para-se-concentrar-na-guerra\/#breadcrumb","itemListElement":[{"@type":"ListItem","position":1,"name":"In\u00edcio","item":"https:\/\/portaltela.pt\/"},{"@type":"ListItem","position":2,"name":"Netanyahu pede fim ao circo do julgamento para se concentrar na guerra"}]},{"@type":"WebSite","@id":"https:\/\/portaltela.pt\/#website","url":"https:\/\/portaltela.pt\/","name":"Portal Tela Portugal","description":"","potentialAction":[{"@type":"SearchAction","target":{"@type":"EntryPoint","urlTemplate":"https:\/\/portaltela.pt\/?s={search_term_string}"},"query-input":{"@type":"PropertyValueSpecification","valueRequired":true,"valueName":"search_term_string"}}],"inLanguage":"pt-PT"},{"@type":"Person","@id":"https:\/\/portaltela.pt\/#\/schema\/person\/c4278d4a6028830caff9ee44b42d32ed","name":"Telinha","image":{"@type":"ImageObject","inLanguage":"pt-PT","@id":"https:\/\/portaltela.pt\/s.01k8rhncp4jt1\/2025\/11\/talking-bot-125x125.png","url":"https:\/\/portaltela.pt\/s.01k8rhncp4jt1\/2025\/11\/talking-bot-125x125.png","contentUrl":"https:\/\/portaltela.pt\/s.01k8rhncp4jt1\/2025\/11\/talking-bot-125x125.png","caption":"Telinha"},"sameAs":["https:\/\/portaltela.pt\/"],"url":"https:\/\/portaltela.pt\/por\/367410592786\/"}]}},"_links":{"self":[{"href":"https:\/\/portaltela.pt\/api\/wp\/v2\/posts\/408205","targetHints":{"allow":["GET"]}}],"collection":[{"href":"https:\/\/portaltela.pt\/api\/wp\/v2\/posts"}],"about":[{"href":"https:\/\/portaltela.pt\/api\/wp\/v2\/types\/post"}],"author":[{"embeddable":true,"href":"https:\/\/portaltela.pt\/api\/wp\/v2\/users\/2"}],"replies":[{"embeddable":true,"href":"https:\/\/portaltela.pt\/api\/wp\/v2\/comments?post=408205"}],"version-history":[{"count":0,"href":"https:\/\/portaltela.pt\/api\/wp\/v2\/posts\/408205\/revisions"}],"wp:featuredmedia":[{"embeddable":true,"href":"https:\/\/portaltela.pt\/api\/wp\/v2\/media\/408207"}],"wp:attachment":[{"href":"https:\/\/portaltela.pt\/api\/wp\/v2\/media?parent=408205"}],"wp:term":[{"taxonomy":"category","embeddable":true,"href":"https:\/\/portaltela.pt\/api\/wp\/v2\/categories?post=408205"},{"taxonomy":"post_tag","embeddable":true,"href":"https:\/\/portaltela.pt\/api\/wp\/v2\/tags?post=408205"}],"curies":[{"name":"wp","href":"https:\/\/api.w.org\/{rel}","templated":true}]}}