{"id":408203,"date":"2026-03-12T20:25:00","date_gmt":"2026-03-12T23:25:00","guid":{"rendered":"https:\/\/portaltela.pt\/noticias\/2026\/03\/12\/queixas-e-demissoes-crise-interna-nos-bombeiros-de-sever-do-vouga\/"},"modified":"2026-03-12T20:25:00","modified_gmt":"2026-03-12T23:25:00","slug":"queixas-e-demissoes-crise-interna-nos-bombeiros-de-sever-do-vouga","status":"publish","type":"post","link":"https:\/\/portaltela.pt\/noticias\/politica\/2026\/03\/12\/queixas-e-demissoes-crise-interna-nos-bombeiros-de-sever-do-vouga\/","title":{"rendered":"Queixas e demiss\u00f5es: crise interna nos Bombeiros de Sever do Vouga"},"content":{"rendered":"<p>O corpo de bombeiros de Sever do Vouga est\u00e1 a enfrentar um movimento interno de contesta\u00e7\u00e3o. Mais de dois ter\u00e7os dos profissionais pedem a passagem \u00e0 inatividade a partir da pr\u00f3xima segunda-feira, de acordo com os membros envolvidos. A medida pode afetar o funcionamento das opera\u00e7\u00f5es na regi\u00e3o.<\/p>\n<p>Entre os pedidos, 14 funcion\u00e1rios da associa\u00e7\u00e3o humanit\u00e1ria amea\u00e7am demitir-se, ap\u00f3s queixas dirigidas \u00e0 atual dire\u00e7\u00e3o, que apontam para falta de ouvidos \u00e0s preocupa\u00e7\u00f5es. Os organizadores destacam que as reclama\u00e7\u00f5es n\u00e3o t\u00eam sido consideradas.<\/p>\n<p>Na sexta-feira, \u00e0s 20h, junto ao quartel, est\u00e1 marcada uma vig\u00edlia silenciosa de protesto, aberta \u00e0 popula\u00e7\u00e3o. Ao mesmo tempo, 393 pessoas j\u00e1 assinaram uma peti\u00e7\u00e3o p\u00fablica pela demiss\u00e3o da dire\u00e7\u00e3o, segundo os promotores do movimento.<\/p>\n<h3>Protestos e desdobramentos<\/h3>\n<p>A dire\u00e7\u00e3o mant\u00e9m a posi\u00e7\u00e3o de n\u00e3o se demitir, afirmou o presidente da associa\u00e7\u00e3o. Ainda n\u00e3o h\u00e1 indica\u00e7\u00e3o de eventual substitui\u00e7\u00e3o de membros ou de altera\u00e7\u00f5es operacionais que possam resultar dos protestos em curso. A investiga\u00e7\u00e3o de poss\u00edveis falhas de gest\u00e3o n\u00e3o est\u00e1 detalhada publicamente.<\/p>\n","protected":false},"excerpt":{"rendered":"<ul>\n<li>Mais de dois ter\u00e7os dos bombeiros de Sever do Vouga pediram a passagem \u00e0 inatividade a partir da pr\u00f3xima segunda-feira, com 14 funcion\u00e1rios a amea\u00e7ar demiss\u00e3o.<\/li>\n<li>As queixas dirigidas \u00e0 dire\u00e7\u00e3o atual n\u00e3o estariam a ser ouvidas, conforme as informa\u00e7\u00f5es da not\u00edcia.<\/li>\n<li>Uma vig\u00edlia silenciosa de protesto est\u00e1 marcada para sexta-feira \u00e0s 20 horas, junto ao quartel, durante a Assembleia Geral.<\/li>\n<li>J\u00e1 s\u00e3o 393 as pessoas que assinaram uma peti\u00e7\u00e3o p\u00fablica pela demiss\u00e3o da dire\u00e7\u00e3o dos bombeiros.<\/li>\n<li>O presidente da associa\u00e7\u00e3o garantiu que n\u00e3o se demite.<\/li>\n<\/ul>\n","protected":false},"author":2,"featured_media":408204,"comment_status":"closed","ping_status":"closed","sticky":false,"template":"","format":"standard","meta":{"footnotes":""},"categories":[1,5],"tags":[679,971,6331,948,2857,5025],"class_list":["post-408203","post","type-post","status-publish","format-standard","has-post-thumbnail","hentry","category-noticias","category-politica","tag-associacoes","tag-bombeiros","tag-condicoes-de-trabalho","tag-despedimento","tag-protestos","tag-sever-do-vouga"],"yoast_head":"<!-- This site is optimized with the Yoast SEO plugin v27.2 - https:\/\/yoast.com\/product\/yoast-seo-wordpress\/ -->\n<title>Queixas e demiss\u00f5es: crise interna nos Bombeiros de Sever do Vouga - Portal Tela Portugal<\/title>\n<meta name=\"robots\" content=\"index, follow, max-snippet:-1, max-image-preview:large, max-video-preview:-1\" \/>\n<meta property=\"og:locale\" content=\"pt_PT\" \/>\n<meta property=\"og:type\" content=\"article\" \/>\n<meta property=\"og:title\" content=\"Queixas e demiss\u00f5es: crise interna nos Bombeiros de Sever do Vouga - Portal Tela Portugal\" \/>\n<meta property=\"og:description\" content=\"Mais de dois ter\u00e7os dos bombeiros de Sever do Vouga pediram a passagem \u00e0 inatividade a partir da pr\u00f3xima segunda-feira, com 14 funcion\u00e1rios a amea\u00e7ar demiss\u00e3o. As queixas dirigidas \u00e0 dire\u00e7\u00e3o atual n\u00e3o estariam a ser ouvidas, conforme as informa\u00e7\u00f5es da not\u00edcia. Uma vig\u00edlia silenciosa de protesto est\u00e1 marcada para sexta-feira \u00e0s 20 horas, junto ao quartel, durante a Assembleia Geral. J\u00e1 s\u00e3o 393 as pessoas que assinaram uma peti\u00e7\u00e3o p\u00fablica pela demiss\u00e3o da dire\u00e7\u00e3o dos bombeiros. O presidente da associa\u00e7\u00e3o garantiu que n\u00e3o se demite.\" \/>\n<meta property=\"og:url\" content=\"https:\/\/portaltela.pt\/noticias\/2026\/03\/12\/queixas-e-demissoes-crise-interna-nos-bombeiros-de-sever-do-vouga\/\" \/>\n<meta property=\"og:site_name\" content=\"Portal Tela Portugal\" \/>\n<meta property=\"article:published_time\" content=\"2026-03-12T23:25:00+00:00\" \/>\n<meta name=\"author\" content=\"Telinha\" \/>\n<meta name=\"twitter:card\" content=\"summary_large_image\" \/>\n<meta name=\"twitter:label1\" content=\"Escrito por\" \/>\n\t<meta name=\"twitter:data1\" content=\"Telinha\" \/>\n\t<meta name=\"twitter:label2\" content=\"Tempo estimado de leitura\" \/>\n\t<meta name=\"twitter:data2\" content=\"1 minuto\" \/>\n<script type=\"application\/ld+json\" class=\"yoast-schema-graph\">{\"@context\":\"https:\/\/schema.org\",\"@graph\":[{\"@type\":\"Article\",\"@id\":\"https:\/\/portaltela.pt\/noticias\/2026\/03\/12\/queixas-e-demissoes-crise-interna-nos-bombeiros-de-sever-do-vouga\/#article\",\"isPartOf\":{\"@id\":\"https:\/\/portaltela.pt\/noticias\/2026\/03\/12\/queixas-e-demissoes-crise-interna-nos-bombeiros-de-sever-do-vouga\/\"},\"author\":{\"name\":\"Telinha\",\"@id\":\"https:\/\/portaltela.pt\/#\/schema\/person\/c4278d4a6028830caff9ee44b42d32ed\"},\"headline\":\"Queixas e demiss\u00f5es: crise interna nos Bombeiros de Sever do Vouga\",\"datePublished\":\"2026-03-12T23:25:00+00:00\",\"mainEntityOfPage\":{\"@id\":\"https:\/\/portaltela.pt\/noticias\/2026\/03\/12\/queixas-e-demissoes-crise-interna-nos-bombeiros-de-sever-do-vouga\/\"},\"wordCount\":207,\"image\":{\"@id\":\"https:\/\/portaltela.pt\/noticias\/2026\/03\/12\/queixas-e-demissoes-crise-interna-nos-bombeiros-de-sever-do-vouga\/#primaryimage\"},\"thumbnailUrl\":\"https:\/\/portaltela.pt\/s.01k8rhncp4jt1\/2026\/03\/image-52.webp\",\"keywords\":[\"associa\u00e7\u00f5es\",\"bombeiros\",\"condi\u00e7\u00f5es de trabalho\",\"despedimento\",\"protestos\",\"Sever do Vouga\"],\"articleSection\":[\"Not\u00edcias\",\"Pol\u00edtica\"],\"inLanguage\":\"pt-PT\"},{\"@type\":\"WebPage\",\"@id\":\"https:\/\/portaltela.pt\/noticias\/2026\/03\/12\/queixas-e-demissoes-crise-interna-nos-bombeiros-de-sever-do-vouga\/\",\"url\":\"https:\/\/portaltela.pt\/noticias\/2026\/03\/12\/queixas-e-demissoes-crise-interna-nos-bombeiros-de-sever-do-vouga\/\",\"name\":\"Queixas e demiss\u00f5es: crise interna nos Bombeiros de Sever do Vouga - Portal Tela Portugal\",\"isPartOf\":{\"@id\":\"https:\/\/portaltela.pt\/#website\"},\"primaryImageOfPage\":{\"@id\":\"https:\/\/portaltela.pt\/noticias\/2026\/03\/12\/queixas-e-demissoes-crise-interna-nos-bombeiros-de-sever-do-vouga\/#primaryimage\"},\"image\":{\"@id\":\"https:\/\/portaltela.pt\/noticias\/2026\/03\/12\/queixas-e-demissoes-crise-interna-nos-bombeiros-de-sever-do-vouga\/#primaryimage\"},\"thumbnailUrl\":\"https:\/\/portaltela.pt\/s.01k8rhncp4jt1\/2026\/03\/image-52.webp\",\"datePublished\":\"2026-03-12T23:25:00+00:00\",\"author\":{\"@id\":\"https:\/\/portaltela.pt\/#\/schema\/person\/c4278d4a6028830caff9ee44b42d32ed\"},\"breadcrumb\":{\"@id\":\"https:\/\/portaltela.pt\/noticias\/2026\/03\/12\/queixas-e-demissoes-crise-interna-nos-bombeiros-de-sever-do-vouga\/#breadcrumb\"},\"inLanguage\":\"pt-PT\",\"potentialAction\":[{\"@type\":\"ReadAction\",\"target\":[\"https:\/\/portaltela.pt\/noticias\/2026\/03\/12\/queixas-e-demissoes-crise-interna-nos-bombeiros-de-sever-do-vouga\/\"]}]},{\"@type\":\"ImageObject\",\"inLanguage\":\"pt-PT\",\"@id\":\"https:\/\/portaltela.pt\/noticias\/2026\/03\/12\/queixas-e-demissoes-crise-interna-nos-bombeiros-de-sever-do-vouga\/#primaryimage\",\"url\":\"https:\/\/portaltela.pt\/s.01k8rhncp4jt1\/2026\/03\/image-52.webp\",\"contentUrl\":\"https:\/\/portaltela.pt\/s.01k8rhncp4jt1\/2026\/03\/image-52.webp\",\"width\":1200,\"height\":848,\"caption\":\"Foto: Bombeiros de Sever do Vouga\"},{\"@type\":\"BreadcrumbList\",\"@id\":\"https:\/\/portaltela.pt\/noticias\/2026\/03\/12\/queixas-e-demissoes-crise-interna-nos-bombeiros-de-sever-do-vouga\/#breadcrumb\",\"itemListElement\":[{\"@type\":\"ListItem\",\"position\":1,\"name\":\"In\u00edcio\",\"item\":\"https:\/\/portaltela.pt\/\"},{\"@type\":\"ListItem\",\"position\":2,\"name\":\"Queixas e demiss\u00f5es: crise interna nos Bombeiros de Sever do Vouga\"}]},{\"@type\":\"WebSite\",\"@id\":\"https:\/\/portaltela.pt\/#website\",\"url\":\"https:\/\/portaltela.pt\/\",\"name\":\"Portal Tela Portugal\",\"description\":\"\",\"potentialAction\":[{\"@type\":\"SearchAction\",\"target\":{\"@type\":\"EntryPoint\",\"urlTemplate\":\"https:\/\/portaltela.pt\/?s={search_term_string}\"},\"query-input\":{\"@type\":\"PropertyValueSpecification\",\"valueRequired\":true,\"valueName\":\"search_term_string\"}}],\"inLanguage\":\"pt-PT\"},{\"@type\":\"Person\",\"@id\":\"https:\/\/portaltela.pt\/#\/schema\/person\/c4278d4a6028830caff9ee44b42d32ed\",\"name\":\"Telinha\",\"image\":{\"@type\":\"ImageObject\",\"inLanguage\":\"pt-PT\",\"@id\":\"https:\/\/portaltela.pt\/s.01k8rhncp4jt1\/2025\/11\/talking-bot-125x125.png\",\"url\":\"https:\/\/portaltela.pt\/s.01k8rhncp4jt1\/2025\/11\/talking-bot-125x125.png\",\"contentUrl\":\"https:\/\/portaltela.pt\/s.01k8rhncp4jt1\/2025\/11\/talking-bot-125x125.png\",\"caption\":\"Telinha\"},\"sameAs\":[\"https:\/\/portaltela.pt\/\"],\"url\":\"https:\/\/portaltela.pt\/por\/367410592786\/\"}]}<\/script>\n<!-- \/ Yoast SEO plugin. -->","yoast_head_json":{"title":"Queixas e demiss\u00f5es: crise interna nos Bombeiros de Sever do Vouga - Portal Tela Portugal","robots":{"index":"index","follow":"follow","max-snippet":"max-snippet:-1","max-image-preview":"max-image-preview:large","max-video-preview":"max-video-preview:-1"},"og_locale":"pt_PT","og_type":"article","og_title":"Queixas e demiss\u00f5es: crise interna nos Bombeiros de Sever do Vouga - Portal Tela Portugal","og_description":"Mais de dois ter\u00e7os dos bombeiros de Sever do Vouga pediram a passagem \u00e0 inatividade a partir da pr\u00f3xima segunda-feira, com 14 funcion\u00e1rios a amea\u00e7ar demiss\u00e3o. As queixas dirigidas \u00e0 dire\u00e7\u00e3o atual n\u00e3o estariam a ser ouvidas, conforme as informa\u00e7\u00f5es da not\u00edcia. Uma vig\u00edlia silenciosa de protesto est\u00e1 marcada para sexta-feira \u00e0s 20 horas, junto ao quartel, durante a Assembleia Geral. J\u00e1 s\u00e3o 393 as pessoas que assinaram uma peti\u00e7\u00e3o p\u00fablica pela demiss\u00e3o da dire\u00e7\u00e3o dos bombeiros. O presidente da associa\u00e7\u00e3o garantiu que n\u00e3o se demite.","og_url":"https:\/\/portaltela.pt\/noticias\/2026\/03\/12\/queixas-e-demissoes-crise-interna-nos-bombeiros-de-sever-do-vouga\/","og_site_name":"Portal Tela Portugal","article_published_time":"2026-03-12T23:25:00+00:00","author":"Telinha","twitter_card":"summary_large_image","twitter_misc":{"Escrito por":"Telinha","Tempo estimado de leitura":"1 minuto"},"schema":{"@context":"https:\/\/schema.org","@graph":[{"@type":"Article","@id":"https:\/\/portaltela.pt\/noticias\/2026\/03\/12\/queixas-e-demissoes-crise-interna-nos-bombeiros-de-sever-do-vouga\/#article","isPartOf":{"@id":"https:\/\/portaltela.pt\/noticias\/2026\/03\/12\/queixas-e-demissoes-crise-interna-nos-bombeiros-de-sever-do-vouga\/"},"author":{"name":"Telinha","@id":"https:\/\/portaltela.pt\/#\/schema\/person\/c4278d4a6028830caff9ee44b42d32ed"},"headline":"Queixas e demiss\u00f5es: crise interna nos Bombeiros de Sever do Vouga","datePublished":"2026-03-12T23:25:00+00:00","mainEntityOfPage":{"@id":"https:\/\/portaltela.pt\/noticias\/2026\/03\/12\/queixas-e-demissoes-crise-interna-nos-bombeiros-de-sever-do-vouga\/"},"wordCount":207,"image":{"@id":"https:\/\/portaltela.pt\/noticias\/2026\/03\/12\/queixas-e-demissoes-crise-interna-nos-bombeiros-de-sever-do-vouga\/#primaryimage"},"thumbnailUrl":"https:\/\/portaltela.pt\/s.01k8rhncp4jt1\/2026\/03\/image-52.webp","keywords":["associa\u00e7\u00f5es","bombeiros","condi\u00e7\u00f5es de trabalho","despedimento","protestos","Sever do Vouga"],"articleSection":["Not\u00edcias","Pol\u00edtica"],"inLanguage":"pt-PT"},{"@type":"WebPage","@id":"https:\/\/portaltela.pt\/noticias\/2026\/03\/12\/queixas-e-demissoes-crise-interna-nos-bombeiros-de-sever-do-vouga\/","url":"https:\/\/portaltela.pt\/noticias\/2026\/03\/12\/queixas-e-demissoes-crise-interna-nos-bombeiros-de-sever-do-vouga\/","name":"Queixas e demiss\u00f5es: crise interna nos Bombeiros de Sever do Vouga - Portal Tela Portugal","isPartOf":{"@id":"https:\/\/portaltela.pt\/#website"},"primaryImageOfPage":{"@id":"https:\/\/portaltela.pt\/noticias\/2026\/03\/12\/queixas-e-demissoes-crise-interna-nos-bombeiros-de-sever-do-vouga\/#primaryimage"},"image":{"@id":"https:\/\/portaltela.pt\/noticias\/2026\/03\/12\/queixas-e-demissoes-crise-interna-nos-bombeiros-de-sever-do-vouga\/#primaryimage"},"thumbnailUrl":"https:\/\/portaltela.pt\/s.01k8rhncp4jt1\/2026\/03\/image-52.webp","datePublished":"2026-03-12T23:25:00+00:00","author":{"@id":"https:\/\/portaltela.pt\/#\/schema\/person\/c4278d4a6028830caff9ee44b42d32ed"},"breadcrumb":{"@id":"https:\/\/portaltela.pt\/noticias\/2026\/03\/12\/queixas-e-demissoes-crise-interna-nos-bombeiros-de-sever-do-vouga\/#breadcrumb"},"inLanguage":"pt-PT","potentialAction":[{"@type":"ReadAction","target":["https:\/\/portaltela.pt\/noticias\/2026\/03\/12\/queixas-e-demissoes-crise-interna-nos-bombeiros-de-sever-do-vouga\/"]}]},{"@type":"ImageObject","inLanguage":"pt-PT","@id":"https:\/\/portaltela.pt\/noticias\/2026\/03\/12\/queixas-e-demissoes-crise-interna-nos-bombeiros-de-sever-do-vouga\/#primaryimage","url":"https:\/\/portaltela.pt\/s.01k8rhncp4jt1\/2026\/03\/image-52.webp","contentUrl":"https:\/\/portaltela.pt\/s.01k8rhncp4jt1\/2026\/03\/image-52.webp","width":1200,"height":848,"caption":"Foto: Bombeiros de Sever do Vouga"},{"@type":"BreadcrumbList","@id":"https:\/\/portaltela.pt\/noticias\/2026\/03\/12\/queixas-e-demissoes-crise-interna-nos-bombeiros-de-sever-do-vouga\/#breadcrumb","itemListElement":[{"@type":"ListItem","position":1,"name":"In\u00edcio","item":"https:\/\/portaltela.pt\/"},{"@type":"ListItem","position":2,"name":"Queixas e demiss\u00f5es: crise interna nos Bombeiros de Sever do Vouga"}]},{"@type":"WebSite","@id":"https:\/\/portaltela.pt\/#website","url":"https:\/\/portaltela.pt\/","name":"Portal Tela Portugal","description":"","potentialAction":[{"@type":"SearchAction","target":{"@type":"EntryPoint","urlTemplate":"https:\/\/portaltela.pt\/?s={search_term_string}"},"query-input":{"@type":"PropertyValueSpecification","valueRequired":true,"valueName":"search_term_string"}}],"inLanguage":"pt-PT"},{"@type":"Person","@id":"https:\/\/portaltela.pt\/#\/schema\/person\/c4278d4a6028830caff9ee44b42d32ed","name":"Telinha","image":{"@type":"ImageObject","inLanguage":"pt-PT","@id":"https:\/\/portaltela.pt\/s.01k8rhncp4jt1\/2025\/11\/talking-bot-125x125.png","url":"https:\/\/portaltela.pt\/s.01k8rhncp4jt1\/2025\/11\/talking-bot-125x125.png","contentUrl":"https:\/\/portaltela.pt\/s.01k8rhncp4jt1\/2025\/11\/talking-bot-125x125.png","caption":"Telinha"},"sameAs":["https:\/\/portaltela.pt\/"],"url":"https:\/\/portaltela.pt\/por\/367410592786\/"}]}},"_links":{"self":[{"href":"https:\/\/portaltela.pt\/api\/wp\/v2\/posts\/408203","targetHints":{"allow":["GET"]}}],"collection":[{"href":"https:\/\/portaltela.pt\/api\/wp\/v2\/posts"}],"about":[{"href":"https:\/\/portaltela.pt\/api\/wp\/v2\/types\/post"}],"author":[{"embeddable":true,"href":"https:\/\/portaltela.pt\/api\/wp\/v2\/users\/2"}],"replies":[{"embeddable":true,"href":"https:\/\/portaltela.pt\/api\/wp\/v2\/comments?post=408203"}],"version-history":[{"count":0,"href":"https:\/\/portaltela.pt\/api\/wp\/v2\/posts\/408203\/revisions"}],"wp:featuredmedia":[{"embeddable":true,"href":"https:\/\/portaltela.pt\/api\/wp\/v2\/media\/408204"}],"wp:attachment":[{"href":"https:\/\/portaltela.pt\/api\/wp\/v2\/media?parent=408203"}],"wp:term":[{"taxonomy":"category","embeddable":true,"href":"https:\/\/portaltela.pt\/api\/wp\/v2\/categories?post=408203"},{"taxonomy":"post_tag","embeddable":true,"href":"https:\/\/portaltela.pt\/api\/wp\/v2\/tags?post=408203"}],"curies":[{"name":"wp","href":"https:\/\/api.w.org\/{rel}","templated":true}]}}