{"id":408195,"date":"2026-03-12T20:13:33","date_gmt":"2026-03-12T23:13:33","guid":{"rendered":"https:\/\/portaltela.pt\/noticias\/2026\/03\/12\/alfredo-leite-descreve-disparos-constantes-na-capital-do-curdistao-iraquiano\/"},"modified":"2026-03-12T20:13:33","modified_gmt":"2026-03-12T23:13:33","slug":"alfredo-leite-descreve-disparos-constantes-na-capital-do-curdistao-iraquiano","status":"publish","type":"post","link":"https:\/\/portaltela.pt\/conflitos\/2026\/03\/12\/alfredo-leite-descreve-disparos-constantes-na-capital-do-curdistao-iraquiano\/","title":{"rendered":"Alfredo Leite descreve disparos constantes na capital do Curdist\u00e3o iraquiano"},"content":{"rendered":"<p>Alfredo Leite, diretor-adjunto do Correio da Manh\u00e3, est\u00e1 em Arbil, capital do Curdist\u00e3o iraquiano, a acompanhar a escalada de disparos na regi\u00e3o. O rep\u00f3rter descreve um cen\u00e1rio de ataques persistentes que se intensificaram ap\u00f3s a ofensiva liderada por Israel e pelos Estados Unidos.<\/p>\n<p>A circula\u00e7\u00e3o de informa\u00e7\u00f5es aponta para uma sequ\u00eancia de ataques com consequ\u00eancias ainda por apurar. O rep\u00f3rter ressalta que a situa\u00e7\u00e3o exige cautela e monitoriza\u00e7\u00e3o cont\u00ednua das a\u00e7\u00f5es no terreno.<\/p>\n<h3>Contexto<\/h3>\n<p>Segundo Leite, os disparos t\u00eam sido frequentes, com impactos na infraestrutura e na popula\u00e7\u00e3o local. A cobertura busca confirmar detalhes operacionais e recolher impress\u00f5es de moradores e autoridades de Arbil.<\/p>\n<p>O relato do jornalista enfatiza a natureza prolongada do conflito na regi\u00e3o, sem indicar evolu\u00e7\u00e3o imediata para uma resolu\u00e7\u00e3o. O objetivo \u00e9 manter o p\u00fablico informado sobre desenvolvimentos na capital do Curdist\u00e3o iraquiano.<\/p>\n","protected":false},"excerpt":{"rendered":"<ul>\n<li>Alfredo Leite, diretor-adjunto do Correio da Manh\u00e3, est\u00e1 em Arbil, capital do Curdist\u00e3o iraquiano.<\/li>\n<li>Os disparos t\u00eam sido permanentes na regi\u00e3o.<\/li>\n<li>Os ataques t\u00eam ocorrido ap\u00f3s a ofensiva de Israel e dos Estados Unidos.<\/li>\n<li>A reporter est\u00e1 a acompanhar a situa\u00e7\u00e3o de perto a partir de Arbil.<\/li>\n<\/ul>\n","protected":false},"author":2,"featured_media":408196,"comment_status":"closed","ping_status":"closed","sticky":false,"template":"","format":"standard","meta":{"footnotes":""},"categories":[6790],"tags":[254,2198,3399,1600,6634,3708],"class_list":["post-408195","post","type-post","status-publish","format-standard","has-post-thumbnail","hentry","category-conflitos","tag-conflito","tag-conflitos-internacionais","tag-erbil","tag-estados-unidos","tag-iraque","tag-israel"],"yoast_head":"<!-- This site is optimized with the Yoast SEO plugin v27.2 - https:\/\/yoast.com\/product\/yoast-seo-wordpress\/ -->\n<title>Alfredo Leite descreve disparos constantes na capital do Curdist\u00e3o iraquiano - Portal Tela Portugal<\/title>\n<meta name=\"robots\" content=\"index, follow, max-snippet:-1, max-image-preview:large, max-video-preview:-1\" \/>\n<meta property=\"og:locale\" content=\"pt_PT\" \/>\n<meta property=\"og:type\" content=\"article\" \/>\n<meta property=\"og:title\" content=\"Alfredo Leite descreve disparos constantes na capital do Curdist\u00e3o iraquiano - Portal Tela Portugal\" \/>\n<meta property=\"og:description\" content=\"Alfredo Leite, diretor-adjunto do Correio da Manh\u00e3, est\u00e1 em Arbil, capital do Curdist\u00e3o iraquiano. Os disparos t\u00eam sido permanentes na regi\u00e3o. Os ataques t\u00eam ocorrido ap\u00f3s a ofensiva de Israel e dos Estados Unidos. A reporter est\u00e1 a acompanhar a situa\u00e7\u00e3o de perto a partir de Arbil.\" \/>\n<meta property=\"og:url\" content=\"https:\/\/portaltela.pt\/noticias\/2026\/03\/12\/alfredo-leite-descreve-disparos-constantes-na-capital-do-curdistao-iraquiano\/\" \/>\n<meta property=\"og:site_name\" content=\"Portal Tela Portugal\" \/>\n<meta property=\"article:published_time\" content=\"2026-03-12T23:13:33+00:00\" \/>\n<meta name=\"author\" content=\"Telinha\" \/>\n<meta name=\"twitter:card\" content=\"summary_large_image\" \/>\n<meta name=\"twitter:label1\" content=\"Escrito por\" \/>\n\t<meta name=\"twitter:data1\" content=\"Telinha\" \/>\n\t<meta name=\"twitter:label2\" content=\"Tempo estimado de leitura\" \/>\n\t<meta name=\"twitter:data2\" content=\"1 minuto\" \/>\n<script type=\"application\/ld+json\" class=\"yoast-schema-graph\">{\"@context\":\"https:\/\/schema.org\",\"@graph\":[{\"@type\":\"Article\",\"@id\":\"https:\/\/portaltela.pt\/noticias\/2026\/03\/12\/alfredo-leite-descreve-disparos-constantes-na-capital-do-curdistao-iraquiano\/#article\",\"isPartOf\":{\"@id\":\"https:\/\/portaltela.pt\/noticias\/2026\/03\/12\/alfredo-leite-descreve-disparos-constantes-na-capital-do-curdistao-iraquiano\/\"},\"author\":{\"name\":\"Telinha\",\"@id\":\"https:\/\/portaltela.pt\/#\/schema\/person\/c4278d4a6028830caff9ee44b42d32ed\"},\"headline\":\"Alfredo Leite descreve disparos constantes na capital do Curdist\u00e3o iraquiano\",\"datePublished\":\"2026-03-12T23:13:33+00:00\",\"mainEntityOfPage\":{\"@id\":\"https:\/\/portaltela.pt\/noticias\/2026\/03\/12\/alfredo-leite-descreve-disparos-constantes-na-capital-do-curdistao-iraquiano\/\"},\"wordCount\":169,\"image\":{\"@id\":\"https:\/\/portaltela.pt\/noticias\/2026\/03\/12\/alfredo-leite-descreve-disparos-constantes-na-capital-do-curdistao-iraquiano\/#primaryimage\"},\"thumbnailUrl\":\"https:\/\/portaltela.pt\/s.01k8rhncp4jt1\/2026\/03\/img_1280x722uu2026-03-12-23-12-59-2272063.jpg\",\"keywords\":[\"conflito\",\"conflitos internacionais\",\"Erbil\",\"Estados Unidos\",\"Iraque\",\"Israel\"],\"articleSection\":[\"Conflitos\"],\"inLanguage\":\"pt-PT\"},{\"@type\":\"WebPage\",\"@id\":\"https:\/\/portaltela.pt\/noticias\/2026\/03\/12\/alfredo-leite-descreve-disparos-constantes-na-capital-do-curdistao-iraquiano\/\",\"url\":\"https:\/\/portaltela.pt\/noticias\/2026\/03\/12\/alfredo-leite-descreve-disparos-constantes-na-capital-do-curdistao-iraquiano\/\",\"name\":\"Alfredo Leite descreve disparos constantes na capital do Curdist\u00e3o iraquiano - Portal Tela Portugal\",\"isPartOf\":{\"@id\":\"https:\/\/portaltela.pt\/#website\"},\"primaryImageOfPage\":{\"@id\":\"https:\/\/portaltela.pt\/noticias\/2026\/03\/12\/alfredo-leite-descreve-disparos-constantes-na-capital-do-curdistao-iraquiano\/#primaryimage\"},\"image\":{\"@id\":\"https:\/\/portaltela.pt\/noticias\/2026\/03\/12\/alfredo-leite-descreve-disparos-constantes-na-capital-do-curdistao-iraquiano\/#primaryimage\"},\"thumbnailUrl\":\"https:\/\/portaltela.pt\/s.01k8rhncp4jt1\/2026\/03\/img_1280x722uu2026-03-12-23-12-59-2272063.jpg\",\"datePublished\":\"2026-03-12T23:13:33+00:00\",\"author\":{\"@id\":\"https:\/\/portaltela.pt\/#\/schema\/person\/c4278d4a6028830caff9ee44b42d32ed\"},\"breadcrumb\":{\"@id\":\"https:\/\/portaltela.pt\/noticias\/2026\/03\/12\/alfredo-leite-descreve-disparos-constantes-na-capital-do-curdistao-iraquiano\/#breadcrumb\"},\"inLanguage\":\"pt-PT\",\"potentialAction\":[{\"@type\":\"ReadAction\",\"target\":[\"https:\/\/portaltela.pt\/noticias\/2026\/03\/12\/alfredo-leite-descreve-disparos-constantes-na-capital-do-curdistao-iraquiano\/\"]}]},{\"@type\":\"ImageObject\",\"inLanguage\":\"pt-PT\",\"@id\":\"https:\/\/portaltela.pt\/noticias\/2026\/03\/12\/alfredo-leite-descreve-disparos-constantes-na-capital-do-curdistao-iraquiano\/#primaryimage\",\"url\":\"https:\/\/portaltela.pt\/s.01k8rhncp4jt1\/2026\/03\/img_1280x722uu2026-03-12-23-12-59-2272063.jpg\",\"contentUrl\":\"https:\/\/portaltela.pt\/s.01k8rhncp4jt1\/2026\/03\/img_1280x722uu2026-03-12-23-12-59-2272063.jpg\",\"width\":796,\"height\":448,\"caption\":\"Photo\"},{\"@type\":\"BreadcrumbList\",\"@id\":\"https:\/\/portaltela.pt\/noticias\/2026\/03\/12\/alfredo-leite-descreve-disparos-constantes-na-capital-do-curdistao-iraquiano\/#breadcrumb\",\"itemListElement\":[{\"@type\":\"ListItem\",\"position\":1,\"name\":\"In\u00edcio\",\"item\":\"https:\/\/portaltela.pt\/\"},{\"@type\":\"ListItem\",\"position\":2,\"name\":\"Alfredo Leite descreve disparos constantes na capital do Curdist\u00e3o iraquiano\"}]},{\"@type\":\"WebSite\",\"@id\":\"https:\/\/portaltela.pt\/#website\",\"url\":\"https:\/\/portaltela.pt\/\",\"name\":\"Portal Tela Portugal\",\"description\":\"\",\"potentialAction\":[{\"@type\":\"SearchAction\",\"target\":{\"@type\":\"EntryPoint\",\"urlTemplate\":\"https:\/\/portaltela.pt\/?s={search_term_string}\"},\"query-input\":{\"@type\":\"PropertyValueSpecification\",\"valueRequired\":true,\"valueName\":\"search_term_string\"}}],\"inLanguage\":\"pt-PT\"},{\"@type\":\"Person\",\"@id\":\"https:\/\/portaltela.pt\/#\/schema\/person\/c4278d4a6028830caff9ee44b42d32ed\",\"name\":\"Telinha\",\"image\":{\"@type\":\"ImageObject\",\"inLanguage\":\"pt-PT\",\"@id\":\"https:\/\/portaltela.pt\/s.01k8rhncp4jt1\/2025\/11\/talking-bot-125x125.png\",\"url\":\"https:\/\/portaltela.pt\/s.01k8rhncp4jt1\/2025\/11\/talking-bot-125x125.png\",\"contentUrl\":\"https:\/\/portaltela.pt\/s.01k8rhncp4jt1\/2025\/11\/talking-bot-125x125.png\",\"caption\":\"Telinha\"},\"sameAs\":[\"https:\/\/portaltela.pt\/\"],\"url\":\"https:\/\/portaltela.pt\/por\/367410592786\/\"}]}<\/script>\n<!-- \/ Yoast SEO plugin. -->","yoast_head_json":{"title":"Alfredo Leite descreve disparos constantes na capital do Curdist\u00e3o iraquiano - Portal Tela Portugal","robots":{"index":"index","follow":"follow","max-snippet":"max-snippet:-1","max-image-preview":"max-image-preview:large","max-video-preview":"max-video-preview:-1"},"og_locale":"pt_PT","og_type":"article","og_title":"Alfredo Leite descreve disparos constantes na capital do Curdist\u00e3o iraquiano - Portal Tela Portugal","og_description":"Alfredo Leite, diretor-adjunto do Correio da Manh\u00e3, est\u00e1 em Arbil, capital do Curdist\u00e3o iraquiano. Os disparos t\u00eam sido permanentes na regi\u00e3o. Os ataques t\u00eam ocorrido ap\u00f3s a ofensiva de Israel e dos Estados Unidos. A reporter est\u00e1 a acompanhar a situa\u00e7\u00e3o de perto a partir de Arbil.","og_url":"https:\/\/portaltela.pt\/noticias\/2026\/03\/12\/alfredo-leite-descreve-disparos-constantes-na-capital-do-curdistao-iraquiano\/","og_site_name":"Portal Tela Portugal","article_published_time":"2026-03-12T23:13:33+00:00","author":"Telinha","twitter_card":"summary_large_image","twitter_misc":{"Escrito por":"Telinha","Tempo estimado de leitura":"1 minuto"},"schema":{"@context":"https:\/\/schema.org","@graph":[{"@type":"Article","@id":"https:\/\/portaltela.pt\/noticias\/2026\/03\/12\/alfredo-leite-descreve-disparos-constantes-na-capital-do-curdistao-iraquiano\/#article","isPartOf":{"@id":"https:\/\/portaltela.pt\/noticias\/2026\/03\/12\/alfredo-leite-descreve-disparos-constantes-na-capital-do-curdistao-iraquiano\/"},"author":{"name":"Telinha","@id":"https:\/\/portaltela.pt\/#\/schema\/person\/c4278d4a6028830caff9ee44b42d32ed"},"headline":"Alfredo Leite descreve disparos constantes na capital do Curdist\u00e3o iraquiano","datePublished":"2026-03-12T23:13:33+00:00","mainEntityOfPage":{"@id":"https:\/\/portaltela.pt\/noticias\/2026\/03\/12\/alfredo-leite-descreve-disparos-constantes-na-capital-do-curdistao-iraquiano\/"},"wordCount":169,"image":{"@id":"https:\/\/portaltela.pt\/noticias\/2026\/03\/12\/alfredo-leite-descreve-disparos-constantes-na-capital-do-curdistao-iraquiano\/#primaryimage"},"thumbnailUrl":"https:\/\/portaltela.pt\/s.01k8rhncp4jt1\/2026\/03\/img_1280x722uu2026-03-12-23-12-59-2272063.jpg","keywords":["conflito","conflitos internacionais","Erbil","Estados Unidos","Iraque","Israel"],"articleSection":["Conflitos"],"inLanguage":"pt-PT"},{"@type":"WebPage","@id":"https:\/\/portaltela.pt\/noticias\/2026\/03\/12\/alfredo-leite-descreve-disparos-constantes-na-capital-do-curdistao-iraquiano\/","url":"https:\/\/portaltela.pt\/noticias\/2026\/03\/12\/alfredo-leite-descreve-disparos-constantes-na-capital-do-curdistao-iraquiano\/","name":"Alfredo Leite descreve disparos constantes na capital do Curdist\u00e3o iraquiano - Portal Tela Portugal","isPartOf":{"@id":"https:\/\/portaltela.pt\/#website"},"primaryImageOfPage":{"@id":"https:\/\/portaltela.pt\/noticias\/2026\/03\/12\/alfredo-leite-descreve-disparos-constantes-na-capital-do-curdistao-iraquiano\/#primaryimage"},"image":{"@id":"https:\/\/portaltela.pt\/noticias\/2026\/03\/12\/alfredo-leite-descreve-disparos-constantes-na-capital-do-curdistao-iraquiano\/#primaryimage"},"thumbnailUrl":"https:\/\/portaltela.pt\/s.01k8rhncp4jt1\/2026\/03\/img_1280x722uu2026-03-12-23-12-59-2272063.jpg","datePublished":"2026-03-12T23:13:33+00:00","author":{"@id":"https:\/\/portaltela.pt\/#\/schema\/person\/c4278d4a6028830caff9ee44b42d32ed"},"breadcrumb":{"@id":"https:\/\/portaltela.pt\/noticias\/2026\/03\/12\/alfredo-leite-descreve-disparos-constantes-na-capital-do-curdistao-iraquiano\/#breadcrumb"},"inLanguage":"pt-PT","potentialAction":[{"@type":"ReadAction","target":["https:\/\/portaltela.pt\/noticias\/2026\/03\/12\/alfredo-leite-descreve-disparos-constantes-na-capital-do-curdistao-iraquiano\/"]}]},{"@type":"ImageObject","inLanguage":"pt-PT","@id":"https:\/\/portaltela.pt\/noticias\/2026\/03\/12\/alfredo-leite-descreve-disparos-constantes-na-capital-do-curdistao-iraquiano\/#primaryimage","url":"https:\/\/portaltela.pt\/s.01k8rhncp4jt1\/2026\/03\/img_1280x722uu2026-03-12-23-12-59-2272063.jpg","contentUrl":"https:\/\/portaltela.pt\/s.01k8rhncp4jt1\/2026\/03\/img_1280x722uu2026-03-12-23-12-59-2272063.jpg","width":796,"height":448,"caption":"Photo"},{"@type":"BreadcrumbList","@id":"https:\/\/portaltela.pt\/noticias\/2026\/03\/12\/alfredo-leite-descreve-disparos-constantes-na-capital-do-curdistao-iraquiano\/#breadcrumb","itemListElement":[{"@type":"ListItem","position":1,"name":"In\u00edcio","item":"https:\/\/portaltela.pt\/"},{"@type":"ListItem","position":2,"name":"Alfredo Leite descreve disparos constantes na capital do Curdist\u00e3o iraquiano"}]},{"@type":"WebSite","@id":"https:\/\/portaltela.pt\/#website","url":"https:\/\/portaltela.pt\/","name":"Portal Tela Portugal","description":"","potentialAction":[{"@type":"SearchAction","target":{"@type":"EntryPoint","urlTemplate":"https:\/\/portaltela.pt\/?s={search_term_string}"},"query-input":{"@type":"PropertyValueSpecification","valueRequired":true,"valueName":"search_term_string"}}],"inLanguage":"pt-PT"},{"@type":"Person","@id":"https:\/\/portaltela.pt\/#\/schema\/person\/c4278d4a6028830caff9ee44b42d32ed","name":"Telinha","image":{"@type":"ImageObject","inLanguage":"pt-PT","@id":"https:\/\/portaltela.pt\/s.01k8rhncp4jt1\/2025\/11\/talking-bot-125x125.png","url":"https:\/\/portaltela.pt\/s.01k8rhncp4jt1\/2025\/11\/talking-bot-125x125.png","contentUrl":"https:\/\/portaltela.pt\/s.01k8rhncp4jt1\/2025\/11\/talking-bot-125x125.png","caption":"Telinha"},"sameAs":["https:\/\/portaltela.pt\/"],"url":"https:\/\/portaltela.pt\/por\/367410592786\/"}]}},"_links":{"self":[{"href":"https:\/\/portaltela.pt\/api\/wp\/v2\/posts\/408195","targetHints":{"allow":["GET"]}}],"collection":[{"href":"https:\/\/portaltela.pt\/api\/wp\/v2\/posts"}],"about":[{"href":"https:\/\/portaltela.pt\/api\/wp\/v2\/types\/post"}],"author":[{"embeddable":true,"href":"https:\/\/portaltela.pt\/api\/wp\/v2\/users\/2"}],"replies":[{"embeddable":true,"href":"https:\/\/portaltela.pt\/api\/wp\/v2\/comments?post=408195"}],"version-history":[{"count":0,"href":"https:\/\/portaltela.pt\/api\/wp\/v2\/posts\/408195\/revisions"}],"wp:featuredmedia":[{"embeddable":true,"href":"https:\/\/portaltela.pt\/api\/wp\/v2\/media\/408196"}],"wp:attachment":[{"href":"https:\/\/portaltela.pt\/api\/wp\/v2\/media?parent=408195"}],"wp:term":[{"taxonomy":"category","embeddable":true,"href":"https:\/\/portaltela.pt\/api\/wp\/v2\/categories?post=408195"},{"taxonomy":"post_tag","embeddable":true,"href":"https:\/\/portaltela.pt\/api\/wp\/v2\/tags?post=408195"}],"curies":[{"name":"wp","href":"https:\/\/api.w.org\/{rel}","templated":true}]}}