{"id":408191,"date":"2026-03-12T19:57:03","date_gmt":"2026-03-12T22:57:03","guid":{"rendered":"https:\/\/portaltela.pt\/noticias\/2026\/03\/12\/ricardo-costa-ve-wisla-plock-como-adversario-dificil\/"},"modified":"2026-03-12T19:57:03","modified_gmt":"2026-03-12T22:57:03","slug":"ricardo-costa-ve-wisla-plock-como-adversario-dificil","status":"publish","type":"post","link":"https:\/\/portaltela.pt\/desporto\/futebol\/2026\/03\/12\/ricardo-costa-ve-wisla-plock-como-adversario-dificil\/","title":{"rendered":"Ricardo Costa v\u00ea Wisla Plock como advers\u00e1rio dif\u00edcil"},"content":{"rendered":"<p>O Sporting venceu o D\u00ednamo de Bucareste por 30-29, na 14\u00aa e \u00faltima jornada do Grupo A da Liga dos Campe\u00f5es de andebol, disputada no Pavilh\u00e3o Multiusos de Odivelas. A equipa manteve o seu percurso na competi\u00e7\u00e3o com uma vit\u00f3ria frente a um advers\u00e1rio conceituado.<\/p>\n<p>Ricardo Costa elogiou o conjunto romeno, destacando a qualidade dos seus jogadores e do estilo de jogo orientado por Paulo Jorge Pereira. O treinador real\u00e7ou a dificuldade de enfrentar uma forma\u00e7\u00e3o experiente, sublinhando que jogos frente a este rival nunca s\u00e3o f\u00e1ceis.<\/p>\n<p>O t\u00e9cnico referiu ainda que a vit\u00f3ria come\u00e7ou bem, com vantagem de v\u00e1rios golos, mas houve uma recupera\u00e7\u00e3o do Dinamo de Bucareste. As falhas de remate numa fase crucial acabaram por desequilibrar, mas a rota\u00e7\u00e3o da equipa contribuiu para o momento mais forte do advers\u00e1rio na segunda parte. No final, a gest\u00e3o das \u00faltimas posses de bola foi determinante, segundo o treinador.<\/p>\n<h3>Desafio frente ao Wisla Plock<\/h3>\n<p>Costa afirmou que o Wisla Plock representa um advers\u00e1rio muito duro no play-off de acesso aos quartos de final. Aposta na melhoria do plantel polaco, com incorpor\u00f5es provenientes de clubes de topo, o que torna a eliminat\u00f3ria particularmente exigente.<\/p>\n<p>O t\u00e9cnico acrescentou que o duelo contra o Wisla Plock exigir\u00e1 consist\u00eancia defensiva e efic\u00e1cia ofensiva, imprensa em dia com o ritmo europeu. O Sporting prepara-se para a primeira m\u00e3o do playoff, mantendo foco no objetivo de chegar aos quartos.<\/p>\n","protected":false},"excerpt":{"rendered":"<ul>\n<li>O Sporting venceu o D\u00ednamo de Bucareste por 30-29, na 14\u00aa e \u00faltima jornada do Grupo A da Liga dos Campe\u00f5es em andebol, no Pavilh\u00e3o Multiusos de Odivelas.<\/li>\n<li>O t\u00e9cnico Ricardo Costa elogiou o percurso dos le\u00f5es e reconheceu a qualidade do advers\u00e1rio, destacando que jogos contra equipas assim nunca s\u00e3o f\u00e1ceis.<\/li>\n<li>Disse que o Dinamo de Bucareste \u00e9 uma grande equipa, com bons jogadores e bem orientada, referindo-se ao trabalho conhecido de Paulo Jorge Pereira.<\/li>\n<li>O treinador explicou que o Sporting come\u00e7ou bem, perdeu algumas ocasi\u00f5es importantes e que a rota\u00e7\u00e3o da equipa acabou por favorecer o melhor momento do Dinamo na segunda parte.<\/li>\n<li>Afirmou que o Wisla Plock ser\u00e1 um advers\u00e1rio dif\u00edcil no play-off de acesso aos quartos de final, apontando que a equipa polaca investiu bastante e contratou jogadores de renome.<\/li>\n<\/ul>\n","protected":false},"author":2,"featured_media":408192,"comment_status":"closed","ping_status":"closed","sticky":false,"template":"","format":"standard","meta":{"footnotes":""},"categories":[21,24],"tags":[180,3577,1281,125,1652],"class_list":["post-408191","post","type-post","status-publish","format-standard","has-post-thumbnail","hentry","category-desporto","category-futebol","tag-andebol","tag-champions-league","tag-odivelas","tag-playoffs","tag-sporting"],"yoast_head":"<!-- This site is optimized with the Yoast SEO plugin v27.2 - https:\/\/yoast.com\/product\/yoast-seo-wordpress\/ -->\n<title>Ricardo Costa v\u00ea Wisla Plock como advers\u00e1rio dif\u00edcil - Portal Tela Portugal<\/title>\n<meta name=\"robots\" content=\"index, follow, max-snippet:-1, max-image-preview:large, max-video-preview:-1\" \/>\n<meta property=\"og:locale\" content=\"pt_PT\" \/>\n<meta property=\"og:type\" content=\"article\" \/>\n<meta property=\"og:title\" content=\"Ricardo Costa v\u00ea Wisla Plock como advers\u00e1rio dif\u00edcil - Portal Tela Portugal\" \/>\n<meta property=\"og:description\" content=\"O Sporting venceu o D\u00ednamo de Bucareste por 30-29, na 14\u00aa e \u00faltima jornada do Grupo A da Liga dos Campe\u00f5es em andebol, no Pavilh\u00e3o Multiusos de Odivelas. O t\u00e9cnico Ricardo Costa elogiou o percurso dos le\u00f5es e reconheceu a qualidade do advers\u00e1rio, destacando que jogos contra equipas assim nunca s\u00e3o f\u00e1ceis. Disse que o Dinamo de Bucareste \u00e9 uma grande equipa, com bons jogadores e bem orientada, referindo-se ao trabalho conhecido de Paulo Jorge Pereira. O treinador explicou que o Sporting come\u00e7ou bem, perdeu algumas ocasi\u00f5es importantes e que a rota\u00e7\u00e3o da equipa acabou por favorecer o melhor momento do Dinamo na segunda parte. Afirmou que o Wisla Plock ser\u00e1 um advers\u00e1rio dif\u00edcil no play-off de acesso aos quartos de final, apontando que a equipa polaca investiu bastante e contratou jogadores de renome.\" \/>\n<meta property=\"og:url\" content=\"https:\/\/portaltela.pt\/noticias\/2026\/03\/12\/ricardo-costa-ve-wisla-plock-como-adversario-dificil\/\" \/>\n<meta property=\"og:site_name\" content=\"Portal Tela Portugal\" \/>\n<meta property=\"article:published_time\" content=\"2026-03-12T22:57:03+00:00\" \/>\n<meta name=\"author\" content=\"Telinha\" \/>\n<meta name=\"twitter:card\" content=\"summary_large_image\" \/>\n<meta name=\"twitter:label1\" content=\"Escrito por\" \/>\n\t<meta name=\"twitter:data1\" content=\"Telinha\" \/>\n\t<meta name=\"twitter:label2\" content=\"Tempo estimado de leitura\" \/>\n\t<meta name=\"twitter:data2\" content=\"1 minuto\" \/>\n<script type=\"application\/ld+json\" class=\"yoast-schema-graph\">{\"@context\":\"https:\/\/schema.org\",\"@graph\":[{\"@type\":\"Article\",\"@id\":\"https:\/\/portaltela.pt\/noticias\/2026\/03\/12\/ricardo-costa-ve-wisla-plock-como-adversario-dificil\/#article\",\"isPartOf\":{\"@id\":\"https:\/\/portaltela.pt\/noticias\/2026\/03\/12\/ricardo-costa-ve-wisla-plock-como-adversario-dificil\/\"},\"author\":{\"name\":\"Telinha\",\"@id\":\"https:\/\/portaltela.pt\/#\/schema\/person\/c4278d4a6028830caff9ee44b42d32ed\"},\"headline\":\"Ricardo Costa v\u00ea Wisla Plock como advers\u00e1rio dif\u00edcil\",\"datePublished\":\"2026-03-12T22:57:03+00:00\",\"mainEntityOfPage\":{\"@id\":\"https:\/\/portaltela.pt\/noticias\/2026\/03\/12\/ricardo-costa-ve-wisla-plock-como-adversario-dificil\/\"},\"wordCount\":267,\"image\":{\"@id\":\"https:\/\/portaltela.pt\/noticias\/2026\/03\/12\/ricardo-costa-ve-wisla-plock-como-adversario-dificil\/#primaryimage\"},\"thumbnailUrl\":\"https:\/\/portaltela.pt\/s.01k8rhncp4jt1\/2026\/03\/img_920x518uu2026-03-12-22-56-13-2426590.jpg\",\"keywords\":[\"andebol\",\"Champions League\",\"Odivelas\",\"playoffs\",\"Sporting\"],\"articleSection\":[\"Desporto\",\"Futebol\"],\"inLanguage\":\"pt-PT\"},{\"@type\":\"WebPage\",\"@id\":\"https:\/\/portaltela.pt\/noticias\/2026\/03\/12\/ricardo-costa-ve-wisla-plock-como-adversario-dificil\/\",\"url\":\"https:\/\/portaltela.pt\/noticias\/2026\/03\/12\/ricardo-costa-ve-wisla-plock-como-adversario-dificil\/\",\"name\":\"Ricardo Costa v\u00ea Wisla Plock como advers\u00e1rio dif\u00edcil - Portal Tela Portugal\",\"isPartOf\":{\"@id\":\"https:\/\/portaltela.pt\/#website\"},\"primaryImageOfPage\":{\"@id\":\"https:\/\/portaltela.pt\/noticias\/2026\/03\/12\/ricardo-costa-ve-wisla-plock-como-adversario-dificil\/#primaryimage\"},\"image\":{\"@id\":\"https:\/\/portaltela.pt\/noticias\/2026\/03\/12\/ricardo-costa-ve-wisla-plock-como-adversario-dificil\/#primaryimage\"},\"thumbnailUrl\":\"https:\/\/portaltela.pt\/s.01k8rhncp4jt1\/2026\/03\/img_920x518uu2026-03-12-22-56-13-2426590.jpg\",\"datePublished\":\"2026-03-12T22:57:03+00:00\",\"author\":{\"@id\":\"https:\/\/portaltela.pt\/#\/schema\/person\/c4278d4a6028830caff9ee44b42d32ed\"},\"breadcrumb\":{\"@id\":\"https:\/\/portaltela.pt\/noticias\/2026\/03\/12\/ricardo-costa-ve-wisla-plock-como-adversario-dificil\/#breadcrumb\"},\"inLanguage\":\"pt-PT\",\"potentialAction\":[{\"@type\":\"ReadAction\",\"target\":[\"https:\/\/portaltela.pt\/noticias\/2026\/03\/12\/ricardo-costa-ve-wisla-plock-como-adversario-dificil\/\"]}]},{\"@type\":\"ImageObject\",\"inLanguage\":\"pt-PT\",\"@id\":\"https:\/\/portaltela.pt\/noticias\/2026\/03\/12\/ricardo-costa-ve-wisla-plock-como-adversario-dificil\/#primaryimage\",\"url\":\"https:\/\/portaltela.pt\/s.01k8rhncp4jt1\/2026\/03\/img_920x518uu2026-03-12-22-56-13-2426590.jpg\",\"contentUrl\":\"https:\/\/portaltela.pt\/s.01k8rhncp4jt1\/2026\/03\/img_920x518uu2026-03-12-22-56-13-2426590.jpg\",\"width\":796,\"height\":448,\"caption\":\"Ricardo Costa avalia o desafio do Sporting contra o Wisla Plock\"},{\"@type\":\"BreadcrumbList\",\"@id\":\"https:\/\/portaltela.pt\/noticias\/2026\/03\/12\/ricardo-costa-ve-wisla-plock-como-adversario-dificil\/#breadcrumb\",\"itemListElement\":[{\"@type\":\"ListItem\",\"position\":1,\"name\":\"In\u00edcio\",\"item\":\"https:\/\/portaltela.pt\/\"},{\"@type\":\"ListItem\",\"position\":2,\"name\":\"Ricardo Costa v\u00ea Wisla Plock como advers\u00e1rio dif\u00edcil\"}]},{\"@type\":\"WebSite\",\"@id\":\"https:\/\/portaltela.pt\/#website\",\"url\":\"https:\/\/portaltela.pt\/\",\"name\":\"Portal Tela Portugal\",\"description\":\"\",\"potentialAction\":[{\"@type\":\"SearchAction\",\"target\":{\"@type\":\"EntryPoint\",\"urlTemplate\":\"https:\/\/portaltela.pt\/?s={search_term_string}\"},\"query-input\":{\"@type\":\"PropertyValueSpecification\",\"valueRequired\":true,\"valueName\":\"search_term_string\"}}],\"inLanguage\":\"pt-PT\"},{\"@type\":\"Person\",\"@id\":\"https:\/\/portaltela.pt\/#\/schema\/person\/c4278d4a6028830caff9ee44b42d32ed\",\"name\":\"Telinha\",\"image\":{\"@type\":\"ImageObject\",\"inLanguage\":\"pt-PT\",\"@id\":\"https:\/\/portaltela.pt\/s.01k8rhncp4jt1\/2025\/11\/talking-bot-125x125.png\",\"url\":\"https:\/\/portaltela.pt\/s.01k8rhncp4jt1\/2025\/11\/talking-bot-125x125.png\",\"contentUrl\":\"https:\/\/portaltela.pt\/s.01k8rhncp4jt1\/2025\/11\/talking-bot-125x125.png\",\"caption\":\"Telinha\"},\"sameAs\":[\"https:\/\/portaltela.pt\/\"],\"url\":\"https:\/\/portaltela.pt\/por\/367410592786\/\"}]}<\/script>\n<!-- \/ Yoast SEO plugin. -->","yoast_head_json":{"title":"Ricardo Costa v\u00ea Wisla Plock como advers\u00e1rio dif\u00edcil - Portal Tela Portugal","robots":{"index":"index","follow":"follow","max-snippet":"max-snippet:-1","max-image-preview":"max-image-preview:large","max-video-preview":"max-video-preview:-1"},"og_locale":"pt_PT","og_type":"article","og_title":"Ricardo Costa v\u00ea Wisla Plock como advers\u00e1rio dif\u00edcil - Portal Tela Portugal","og_description":"O Sporting venceu o D\u00ednamo de Bucareste por 30-29, na 14\u00aa e \u00faltima jornada do Grupo A da Liga dos Campe\u00f5es em andebol, no Pavilh\u00e3o Multiusos de Odivelas. O t\u00e9cnico Ricardo Costa elogiou o percurso dos le\u00f5es e reconheceu a qualidade do advers\u00e1rio, destacando que jogos contra equipas assim nunca s\u00e3o f\u00e1ceis. Disse que o Dinamo de Bucareste \u00e9 uma grande equipa, com bons jogadores e bem orientada, referindo-se ao trabalho conhecido de Paulo Jorge Pereira. O treinador explicou que o Sporting come\u00e7ou bem, perdeu algumas ocasi\u00f5es importantes e que a rota\u00e7\u00e3o da equipa acabou por favorecer o melhor momento do Dinamo na segunda parte. Afirmou que o Wisla Plock ser\u00e1 um advers\u00e1rio dif\u00edcil no play-off de acesso aos quartos de final, apontando que a equipa polaca investiu bastante e contratou jogadores de renome.","og_url":"https:\/\/portaltela.pt\/noticias\/2026\/03\/12\/ricardo-costa-ve-wisla-plock-como-adversario-dificil\/","og_site_name":"Portal Tela Portugal","article_published_time":"2026-03-12T22:57:03+00:00","author":"Telinha","twitter_card":"summary_large_image","twitter_misc":{"Escrito por":"Telinha","Tempo estimado de leitura":"1 minuto"},"schema":{"@context":"https:\/\/schema.org","@graph":[{"@type":"Article","@id":"https:\/\/portaltela.pt\/noticias\/2026\/03\/12\/ricardo-costa-ve-wisla-plock-como-adversario-dificil\/#article","isPartOf":{"@id":"https:\/\/portaltela.pt\/noticias\/2026\/03\/12\/ricardo-costa-ve-wisla-plock-como-adversario-dificil\/"},"author":{"name":"Telinha","@id":"https:\/\/portaltela.pt\/#\/schema\/person\/c4278d4a6028830caff9ee44b42d32ed"},"headline":"Ricardo Costa v\u00ea Wisla Plock como advers\u00e1rio dif\u00edcil","datePublished":"2026-03-12T22:57:03+00:00","mainEntityOfPage":{"@id":"https:\/\/portaltela.pt\/noticias\/2026\/03\/12\/ricardo-costa-ve-wisla-plock-como-adversario-dificil\/"},"wordCount":267,"image":{"@id":"https:\/\/portaltela.pt\/noticias\/2026\/03\/12\/ricardo-costa-ve-wisla-plock-como-adversario-dificil\/#primaryimage"},"thumbnailUrl":"https:\/\/portaltela.pt\/s.01k8rhncp4jt1\/2026\/03\/img_920x518uu2026-03-12-22-56-13-2426590.jpg","keywords":["andebol","Champions League","Odivelas","playoffs","Sporting"],"articleSection":["Desporto","Futebol"],"inLanguage":"pt-PT"},{"@type":"WebPage","@id":"https:\/\/portaltela.pt\/noticias\/2026\/03\/12\/ricardo-costa-ve-wisla-plock-como-adversario-dificil\/","url":"https:\/\/portaltela.pt\/noticias\/2026\/03\/12\/ricardo-costa-ve-wisla-plock-como-adversario-dificil\/","name":"Ricardo Costa v\u00ea Wisla Plock como advers\u00e1rio dif\u00edcil - Portal Tela Portugal","isPartOf":{"@id":"https:\/\/portaltela.pt\/#website"},"primaryImageOfPage":{"@id":"https:\/\/portaltela.pt\/noticias\/2026\/03\/12\/ricardo-costa-ve-wisla-plock-como-adversario-dificil\/#primaryimage"},"image":{"@id":"https:\/\/portaltela.pt\/noticias\/2026\/03\/12\/ricardo-costa-ve-wisla-plock-como-adversario-dificil\/#primaryimage"},"thumbnailUrl":"https:\/\/portaltela.pt\/s.01k8rhncp4jt1\/2026\/03\/img_920x518uu2026-03-12-22-56-13-2426590.jpg","datePublished":"2026-03-12T22:57:03+00:00","author":{"@id":"https:\/\/portaltela.pt\/#\/schema\/person\/c4278d4a6028830caff9ee44b42d32ed"},"breadcrumb":{"@id":"https:\/\/portaltela.pt\/noticias\/2026\/03\/12\/ricardo-costa-ve-wisla-plock-como-adversario-dificil\/#breadcrumb"},"inLanguage":"pt-PT","potentialAction":[{"@type":"ReadAction","target":["https:\/\/portaltela.pt\/noticias\/2026\/03\/12\/ricardo-costa-ve-wisla-plock-como-adversario-dificil\/"]}]},{"@type":"ImageObject","inLanguage":"pt-PT","@id":"https:\/\/portaltela.pt\/noticias\/2026\/03\/12\/ricardo-costa-ve-wisla-plock-como-adversario-dificil\/#primaryimage","url":"https:\/\/portaltela.pt\/s.01k8rhncp4jt1\/2026\/03\/img_920x518uu2026-03-12-22-56-13-2426590.jpg","contentUrl":"https:\/\/portaltela.pt\/s.01k8rhncp4jt1\/2026\/03\/img_920x518uu2026-03-12-22-56-13-2426590.jpg","width":796,"height":448,"caption":"Ricardo Costa avalia o desafio do Sporting contra o Wisla Plock"},{"@type":"BreadcrumbList","@id":"https:\/\/portaltela.pt\/noticias\/2026\/03\/12\/ricardo-costa-ve-wisla-plock-como-adversario-dificil\/#breadcrumb","itemListElement":[{"@type":"ListItem","position":1,"name":"In\u00edcio","item":"https:\/\/portaltela.pt\/"},{"@type":"ListItem","position":2,"name":"Ricardo Costa v\u00ea Wisla Plock como advers\u00e1rio dif\u00edcil"}]},{"@type":"WebSite","@id":"https:\/\/portaltela.pt\/#website","url":"https:\/\/portaltela.pt\/","name":"Portal Tela Portugal","description":"","potentialAction":[{"@type":"SearchAction","target":{"@type":"EntryPoint","urlTemplate":"https:\/\/portaltela.pt\/?s={search_term_string}"},"query-input":{"@type":"PropertyValueSpecification","valueRequired":true,"valueName":"search_term_string"}}],"inLanguage":"pt-PT"},{"@type":"Person","@id":"https:\/\/portaltela.pt\/#\/schema\/person\/c4278d4a6028830caff9ee44b42d32ed","name":"Telinha","image":{"@type":"ImageObject","inLanguage":"pt-PT","@id":"https:\/\/portaltela.pt\/s.01k8rhncp4jt1\/2025\/11\/talking-bot-125x125.png","url":"https:\/\/portaltela.pt\/s.01k8rhncp4jt1\/2025\/11\/talking-bot-125x125.png","contentUrl":"https:\/\/portaltela.pt\/s.01k8rhncp4jt1\/2025\/11\/talking-bot-125x125.png","caption":"Telinha"},"sameAs":["https:\/\/portaltela.pt\/"],"url":"https:\/\/portaltela.pt\/por\/367410592786\/"}]}},"_links":{"self":[{"href":"https:\/\/portaltela.pt\/api\/wp\/v2\/posts\/408191","targetHints":{"allow":["GET"]}}],"collection":[{"href":"https:\/\/portaltela.pt\/api\/wp\/v2\/posts"}],"about":[{"href":"https:\/\/portaltela.pt\/api\/wp\/v2\/types\/post"}],"author":[{"embeddable":true,"href":"https:\/\/portaltela.pt\/api\/wp\/v2\/users\/2"}],"replies":[{"embeddable":true,"href":"https:\/\/portaltela.pt\/api\/wp\/v2\/comments?post=408191"}],"version-history":[{"count":0,"href":"https:\/\/portaltela.pt\/api\/wp\/v2\/posts\/408191\/revisions"}],"wp:featuredmedia":[{"embeddable":true,"href":"https:\/\/portaltela.pt\/api\/wp\/v2\/media\/408192"}],"wp:attachment":[{"href":"https:\/\/portaltela.pt\/api\/wp\/v2\/media?parent=408191"}],"wp:term":[{"taxonomy":"category","embeddable":true,"href":"https:\/\/portaltela.pt\/api\/wp\/v2\/categories?post=408191"},{"taxonomy":"post_tag","embeddable":true,"href":"https:\/\/portaltela.pt\/api\/wp\/v2\/tags?post=408191"}],"curies":[{"name":"wp","href":"https:\/\/api.w.org\/{rel}","templated":true}]}}