{"id":408177,"date":"2026-03-12T19:30:24","date_gmt":"2026-03-12T22:30:24","guid":{"rendered":"https:\/\/portaltela.pt\/noticias\/2026\/03\/12\/investidor-externo-provoca-acusacoes-de-bruno-sorreluz-a-varandas-sobre-ags\/"},"modified":"2026-03-12T19:30:24","modified_gmt":"2026-03-12T22:30:24","slug":"investidor-externo-provoca-acusacoes-de-bruno-sorreluz-a-varandas-sobre-ags","status":"publish","type":"post","link":"https:\/\/portaltela.pt\/desporto\/futebol\/2026\/03\/12\/investidor-externo-provoca-acusacoes-de-bruno-sorreluz-a-varandas-sobre-ags\/","title":{"rendered":"Investidor externo provoca acusa\u00e7\u00f5es de Bruno Sorreluz a Varandas sobre AGs"},"content":{"rendered":"<p>Durante o debate transmitido pela Sporting TV, Frederico Varandas e Bruno Sorreluz discutiram a possibilidade de um investidor externo entrar na SAD do Sporting, enquadrado no plano estrat\u00e9gico a 10 anos apresentado desde 2022. Foi abordado o aumento de participantes nas Assembleias Gerais (AG) nos \u00faltimos anos.<\/p>\n<p>Varandas explicou que n\u00e3o h\u00e1 decis\u00e3o tomada sobre um investidor externo. Refor\u00e7ou que a maioria do capital da SAD deve manter-se na feet do clube, mantendo a estrat\u00e9gia de entrada minorit\u00e1ria apenas se houver sinergias que promovam o clube, com a decis\u00e3o a ser votada na AG.<\/p>\n<p>O atual presidente, que \u00e9 tamb\u00e9m candidato da Lista B, referiu ainda que o debate inclui a compra do Centro Comercial Alval\u00e1xia, j\u00e1 discutida. Acrescentou que a AG passou de 300-400 participantes para cerca de 6 mil, com sess\u00f5es abertas em dias de jogo para participa\u00e7\u00e3o dos s\u00f3cios.<\/p>\n<p>Sorreluz, da Lista A, reagiu acusando Varandas de traumatizado e de n\u00e3o apresentar debate de ideias. Segundo o advers\u00e1rio, o presidente evita ouvir os s\u00f3cios e prefere decidir sem debate pr\u00e9vio, levando a queixas de muitos s\u00f3cios presentes nas AG.<\/p>\n<p>A troca de acusa\u00e7\u00f5es aconteceu no contexto de discuss\u00f5es sobre governan\u00e7a, participa\u00e7\u00e3o de s\u00f3cios e o papel de potenciais parceiros externos no Sporting, temas centrais para a gest\u00e3o em curso. N\u00e3o foram divulgadas informa\u00e7\u00f5es adicionais sobre prazos ou condi\u00e7\u00f5es para qualquer acordo.<\/p>\n","protected":false},"excerpt":{"rendered":"<ul>\n<li>No debate na Sporting TV, o presidente do Sporting, Frederico Varandas, disse que n\u00e3o est\u00e1 em rela\u00e7\u00e3o atual j\u00e1 definido um investidor externo; apontou a possibilidade de entrada de um parceiro minorit\u00e1rio para alavancar o clube, mantendo a maioria da SAD, com decis\u00e3o na Assembleia Geral.<\/li>\n<li>Varandas explicou que, desde 2022, existe a previs\u00e3o de parceria minorit\u00e1ria que promova sinergias, mencionando tamb\u00e9m a compra do Alval\u00e1xia. A decis\u00e3o final caber\u00e1 \u00e0 Assembleia Geral.<\/li>\n<li>O l\u00edder verde e branco destacou o aumento de participa\u00e7\u00e3o nas Assembleias, passando de cerca de 300\u2011400 pessoas para cerca de 6 mil.<\/li>\n<li>Bruno Sorreluz, candidato da Lista A, reagiu, dizendo que Varandas est\u00e1 traumatizado e que as AGs n\u00e3o s\u00e3o para \u201ccomer amendoins\u201d, pedindo debate de ideias e criticando a forma como os s\u00f3cios s\u00e3o tratados.<\/li>\n<li>Sorreluz acusou ainda Varandas de querer decidir sozinho, sem ouvir os s\u00f3cios, enquanto os cidad\u00e3os v\u00e3o votar e sair, refor\u00e7ando a necessidade de um debate claro de propostas.<\/li>\n<\/ul>\n","protected":false},"author":2,"featured_media":408180,"comment_status":"closed","ping_status":"closed","sticky":false,"template":"","format":"standard","meta":{"footnotes":""},"categories":[21,24],"tags":[2937,1274,316,1249,4014,1652],"class_list":["post-408177","post","type-post","status-publish","format-standard","has-post-thumbnail","hentry","category-desporto","category-futebol","tag-assembleia-geral","tag-governanca","tag-investimento","tag-participacao","tag-sad","tag-sporting"],"yoast_head":"<!-- This site is optimized with the Yoast SEO plugin v27.2 - https:\/\/yoast.com\/product\/yoast-seo-wordpress\/ -->\n<title>Investidor externo provoca acusa\u00e7\u00f5es de Bruno Sorreluz a Varandas sobre AGs - Portal Tela Portugal<\/title>\n<meta name=\"robots\" content=\"index, follow, max-snippet:-1, max-image-preview:large, max-video-preview:-1\" \/>\n<meta property=\"og:locale\" content=\"pt_PT\" \/>\n<meta property=\"og:type\" content=\"article\" \/>\n<meta property=\"og:title\" content=\"Investidor externo provoca acusa\u00e7\u00f5es de Bruno Sorreluz a Varandas sobre AGs - Portal Tela Portugal\" \/>\n<meta property=\"og:description\" content=\"No debate na Sporting TV, o presidente do Sporting, Frederico Varandas, disse que n\u00e3o est\u00e1 em rela\u00e7\u00e3o atual j\u00e1 definido um investidor externo; apontou a possibilidade de entrada de um parceiro minorit\u00e1rio para alavancar o clube, mantendo a maioria da SAD, com decis\u00e3o na Assembleia Geral. Varandas explicou que, desde 2022, existe a previs\u00e3o de parceria minorit\u00e1ria que promova sinergias, mencionando tamb\u00e9m a compra do Alval\u00e1xia. A decis\u00e3o final caber\u00e1 \u00e0 Assembleia Geral. O l\u00edder verde e branco destacou o aumento de participa\u00e7\u00e3o nas Assembleias, passando de cerca de 300\u2011400 pessoas para cerca de 6 mil. Bruno Sorreluz, candidato da Lista A, reagiu, dizendo que Varandas est\u00e1 traumatizado e que as AGs n\u00e3o s\u00e3o para \u201ccomer amendoins\u201d, pedindo debate de ideias e criticando a forma como os s\u00f3cios s\u00e3o tratados. Sorreluz acusou ainda Varandas de querer decidir sozinho, sem ouvir os s\u00f3cios, enquanto os cidad\u00e3os v\u00e3o votar e sair, refor\u00e7ando a necessidade de um debate claro de propostas.\" \/>\n<meta property=\"og:url\" content=\"https:\/\/portaltela.pt\/noticias\/2026\/03\/12\/investidor-externo-provoca-acusacoes-de-bruno-sorreluz-a-varandas-sobre-ags\/\" \/>\n<meta property=\"og:site_name\" content=\"Portal Tela Portugal\" \/>\n<meta property=\"article:published_time\" content=\"2026-03-12T22:30:24+00:00\" \/>\n<meta name=\"author\" content=\"Telinha\" \/>\n<meta name=\"twitter:card\" content=\"summary_large_image\" \/>\n<meta name=\"twitter:label1\" content=\"Escrito por\" \/>\n\t<meta name=\"twitter:data1\" content=\"Telinha\" \/>\n\t<meta name=\"twitter:label2\" content=\"Tempo estimado de leitura\" \/>\n\t<meta name=\"twitter:data2\" content=\"1 minuto\" \/>\n<script type=\"application\/ld+json\" class=\"yoast-schema-graph\">{\"@context\":\"https:\/\/schema.org\",\"@graph\":[{\"@type\":\"Article\",\"@id\":\"https:\/\/portaltela.pt\/noticias\/2026\/03\/12\/investidor-externo-provoca-acusacoes-de-bruno-sorreluz-a-varandas-sobre-ags\/#article\",\"isPartOf\":{\"@id\":\"https:\/\/portaltela.pt\/noticias\/2026\/03\/12\/investidor-externo-provoca-acusacoes-de-bruno-sorreluz-a-varandas-sobre-ags\/\"},\"author\":{\"name\":\"Telinha\",\"@id\":\"https:\/\/portaltela.pt\/#\/schema\/person\/c4278d4a6028830caff9ee44b42d32ed\"},\"headline\":\"Investidor externo provoca acusa\u00e7\u00f5es de Bruno Sorreluz a Varandas sobre AGs\",\"datePublished\":\"2026-03-12T22:30:24+00:00\",\"mainEntityOfPage\":{\"@id\":\"https:\/\/portaltela.pt\/noticias\/2026\/03\/12\/investidor-externo-provoca-acusacoes-de-bruno-sorreluz-a-varandas-sobre-ags\/\"},\"wordCount\":258,\"image\":{\"@id\":\"https:\/\/portaltela.pt\/noticias\/2026\/03\/12\/investidor-externo-provoca-acusacoes-de-bruno-sorreluz-a-varandas-sobre-ags\/#primaryimage\"},\"thumbnailUrl\":\"https:\/\/portaltela.pt\/s.01k8rhncp4jt1\/2026\/03\/img_920x518uu2026-03-12-22-28-00-2426585.jpg\",\"keywords\":[\"Assembleia Geral\",\"governan\u00e7a\",\"investimento\",\"participa\u00e7\u00e3o\",\"SAD\",\"Sporting\"],\"articleSection\":[\"Desporto\",\"Futebol\"],\"inLanguage\":\"pt-PT\"},{\"@type\":\"WebPage\",\"@id\":\"https:\/\/portaltela.pt\/noticias\/2026\/03\/12\/investidor-externo-provoca-acusacoes-de-bruno-sorreluz-a-varandas-sobre-ags\/\",\"url\":\"https:\/\/portaltela.pt\/noticias\/2026\/03\/12\/investidor-externo-provoca-acusacoes-de-bruno-sorreluz-a-varandas-sobre-ags\/\",\"name\":\"Investidor externo provoca acusa\u00e7\u00f5es de Bruno Sorreluz a Varandas sobre AGs - Portal Tela Portugal\",\"isPartOf\":{\"@id\":\"https:\/\/portaltela.pt\/#website\"},\"primaryImageOfPage\":{\"@id\":\"https:\/\/portaltela.pt\/noticias\/2026\/03\/12\/investidor-externo-provoca-acusacoes-de-bruno-sorreluz-a-varandas-sobre-ags\/#primaryimage\"},\"image\":{\"@id\":\"https:\/\/portaltela.pt\/noticias\/2026\/03\/12\/investidor-externo-provoca-acusacoes-de-bruno-sorreluz-a-varandas-sobre-ags\/#primaryimage\"},\"thumbnailUrl\":\"https:\/\/portaltela.pt\/s.01k8rhncp4jt1\/2026\/03\/img_920x518uu2026-03-12-22-28-00-2426585.jpg\",\"datePublished\":\"2026-03-12T22:30:24+00:00\",\"author\":{\"@id\":\"https:\/\/portaltela.pt\/#\/schema\/person\/c4278d4a6028830caff9ee44b42d32ed\"},\"breadcrumb\":{\"@id\":\"https:\/\/portaltela.pt\/noticias\/2026\/03\/12\/investidor-externo-provoca-acusacoes-de-bruno-sorreluz-a-varandas-sobre-ags\/#breadcrumb\"},\"inLanguage\":\"pt-PT\",\"potentialAction\":[{\"@type\":\"ReadAction\",\"target\":[\"https:\/\/portaltela.pt\/noticias\/2026\/03\/12\/investidor-externo-provoca-acusacoes-de-bruno-sorreluz-a-varandas-sobre-ags\/\"]}]},{\"@type\":\"ImageObject\",\"inLanguage\":\"pt-PT\",\"@id\":\"https:\/\/portaltela.pt\/noticias\/2026\/03\/12\/investidor-externo-provoca-acusacoes-de-bruno-sorreluz-a-varandas-sobre-ags\/#primaryimage\",\"url\":\"https:\/\/portaltela.pt\/s.01k8rhncp4jt1\/2026\/03\/img_920x518uu2026-03-12-22-28-00-2426585.jpg\",\"contentUrl\":\"https:\/\/portaltela.pt\/s.01k8rhncp4jt1\/2026\/03\/img_920x518uu2026-03-12-22-28-00-2426585.jpg\",\"width\":796,\"height\":448,\"caption\":\"Bruno Sorreluz e Frederico Varandas no debate na Sporting TV\"},{\"@type\":\"BreadcrumbList\",\"@id\":\"https:\/\/portaltela.pt\/noticias\/2026\/03\/12\/investidor-externo-provoca-acusacoes-de-bruno-sorreluz-a-varandas-sobre-ags\/#breadcrumb\",\"itemListElement\":[{\"@type\":\"ListItem\",\"position\":1,\"name\":\"In\u00edcio\",\"item\":\"https:\/\/portaltela.pt\/\"},{\"@type\":\"ListItem\",\"position\":2,\"name\":\"Investidor externo provoca acusa\u00e7\u00f5es de Bruno Sorreluz a Varandas sobre AGs\"}]},{\"@type\":\"WebSite\",\"@id\":\"https:\/\/portaltela.pt\/#website\",\"url\":\"https:\/\/portaltela.pt\/\",\"name\":\"Portal Tela Portugal\",\"description\":\"\",\"potentialAction\":[{\"@type\":\"SearchAction\",\"target\":{\"@type\":\"EntryPoint\",\"urlTemplate\":\"https:\/\/portaltela.pt\/?s={search_term_string}\"},\"query-input\":{\"@type\":\"PropertyValueSpecification\",\"valueRequired\":true,\"valueName\":\"search_term_string\"}}],\"inLanguage\":\"pt-PT\"},{\"@type\":\"Person\",\"@id\":\"https:\/\/portaltela.pt\/#\/schema\/person\/c4278d4a6028830caff9ee44b42d32ed\",\"name\":\"Telinha\",\"image\":{\"@type\":\"ImageObject\",\"inLanguage\":\"pt-PT\",\"@id\":\"https:\/\/portaltela.pt\/s.01k8rhncp4jt1\/2025\/11\/talking-bot-125x125.png\",\"url\":\"https:\/\/portaltela.pt\/s.01k8rhncp4jt1\/2025\/11\/talking-bot-125x125.png\",\"contentUrl\":\"https:\/\/portaltela.pt\/s.01k8rhncp4jt1\/2025\/11\/talking-bot-125x125.png\",\"caption\":\"Telinha\"},\"sameAs\":[\"https:\/\/portaltela.pt\/\"],\"url\":\"https:\/\/portaltela.pt\/por\/367410592786\/\"}]}<\/script>\n<!-- \/ Yoast SEO plugin. -->","yoast_head_json":{"title":"Investidor externo provoca acusa\u00e7\u00f5es de Bruno Sorreluz a Varandas sobre AGs - Portal Tela Portugal","robots":{"index":"index","follow":"follow","max-snippet":"max-snippet:-1","max-image-preview":"max-image-preview:large","max-video-preview":"max-video-preview:-1"},"og_locale":"pt_PT","og_type":"article","og_title":"Investidor externo provoca acusa\u00e7\u00f5es de Bruno Sorreluz a Varandas sobre AGs - Portal Tela Portugal","og_description":"No debate na Sporting TV, o presidente do Sporting, Frederico Varandas, disse que n\u00e3o est\u00e1 em rela\u00e7\u00e3o atual j\u00e1 definido um investidor externo; apontou a possibilidade de entrada de um parceiro minorit\u00e1rio para alavancar o clube, mantendo a maioria da SAD, com decis\u00e3o na Assembleia Geral. Varandas explicou que, desde 2022, existe a previs\u00e3o de parceria minorit\u00e1ria que promova sinergias, mencionando tamb\u00e9m a compra do Alval\u00e1xia. A decis\u00e3o final caber\u00e1 \u00e0 Assembleia Geral. O l\u00edder verde e branco destacou o aumento de participa\u00e7\u00e3o nas Assembleias, passando de cerca de 300\u2011400 pessoas para cerca de 6 mil. Bruno Sorreluz, candidato da Lista A, reagiu, dizendo que Varandas est\u00e1 traumatizado e que as AGs n\u00e3o s\u00e3o para \u201ccomer amendoins\u201d, pedindo debate de ideias e criticando a forma como os s\u00f3cios s\u00e3o tratados. Sorreluz acusou ainda Varandas de querer decidir sozinho, sem ouvir os s\u00f3cios, enquanto os cidad\u00e3os v\u00e3o votar e sair, refor\u00e7ando a necessidade de um debate claro de propostas.","og_url":"https:\/\/portaltela.pt\/noticias\/2026\/03\/12\/investidor-externo-provoca-acusacoes-de-bruno-sorreluz-a-varandas-sobre-ags\/","og_site_name":"Portal Tela Portugal","article_published_time":"2026-03-12T22:30:24+00:00","author":"Telinha","twitter_card":"summary_large_image","twitter_misc":{"Escrito por":"Telinha","Tempo estimado de leitura":"1 minuto"},"schema":{"@context":"https:\/\/schema.org","@graph":[{"@type":"Article","@id":"https:\/\/portaltela.pt\/noticias\/2026\/03\/12\/investidor-externo-provoca-acusacoes-de-bruno-sorreluz-a-varandas-sobre-ags\/#article","isPartOf":{"@id":"https:\/\/portaltela.pt\/noticias\/2026\/03\/12\/investidor-externo-provoca-acusacoes-de-bruno-sorreluz-a-varandas-sobre-ags\/"},"author":{"name":"Telinha","@id":"https:\/\/portaltela.pt\/#\/schema\/person\/c4278d4a6028830caff9ee44b42d32ed"},"headline":"Investidor externo provoca acusa\u00e7\u00f5es de Bruno Sorreluz a Varandas sobre AGs","datePublished":"2026-03-12T22:30:24+00:00","mainEntityOfPage":{"@id":"https:\/\/portaltela.pt\/noticias\/2026\/03\/12\/investidor-externo-provoca-acusacoes-de-bruno-sorreluz-a-varandas-sobre-ags\/"},"wordCount":258,"image":{"@id":"https:\/\/portaltela.pt\/noticias\/2026\/03\/12\/investidor-externo-provoca-acusacoes-de-bruno-sorreluz-a-varandas-sobre-ags\/#primaryimage"},"thumbnailUrl":"https:\/\/portaltela.pt\/s.01k8rhncp4jt1\/2026\/03\/img_920x518uu2026-03-12-22-28-00-2426585.jpg","keywords":["Assembleia Geral","governan\u00e7a","investimento","participa\u00e7\u00e3o","SAD","Sporting"],"articleSection":["Desporto","Futebol"],"inLanguage":"pt-PT"},{"@type":"WebPage","@id":"https:\/\/portaltela.pt\/noticias\/2026\/03\/12\/investidor-externo-provoca-acusacoes-de-bruno-sorreluz-a-varandas-sobre-ags\/","url":"https:\/\/portaltela.pt\/noticias\/2026\/03\/12\/investidor-externo-provoca-acusacoes-de-bruno-sorreluz-a-varandas-sobre-ags\/","name":"Investidor externo provoca acusa\u00e7\u00f5es de Bruno Sorreluz a Varandas sobre AGs - Portal Tela Portugal","isPartOf":{"@id":"https:\/\/portaltela.pt\/#website"},"primaryImageOfPage":{"@id":"https:\/\/portaltela.pt\/noticias\/2026\/03\/12\/investidor-externo-provoca-acusacoes-de-bruno-sorreluz-a-varandas-sobre-ags\/#primaryimage"},"image":{"@id":"https:\/\/portaltela.pt\/noticias\/2026\/03\/12\/investidor-externo-provoca-acusacoes-de-bruno-sorreluz-a-varandas-sobre-ags\/#primaryimage"},"thumbnailUrl":"https:\/\/portaltela.pt\/s.01k8rhncp4jt1\/2026\/03\/img_920x518uu2026-03-12-22-28-00-2426585.jpg","datePublished":"2026-03-12T22:30:24+00:00","author":{"@id":"https:\/\/portaltela.pt\/#\/schema\/person\/c4278d4a6028830caff9ee44b42d32ed"},"breadcrumb":{"@id":"https:\/\/portaltela.pt\/noticias\/2026\/03\/12\/investidor-externo-provoca-acusacoes-de-bruno-sorreluz-a-varandas-sobre-ags\/#breadcrumb"},"inLanguage":"pt-PT","potentialAction":[{"@type":"ReadAction","target":["https:\/\/portaltela.pt\/noticias\/2026\/03\/12\/investidor-externo-provoca-acusacoes-de-bruno-sorreluz-a-varandas-sobre-ags\/"]}]},{"@type":"ImageObject","inLanguage":"pt-PT","@id":"https:\/\/portaltela.pt\/noticias\/2026\/03\/12\/investidor-externo-provoca-acusacoes-de-bruno-sorreluz-a-varandas-sobre-ags\/#primaryimage","url":"https:\/\/portaltela.pt\/s.01k8rhncp4jt1\/2026\/03\/img_920x518uu2026-03-12-22-28-00-2426585.jpg","contentUrl":"https:\/\/portaltela.pt\/s.01k8rhncp4jt1\/2026\/03\/img_920x518uu2026-03-12-22-28-00-2426585.jpg","width":796,"height":448,"caption":"Bruno Sorreluz e Frederico Varandas no debate na Sporting TV"},{"@type":"BreadcrumbList","@id":"https:\/\/portaltela.pt\/noticias\/2026\/03\/12\/investidor-externo-provoca-acusacoes-de-bruno-sorreluz-a-varandas-sobre-ags\/#breadcrumb","itemListElement":[{"@type":"ListItem","position":1,"name":"In\u00edcio","item":"https:\/\/portaltela.pt\/"},{"@type":"ListItem","position":2,"name":"Investidor externo provoca acusa\u00e7\u00f5es de Bruno Sorreluz a Varandas sobre AGs"}]},{"@type":"WebSite","@id":"https:\/\/portaltela.pt\/#website","url":"https:\/\/portaltela.pt\/","name":"Portal Tela Portugal","description":"","potentialAction":[{"@type":"SearchAction","target":{"@type":"EntryPoint","urlTemplate":"https:\/\/portaltela.pt\/?s={search_term_string}"},"query-input":{"@type":"PropertyValueSpecification","valueRequired":true,"valueName":"search_term_string"}}],"inLanguage":"pt-PT"},{"@type":"Person","@id":"https:\/\/portaltela.pt\/#\/schema\/person\/c4278d4a6028830caff9ee44b42d32ed","name":"Telinha","image":{"@type":"ImageObject","inLanguage":"pt-PT","@id":"https:\/\/portaltela.pt\/s.01k8rhncp4jt1\/2025\/11\/talking-bot-125x125.png","url":"https:\/\/portaltela.pt\/s.01k8rhncp4jt1\/2025\/11\/talking-bot-125x125.png","contentUrl":"https:\/\/portaltela.pt\/s.01k8rhncp4jt1\/2025\/11\/talking-bot-125x125.png","caption":"Telinha"},"sameAs":["https:\/\/portaltela.pt\/"],"url":"https:\/\/portaltela.pt\/por\/367410592786\/"}]}},"_links":{"self":[{"href":"https:\/\/portaltela.pt\/api\/wp\/v2\/posts\/408177","targetHints":{"allow":["GET"]}}],"collection":[{"href":"https:\/\/portaltela.pt\/api\/wp\/v2\/posts"}],"about":[{"href":"https:\/\/portaltela.pt\/api\/wp\/v2\/types\/post"}],"author":[{"embeddable":true,"href":"https:\/\/portaltela.pt\/api\/wp\/v2\/users\/2"}],"replies":[{"embeddable":true,"href":"https:\/\/portaltela.pt\/api\/wp\/v2\/comments?post=408177"}],"version-history":[{"count":0,"href":"https:\/\/portaltela.pt\/api\/wp\/v2\/posts\/408177\/revisions"}],"wp:featuredmedia":[{"embeddable":true,"href":"https:\/\/portaltela.pt\/api\/wp\/v2\/media\/408180"}],"wp:attachment":[{"href":"https:\/\/portaltela.pt\/api\/wp\/v2\/media?parent=408177"}],"wp:term":[{"taxonomy":"category","embeddable":true,"href":"https:\/\/portaltela.pt\/api\/wp\/v2\/categories?post=408177"},{"taxonomy":"post_tag","embeddable":true,"href":"https:\/\/portaltela.pt\/api\/wp\/v2\/tags?post=408177"}],"curies":[{"name":"wp","href":"https:\/\/api.w.org\/{rel}","templated":true}]}}