{"id":408143,"date":"2026-03-12T18:52:00","date_gmt":"2026-03-12T21:52:00","guid":{"rendered":"https:\/\/portaltela.pt\/noticias\/2026\/03\/12\/fc-porto-rejeita-favoritismo-na-taca-rivais-dizem-que-tudo-pode-acontecer\/"},"modified":"2026-03-12T18:52:00","modified_gmt":"2026-03-12T21:52:00","slug":"fc-porto-rejeita-favoritismo-na-taca-rivais-dizem-que-tudo-pode-acontecer","status":"publish","type":"post","link":"https:\/\/portaltela.pt\/desporto\/futebol\/2026\/03\/12\/fc-porto-rejeita-favoritismo-na-taca-rivais-dizem-que-tudo-pode-acontecer\/","title":{"rendered":"FC Porto rejeita favoritismo na Ta\u00e7a; rivais dizem que tudo pode acontecer"},"content":{"rendered":"<p>No Albufeira, a final four da Ta\u00e7a de Portugal feminina de voleibol foi apresentada em confer\u00eancia entre treinadores e capit\u00e3s das quatro equipas finalistas: FC Porto, Col\u00e9gio Efanor, Sp. Braga e Cast\u00ealo da Maia. As meias-finais est\u00e3o marcadas para sexta-feira, com o FC Porto a enfrentar o Col\u00e9gio Efanor \u00e0s 18h, e o Sp. Braga a medir for\u00e7as com o Cast\u00ealo da Maia \u00e0s 21h.<\/p>\n<p>O FC Porto rejeitou o r\u00f3tulo de favorito, lembrando que a decis\u00e3o ocorre em apenas dois dias e depende do desempenho em campo. O treinador Miguel Coelho sublinhou que o passado pesa na confian\u00e7a, mas a Ta\u00e7a ser\u00e1 decidida pela presta\u00e7\u00e3o da equipa nesta fase. A capit\u00e3 Joana Resende enfatizou que a Ta\u00e7a exige uma abordagem diferente da fase regular.<\/p>\n<p>Amanh\u00e3, o Col\u00e9gio Efanor entra confiante, apregoando experi\u00eancia aliada \u00e0 irrever\u00eancia da juventude e a capacidade de manter o foco mesmo em fases adversas da \u00e9poca, incluindo v\u00e1rias les\u00f5es. A capit\u00e3 Ana Couto destacou o poder da equipa para manter a press\u00e3o e exigir o m\u00e1ximo, independentemente da press\u00e3o externa.<\/p>\n<h3>FC Porto<\/h3>\n<p>O t\u00e9cnico do FC Porto refor\u00e7a a ideia de que a eliminat\u00f3ria exige consistente desempenho ao longo de 120 minutos de jogo. A equipa de Invicta chega ap\u00f3s ultrapassar o Sporting, vencedor da Ta\u00e7a em 2025, num dos mesmos objetivos do clube: chegar \u00e0 final.<\/p>\n<p>A capit\u00e3 Joana Resende refor\u00e7a que o Clube mant\u00e9m ambi\u00e7\u00e3o de vencer, sem depender do momento anterior da competi\u00e7\u00e3o. A prepara\u00e7\u00e3o foca em adaptar-se ao ritmo intenso de uma prova em formato de fim de semana.<\/p>\n<h3>Col\u00e9gio Efanor<\/h3>\n<p>O treinador Jo\u00e3o David Silva aponta para uma linha de jogo est\u00e1vel, com experi\u00eancia e imprevisibilidade protagonizadas pela juventude. A equipa tem enfrentado contratempos f\u00edsicos, mas usa-os como motor para fortalecer a coes\u00e3o e a resposta coletiva.<\/p>\n<p>Ana Couto, capit\u00e3, garante que o Col\u00e9gio Efanor est\u00e1 pronto para enfrentar o FC Porto com o objetivo de chegar \u00e0 final, reconhecendo o potencial advers\u00e1rio, mas mantendo a confian\u00e7a na pr\u00f3pria prepara\u00e7\u00e3o.<\/p>\n<h3>Sp. Braga<\/h3>\n<p>A frente de ataque do Sp. Braga mostra a ambi\u00e7\u00e3o de conquistar um t\u00edtulo in\u00e9dito. Matilde Rodrigues, capit\u00e3, real\u00e7a a exig\u00eancia de vencer o Cast\u00ealo da Maia para manter o sonho vivo. O treinador Jo\u00e3o Santos sustenta que o grupo est\u00e1 entre as melhores for\u00e7as do pa\u00eds, com a convic\u00e7\u00e3o de que a caminhada continua.<\/p>\n<p>A equipa bracarense encara o Cast\u00ealo como advers\u00e1rio duro, sublinhando a necessidade de manter o foco e o n\u00edvel de jogo para chegar \u00e0 final.<\/p>\n<h3>Cast\u00ealo da Maia<\/h3>\n<p>O Cast\u00ealo da Maia assume o desafio com humildade, reconhecendo a dificuldade de enfrentar o Sp. Braga. O treinador Jo\u00e3o Pedro Vieira aponta para as pr\u00f3prias armas e o momento recente da equipa, com o objetivo de manter o desempenho est\u00e1vel e competir por cada ponto.<\/p>\n<p>A capit\u00e3 Thais Saraiva recorda a hist\u00f3ria da equipa na Ta\u00e7a de Portugal, onde o Cast\u00ealo \u00e9 a segunda com mais t\u00edtulos, e afirma que o grupo vai dar o melhor para chegar \u00e0 final, apesar da superioridade hist\u00f3rica do advers\u00e1rio.<\/p>\n<p>A grande final est\u00e1 marcada para as 21h00 de s\u00e1bado, 14 de mar\u00e7o, em Albufeira, cidade que recebe tamb\u00e9m a final masculina no domingo, \u00e0s 16h15.<\/p>\n","protected":false},"excerpt":{"rendered":"<ul>\n<li>As meias-finais da Ta\u00e7a de Portugal feminina em Albufeira realizam-se na sexta-feira: FC Porto vs Col\u00e9gio Efanor \u00e0s 18h e Sp. Braga vs Cast\u00ealo da Maia \u00e0s 21h.<\/li>\n<li>O FC Porto rejeita o favoritismo, sublinhando que a decis\u00e3o acontece em dois dias e que o desempenho em campo \u00e9 determinante.<\/li>\n<li>O Col\u00e9gio Efanor aposta na experi\u00eancia, irrever\u00eancia e na imprevisibilidade das jogadoras jovens; a capit\u00e3 Ana Couto confirma que tudo est\u00e1 em jogo.<\/li>\n<li>O Sp. Braga, que ainda n\u00e3o venceu a Ta\u00e7a, pretende conquistar o t\u00edtulo in\u00e9dito e encara Cast\u00ealo da Maia como advers\u00e1rio dif\u00edcil; a capit\u00e3 Matilde Rodrigues e o treinador Jo\u00e3o Santos falam de ambi\u00e7\u00e3o.<\/li>\n<li>O Cast\u00ealo da Maia chega com oito ta\u00e7as no palmar\u00e9s e procura o triunfo, reconhecendo a dificuldade frente ao Sp. Braga; o duelo final est\u00e1 marcado para s\u00e1bado \u00e0s 21h00.<\/li>\n<\/ul>\n","protected":false},"author":2,"featured_media":408144,"comment_status":"closed","ping_status":"closed","sticky":false,"template":"","format":"standard","meta":{"footnotes":""},"categories":[21,24],"tags":[1202,7121,7122,2028,2070,181],"class_list":["post-408143","post","type-post","status-publish","format-standard","has-post-thumbnail","hentry","category-desporto","category-futebol","tag-albufeira","tag-castelo-da-maia","tag-colegio-efanor","tag-fc-porto","tag-sp-braga","tag-voleibol"],"yoast_head":"<!-- This site is optimized with the Yoast SEO plugin v27.2 - https:\/\/yoast.com\/product\/yoast-seo-wordpress\/ -->\n<title>FC Porto rejeita favoritismo na Ta\u00e7a; rivais dizem que tudo pode acontecer - Portal Tela Portugal<\/title>\n<meta name=\"robots\" content=\"index, follow, max-snippet:-1, max-image-preview:large, max-video-preview:-1\" \/>\n<meta property=\"og:locale\" content=\"pt_PT\" \/>\n<meta property=\"og:type\" content=\"article\" \/>\n<meta property=\"og:title\" content=\"FC Porto rejeita favoritismo na Ta\u00e7a; rivais dizem que tudo pode acontecer - Portal Tela Portugal\" \/>\n<meta property=\"og:description\" content=\"As meias-finais da Ta\u00e7a de Portugal feminina em Albufeira realizam-se na sexta-feira: FC Porto vs Col\u00e9gio Efanor \u00e0s 18h e Sp. Braga vs Cast\u00ealo da Maia \u00e0s 21h. O FC Porto rejeita o favoritismo, sublinhando que a decis\u00e3o acontece em dois dias e que o desempenho em campo \u00e9 determinante. O Col\u00e9gio Efanor aposta na experi\u00eancia, irrever\u00eancia e na imprevisibilidade das jogadoras jovens; a capit\u00e3 Ana Couto confirma que tudo est\u00e1 em jogo. O Sp. Braga, que ainda n\u00e3o venceu a Ta\u00e7a, pretende conquistar o t\u00edtulo in\u00e9dito e encara Cast\u00ealo da Maia como advers\u00e1rio dif\u00edcil; a capit\u00e3 Matilde Rodrigues e o treinador Jo\u00e3o Santos falam de ambi\u00e7\u00e3o. O Cast\u00ealo da Maia chega com oito ta\u00e7as no palmar\u00e9s e procura o triunfo, reconhecendo a dificuldade frente ao Sp. Braga; o duelo final est\u00e1 marcado para s\u00e1bado \u00e0s 21h00.\" \/>\n<meta property=\"og:url\" content=\"https:\/\/portaltela.pt\/noticias\/2026\/03\/12\/fc-porto-rejeita-favoritismo-na-taca-rivais-dizem-que-tudo-pode-acontecer\/\" \/>\n<meta property=\"og:site_name\" content=\"Portal Tela Portugal\" \/>\n<meta property=\"article:published_time\" content=\"2026-03-12T21:52:00+00:00\" \/>\n<meta name=\"author\" content=\"Telinha\" \/>\n<meta name=\"twitter:card\" content=\"summary_large_image\" \/>\n<meta name=\"twitter:label1\" content=\"Escrito por\" \/>\n\t<meta name=\"twitter:data1\" content=\"Telinha\" \/>\n\t<meta name=\"twitter:label2\" content=\"Tempo estimado de leitura\" \/>\n\t<meta name=\"twitter:data2\" content=\"3 minutos\" \/>\n<script type=\"application\/ld+json\" class=\"yoast-schema-graph\">{\"@context\":\"https:\/\/schema.org\",\"@graph\":[{\"@type\":\"Article\",\"@id\":\"https:\/\/portaltela.pt\/noticias\/2026\/03\/12\/fc-porto-rejeita-favoritismo-na-taca-rivais-dizem-que-tudo-pode-acontecer\/#article\",\"isPartOf\":{\"@id\":\"https:\/\/portaltela.pt\/noticias\/2026\/03\/12\/fc-porto-rejeita-favoritismo-na-taca-rivais-dizem-que-tudo-pode-acontecer\/\"},\"author\":{\"name\":\"Telinha\",\"@id\":\"https:\/\/portaltela.pt\/#\/schema\/person\/c4278d4a6028830caff9ee44b42d32ed\"},\"headline\":\"FC Porto rejeita favoritismo na Ta\u00e7a; rivais dizem que tudo pode acontecer\",\"datePublished\":\"2026-03-12T21:52:00+00:00\",\"mainEntityOfPage\":{\"@id\":\"https:\/\/portaltela.pt\/noticias\/2026\/03\/12\/fc-porto-rejeita-favoritismo-na-taca-rivais-dizem-que-tudo-pode-acontecer\/\"},\"wordCount\":603,\"image\":{\"@id\":\"https:\/\/portaltela.pt\/noticias\/2026\/03\/12\/fc-porto-rejeita-favoritismo-na-taca-rivais-dizem-que-tudo-pode-acontecer\/#primaryimage\"},\"thumbnailUrl\":\"https:\/\/portaltela.pt\/s.01k8rhncp4jt1\/2026\/03\/img_920x518uu2026-03-12-20-50-40-2426565.jpg\",\"keywords\":[\"Albufeira\",\"Cast\u00ealo da Maia\",\"Col\u00e9gio Efanor\",\"FC Porto\",\"Sp. Braga\",\"voleibol\"],\"articleSection\":[\"Desporto\",\"Futebol\"],\"inLanguage\":\"pt-PT\"},{\"@type\":\"WebPage\",\"@id\":\"https:\/\/portaltela.pt\/noticias\/2026\/03\/12\/fc-porto-rejeita-favoritismo-na-taca-rivais-dizem-que-tudo-pode-acontecer\/\",\"url\":\"https:\/\/portaltela.pt\/noticias\/2026\/03\/12\/fc-porto-rejeita-favoritismo-na-taca-rivais-dizem-que-tudo-pode-acontecer\/\",\"name\":\"FC Porto rejeita favoritismo na Ta\u00e7a; rivais dizem que tudo pode acontecer - Portal Tela Portugal\",\"isPartOf\":{\"@id\":\"https:\/\/portaltela.pt\/#website\"},\"primaryImageOfPage\":{\"@id\":\"https:\/\/portaltela.pt\/noticias\/2026\/03\/12\/fc-porto-rejeita-favoritismo-na-taca-rivais-dizem-que-tudo-pode-acontecer\/#primaryimage\"},\"image\":{\"@id\":\"https:\/\/portaltela.pt\/noticias\/2026\/03\/12\/fc-porto-rejeita-favoritismo-na-taca-rivais-dizem-que-tudo-pode-acontecer\/#primaryimage\"},\"thumbnailUrl\":\"https:\/\/portaltela.pt\/s.01k8rhncp4jt1\/2026\/03\/img_920x518uu2026-03-12-20-50-40-2426565.jpg\",\"datePublished\":\"2026-03-12T21:52:00+00:00\",\"author\":{\"@id\":\"https:\/\/portaltela.pt\/#\/schema\/person\/c4278d4a6028830caff9ee44b42d32ed\"},\"breadcrumb\":{\"@id\":\"https:\/\/portaltela.pt\/noticias\/2026\/03\/12\/fc-porto-rejeita-favoritismo-na-taca-rivais-dizem-que-tudo-pode-acontecer\/#breadcrumb\"},\"inLanguage\":\"pt-PT\",\"potentialAction\":[{\"@type\":\"ReadAction\",\"target\":[\"https:\/\/portaltela.pt\/noticias\/2026\/03\/12\/fc-porto-rejeita-favoritismo-na-taca-rivais-dizem-que-tudo-pode-acontecer\/\"]}]},{\"@type\":\"ImageObject\",\"inLanguage\":\"pt-PT\",\"@id\":\"https:\/\/portaltela.pt\/noticias\/2026\/03\/12\/fc-porto-rejeita-favoritismo-na-taca-rivais-dizem-que-tudo-pode-acontecer\/#primaryimage\",\"url\":\"https:\/\/portaltela.pt\/s.01k8rhncp4jt1\/2026\/03\/img_920x518uu2026-03-12-20-50-40-2426565.jpg\",\"contentUrl\":\"https:\/\/portaltela.pt\/s.01k8rhncp4jt1\/2026\/03\/img_920x518uu2026-03-12-20-50-40-2426565.jpg\",\"width\":796,\"height\":448,\"caption\":\"Treinadores e capit\u00e3s de equipa dos finalistas fazem a antevis\u00e3o \u00e0 final four da Ta\u00e7a de Portugal\"},{\"@type\":\"BreadcrumbList\",\"@id\":\"https:\/\/portaltela.pt\/noticias\/2026\/03\/12\/fc-porto-rejeita-favoritismo-na-taca-rivais-dizem-que-tudo-pode-acontecer\/#breadcrumb\",\"itemListElement\":[{\"@type\":\"ListItem\",\"position\":1,\"name\":\"In\u00edcio\",\"item\":\"https:\/\/portaltela.pt\/\"},{\"@type\":\"ListItem\",\"position\":2,\"name\":\"FC Porto rejeita favoritismo na Ta\u00e7a; rivais dizem que tudo pode acontecer\"}]},{\"@type\":\"WebSite\",\"@id\":\"https:\/\/portaltela.pt\/#website\",\"url\":\"https:\/\/portaltela.pt\/\",\"name\":\"Portal Tela Portugal\",\"description\":\"\",\"potentialAction\":[{\"@type\":\"SearchAction\",\"target\":{\"@type\":\"EntryPoint\",\"urlTemplate\":\"https:\/\/portaltela.pt\/?s={search_term_string}\"},\"query-input\":{\"@type\":\"PropertyValueSpecification\",\"valueRequired\":true,\"valueName\":\"search_term_string\"}}],\"inLanguage\":\"pt-PT\"},{\"@type\":\"Person\",\"@id\":\"https:\/\/portaltela.pt\/#\/schema\/person\/c4278d4a6028830caff9ee44b42d32ed\",\"name\":\"Telinha\",\"image\":{\"@type\":\"ImageObject\",\"inLanguage\":\"pt-PT\",\"@id\":\"https:\/\/portaltela.pt\/s.01k8rhncp4jt1\/2025\/11\/talking-bot-125x125.png\",\"url\":\"https:\/\/portaltela.pt\/s.01k8rhncp4jt1\/2025\/11\/talking-bot-125x125.png\",\"contentUrl\":\"https:\/\/portaltela.pt\/s.01k8rhncp4jt1\/2025\/11\/talking-bot-125x125.png\",\"caption\":\"Telinha\"},\"sameAs\":[\"https:\/\/portaltela.pt\/\"],\"url\":\"https:\/\/portaltela.pt\/por\/367410592786\/\"}]}<\/script>\n<!-- \/ Yoast SEO plugin. -->","yoast_head_json":{"title":"FC Porto rejeita favoritismo na Ta\u00e7a; rivais dizem que tudo pode acontecer - Portal Tela Portugal","robots":{"index":"index","follow":"follow","max-snippet":"max-snippet:-1","max-image-preview":"max-image-preview:large","max-video-preview":"max-video-preview:-1"},"og_locale":"pt_PT","og_type":"article","og_title":"FC Porto rejeita favoritismo na Ta\u00e7a; rivais dizem que tudo pode acontecer - Portal Tela Portugal","og_description":"As meias-finais da Ta\u00e7a de Portugal feminina em Albufeira realizam-se na sexta-feira: FC Porto vs Col\u00e9gio Efanor \u00e0s 18h e Sp. Braga vs Cast\u00ealo da Maia \u00e0s 21h. O FC Porto rejeita o favoritismo, sublinhando que a decis\u00e3o acontece em dois dias e que o desempenho em campo \u00e9 determinante. O Col\u00e9gio Efanor aposta na experi\u00eancia, irrever\u00eancia e na imprevisibilidade das jogadoras jovens; a capit\u00e3 Ana Couto confirma que tudo est\u00e1 em jogo. O Sp. Braga, que ainda n\u00e3o venceu a Ta\u00e7a, pretende conquistar o t\u00edtulo in\u00e9dito e encara Cast\u00ealo da Maia como advers\u00e1rio dif\u00edcil; a capit\u00e3 Matilde Rodrigues e o treinador Jo\u00e3o Santos falam de ambi\u00e7\u00e3o. O Cast\u00ealo da Maia chega com oito ta\u00e7as no palmar\u00e9s e procura o triunfo, reconhecendo a dificuldade frente ao Sp. Braga; o duelo final est\u00e1 marcado para s\u00e1bado \u00e0s 21h00.","og_url":"https:\/\/portaltela.pt\/noticias\/2026\/03\/12\/fc-porto-rejeita-favoritismo-na-taca-rivais-dizem-que-tudo-pode-acontecer\/","og_site_name":"Portal Tela Portugal","article_published_time":"2026-03-12T21:52:00+00:00","author":"Telinha","twitter_card":"summary_large_image","twitter_misc":{"Escrito por":"Telinha","Tempo estimado de leitura":"3 minutos"},"schema":{"@context":"https:\/\/schema.org","@graph":[{"@type":"Article","@id":"https:\/\/portaltela.pt\/noticias\/2026\/03\/12\/fc-porto-rejeita-favoritismo-na-taca-rivais-dizem-que-tudo-pode-acontecer\/#article","isPartOf":{"@id":"https:\/\/portaltela.pt\/noticias\/2026\/03\/12\/fc-porto-rejeita-favoritismo-na-taca-rivais-dizem-que-tudo-pode-acontecer\/"},"author":{"name":"Telinha","@id":"https:\/\/portaltela.pt\/#\/schema\/person\/c4278d4a6028830caff9ee44b42d32ed"},"headline":"FC Porto rejeita favoritismo na Ta\u00e7a; rivais dizem que tudo pode acontecer","datePublished":"2026-03-12T21:52:00+00:00","mainEntityOfPage":{"@id":"https:\/\/portaltela.pt\/noticias\/2026\/03\/12\/fc-porto-rejeita-favoritismo-na-taca-rivais-dizem-que-tudo-pode-acontecer\/"},"wordCount":603,"image":{"@id":"https:\/\/portaltela.pt\/noticias\/2026\/03\/12\/fc-porto-rejeita-favoritismo-na-taca-rivais-dizem-que-tudo-pode-acontecer\/#primaryimage"},"thumbnailUrl":"https:\/\/portaltela.pt\/s.01k8rhncp4jt1\/2026\/03\/img_920x518uu2026-03-12-20-50-40-2426565.jpg","keywords":["Albufeira","Cast\u00ealo da Maia","Col\u00e9gio Efanor","FC Porto","Sp. Braga","voleibol"],"articleSection":["Desporto","Futebol"],"inLanguage":"pt-PT"},{"@type":"WebPage","@id":"https:\/\/portaltela.pt\/noticias\/2026\/03\/12\/fc-porto-rejeita-favoritismo-na-taca-rivais-dizem-que-tudo-pode-acontecer\/","url":"https:\/\/portaltela.pt\/noticias\/2026\/03\/12\/fc-porto-rejeita-favoritismo-na-taca-rivais-dizem-que-tudo-pode-acontecer\/","name":"FC Porto rejeita favoritismo na Ta\u00e7a; rivais dizem que tudo pode acontecer - Portal Tela Portugal","isPartOf":{"@id":"https:\/\/portaltela.pt\/#website"},"primaryImageOfPage":{"@id":"https:\/\/portaltela.pt\/noticias\/2026\/03\/12\/fc-porto-rejeita-favoritismo-na-taca-rivais-dizem-que-tudo-pode-acontecer\/#primaryimage"},"image":{"@id":"https:\/\/portaltela.pt\/noticias\/2026\/03\/12\/fc-porto-rejeita-favoritismo-na-taca-rivais-dizem-que-tudo-pode-acontecer\/#primaryimage"},"thumbnailUrl":"https:\/\/portaltela.pt\/s.01k8rhncp4jt1\/2026\/03\/img_920x518uu2026-03-12-20-50-40-2426565.jpg","datePublished":"2026-03-12T21:52:00+00:00","author":{"@id":"https:\/\/portaltela.pt\/#\/schema\/person\/c4278d4a6028830caff9ee44b42d32ed"},"breadcrumb":{"@id":"https:\/\/portaltela.pt\/noticias\/2026\/03\/12\/fc-porto-rejeita-favoritismo-na-taca-rivais-dizem-que-tudo-pode-acontecer\/#breadcrumb"},"inLanguage":"pt-PT","potentialAction":[{"@type":"ReadAction","target":["https:\/\/portaltela.pt\/noticias\/2026\/03\/12\/fc-porto-rejeita-favoritismo-na-taca-rivais-dizem-que-tudo-pode-acontecer\/"]}]},{"@type":"ImageObject","inLanguage":"pt-PT","@id":"https:\/\/portaltela.pt\/noticias\/2026\/03\/12\/fc-porto-rejeita-favoritismo-na-taca-rivais-dizem-que-tudo-pode-acontecer\/#primaryimage","url":"https:\/\/portaltela.pt\/s.01k8rhncp4jt1\/2026\/03\/img_920x518uu2026-03-12-20-50-40-2426565.jpg","contentUrl":"https:\/\/portaltela.pt\/s.01k8rhncp4jt1\/2026\/03\/img_920x518uu2026-03-12-20-50-40-2426565.jpg","width":796,"height":448,"caption":"Treinadores e capit\u00e3s de equipa dos finalistas fazem a antevis\u00e3o \u00e0 final four da Ta\u00e7a de Portugal"},{"@type":"BreadcrumbList","@id":"https:\/\/portaltela.pt\/noticias\/2026\/03\/12\/fc-porto-rejeita-favoritismo-na-taca-rivais-dizem-que-tudo-pode-acontecer\/#breadcrumb","itemListElement":[{"@type":"ListItem","position":1,"name":"In\u00edcio","item":"https:\/\/portaltela.pt\/"},{"@type":"ListItem","position":2,"name":"FC Porto rejeita favoritismo na Ta\u00e7a; rivais dizem que tudo pode acontecer"}]},{"@type":"WebSite","@id":"https:\/\/portaltela.pt\/#website","url":"https:\/\/portaltela.pt\/","name":"Portal Tela Portugal","description":"","potentialAction":[{"@type":"SearchAction","target":{"@type":"EntryPoint","urlTemplate":"https:\/\/portaltela.pt\/?s={search_term_string}"},"query-input":{"@type":"PropertyValueSpecification","valueRequired":true,"valueName":"search_term_string"}}],"inLanguage":"pt-PT"},{"@type":"Person","@id":"https:\/\/portaltela.pt\/#\/schema\/person\/c4278d4a6028830caff9ee44b42d32ed","name":"Telinha","image":{"@type":"ImageObject","inLanguage":"pt-PT","@id":"https:\/\/portaltela.pt\/s.01k8rhncp4jt1\/2025\/11\/talking-bot-125x125.png","url":"https:\/\/portaltela.pt\/s.01k8rhncp4jt1\/2025\/11\/talking-bot-125x125.png","contentUrl":"https:\/\/portaltela.pt\/s.01k8rhncp4jt1\/2025\/11\/talking-bot-125x125.png","caption":"Telinha"},"sameAs":["https:\/\/portaltela.pt\/"],"url":"https:\/\/portaltela.pt\/por\/367410592786\/"}]}},"_links":{"self":[{"href":"https:\/\/portaltela.pt\/api\/wp\/v2\/posts\/408143","targetHints":{"allow":["GET"]}}],"collection":[{"href":"https:\/\/portaltela.pt\/api\/wp\/v2\/posts"}],"about":[{"href":"https:\/\/portaltela.pt\/api\/wp\/v2\/types\/post"}],"author":[{"embeddable":true,"href":"https:\/\/portaltela.pt\/api\/wp\/v2\/users\/2"}],"replies":[{"embeddable":true,"href":"https:\/\/portaltela.pt\/api\/wp\/v2\/comments?post=408143"}],"version-history":[{"count":0,"href":"https:\/\/portaltela.pt\/api\/wp\/v2\/posts\/408143\/revisions"}],"wp:featuredmedia":[{"embeddable":true,"href":"https:\/\/portaltela.pt\/api\/wp\/v2\/media\/408144"}],"wp:attachment":[{"href":"https:\/\/portaltela.pt\/api\/wp\/v2\/media?parent=408143"}],"wp:term":[{"taxonomy":"category","embeddable":true,"href":"https:\/\/portaltela.pt\/api\/wp\/v2\/categories?post=408143"},{"taxonomy":"post_tag","embeddable":true,"href":"https:\/\/portaltela.pt\/api\/wp\/v2\/tags?post=408143"}],"curies":[{"name":"wp","href":"https:\/\/api.w.org\/{rel}","templated":true}]}}