{"id":408133,"date":"2026-03-12T18:31:00","date_gmt":"2026-03-12T21:31:00","guid":{"rendered":"https:\/\/portaltela.pt\/noticias\/2026\/03\/12\/comissao-independente-dos-incendios-esta-completa-aguiar-branco-marca-posse\/"},"modified":"2026-03-12T18:31:00","modified_gmt":"2026-03-12T21:31:00","slug":"comissao-independente-dos-incendios-esta-completa-aguiar-branco-marca-posse","status":"publish","type":"post","link":"https:\/\/portaltela.pt\/noticias\/politica\/2026\/03\/12\/comissao-independente-dos-incendios-esta-completa-aguiar-branco-marca-posse\/","title":{"rendered":"Comiss\u00e3o independente dos inc\u00eandios est\u00e1 completa; Aguiar-Branco marca posse"},"content":{"rendered":"<p>A Comiss\u00e3o T\u00e9cnica Independente (CTI) para avaliar os inc\u00eandios florestais de 2025 est\u00e1 finalmente completa, faltando apenas a marca\u00e7\u00e3o da data de posse por Aguiar-Branco. A not\u00edcia surge depois do alerta emitido pelo Presidente da Rep\u00fablica numa visita \u00e0 localidade afetada pelos fogos do ano anterior.<\/p>\n<p>A Assembleia da Rep\u00fablica j\u00e1 tem os 12 nomes dos especialistas que v\u00e3o integrar a CTI, conforme o conjunto de indica\u00e7\u00f5es aprovadas. A comiss\u00e3o resulta de uma proposta do PS, apresentada e aprovada em setembro do ano passado, mas cuja implementa\u00e7\u00e3o tem sido morosa.<\/p>\n<p>Ap\u00f3s a rea\u00e7\u00e3o do novo Presidente, Ant\u00f3nio Jos\u00e9 Seguro, que manifestou espanto pela demora, o Conselho de Reitores das Universidades Portuguesas (CRUP) encaminhou hoje ao Parlamento os dois nomes que ainda estavam pendentes. A rapidez na entrega dos nomes evita novos atrasos no processo de constitui\u00e7\u00e3o da CTI.<\/p>\n<h3>Composi\u00e7\u00e3o e pr\u00f3ximos passos<\/h3>\n<p>O envio dos dois nomes faltantes pelo CRUP permite, em teoria, a nomea\u00e7\u00e3o completa da CTI pela Assembleia da Rep\u00fablica. A partir da confirma\u00e7\u00e3o de todos os membros, o grupo deve iniciar fun\u00e7\u00f5es para avaliar o que correu mal nos inc\u00eandios de 2025 e apresentar recomenda\u00e7\u00f5es. A posse depende apenas da marca\u00e7\u00e3o por Aguiar-Branco.<\/p>\n","protected":false},"excerpt":{"rendered":"<ul>\n<li>A Assembleia da Rep\u00fablica j\u00e1 tem os 12 nomes dos especialistas que v\u00e3o integrar a Comiss\u00e3o T\u00e9cnica Independente (CTI) para avaliar os inc\u00eandios de 2025.<\/li>\n<li>A comiss\u00e3o foi proposta pelo Partido Socialista e aprovada em setembro do ano passado.<\/li>\n<li>O Presidente da Rep\u00fablica visitou uma localidade afetada pelos fogos de 2025 e pediu rapidez no processo de composi\u00e7\u00e3o.<\/li>\n<li>O Conselho de Reitores das Universidades Portuguesas (CRUP) enviou ao Parlamento os dois nomes que ainda estavam em falta.<\/li>\n<li>Agora s\u00f3 falta Aguiar-Branco marcar a data da posse da CTI.<\/li>\n<\/ul>\n","protected":false},"author":2,"featured_media":408136,"comment_status":"closed","ping_status":"closed","sticky":false,"template":"","format":"standard","meta":{"footnotes":""},"categories":[1,5],"tags":[3776,34,2617,2832,1014,58],"class_list":["post-408133","post","type-post","status-publish","format-standard","has-post-thumbnail","hentry","category-noticias","category-politica","tag-comissao","tag-governo","tag-incendios","tag-politica","tag-portugal","tag-universidades"],"yoast_head":"<!-- This site is optimized with the Yoast SEO plugin v27.2 - https:\/\/yoast.com\/product\/yoast-seo-wordpress\/ -->\n<title>Comiss\u00e3o independente dos inc\u00eandios est\u00e1 completa; Aguiar-Branco marca posse - Portal Tela Portugal<\/title>\n<meta name=\"robots\" content=\"index, follow, max-snippet:-1, max-image-preview:large, max-video-preview:-1\" \/>\n<meta property=\"og:locale\" content=\"pt_PT\" \/>\n<meta property=\"og:type\" content=\"article\" \/>\n<meta property=\"og:title\" content=\"Comiss\u00e3o independente dos inc\u00eandios est\u00e1 completa; Aguiar-Branco marca posse - Portal Tela Portugal\" \/>\n<meta property=\"og:description\" content=\"A Assembleia da Rep\u00fablica j\u00e1 tem os 12 nomes dos especialistas que v\u00e3o integrar a Comiss\u00e3o T\u00e9cnica Independente (CTI) para avaliar os inc\u00eandios de 2025. A comiss\u00e3o foi proposta pelo Partido Socialista e aprovada em setembro do ano passado. O Presidente da Rep\u00fablica visitou uma localidade afetada pelos fogos de 2025 e pediu rapidez no processo de composi\u00e7\u00e3o. O Conselho de Reitores das Universidades Portuguesas (CRUP) enviou ao Parlamento os dois nomes que ainda estavam em falta. Agora s\u00f3 falta Aguiar-Branco marcar a data da posse da CTI.\" \/>\n<meta property=\"og:url\" content=\"https:\/\/portaltela.pt\/noticias\/2026\/03\/12\/comissao-independente-dos-incendios-esta-completa-aguiar-branco-marca-posse\/\" \/>\n<meta property=\"og:site_name\" content=\"Portal Tela Portugal\" \/>\n<meta property=\"article:published_time\" content=\"2026-03-12T21:31:00+00:00\" \/>\n<meta name=\"author\" content=\"Telinha\" \/>\n<meta name=\"twitter:card\" content=\"summary_large_image\" \/>\n<meta name=\"twitter:label1\" content=\"Escrito por\" \/>\n\t<meta name=\"twitter:data1\" content=\"Telinha\" \/>\n\t<meta name=\"twitter:label2\" content=\"Tempo estimado de leitura\" \/>\n\t<meta name=\"twitter:data2\" content=\"1 minuto\" \/>\n<script type=\"application\/ld+json\" class=\"yoast-schema-graph\">{\"@context\":\"https:\/\/schema.org\",\"@graph\":[{\"@type\":\"Article\",\"@id\":\"https:\/\/portaltela.pt\/noticias\/2026\/03\/12\/comissao-independente-dos-incendios-esta-completa-aguiar-branco-marca-posse\/#article\",\"isPartOf\":{\"@id\":\"https:\/\/portaltela.pt\/noticias\/2026\/03\/12\/comissao-independente-dos-incendios-esta-completa-aguiar-branco-marca-posse\/\"},\"author\":{\"name\":\"Telinha\",\"@id\":\"https:\/\/portaltela.pt\/#\/schema\/person\/c4278d4a6028830caff9ee44b42d32ed\"},\"headline\":\"Comiss\u00e3o independente dos inc\u00eandios est\u00e1 completa; Aguiar-Branco marca posse\",\"datePublished\":\"2026-03-12T21:31:00+00:00\",\"mainEntityOfPage\":{\"@id\":\"https:\/\/portaltela.pt\/noticias\/2026\/03\/12\/comissao-independente-dos-incendios-esta-completa-aguiar-branco-marca-posse\/\"},\"wordCount\":227,\"image\":{\"@id\":\"https:\/\/portaltela.pt\/noticias\/2026\/03\/12\/comissao-independente-dos-incendios-esta-completa-aguiar-branco-marca-posse\/#primaryimage\"},\"thumbnailUrl\":\"https:\/\/portaltela.pt\/s.01k8rhncp4jt1\/2026\/03\/2073743.jpg\",\"keywords\":[\"comiss\u00e3o\",\"governo\",\"inc\u00eandios\",\"pol\u00edtica\",\"Portugal\",\"universidades\"],\"articleSection\":[\"Not\u00edcias\",\"Pol\u00edtica\"],\"inLanguage\":\"pt-PT\"},{\"@type\":\"WebPage\",\"@id\":\"https:\/\/portaltela.pt\/noticias\/2026\/03\/12\/comissao-independente-dos-incendios-esta-completa-aguiar-branco-marca-posse\/\",\"url\":\"https:\/\/portaltela.pt\/noticias\/2026\/03\/12\/comissao-independente-dos-incendios-esta-completa-aguiar-branco-marca-posse\/\",\"name\":\"Comiss\u00e3o independente dos inc\u00eandios est\u00e1 completa; Aguiar-Branco marca posse - Portal Tela Portugal\",\"isPartOf\":{\"@id\":\"https:\/\/portaltela.pt\/#website\"},\"primaryImageOfPage\":{\"@id\":\"https:\/\/portaltela.pt\/noticias\/2026\/03\/12\/comissao-independente-dos-incendios-esta-completa-aguiar-branco-marca-posse\/#primaryimage\"},\"image\":{\"@id\":\"https:\/\/portaltela.pt\/noticias\/2026\/03\/12\/comissao-independente-dos-incendios-esta-completa-aguiar-branco-marca-posse\/#primaryimage\"},\"thumbnailUrl\":\"https:\/\/portaltela.pt\/s.01k8rhncp4jt1\/2026\/03\/2073743.jpg\",\"datePublished\":\"2026-03-12T21:31:00+00:00\",\"author\":{\"@id\":\"https:\/\/portaltela.pt\/#\/schema\/person\/c4278d4a6028830caff9ee44b42d32ed\"},\"breadcrumb\":{\"@id\":\"https:\/\/portaltela.pt\/noticias\/2026\/03\/12\/comissao-independente-dos-incendios-esta-completa-aguiar-branco-marca-posse\/#breadcrumb\"},\"inLanguage\":\"pt-PT\",\"potentialAction\":[{\"@type\":\"ReadAction\",\"target\":[\"https:\/\/portaltela.pt\/noticias\/2026\/03\/12\/comissao-independente-dos-incendios-esta-completa-aguiar-branco-marca-posse\/\"]}]},{\"@type\":\"ImageObject\",\"inLanguage\":\"pt-PT\",\"@id\":\"https:\/\/portaltela.pt\/noticias\/2026\/03\/12\/comissao-independente-dos-incendios-esta-completa-aguiar-branco-marca-posse\/#primaryimage\",\"url\":\"https:\/\/portaltela.pt\/s.01k8rhncp4jt1\/2026\/03\/2073743.jpg\",\"contentUrl\":\"https:\/\/portaltela.pt\/s.01k8rhncp4jt1\/2026\/03\/2073743.jpg\",\"width\":796,\"height\":448,\"caption\":\"Devasta\u00e7\u00e3o dos fogos no Ver\u00e3o de 2025\"},{\"@type\":\"BreadcrumbList\",\"@id\":\"https:\/\/portaltela.pt\/noticias\/2026\/03\/12\/comissao-independente-dos-incendios-esta-completa-aguiar-branco-marca-posse\/#breadcrumb\",\"itemListElement\":[{\"@type\":\"ListItem\",\"position\":1,\"name\":\"In\u00edcio\",\"item\":\"https:\/\/portaltela.pt\/\"},{\"@type\":\"ListItem\",\"position\":2,\"name\":\"Comiss\u00e3o independente dos inc\u00eandios est\u00e1 completa; Aguiar-Branco marca posse\"}]},{\"@type\":\"WebSite\",\"@id\":\"https:\/\/portaltela.pt\/#website\",\"url\":\"https:\/\/portaltela.pt\/\",\"name\":\"Portal Tela Portugal\",\"description\":\"\",\"potentialAction\":[{\"@type\":\"SearchAction\",\"target\":{\"@type\":\"EntryPoint\",\"urlTemplate\":\"https:\/\/portaltela.pt\/?s={search_term_string}\"},\"query-input\":{\"@type\":\"PropertyValueSpecification\",\"valueRequired\":true,\"valueName\":\"search_term_string\"}}],\"inLanguage\":\"pt-PT\"},{\"@type\":\"Person\",\"@id\":\"https:\/\/portaltela.pt\/#\/schema\/person\/c4278d4a6028830caff9ee44b42d32ed\",\"name\":\"Telinha\",\"image\":{\"@type\":\"ImageObject\",\"inLanguage\":\"pt-PT\",\"@id\":\"https:\/\/portaltela.pt\/s.01k8rhncp4jt1\/2025\/11\/talking-bot-125x125.png\",\"url\":\"https:\/\/portaltela.pt\/s.01k8rhncp4jt1\/2025\/11\/talking-bot-125x125.png\",\"contentUrl\":\"https:\/\/portaltela.pt\/s.01k8rhncp4jt1\/2025\/11\/talking-bot-125x125.png\",\"caption\":\"Telinha\"},\"sameAs\":[\"https:\/\/portaltela.pt\/\"],\"url\":\"https:\/\/portaltela.pt\/por\/367410592786\/\"}]}<\/script>\n<!-- \/ Yoast SEO plugin. -->","yoast_head_json":{"title":"Comiss\u00e3o independente dos inc\u00eandios est\u00e1 completa; Aguiar-Branco marca posse - Portal Tela Portugal","robots":{"index":"index","follow":"follow","max-snippet":"max-snippet:-1","max-image-preview":"max-image-preview:large","max-video-preview":"max-video-preview:-1"},"og_locale":"pt_PT","og_type":"article","og_title":"Comiss\u00e3o independente dos inc\u00eandios est\u00e1 completa; Aguiar-Branco marca posse - Portal Tela Portugal","og_description":"A Assembleia da Rep\u00fablica j\u00e1 tem os 12 nomes dos especialistas que v\u00e3o integrar a Comiss\u00e3o T\u00e9cnica Independente (CTI) para avaliar os inc\u00eandios de 2025. A comiss\u00e3o foi proposta pelo Partido Socialista e aprovada em setembro do ano passado. O Presidente da Rep\u00fablica visitou uma localidade afetada pelos fogos de 2025 e pediu rapidez no processo de composi\u00e7\u00e3o. O Conselho de Reitores das Universidades Portuguesas (CRUP) enviou ao Parlamento os dois nomes que ainda estavam em falta. Agora s\u00f3 falta Aguiar-Branco marcar a data da posse da CTI.","og_url":"https:\/\/portaltela.pt\/noticias\/2026\/03\/12\/comissao-independente-dos-incendios-esta-completa-aguiar-branco-marca-posse\/","og_site_name":"Portal Tela Portugal","article_published_time":"2026-03-12T21:31:00+00:00","author":"Telinha","twitter_card":"summary_large_image","twitter_misc":{"Escrito por":"Telinha","Tempo estimado de leitura":"1 minuto"},"schema":{"@context":"https:\/\/schema.org","@graph":[{"@type":"Article","@id":"https:\/\/portaltela.pt\/noticias\/2026\/03\/12\/comissao-independente-dos-incendios-esta-completa-aguiar-branco-marca-posse\/#article","isPartOf":{"@id":"https:\/\/portaltela.pt\/noticias\/2026\/03\/12\/comissao-independente-dos-incendios-esta-completa-aguiar-branco-marca-posse\/"},"author":{"name":"Telinha","@id":"https:\/\/portaltela.pt\/#\/schema\/person\/c4278d4a6028830caff9ee44b42d32ed"},"headline":"Comiss\u00e3o independente dos inc\u00eandios est\u00e1 completa; Aguiar-Branco marca posse","datePublished":"2026-03-12T21:31:00+00:00","mainEntityOfPage":{"@id":"https:\/\/portaltela.pt\/noticias\/2026\/03\/12\/comissao-independente-dos-incendios-esta-completa-aguiar-branco-marca-posse\/"},"wordCount":227,"image":{"@id":"https:\/\/portaltela.pt\/noticias\/2026\/03\/12\/comissao-independente-dos-incendios-esta-completa-aguiar-branco-marca-posse\/#primaryimage"},"thumbnailUrl":"https:\/\/portaltela.pt\/s.01k8rhncp4jt1\/2026\/03\/2073743.jpg","keywords":["comiss\u00e3o","governo","inc\u00eandios","pol\u00edtica","Portugal","universidades"],"articleSection":["Not\u00edcias","Pol\u00edtica"],"inLanguage":"pt-PT"},{"@type":"WebPage","@id":"https:\/\/portaltela.pt\/noticias\/2026\/03\/12\/comissao-independente-dos-incendios-esta-completa-aguiar-branco-marca-posse\/","url":"https:\/\/portaltela.pt\/noticias\/2026\/03\/12\/comissao-independente-dos-incendios-esta-completa-aguiar-branco-marca-posse\/","name":"Comiss\u00e3o independente dos inc\u00eandios est\u00e1 completa; Aguiar-Branco marca posse - Portal Tela Portugal","isPartOf":{"@id":"https:\/\/portaltela.pt\/#website"},"primaryImageOfPage":{"@id":"https:\/\/portaltela.pt\/noticias\/2026\/03\/12\/comissao-independente-dos-incendios-esta-completa-aguiar-branco-marca-posse\/#primaryimage"},"image":{"@id":"https:\/\/portaltela.pt\/noticias\/2026\/03\/12\/comissao-independente-dos-incendios-esta-completa-aguiar-branco-marca-posse\/#primaryimage"},"thumbnailUrl":"https:\/\/portaltela.pt\/s.01k8rhncp4jt1\/2026\/03\/2073743.jpg","datePublished":"2026-03-12T21:31:00+00:00","author":{"@id":"https:\/\/portaltela.pt\/#\/schema\/person\/c4278d4a6028830caff9ee44b42d32ed"},"breadcrumb":{"@id":"https:\/\/portaltela.pt\/noticias\/2026\/03\/12\/comissao-independente-dos-incendios-esta-completa-aguiar-branco-marca-posse\/#breadcrumb"},"inLanguage":"pt-PT","potentialAction":[{"@type":"ReadAction","target":["https:\/\/portaltela.pt\/noticias\/2026\/03\/12\/comissao-independente-dos-incendios-esta-completa-aguiar-branco-marca-posse\/"]}]},{"@type":"ImageObject","inLanguage":"pt-PT","@id":"https:\/\/portaltela.pt\/noticias\/2026\/03\/12\/comissao-independente-dos-incendios-esta-completa-aguiar-branco-marca-posse\/#primaryimage","url":"https:\/\/portaltela.pt\/s.01k8rhncp4jt1\/2026\/03\/2073743.jpg","contentUrl":"https:\/\/portaltela.pt\/s.01k8rhncp4jt1\/2026\/03\/2073743.jpg","width":796,"height":448,"caption":"Devasta\u00e7\u00e3o dos fogos no Ver\u00e3o de 2025"},{"@type":"BreadcrumbList","@id":"https:\/\/portaltela.pt\/noticias\/2026\/03\/12\/comissao-independente-dos-incendios-esta-completa-aguiar-branco-marca-posse\/#breadcrumb","itemListElement":[{"@type":"ListItem","position":1,"name":"In\u00edcio","item":"https:\/\/portaltela.pt\/"},{"@type":"ListItem","position":2,"name":"Comiss\u00e3o independente dos inc\u00eandios est\u00e1 completa; Aguiar-Branco marca posse"}]},{"@type":"WebSite","@id":"https:\/\/portaltela.pt\/#website","url":"https:\/\/portaltela.pt\/","name":"Portal Tela Portugal","description":"","potentialAction":[{"@type":"SearchAction","target":{"@type":"EntryPoint","urlTemplate":"https:\/\/portaltela.pt\/?s={search_term_string}"},"query-input":{"@type":"PropertyValueSpecification","valueRequired":true,"valueName":"search_term_string"}}],"inLanguage":"pt-PT"},{"@type":"Person","@id":"https:\/\/portaltela.pt\/#\/schema\/person\/c4278d4a6028830caff9ee44b42d32ed","name":"Telinha","image":{"@type":"ImageObject","inLanguage":"pt-PT","@id":"https:\/\/portaltela.pt\/s.01k8rhncp4jt1\/2025\/11\/talking-bot-125x125.png","url":"https:\/\/portaltela.pt\/s.01k8rhncp4jt1\/2025\/11\/talking-bot-125x125.png","contentUrl":"https:\/\/portaltela.pt\/s.01k8rhncp4jt1\/2025\/11\/talking-bot-125x125.png","caption":"Telinha"},"sameAs":["https:\/\/portaltela.pt\/"],"url":"https:\/\/portaltela.pt\/por\/367410592786\/"}]}},"_links":{"self":[{"href":"https:\/\/portaltela.pt\/api\/wp\/v2\/posts\/408133","targetHints":{"allow":["GET"]}}],"collection":[{"href":"https:\/\/portaltela.pt\/api\/wp\/v2\/posts"}],"about":[{"href":"https:\/\/portaltela.pt\/api\/wp\/v2\/types\/post"}],"author":[{"embeddable":true,"href":"https:\/\/portaltela.pt\/api\/wp\/v2\/users\/2"}],"replies":[{"embeddable":true,"href":"https:\/\/portaltela.pt\/api\/wp\/v2\/comments?post=408133"}],"version-history":[{"count":0,"href":"https:\/\/portaltela.pt\/api\/wp\/v2\/posts\/408133\/revisions"}],"wp:featuredmedia":[{"embeddable":true,"href":"https:\/\/portaltela.pt\/api\/wp\/v2\/media\/408136"}],"wp:attachment":[{"href":"https:\/\/portaltela.pt\/api\/wp\/v2\/media?parent=408133"}],"wp:term":[{"taxonomy":"category","embeddable":true,"href":"https:\/\/portaltela.pt\/api\/wp\/v2\/categories?post=408133"},{"taxonomy":"post_tag","embeddable":true,"href":"https:\/\/portaltela.pt\/api\/wp\/v2\/tags?post=408133"}],"curies":[{"name":"wp","href":"https:\/\/api.w.org\/{rel}","templated":true}]}}