{"id":408131,"date":"2026-03-12T18:38:00","date_gmt":"2026-03-12T21:38:00","guid":{"rendered":"https:\/\/portaltela.pt\/noticias\/2026\/03\/12\/ministro-da-defesa-com-safe-nao-compramos-meios-adquirimos-ciclos-de-vida\/"},"modified":"2026-03-12T18:38:00","modified_gmt":"2026-03-12T21:38:00","slug":"ministro-da-defesa-com-safe-nao-compramos-meios-adquirimos-ciclos-de-vida","status":"publish","type":"post","link":"https:\/\/portaltela.pt\/noticias\/2026\/03\/12\/ministro-da-defesa-com-safe-nao-compramos-meios-adquirimos-ciclos-de-vida\/","title":{"rendered":"Ministro da Defesa: com SAFE, n\u00e3o compramos meios, adquirimos ciclos de vida"},"content":{"rendered":"<p>O ministro da Defesa Nacional, Nuno Melo, afirmou que o investimento em Defesa ao abrigo do Instrumento de A\u00e7\u00e3o para a Seguran\u00e7a da Europa (SAFE) visa mais do que comprar meios: pretende comprar ciclos de vida. A declara\u00e7\u00e3o ocorreu nesta quinta-feira.<\/p>\n<p>Nuno Melo discursou na comiss\u00e3o de Defesa do Parlamento, destacando que o plano em an\u00e1lise revela uma vis\u00e3o de futuro e de car\u00e1cter disruptivo para as For\u00e7as Armadas. Reiterou que o objetivo \u00e9 aumentar a durabilidade dos ativos.<\/p>\n<p>O titular da pasta negou que o investimento de 5,8 milh\u00f5es de euros seja feito de forma secreta, mantendo o debate p\u00fablico e transparente no \u00e2mbito do Parlamento. O discurso centrou-se na estrat\u00e9gia de moderniza\u00e7\u00e3o integrada.<\/p>\n<p>Segundo o ministro, o SAFE permite planeamento de m\u00e9dio prazo, com foco na capacidade de resposta a amea\u00e7as emergentes e na sustentabilidade financeira das pe\u00e7as e sistemas usados pelo Ex\u00e9rcito.<\/p>\n","protected":false},"excerpt":{"rendered":"<ul>\n<li>O ministro da Defesa Nacional, Nuno Melo, defendeu no Parlamento o investimento em Defesa ao abrigo do Instrumento de Ac\u00e7\u00e3o para a Seguran\u00e7a da Europa (SAFE).<\/li>\n<li>Disse que o objetivo n\u00e3o \u00e9 apenas comprar meios, mas sim comprar ciclos de vida.<\/li>\n<li>O plano \u00e9 apresentado como uma vis\u00e3o de futuro e disruptiva do Governo.<\/li>\n<li>O Governo rejeita que o investimento de 5,8 milh\u00f5es de euros seja feito em segredo.<\/li>\n<li>A interven\u00e7\u00e3o ocorreu na comiss\u00e3o de Defesa do Parlamento na quinta-feira.<\/li>\n<\/ul>\n","protected":false},"author":2,"featured_media":408134,"comment_status":"closed","ping_status":"closed","sticky":false,"template":"","format":"standard","meta":{"footnotes":""},"categories":[1],"tags":[6574,1779,1734,4536,2055],"class_list":["post-408131","post","type-post","status-publish","format-standard","has-post-thumbnail","hentry","category-noticias","tag-defesa","tag-forcas-armadas","tag-planeamento-estrategico","tag-seguranca","tag-uniao-europeia"],"yoast_head":"<!-- This site is optimized with the Yoast SEO plugin v27.2 - https:\/\/yoast.com\/product\/yoast-seo-wordpress\/ -->\n<title>Ministro da Defesa: com SAFE, n\u00e3o compramos meios, adquirimos ciclos de vida - Portal Tela Portugal<\/title>\n<meta name=\"robots\" content=\"index, follow, max-snippet:-1, max-image-preview:large, max-video-preview:-1\" \/>\n<meta property=\"og:locale\" content=\"pt_PT\" \/>\n<meta property=\"og:type\" content=\"article\" \/>\n<meta property=\"og:title\" content=\"Ministro da Defesa: com SAFE, n\u00e3o compramos meios, adquirimos ciclos de vida - Portal Tela Portugal\" \/>\n<meta property=\"og:description\" content=\"O ministro da Defesa Nacional, Nuno Melo, defendeu no Parlamento o investimento em Defesa ao abrigo do Instrumento de Ac\u00e7\u00e3o para a Seguran\u00e7a da Europa (SAFE). Disse que o objetivo n\u00e3o \u00e9 apenas comprar meios, mas sim comprar ciclos de vida. O plano \u00e9 apresentado como uma vis\u00e3o de futuro e disruptiva do Governo. O Governo rejeita que o investimento de 5,8 milh\u00f5es de euros seja feito em segredo. A interven\u00e7\u00e3o ocorreu na comiss\u00e3o de Defesa do Parlamento na quinta-feira.\" \/>\n<meta property=\"og:url\" content=\"https:\/\/portaltela.pt\/noticias\/2026\/03\/12\/ministro-da-defesa-com-safe-nao-compramos-meios-adquirimos-ciclos-de-vida\/\" \/>\n<meta property=\"og:site_name\" content=\"Portal Tela Portugal\" \/>\n<meta property=\"article:published_time\" content=\"2026-03-12T21:38:00+00:00\" \/>\n<meta name=\"author\" content=\"Telinha\" \/>\n<meta name=\"twitter:card\" content=\"summary_large_image\" \/>\n<meta name=\"twitter:label1\" content=\"Escrito por\" \/>\n\t<meta name=\"twitter:data1\" content=\"Telinha\" \/>\n\t<meta name=\"twitter:label2\" content=\"Tempo estimado de leitura\" \/>\n\t<meta name=\"twitter:data2\" content=\"1 minuto\" \/>\n<script type=\"application\/ld+json\" class=\"yoast-schema-graph\">{\"@context\":\"https:\/\/schema.org\",\"@graph\":[{\"@type\":\"Article\",\"@id\":\"https:\/\/portaltela.pt\/noticias\/2026\/03\/12\/ministro-da-defesa-com-safe-nao-compramos-meios-adquirimos-ciclos-de-vida\/#article\",\"isPartOf\":{\"@id\":\"https:\/\/portaltela.pt\/noticias\/2026\/03\/12\/ministro-da-defesa-com-safe-nao-compramos-meios-adquirimos-ciclos-de-vida\/\"},\"author\":{\"name\":\"Telinha\",\"@id\":\"https:\/\/portaltela.pt\/#\/schema\/person\/c4278d4a6028830caff9ee44b42d32ed\"},\"headline\":\"Ministro da Defesa: com SAFE, n\u00e3o compramos meios, adquirimos ciclos de vida\",\"datePublished\":\"2026-03-12T21:38:00+00:00\",\"mainEntityOfPage\":{\"@id\":\"https:\/\/portaltela.pt\/noticias\/2026\/03\/12\/ministro-da-defesa-com-safe-nao-compramos-meios-adquirimos-ciclos-de-vida\/\"},\"wordCount\":172,\"image\":{\"@id\":\"https:\/\/portaltela.pt\/noticias\/2026\/03\/12\/ministro-da-defesa-com-safe-nao-compramos-meios-adquirimos-ciclos-de-vida\/#primaryimage\"},\"thumbnailUrl\":\"https:\/\/portaltela.pt\/s.01k8rhncp4jt1\/2026\/03\/2073752.jpg\",\"keywords\":[\"defesa\",\"For\u00e7as Armadas\",\"Planeamento Estrat\u00e9gico\",\"seguran\u00e7a\",\"Uni\u00e3o Europeia\"],\"articleSection\":[\"Not\u00edcias\"],\"inLanguage\":\"pt-PT\"},{\"@type\":\"WebPage\",\"@id\":\"https:\/\/portaltela.pt\/noticias\/2026\/03\/12\/ministro-da-defesa-com-safe-nao-compramos-meios-adquirimos-ciclos-de-vida\/\",\"url\":\"https:\/\/portaltela.pt\/noticias\/2026\/03\/12\/ministro-da-defesa-com-safe-nao-compramos-meios-adquirimos-ciclos-de-vida\/\",\"name\":\"Ministro da Defesa: com SAFE, n\u00e3o compramos meios, adquirimos ciclos de vida - Portal Tela Portugal\",\"isPartOf\":{\"@id\":\"https:\/\/portaltela.pt\/#website\"},\"primaryImageOfPage\":{\"@id\":\"https:\/\/portaltela.pt\/noticias\/2026\/03\/12\/ministro-da-defesa-com-safe-nao-compramos-meios-adquirimos-ciclos-de-vida\/#primaryimage\"},\"image\":{\"@id\":\"https:\/\/portaltela.pt\/noticias\/2026\/03\/12\/ministro-da-defesa-com-safe-nao-compramos-meios-adquirimos-ciclos-de-vida\/#primaryimage\"},\"thumbnailUrl\":\"https:\/\/portaltela.pt\/s.01k8rhncp4jt1\/2026\/03\/2073752.jpg\",\"datePublished\":\"2026-03-12T21:38:00+00:00\",\"author\":{\"@id\":\"https:\/\/portaltela.pt\/#\/schema\/person\/c4278d4a6028830caff9ee44b42d32ed\"},\"breadcrumb\":{\"@id\":\"https:\/\/portaltela.pt\/noticias\/2026\/03\/12\/ministro-da-defesa-com-safe-nao-compramos-meios-adquirimos-ciclos-de-vida\/#breadcrumb\"},\"inLanguage\":\"pt-PT\",\"potentialAction\":[{\"@type\":\"ReadAction\",\"target\":[\"https:\/\/portaltela.pt\/noticias\/2026\/03\/12\/ministro-da-defesa-com-safe-nao-compramos-meios-adquirimos-ciclos-de-vida\/\"]}]},{\"@type\":\"ImageObject\",\"inLanguage\":\"pt-PT\",\"@id\":\"https:\/\/portaltela.pt\/noticias\/2026\/03\/12\/ministro-da-defesa-com-safe-nao-compramos-meios-adquirimos-ciclos-de-vida\/#primaryimage\",\"url\":\"https:\/\/portaltela.pt\/s.01k8rhncp4jt1\/2026\/03\/2073752.jpg\",\"contentUrl\":\"https:\/\/portaltela.pt\/s.01k8rhncp4jt1\/2026\/03\/2073752.jpg\",\"width\":796,\"height\":448,\"caption\":\"O ministro da Defesa Nacional, Nuno Melo, ouvido nesta quinta-feira na comiss\u00e3o de Defesa do Parlamento\"},{\"@type\":\"BreadcrumbList\",\"@id\":\"https:\/\/portaltela.pt\/noticias\/2026\/03\/12\/ministro-da-defesa-com-safe-nao-compramos-meios-adquirimos-ciclos-de-vida\/#breadcrumb\",\"itemListElement\":[{\"@type\":\"ListItem\",\"position\":1,\"name\":\"In\u00edcio\",\"item\":\"https:\/\/portaltela.pt\/\"},{\"@type\":\"ListItem\",\"position\":2,\"name\":\"Ministro da Defesa: com SAFE, n\u00e3o compramos meios, adquirimos ciclos de vida\"}]},{\"@type\":\"WebSite\",\"@id\":\"https:\/\/portaltela.pt\/#website\",\"url\":\"https:\/\/portaltela.pt\/\",\"name\":\"Portal Tela Portugal\",\"description\":\"\",\"potentialAction\":[{\"@type\":\"SearchAction\",\"target\":{\"@type\":\"EntryPoint\",\"urlTemplate\":\"https:\/\/portaltela.pt\/?s={search_term_string}\"},\"query-input\":{\"@type\":\"PropertyValueSpecification\",\"valueRequired\":true,\"valueName\":\"search_term_string\"}}],\"inLanguage\":\"pt-PT\"},{\"@type\":\"Person\",\"@id\":\"https:\/\/portaltela.pt\/#\/schema\/person\/c4278d4a6028830caff9ee44b42d32ed\",\"name\":\"Telinha\",\"image\":{\"@type\":\"ImageObject\",\"inLanguage\":\"pt-PT\",\"@id\":\"https:\/\/portaltela.pt\/s.01k8rhncp4jt1\/2025\/11\/talking-bot-125x125.png\",\"url\":\"https:\/\/portaltela.pt\/s.01k8rhncp4jt1\/2025\/11\/talking-bot-125x125.png\",\"contentUrl\":\"https:\/\/portaltela.pt\/s.01k8rhncp4jt1\/2025\/11\/talking-bot-125x125.png\",\"caption\":\"Telinha\"},\"sameAs\":[\"https:\/\/portaltela.pt\/\"],\"url\":\"https:\/\/portaltela.pt\/por\/367410592786\/\"}]}<\/script>\n<!-- \/ Yoast SEO plugin. -->","yoast_head_json":{"title":"Ministro da Defesa: com SAFE, n\u00e3o compramos meios, adquirimos ciclos de vida - Portal Tela Portugal","robots":{"index":"index","follow":"follow","max-snippet":"max-snippet:-1","max-image-preview":"max-image-preview:large","max-video-preview":"max-video-preview:-1"},"og_locale":"pt_PT","og_type":"article","og_title":"Ministro da Defesa: com SAFE, n\u00e3o compramos meios, adquirimos ciclos de vida - Portal Tela Portugal","og_description":"O ministro da Defesa Nacional, Nuno Melo, defendeu no Parlamento o investimento em Defesa ao abrigo do Instrumento de Ac\u00e7\u00e3o para a Seguran\u00e7a da Europa (SAFE). Disse que o objetivo n\u00e3o \u00e9 apenas comprar meios, mas sim comprar ciclos de vida. O plano \u00e9 apresentado como uma vis\u00e3o de futuro e disruptiva do Governo. O Governo rejeita que o investimento de 5,8 milh\u00f5es de euros seja feito em segredo. A interven\u00e7\u00e3o ocorreu na comiss\u00e3o de Defesa do Parlamento na quinta-feira.","og_url":"https:\/\/portaltela.pt\/noticias\/2026\/03\/12\/ministro-da-defesa-com-safe-nao-compramos-meios-adquirimos-ciclos-de-vida\/","og_site_name":"Portal Tela Portugal","article_published_time":"2026-03-12T21:38:00+00:00","author":"Telinha","twitter_card":"summary_large_image","twitter_misc":{"Escrito por":"Telinha","Tempo estimado de leitura":"1 minuto"},"schema":{"@context":"https:\/\/schema.org","@graph":[{"@type":"Article","@id":"https:\/\/portaltela.pt\/noticias\/2026\/03\/12\/ministro-da-defesa-com-safe-nao-compramos-meios-adquirimos-ciclos-de-vida\/#article","isPartOf":{"@id":"https:\/\/portaltela.pt\/noticias\/2026\/03\/12\/ministro-da-defesa-com-safe-nao-compramos-meios-adquirimos-ciclos-de-vida\/"},"author":{"name":"Telinha","@id":"https:\/\/portaltela.pt\/#\/schema\/person\/c4278d4a6028830caff9ee44b42d32ed"},"headline":"Ministro da Defesa: com SAFE, n\u00e3o compramos meios, adquirimos ciclos de vida","datePublished":"2026-03-12T21:38:00+00:00","mainEntityOfPage":{"@id":"https:\/\/portaltela.pt\/noticias\/2026\/03\/12\/ministro-da-defesa-com-safe-nao-compramos-meios-adquirimos-ciclos-de-vida\/"},"wordCount":172,"image":{"@id":"https:\/\/portaltela.pt\/noticias\/2026\/03\/12\/ministro-da-defesa-com-safe-nao-compramos-meios-adquirimos-ciclos-de-vida\/#primaryimage"},"thumbnailUrl":"https:\/\/portaltela.pt\/s.01k8rhncp4jt1\/2026\/03\/2073752.jpg","keywords":["defesa","For\u00e7as Armadas","Planeamento Estrat\u00e9gico","seguran\u00e7a","Uni\u00e3o Europeia"],"articleSection":["Not\u00edcias"],"inLanguage":"pt-PT"},{"@type":"WebPage","@id":"https:\/\/portaltela.pt\/noticias\/2026\/03\/12\/ministro-da-defesa-com-safe-nao-compramos-meios-adquirimos-ciclos-de-vida\/","url":"https:\/\/portaltela.pt\/noticias\/2026\/03\/12\/ministro-da-defesa-com-safe-nao-compramos-meios-adquirimos-ciclos-de-vida\/","name":"Ministro da Defesa: com SAFE, n\u00e3o compramos meios, adquirimos ciclos de vida - Portal Tela Portugal","isPartOf":{"@id":"https:\/\/portaltela.pt\/#website"},"primaryImageOfPage":{"@id":"https:\/\/portaltela.pt\/noticias\/2026\/03\/12\/ministro-da-defesa-com-safe-nao-compramos-meios-adquirimos-ciclos-de-vida\/#primaryimage"},"image":{"@id":"https:\/\/portaltela.pt\/noticias\/2026\/03\/12\/ministro-da-defesa-com-safe-nao-compramos-meios-adquirimos-ciclos-de-vida\/#primaryimage"},"thumbnailUrl":"https:\/\/portaltela.pt\/s.01k8rhncp4jt1\/2026\/03\/2073752.jpg","datePublished":"2026-03-12T21:38:00+00:00","author":{"@id":"https:\/\/portaltela.pt\/#\/schema\/person\/c4278d4a6028830caff9ee44b42d32ed"},"breadcrumb":{"@id":"https:\/\/portaltela.pt\/noticias\/2026\/03\/12\/ministro-da-defesa-com-safe-nao-compramos-meios-adquirimos-ciclos-de-vida\/#breadcrumb"},"inLanguage":"pt-PT","potentialAction":[{"@type":"ReadAction","target":["https:\/\/portaltela.pt\/noticias\/2026\/03\/12\/ministro-da-defesa-com-safe-nao-compramos-meios-adquirimos-ciclos-de-vida\/"]}]},{"@type":"ImageObject","inLanguage":"pt-PT","@id":"https:\/\/portaltela.pt\/noticias\/2026\/03\/12\/ministro-da-defesa-com-safe-nao-compramos-meios-adquirimos-ciclos-de-vida\/#primaryimage","url":"https:\/\/portaltela.pt\/s.01k8rhncp4jt1\/2026\/03\/2073752.jpg","contentUrl":"https:\/\/portaltela.pt\/s.01k8rhncp4jt1\/2026\/03\/2073752.jpg","width":796,"height":448,"caption":"O ministro da Defesa Nacional, Nuno Melo, ouvido nesta quinta-feira na comiss\u00e3o de Defesa do Parlamento"},{"@type":"BreadcrumbList","@id":"https:\/\/portaltela.pt\/noticias\/2026\/03\/12\/ministro-da-defesa-com-safe-nao-compramos-meios-adquirimos-ciclos-de-vida\/#breadcrumb","itemListElement":[{"@type":"ListItem","position":1,"name":"In\u00edcio","item":"https:\/\/portaltela.pt\/"},{"@type":"ListItem","position":2,"name":"Ministro da Defesa: com SAFE, n\u00e3o compramos meios, adquirimos ciclos de vida"}]},{"@type":"WebSite","@id":"https:\/\/portaltela.pt\/#website","url":"https:\/\/portaltela.pt\/","name":"Portal Tela Portugal","description":"","potentialAction":[{"@type":"SearchAction","target":{"@type":"EntryPoint","urlTemplate":"https:\/\/portaltela.pt\/?s={search_term_string}"},"query-input":{"@type":"PropertyValueSpecification","valueRequired":true,"valueName":"search_term_string"}}],"inLanguage":"pt-PT"},{"@type":"Person","@id":"https:\/\/portaltela.pt\/#\/schema\/person\/c4278d4a6028830caff9ee44b42d32ed","name":"Telinha","image":{"@type":"ImageObject","inLanguage":"pt-PT","@id":"https:\/\/portaltela.pt\/s.01k8rhncp4jt1\/2025\/11\/talking-bot-125x125.png","url":"https:\/\/portaltela.pt\/s.01k8rhncp4jt1\/2025\/11\/talking-bot-125x125.png","contentUrl":"https:\/\/portaltela.pt\/s.01k8rhncp4jt1\/2025\/11\/talking-bot-125x125.png","caption":"Telinha"},"sameAs":["https:\/\/portaltela.pt\/"],"url":"https:\/\/portaltela.pt\/por\/367410592786\/"}]}},"_links":{"self":[{"href":"https:\/\/portaltela.pt\/api\/wp\/v2\/posts\/408131","targetHints":{"allow":["GET"]}}],"collection":[{"href":"https:\/\/portaltela.pt\/api\/wp\/v2\/posts"}],"about":[{"href":"https:\/\/portaltela.pt\/api\/wp\/v2\/types\/post"}],"author":[{"embeddable":true,"href":"https:\/\/portaltela.pt\/api\/wp\/v2\/users\/2"}],"replies":[{"embeddable":true,"href":"https:\/\/portaltela.pt\/api\/wp\/v2\/comments?post=408131"}],"version-history":[{"count":0,"href":"https:\/\/portaltela.pt\/api\/wp\/v2\/posts\/408131\/revisions"}],"wp:featuredmedia":[{"embeddable":true,"href":"https:\/\/portaltela.pt\/api\/wp\/v2\/media\/408134"}],"wp:attachment":[{"href":"https:\/\/portaltela.pt\/api\/wp\/v2\/media?parent=408131"}],"wp:term":[{"taxonomy":"category","embeddable":true,"href":"https:\/\/portaltela.pt\/api\/wp\/v2\/categories?post=408131"},{"taxonomy":"post_tag","embeddable":true,"href":"https:\/\/portaltela.pt\/api\/wp\/v2\/tags?post=408131"}],"curies":[{"name":"wp","href":"https:\/\/api.w.org\/{rel}","templated":true}]}}