{"id":408115,"date":"2026-03-12T18:37:37","date_gmt":"2026-03-12T21:37:37","guid":{"rendered":"https:\/\/portaltela.pt\/noticias\/2026\/03\/12\/paulo-costa-elogia-merito-de-quem-elevou-o-futebol-portugues\/"},"modified":"2026-03-12T18:37:37","modified_gmt":"2026-03-12T21:37:37","slug":"paulo-costa-elogia-merito-de-quem-elevou-o-futebol-portugues","status":"publish","type":"post","link":"https:\/\/portaltela.pt\/desporto\/futebol\/2026\/03\/12\/paulo-costa-elogia-merito-de-quem-elevou-o-futebol-portugues\/","title":{"rendered":"Paulo Costa elogia m\u00e9rito de quem elevou o futebol portugu\u00eas"},"content":{"rendered":"<p>O diretor executivo da Liga Portugal, Paulo Costa, celebra o 6.\u00ba lugar do ranking da UEFA, que assegura tr\u00eas vagas na Liga dos Campe\u00f5es de 2027\/28. O respons\u00e1vel enfatiza o m\u00e9rito de quem atua dentro do campo para elevar o futebol nacional.<\/p>\n<p>Costa sublinha que o objetivo \u00e9 manter ou melhorar a fasquia, com base no desempenho das equipas nacionais nas competi\u00e7\u00f5es da UEFA. A confirma\u00e7\u00e3o do ranking refor\u00e7a a posi\u00e7\u00e3o do futebol portugu\u00eas a longo prazo.<\/p>\n<h3>Contexto e balan\u00e7o<\/h3>\n<p>Em declara\u00e7\u00f5es recentes, o dirigente analisa o impacto desta classifica\u00e7\u00e3o na organiza\u00e7\u00e3o e nos clubes, destacando a necessidade de continuidade em \u00e1reas como forma\u00e7\u00e3o, infraestruturas e competitividade dom\u00e9stica.<\/p>\n<p>O objetivo imediato \u00e9 consolidar a posi\u00e7\u00e3o, preparando-se para o pr\u00f3ximo ciclo de competi\u00e7\u00f5es europeias. A Liga Portugal pretende manter a melhoria do desempenho das equipas portuguesas em competi\u00e7\u00f5es internacionais.<\/p>\n","protected":false},"excerpt":{"rendered":"<ul>\n<li>Paulo Costa, diretor executivo da Liga Portugal, salienta o m\u00e9rito de quem elevou o futebol portugu\u00eas.<\/li>\n<li>Portugal garantiu a 6.\u00aa posi\u00e7\u00e3o no ranking da UEFA.<\/li>\n<li>O pa\u00eds tem tr\u00eas equipas na Liga dos Campe\u00f5es de 2027\/28.<\/li>\n<li>Sobra a pergunta sobre at\u00e9 onde pode crescer a fasquia de desempenho no futuro.<\/li>\n<li>O foco \u00e9 analisar o potencial de crescimento do futebol portugu\u00eas e as suas metas.<\/li>\n<\/ul>\n","protected":false},"author":2,"featured_media":408120,"comment_status":"closed","ping_status":"closed","sticky":false,"template":"","format":"standard","meta":{"footnotes":""},"categories":[21,24],"tags":[7099,1290,32,1615,1014,79],"class_list":["post-408115","post","type-post","status-publish","format-standard","has-post-thumbnail","hentry","category-desporto","category-futebol","tag-competitividade-internacional","tag-formacao","tag-futebol","tag-infraestrutura","tag-portugal","tag-uefa-champions-league"],"yoast_head":"<!-- This site is optimized with the Yoast SEO plugin v27.2 - https:\/\/yoast.com\/product\/yoast-seo-wordpress\/ -->\n<title>Paulo Costa elogia m\u00e9rito de quem elevou o futebol portugu\u00eas - Portal Tela Portugal<\/title>\n<meta name=\"robots\" content=\"index, follow, max-snippet:-1, max-image-preview:large, max-video-preview:-1\" \/>\n<meta property=\"og:locale\" content=\"pt_PT\" \/>\n<meta property=\"og:type\" content=\"article\" \/>\n<meta property=\"og:title\" content=\"Paulo Costa elogia m\u00e9rito de quem elevou o futebol portugu\u00eas - Portal Tela Portugal\" \/>\n<meta property=\"og:description\" content=\"Paulo Costa, diretor executivo da Liga Portugal, salienta o m\u00e9rito de quem elevou o futebol portugu\u00eas. Portugal garantiu a 6.\u00aa posi\u00e7\u00e3o no ranking da UEFA. O pa\u00eds tem tr\u00eas equipas na Liga dos Campe\u00f5es de 2027\/28. Sobra a pergunta sobre at\u00e9 onde pode crescer a fasquia de desempenho no futuro. O foco \u00e9 analisar o potencial de crescimento do futebol portugu\u00eas e as suas metas.\" \/>\n<meta property=\"og:url\" content=\"https:\/\/portaltela.pt\/noticias\/2026\/03\/12\/paulo-costa-elogia-merito-de-quem-elevou-o-futebol-portugues\/\" \/>\n<meta property=\"og:site_name\" content=\"Portal Tela Portugal\" \/>\n<meta property=\"article:published_time\" content=\"2026-03-12T21:37:37+00:00\" \/>\n<meta name=\"author\" content=\"Telinha\" \/>\n<meta name=\"twitter:card\" content=\"summary_large_image\" \/>\n<meta name=\"twitter:label1\" content=\"Escrito por\" \/>\n\t<meta name=\"twitter:data1\" content=\"Telinha\" \/>\n\t<meta name=\"twitter:label2\" content=\"Tempo estimado de leitura\" \/>\n\t<meta name=\"twitter:data2\" content=\"1 minuto\" \/>\n<script type=\"application\/ld+json\" class=\"yoast-schema-graph\">{\"@context\":\"https:\/\/schema.org\",\"@graph\":[{\"@type\":\"Article\",\"@id\":\"https:\/\/portaltela.pt\/noticias\/2026\/03\/12\/paulo-costa-elogia-merito-de-quem-elevou-o-futebol-portugues\/#article\",\"isPartOf\":{\"@id\":\"https:\/\/portaltela.pt\/noticias\/2026\/03\/12\/paulo-costa-elogia-merito-de-quem-elevou-o-futebol-portugues\/\"},\"author\":{\"name\":\"Telinha\",\"@id\":\"https:\/\/portaltela.pt\/#\/schema\/person\/c4278d4a6028830caff9ee44b42d32ed\"},\"headline\":\"Paulo Costa elogia m\u00e9rito de quem elevou o futebol portugu\u00eas\",\"datePublished\":\"2026-03-12T21:37:37+00:00\",\"mainEntityOfPage\":{\"@id\":\"https:\/\/portaltela.pt\/noticias\/2026\/03\/12\/paulo-costa-elogia-merito-de-quem-elevou-o-futebol-portugues\/\"},\"wordCount\":165,\"image\":{\"@id\":\"https:\/\/portaltela.pt\/noticias\/2026\/03\/12\/paulo-costa-elogia-merito-de-quem-elevou-o-futebol-portugues\/#primaryimage\"},\"thumbnailUrl\":\"https:\/\/portaltela.pt\/s.01k8rhncp4jt1\/2026\/03\/img_920x518uu2025-11-25-20-51-49-2405032.jpg\",\"keywords\":[\"competitividade internacional\",\"forma\u00e7\u00e3o\",\"futebol\",\"infraestrutura\",\"Portugal\",\"uefa champions league\"],\"articleSection\":[\"Desporto\",\"Futebol\"],\"inLanguage\":\"pt-PT\"},{\"@type\":\"WebPage\",\"@id\":\"https:\/\/portaltela.pt\/noticias\/2026\/03\/12\/paulo-costa-elogia-merito-de-quem-elevou-o-futebol-portugues\/\",\"url\":\"https:\/\/portaltela.pt\/noticias\/2026\/03\/12\/paulo-costa-elogia-merito-de-quem-elevou-o-futebol-portugues\/\",\"name\":\"Paulo Costa elogia m\u00e9rito de quem elevou o futebol portugu\u00eas - Portal Tela Portugal\",\"isPartOf\":{\"@id\":\"https:\/\/portaltela.pt\/#website\"},\"primaryImageOfPage\":{\"@id\":\"https:\/\/portaltela.pt\/noticias\/2026\/03\/12\/paulo-costa-elogia-merito-de-quem-elevou-o-futebol-portugues\/#primaryimage\"},\"image\":{\"@id\":\"https:\/\/portaltela.pt\/noticias\/2026\/03\/12\/paulo-costa-elogia-merito-de-quem-elevou-o-futebol-portugues\/#primaryimage\"},\"thumbnailUrl\":\"https:\/\/portaltela.pt\/s.01k8rhncp4jt1\/2026\/03\/img_920x518uu2025-11-25-20-51-49-2405032.jpg\",\"datePublished\":\"2026-03-12T21:37:37+00:00\",\"author\":{\"@id\":\"https:\/\/portaltela.pt\/#\/schema\/person\/c4278d4a6028830caff9ee44b42d32ed\"},\"breadcrumb\":{\"@id\":\"https:\/\/portaltela.pt\/noticias\/2026\/03\/12\/paulo-costa-elogia-merito-de-quem-elevou-o-futebol-portugues\/#breadcrumb\"},\"inLanguage\":\"pt-PT\",\"potentialAction\":[{\"@type\":\"ReadAction\",\"target\":[\"https:\/\/portaltela.pt\/noticias\/2026\/03\/12\/paulo-costa-elogia-merito-de-quem-elevou-o-futebol-portugues\/\"]}]},{\"@type\":\"ImageObject\",\"inLanguage\":\"pt-PT\",\"@id\":\"https:\/\/portaltela.pt\/noticias\/2026\/03\/12\/paulo-costa-elogia-merito-de-quem-elevou-o-futebol-portugues\/#primaryimage\",\"url\":\"https:\/\/portaltela.pt\/s.01k8rhncp4jt1\/2026\/03\/img_920x518uu2025-11-25-20-51-49-2405032.jpg\",\"contentUrl\":\"https:\/\/portaltela.pt\/s.01k8rhncp4jt1\/2026\/03\/img_920x518uu2025-11-25-20-51-49-2405032.jpg\",\"width\":796,\"height\":448,\"caption\":\"Paulo Costa\"},{\"@type\":\"BreadcrumbList\",\"@id\":\"https:\/\/portaltela.pt\/noticias\/2026\/03\/12\/paulo-costa-elogia-merito-de-quem-elevou-o-futebol-portugues\/#breadcrumb\",\"itemListElement\":[{\"@type\":\"ListItem\",\"position\":1,\"name\":\"In\u00edcio\",\"item\":\"https:\/\/portaltela.pt\/\"},{\"@type\":\"ListItem\",\"position\":2,\"name\":\"Paulo Costa elogia m\u00e9rito de quem elevou o futebol portugu\u00eas\"}]},{\"@type\":\"WebSite\",\"@id\":\"https:\/\/portaltela.pt\/#website\",\"url\":\"https:\/\/portaltela.pt\/\",\"name\":\"Portal Tela Portugal\",\"description\":\"\",\"potentialAction\":[{\"@type\":\"SearchAction\",\"target\":{\"@type\":\"EntryPoint\",\"urlTemplate\":\"https:\/\/portaltela.pt\/?s={search_term_string}\"},\"query-input\":{\"@type\":\"PropertyValueSpecification\",\"valueRequired\":true,\"valueName\":\"search_term_string\"}}],\"inLanguage\":\"pt-PT\"},{\"@type\":\"Person\",\"@id\":\"https:\/\/portaltela.pt\/#\/schema\/person\/c4278d4a6028830caff9ee44b42d32ed\",\"name\":\"Telinha\",\"image\":{\"@type\":\"ImageObject\",\"inLanguage\":\"pt-PT\",\"@id\":\"https:\/\/portaltela.pt\/s.01k8rhncp4jt1\/2025\/11\/talking-bot-125x125.png\",\"url\":\"https:\/\/portaltela.pt\/s.01k8rhncp4jt1\/2025\/11\/talking-bot-125x125.png\",\"contentUrl\":\"https:\/\/portaltela.pt\/s.01k8rhncp4jt1\/2025\/11\/talking-bot-125x125.png\",\"caption\":\"Telinha\"},\"sameAs\":[\"https:\/\/portaltela.pt\/\"],\"url\":\"https:\/\/portaltela.pt\/por\/367410592786\/\"}]}<\/script>\n<!-- \/ Yoast SEO plugin. -->","yoast_head_json":{"title":"Paulo Costa elogia m\u00e9rito de quem elevou o futebol portugu\u00eas - Portal Tela Portugal","robots":{"index":"index","follow":"follow","max-snippet":"max-snippet:-1","max-image-preview":"max-image-preview:large","max-video-preview":"max-video-preview:-1"},"og_locale":"pt_PT","og_type":"article","og_title":"Paulo Costa elogia m\u00e9rito de quem elevou o futebol portugu\u00eas - Portal Tela Portugal","og_description":"Paulo Costa, diretor executivo da Liga Portugal, salienta o m\u00e9rito de quem elevou o futebol portugu\u00eas. Portugal garantiu a 6.\u00aa posi\u00e7\u00e3o no ranking da UEFA. O pa\u00eds tem tr\u00eas equipas na Liga dos Campe\u00f5es de 2027\/28. Sobra a pergunta sobre at\u00e9 onde pode crescer a fasquia de desempenho no futuro. O foco \u00e9 analisar o potencial de crescimento do futebol portugu\u00eas e as suas metas.","og_url":"https:\/\/portaltela.pt\/noticias\/2026\/03\/12\/paulo-costa-elogia-merito-de-quem-elevou-o-futebol-portugues\/","og_site_name":"Portal Tela Portugal","article_published_time":"2026-03-12T21:37:37+00:00","author":"Telinha","twitter_card":"summary_large_image","twitter_misc":{"Escrito por":"Telinha","Tempo estimado de leitura":"1 minuto"},"schema":{"@context":"https:\/\/schema.org","@graph":[{"@type":"Article","@id":"https:\/\/portaltela.pt\/noticias\/2026\/03\/12\/paulo-costa-elogia-merito-de-quem-elevou-o-futebol-portugues\/#article","isPartOf":{"@id":"https:\/\/portaltela.pt\/noticias\/2026\/03\/12\/paulo-costa-elogia-merito-de-quem-elevou-o-futebol-portugues\/"},"author":{"name":"Telinha","@id":"https:\/\/portaltela.pt\/#\/schema\/person\/c4278d4a6028830caff9ee44b42d32ed"},"headline":"Paulo Costa elogia m\u00e9rito de quem elevou o futebol portugu\u00eas","datePublished":"2026-03-12T21:37:37+00:00","mainEntityOfPage":{"@id":"https:\/\/portaltela.pt\/noticias\/2026\/03\/12\/paulo-costa-elogia-merito-de-quem-elevou-o-futebol-portugues\/"},"wordCount":165,"image":{"@id":"https:\/\/portaltela.pt\/noticias\/2026\/03\/12\/paulo-costa-elogia-merito-de-quem-elevou-o-futebol-portugues\/#primaryimage"},"thumbnailUrl":"https:\/\/portaltela.pt\/s.01k8rhncp4jt1\/2026\/03\/img_920x518uu2025-11-25-20-51-49-2405032.jpg","keywords":["competitividade internacional","forma\u00e7\u00e3o","futebol","infraestrutura","Portugal","uefa champions league"],"articleSection":["Desporto","Futebol"],"inLanguage":"pt-PT"},{"@type":"WebPage","@id":"https:\/\/portaltela.pt\/noticias\/2026\/03\/12\/paulo-costa-elogia-merito-de-quem-elevou-o-futebol-portugues\/","url":"https:\/\/portaltela.pt\/noticias\/2026\/03\/12\/paulo-costa-elogia-merito-de-quem-elevou-o-futebol-portugues\/","name":"Paulo Costa elogia m\u00e9rito de quem elevou o futebol portugu\u00eas - Portal Tela Portugal","isPartOf":{"@id":"https:\/\/portaltela.pt\/#website"},"primaryImageOfPage":{"@id":"https:\/\/portaltela.pt\/noticias\/2026\/03\/12\/paulo-costa-elogia-merito-de-quem-elevou-o-futebol-portugues\/#primaryimage"},"image":{"@id":"https:\/\/portaltela.pt\/noticias\/2026\/03\/12\/paulo-costa-elogia-merito-de-quem-elevou-o-futebol-portugues\/#primaryimage"},"thumbnailUrl":"https:\/\/portaltela.pt\/s.01k8rhncp4jt1\/2026\/03\/img_920x518uu2025-11-25-20-51-49-2405032.jpg","datePublished":"2026-03-12T21:37:37+00:00","author":{"@id":"https:\/\/portaltela.pt\/#\/schema\/person\/c4278d4a6028830caff9ee44b42d32ed"},"breadcrumb":{"@id":"https:\/\/portaltela.pt\/noticias\/2026\/03\/12\/paulo-costa-elogia-merito-de-quem-elevou-o-futebol-portugues\/#breadcrumb"},"inLanguage":"pt-PT","potentialAction":[{"@type":"ReadAction","target":["https:\/\/portaltela.pt\/noticias\/2026\/03\/12\/paulo-costa-elogia-merito-de-quem-elevou-o-futebol-portugues\/"]}]},{"@type":"ImageObject","inLanguage":"pt-PT","@id":"https:\/\/portaltela.pt\/noticias\/2026\/03\/12\/paulo-costa-elogia-merito-de-quem-elevou-o-futebol-portugues\/#primaryimage","url":"https:\/\/portaltela.pt\/s.01k8rhncp4jt1\/2026\/03\/img_920x518uu2025-11-25-20-51-49-2405032.jpg","contentUrl":"https:\/\/portaltela.pt\/s.01k8rhncp4jt1\/2026\/03\/img_920x518uu2025-11-25-20-51-49-2405032.jpg","width":796,"height":448,"caption":"Paulo Costa"},{"@type":"BreadcrumbList","@id":"https:\/\/portaltela.pt\/noticias\/2026\/03\/12\/paulo-costa-elogia-merito-de-quem-elevou-o-futebol-portugues\/#breadcrumb","itemListElement":[{"@type":"ListItem","position":1,"name":"In\u00edcio","item":"https:\/\/portaltela.pt\/"},{"@type":"ListItem","position":2,"name":"Paulo Costa elogia m\u00e9rito de quem elevou o futebol portugu\u00eas"}]},{"@type":"WebSite","@id":"https:\/\/portaltela.pt\/#website","url":"https:\/\/portaltela.pt\/","name":"Portal Tela Portugal","description":"","potentialAction":[{"@type":"SearchAction","target":{"@type":"EntryPoint","urlTemplate":"https:\/\/portaltela.pt\/?s={search_term_string}"},"query-input":{"@type":"PropertyValueSpecification","valueRequired":true,"valueName":"search_term_string"}}],"inLanguage":"pt-PT"},{"@type":"Person","@id":"https:\/\/portaltela.pt\/#\/schema\/person\/c4278d4a6028830caff9ee44b42d32ed","name":"Telinha","image":{"@type":"ImageObject","inLanguage":"pt-PT","@id":"https:\/\/portaltela.pt\/s.01k8rhncp4jt1\/2025\/11\/talking-bot-125x125.png","url":"https:\/\/portaltela.pt\/s.01k8rhncp4jt1\/2025\/11\/talking-bot-125x125.png","contentUrl":"https:\/\/portaltela.pt\/s.01k8rhncp4jt1\/2025\/11\/talking-bot-125x125.png","caption":"Telinha"},"sameAs":["https:\/\/portaltela.pt\/"],"url":"https:\/\/portaltela.pt\/por\/367410592786\/"}]}},"_links":{"self":[{"href":"https:\/\/portaltela.pt\/api\/wp\/v2\/posts\/408115","targetHints":{"allow":["GET"]}}],"collection":[{"href":"https:\/\/portaltela.pt\/api\/wp\/v2\/posts"}],"about":[{"href":"https:\/\/portaltela.pt\/api\/wp\/v2\/types\/post"}],"author":[{"embeddable":true,"href":"https:\/\/portaltela.pt\/api\/wp\/v2\/users\/2"}],"replies":[{"embeddable":true,"href":"https:\/\/portaltela.pt\/api\/wp\/v2\/comments?post=408115"}],"version-history":[{"count":0,"href":"https:\/\/portaltela.pt\/api\/wp\/v2\/posts\/408115\/revisions"}],"wp:featuredmedia":[{"embeddable":true,"href":"https:\/\/portaltela.pt\/api\/wp\/v2\/media\/408120"}],"wp:attachment":[{"href":"https:\/\/portaltela.pt\/api\/wp\/v2\/media?parent=408115"}],"wp:term":[{"taxonomy":"category","embeddable":true,"href":"https:\/\/portaltela.pt\/api\/wp\/v2\/categories?post=408115"},{"taxonomy":"post_tag","embeddable":true,"href":"https:\/\/portaltela.pt\/api\/wp\/v2\/tags?post=408115"}],"curies":[{"name":"wp","href":"https:\/\/api.w.org\/{rel}","templated":true}]}}