{"id":408108,"date":"2026-03-12T18:22:00","date_gmt":"2026-03-12T21:22:00","guid":{"rendered":"https:\/\/portaltela.pt\/noticias\/2026\/03\/12\/duplantis-estabelece-recorde-mundial-de-salto-com-vara-com-631-m\/"},"modified":"2026-03-12T18:22:00","modified_gmt":"2026-03-12T21:22:00","slug":"duplantis-estabelece-recorde-mundial-de-salto-com-vara-com-631-m","status":"publish","type":"post","link":"https:\/\/portaltela.pt\/desporto\/futebol\/2026\/03\/12\/duplantis-estabelece-recorde-mundial-de-salto-com-vara-com-631-m\/","title":{"rendered":"Duplantis estabelece recorde mundial de salto com vara com 6,31 m"},"content":{"rendered":"<p>O sueco Armand Duplantis voltou a estabelecer o recorde mundial do salto com vara ao alcan\u00e7ar 6,31 metros durante o meeting de Uppsala, na Su\u00e9cia. A marca foi obtida sem falhas na prova, em casa, refor\u00e7ando o dom\u00ednio do atleta na disciplina.<\/p>\n<p>Duplantis, de 26 anos, aumentou em 1 cent\u00edmetro o recorde que tinha fixado na final dos Mundiais de atletismo T\u00f3quio2025, em 15 de setembro, quando superou a fasquia dos 6,30 metros. O feito ocorreu no mesmo evento de Uppsala.<\/p>\n<p>Foi a 15.\u00aa vez que o atleta bate o recorde mundial desde que ultrapassou os 6,17 metros estabelecidos pelo franc\u00eas Renaud Lavillenie em 2020. A performance de Duplantis volta a consolidar o perfil dominante do atleta na modalidade.<\/p>\n<h3>Recorde mundial em n\u00fameros<\/h3>\n<p>Aos 26 anos, Duplantis j\u00e1 tem hist\u00f3ricos de m\u00faltiplos recordes na disciplina, refletindo uma carreira marcada por marcas consecutivas e recordes que o colocam como refer\u00eancia no salto com vara.<\/p>\n","protected":false},"excerpt":{"rendered":"<ul>\n<li>Armand Duplantis, sueco de 26 anos, bateu o recorde mundial do salto com vara em casa, em Uppsala, com 6,31 metros.<\/li>\n<li>A marca adiciona um cent\u00edmetro ao registo anterior, alcan\u00e7ado na final dos Mundiais de atletismo T\u00f3quio2025, em 15 de setembro, com 6,30 metros.<\/li>\n<li>Esta \u00e9 a 15.\u00aa vez que o atleta rompe o recorde mundial desde que superou os 6,17 metros de Renaud Lavillenie, em 2020.<\/li>\n<li>O salto ocorreu durante o meeting de Uppsala.<\/li>\n<li>Duplantis \u00e9 conhecido pelo apelido \u201cMondo\u201d e mant\u00e9m o dom\u00ednio mundial no salto com vara.<\/li>\n<\/ul>\n","protected":false},"author":2,"featured_media":408111,"comment_status":"closed","ping_status":"closed","sticky":false,"template":"","format":"standard","meta":{"footnotes":""},"categories":[21,24],"tags":[137,47,3609,2645],"class_list":["post-408108","post","type-post","status-publish","format-standard","has-post-thumbnail","hentry","category-desporto","category-futebol","tag-atletismo","tag-mundial","tag-salto-com-vara","tag-suecia"],"yoast_head":"<!-- This site is optimized with the Yoast SEO plugin v27.2 - https:\/\/yoast.com\/product\/yoast-seo-wordpress\/ -->\n<title>Duplantis estabelece recorde mundial de salto com vara com 6,31 m - Portal Tela Portugal<\/title>\n<meta name=\"robots\" content=\"index, follow, max-snippet:-1, max-image-preview:large, max-video-preview:-1\" \/>\n<meta property=\"og:locale\" content=\"pt_PT\" \/>\n<meta property=\"og:type\" content=\"article\" \/>\n<meta property=\"og:title\" content=\"Duplantis estabelece recorde mundial de salto com vara com 6,31 m - Portal Tela Portugal\" \/>\n<meta property=\"og:description\" content=\"Armand Duplantis, sueco de 26 anos, bateu o recorde mundial do salto com vara em casa, em Uppsala, com 6,31 metros. A marca adiciona um cent\u00edmetro ao registo anterior, alcan\u00e7ado na final dos Mundiais de atletismo T\u00f3quio2025, em 15 de setembro, com 6,30 metros. Esta \u00e9 a 15.\u00aa vez que o atleta rompe o recorde mundial desde que superou os 6,17 metros de Renaud Lavillenie, em 2020. O salto ocorreu durante o meeting de Uppsala. Duplantis \u00e9 conhecido pelo apelido \u201cMondo\u201d e mant\u00e9m o dom\u00ednio mundial no salto com vara.\" \/>\n<meta property=\"og:url\" content=\"https:\/\/portaltela.pt\/noticias\/2026\/03\/12\/duplantis-estabelece-recorde-mundial-de-salto-com-vara-com-631-m\/\" \/>\n<meta property=\"og:site_name\" content=\"Portal Tela Portugal\" \/>\n<meta property=\"article:published_time\" content=\"2026-03-12T21:22:00+00:00\" \/>\n<meta name=\"author\" content=\"Telinha\" \/>\n<meta name=\"twitter:card\" content=\"summary_large_image\" \/>\n<meta name=\"twitter:label1\" content=\"Escrito por\" \/>\n\t<meta name=\"twitter:data1\" content=\"Telinha\" \/>\n\t<meta name=\"twitter:label2\" content=\"Tempo estimado de leitura\" \/>\n\t<meta name=\"twitter:data2\" content=\"1 minuto\" \/>\n<script type=\"application\/ld+json\" class=\"yoast-schema-graph\">{\"@context\":\"https:\/\/schema.org\",\"@graph\":[{\"@type\":\"Article\",\"@id\":\"https:\/\/portaltela.pt\/noticias\/2026\/03\/12\/duplantis-estabelece-recorde-mundial-de-salto-com-vara-com-631-m\/#article\",\"isPartOf\":{\"@id\":\"https:\/\/portaltela.pt\/noticias\/2026\/03\/12\/duplantis-estabelece-recorde-mundial-de-salto-com-vara-com-631-m\/\"},\"author\":{\"name\":\"Telinha\",\"@id\":\"https:\/\/portaltela.pt\/#\/schema\/person\/c4278d4a6028830caff9ee44b42d32ed\"},\"headline\":\"Duplantis estabelece recorde mundial de salto com vara com 6,31 m\",\"datePublished\":\"2026-03-12T21:22:00+00:00\",\"mainEntityOfPage\":{\"@id\":\"https:\/\/portaltela.pt\/noticias\/2026\/03\/12\/duplantis-estabelece-recorde-mundial-de-salto-com-vara-com-631-m\/\"},\"wordCount\":165,\"image\":{\"@id\":\"https:\/\/portaltela.pt\/noticias\/2026\/03\/12\/duplantis-estabelece-recorde-mundial-de-salto-com-vara-com-631-m\/#primaryimage\"},\"thumbnailUrl\":\"https:\/\/portaltela.pt\/s.01k8rhncp4jt1\/2026\/03\/image-816.jpg\",\"keywords\":[\"atletismo\",\"mundial\",\"salto com vara\",\"Su\u00e9cia\"],\"articleSection\":[\"Desporto\",\"Futebol\"],\"inLanguage\":\"pt-PT\"},{\"@type\":\"WebPage\",\"@id\":\"https:\/\/portaltela.pt\/noticias\/2026\/03\/12\/duplantis-estabelece-recorde-mundial-de-salto-com-vara-com-631-m\/\",\"url\":\"https:\/\/portaltela.pt\/noticias\/2026\/03\/12\/duplantis-estabelece-recorde-mundial-de-salto-com-vara-com-631-m\/\",\"name\":\"Duplantis estabelece recorde mundial de salto com vara com 6,31 m - Portal Tela Portugal\",\"isPartOf\":{\"@id\":\"https:\/\/portaltela.pt\/#website\"},\"primaryImageOfPage\":{\"@id\":\"https:\/\/portaltela.pt\/noticias\/2026\/03\/12\/duplantis-estabelece-recorde-mundial-de-salto-com-vara-com-631-m\/#primaryimage\"},\"image\":{\"@id\":\"https:\/\/portaltela.pt\/noticias\/2026\/03\/12\/duplantis-estabelece-recorde-mundial-de-salto-com-vara-com-631-m\/#primaryimage\"},\"thumbnailUrl\":\"https:\/\/portaltela.pt\/s.01k8rhncp4jt1\/2026\/03\/image-816.jpg\",\"datePublished\":\"2026-03-12T21:22:00+00:00\",\"author\":{\"@id\":\"https:\/\/portaltela.pt\/#\/schema\/person\/c4278d4a6028830caff9ee44b42d32ed\"},\"breadcrumb\":{\"@id\":\"https:\/\/portaltela.pt\/noticias\/2026\/03\/12\/duplantis-estabelece-recorde-mundial-de-salto-com-vara-com-631-m\/#breadcrumb\"},\"inLanguage\":\"pt-PT\",\"potentialAction\":[{\"@type\":\"ReadAction\",\"target\":[\"https:\/\/portaltela.pt\/noticias\/2026\/03\/12\/duplantis-estabelece-recorde-mundial-de-salto-com-vara-com-631-m\/\"]}]},{\"@type\":\"ImageObject\",\"inLanguage\":\"pt-PT\",\"@id\":\"https:\/\/portaltela.pt\/noticias\/2026\/03\/12\/duplantis-estabelece-recorde-mundial-de-salto-com-vara-com-631-m\/#primaryimage\",\"url\":\"https:\/\/portaltela.pt\/s.01k8rhncp4jt1\/2026\/03\/image-816.jpg\",\"contentUrl\":\"https:\/\/portaltela.pt\/s.01k8rhncp4jt1\/2026\/03\/image-816.jpg\",\"width\":796,\"height\":448,\"caption\":\"Foto: Fredrik Persson\/AFP\"},{\"@type\":\"BreadcrumbList\",\"@id\":\"https:\/\/portaltela.pt\/noticias\/2026\/03\/12\/duplantis-estabelece-recorde-mundial-de-salto-com-vara-com-631-m\/#breadcrumb\",\"itemListElement\":[{\"@type\":\"ListItem\",\"position\":1,\"name\":\"In\u00edcio\",\"item\":\"https:\/\/portaltela.pt\/\"},{\"@type\":\"ListItem\",\"position\":2,\"name\":\"Duplantis estabelece recorde mundial de salto com vara com 6,31 m\"}]},{\"@type\":\"WebSite\",\"@id\":\"https:\/\/portaltela.pt\/#website\",\"url\":\"https:\/\/portaltela.pt\/\",\"name\":\"Portal Tela Portugal\",\"description\":\"\",\"potentialAction\":[{\"@type\":\"SearchAction\",\"target\":{\"@type\":\"EntryPoint\",\"urlTemplate\":\"https:\/\/portaltela.pt\/?s={search_term_string}\"},\"query-input\":{\"@type\":\"PropertyValueSpecification\",\"valueRequired\":true,\"valueName\":\"search_term_string\"}}],\"inLanguage\":\"pt-PT\"},{\"@type\":\"Person\",\"@id\":\"https:\/\/portaltela.pt\/#\/schema\/person\/c4278d4a6028830caff9ee44b42d32ed\",\"name\":\"Telinha\",\"image\":{\"@type\":\"ImageObject\",\"inLanguage\":\"pt-PT\",\"@id\":\"https:\/\/portaltela.pt\/s.01k8rhncp4jt1\/2025\/11\/talking-bot-125x125.png\",\"url\":\"https:\/\/portaltela.pt\/s.01k8rhncp4jt1\/2025\/11\/talking-bot-125x125.png\",\"contentUrl\":\"https:\/\/portaltela.pt\/s.01k8rhncp4jt1\/2025\/11\/talking-bot-125x125.png\",\"caption\":\"Telinha\"},\"sameAs\":[\"https:\/\/portaltela.pt\/\"],\"url\":\"https:\/\/portaltela.pt\/por\/367410592786\/\"}]}<\/script>\n<!-- \/ Yoast SEO plugin. -->","yoast_head_json":{"title":"Duplantis estabelece recorde mundial de salto com vara com 6,31 m - Portal Tela Portugal","robots":{"index":"index","follow":"follow","max-snippet":"max-snippet:-1","max-image-preview":"max-image-preview:large","max-video-preview":"max-video-preview:-1"},"og_locale":"pt_PT","og_type":"article","og_title":"Duplantis estabelece recorde mundial de salto com vara com 6,31 m - Portal Tela Portugal","og_description":"Armand Duplantis, sueco de 26 anos, bateu o recorde mundial do salto com vara em casa, em Uppsala, com 6,31 metros. A marca adiciona um cent\u00edmetro ao registo anterior, alcan\u00e7ado na final dos Mundiais de atletismo T\u00f3quio2025, em 15 de setembro, com 6,30 metros. Esta \u00e9 a 15.\u00aa vez que o atleta rompe o recorde mundial desde que superou os 6,17 metros de Renaud Lavillenie, em 2020. O salto ocorreu durante o meeting de Uppsala. Duplantis \u00e9 conhecido pelo apelido \u201cMondo\u201d e mant\u00e9m o dom\u00ednio mundial no salto com vara.","og_url":"https:\/\/portaltela.pt\/noticias\/2026\/03\/12\/duplantis-estabelece-recorde-mundial-de-salto-com-vara-com-631-m\/","og_site_name":"Portal Tela Portugal","article_published_time":"2026-03-12T21:22:00+00:00","author":"Telinha","twitter_card":"summary_large_image","twitter_misc":{"Escrito por":"Telinha","Tempo estimado de leitura":"1 minuto"},"schema":{"@context":"https:\/\/schema.org","@graph":[{"@type":"Article","@id":"https:\/\/portaltela.pt\/noticias\/2026\/03\/12\/duplantis-estabelece-recorde-mundial-de-salto-com-vara-com-631-m\/#article","isPartOf":{"@id":"https:\/\/portaltela.pt\/noticias\/2026\/03\/12\/duplantis-estabelece-recorde-mundial-de-salto-com-vara-com-631-m\/"},"author":{"name":"Telinha","@id":"https:\/\/portaltela.pt\/#\/schema\/person\/c4278d4a6028830caff9ee44b42d32ed"},"headline":"Duplantis estabelece recorde mundial de salto com vara com 6,31 m","datePublished":"2026-03-12T21:22:00+00:00","mainEntityOfPage":{"@id":"https:\/\/portaltela.pt\/noticias\/2026\/03\/12\/duplantis-estabelece-recorde-mundial-de-salto-com-vara-com-631-m\/"},"wordCount":165,"image":{"@id":"https:\/\/portaltela.pt\/noticias\/2026\/03\/12\/duplantis-estabelece-recorde-mundial-de-salto-com-vara-com-631-m\/#primaryimage"},"thumbnailUrl":"https:\/\/portaltela.pt\/s.01k8rhncp4jt1\/2026\/03\/image-816.jpg","keywords":["atletismo","mundial","salto com vara","Su\u00e9cia"],"articleSection":["Desporto","Futebol"],"inLanguage":"pt-PT"},{"@type":"WebPage","@id":"https:\/\/portaltela.pt\/noticias\/2026\/03\/12\/duplantis-estabelece-recorde-mundial-de-salto-com-vara-com-631-m\/","url":"https:\/\/portaltela.pt\/noticias\/2026\/03\/12\/duplantis-estabelece-recorde-mundial-de-salto-com-vara-com-631-m\/","name":"Duplantis estabelece recorde mundial de salto com vara com 6,31 m - Portal Tela Portugal","isPartOf":{"@id":"https:\/\/portaltela.pt\/#website"},"primaryImageOfPage":{"@id":"https:\/\/portaltela.pt\/noticias\/2026\/03\/12\/duplantis-estabelece-recorde-mundial-de-salto-com-vara-com-631-m\/#primaryimage"},"image":{"@id":"https:\/\/portaltela.pt\/noticias\/2026\/03\/12\/duplantis-estabelece-recorde-mundial-de-salto-com-vara-com-631-m\/#primaryimage"},"thumbnailUrl":"https:\/\/portaltela.pt\/s.01k8rhncp4jt1\/2026\/03\/image-816.jpg","datePublished":"2026-03-12T21:22:00+00:00","author":{"@id":"https:\/\/portaltela.pt\/#\/schema\/person\/c4278d4a6028830caff9ee44b42d32ed"},"breadcrumb":{"@id":"https:\/\/portaltela.pt\/noticias\/2026\/03\/12\/duplantis-estabelece-recorde-mundial-de-salto-com-vara-com-631-m\/#breadcrumb"},"inLanguage":"pt-PT","potentialAction":[{"@type":"ReadAction","target":["https:\/\/portaltela.pt\/noticias\/2026\/03\/12\/duplantis-estabelece-recorde-mundial-de-salto-com-vara-com-631-m\/"]}]},{"@type":"ImageObject","inLanguage":"pt-PT","@id":"https:\/\/portaltela.pt\/noticias\/2026\/03\/12\/duplantis-estabelece-recorde-mundial-de-salto-com-vara-com-631-m\/#primaryimage","url":"https:\/\/portaltela.pt\/s.01k8rhncp4jt1\/2026\/03\/image-816.jpg","contentUrl":"https:\/\/portaltela.pt\/s.01k8rhncp4jt1\/2026\/03\/image-816.jpg","width":796,"height":448,"caption":"Foto: Fredrik Persson\/AFP"},{"@type":"BreadcrumbList","@id":"https:\/\/portaltela.pt\/noticias\/2026\/03\/12\/duplantis-estabelece-recorde-mundial-de-salto-com-vara-com-631-m\/#breadcrumb","itemListElement":[{"@type":"ListItem","position":1,"name":"In\u00edcio","item":"https:\/\/portaltela.pt\/"},{"@type":"ListItem","position":2,"name":"Duplantis estabelece recorde mundial de salto com vara com 6,31 m"}]},{"@type":"WebSite","@id":"https:\/\/portaltela.pt\/#website","url":"https:\/\/portaltela.pt\/","name":"Portal Tela Portugal","description":"","potentialAction":[{"@type":"SearchAction","target":{"@type":"EntryPoint","urlTemplate":"https:\/\/portaltela.pt\/?s={search_term_string}"},"query-input":{"@type":"PropertyValueSpecification","valueRequired":true,"valueName":"search_term_string"}}],"inLanguage":"pt-PT"},{"@type":"Person","@id":"https:\/\/portaltela.pt\/#\/schema\/person\/c4278d4a6028830caff9ee44b42d32ed","name":"Telinha","image":{"@type":"ImageObject","inLanguage":"pt-PT","@id":"https:\/\/portaltela.pt\/s.01k8rhncp4jt1\/2025\/11\/talking-bot-125x125.png","url":"https:\/\/portaltela.pt\/s.01k8rhncp4jt1\/2025\/11\/talking-bot-125x125.png","contentUrl":"https:\/\/portaltela.pt\/s.01k8rhncp4jt1\/2025\/11\/talking-bot-125x125.png","caption":"Telinha"},"sameAs":["https:\/\/portaltela.pt\/"],"url":"https:\/\/portaltela.pt\/por\/367410592786\/"}]}},"_links":{"self":[{"href":"https:\/\/portaltela.pt\/api\/wp\/v2\/posts\/408108","targetHints":{"allow":["GET"]}}],"collection":[{"href":"https:\/\/portaltela.pt\/api\/wp\/v2\/posts"}],"about":[{"href":"https:\/\/portaltela.pt\/api\/wp\/v2\/types\/post"}],"author":[{"embeddable":true,"href":"https:\/\/portaltela.pt\/api\/wp\/v2\/users\/2"}],"replies":[{"embeddable":true,"href":"https:\/\/portaltela.pt\/api\/wp\/v2\/comments?post=408108"}],"version-history":[{"count":0,"href":"https:\/\/portaltela.pt\/api\/wp\/v2\/posts\/408108\/revisions"}],"wp:featuredmedia":[{"embeddable":true,"href":"https:\/\/portaltela.pt\/api\/wp\/v2\/media\/408111"}],"wp:attachment":[{"href":"https:\/\/portaltela.pt\/api\/wp\/v2\/media?parent=408108"}],"wp:term":[{"taxonomy":"category","embeddable":true,"href":"https:\/\/portaltela.pt\/api\/wp\/v2\/categories?post=408108"},{"taxonomy":"post_tag","embeddable":true,"href":"https:\/\/portaltela.pt\/api\/wp\/v2\/tags?post=408108"}],"curies":[{"name":"wp","href":"https:\/\/api.w.org\/{rel}","templated":true}]}}