{"id":408105,"date":"2026-03-12T18:25:00","date_gmt":"2026-03-12T21:25:00","guid":{"rendered":"https:\/\/portaltela.pt\/noticias\/2026\/03\/12\/inem-profissionais-ja-excediam-horas-extra-antes-da-greve-diz-rh\/"},"modified":"2026-03-12T18:25:00","modified_gmt":"2026-03-12T21:25:00","slug":"inem-profissionais-ja-excediam-horas-extra-antes-da-greve-diz-rh","status":"publish","type":"post","link":"https:\/\/portaltela.pt\/saude\/2026\/03\/12\/inem-profissionais-ja-excediam-horas-extra-antes-da-greve-diz-rh\/","title":{"rendered":"INEM: profissionais j\u00e1 excediam horas extra antes da greve, diz RH"},"content":{"rendered":"<p>O que aconteceu, quem est\u00e1 envolvido, quando, onde e porqu\u00ea, numa leitura objetiva: a diretora de recursos humanos do INEM, Edi Gomes, afirmou que grande parte dos profissionais j\u00e1 havia excedido o limite legal de 150 horas de trabalho extraordin\u00e1rio no in\u00edcio de 2024. Esta situa\u00e7\u00e3o, segundo a respons\u00e1vel, inviabilizava qualquer base legal para impor mais trabalho suplementar.<\/p>\n<p>A CPI que acompanha o Instituto Nacional de Emerg\u00eancia M\u00e9dica (INEM) analisa responsabilidades pol\u00edticas, t\u00e9cnicas e financeiras desde 2019, com foco na greve do final de outubro e in\u00edcio de novembro de 2024. O objetivo \u00e9 entender a rela\u00e7\u00e3o entre tutela pol\u00edticas e o funcionamento do instituto nesse per\u00edodo.<\/p>\n<p>Acessos \u00e0 greve e regime de servi\u00e7os m\u00ednimos<\/p>\n<p>Durante as greves de 31 de outubro e 4 de novembro de 2024, o INEM n\u00e3o recebeu pr\u00e9-aviso sindical, o que, segundo a diretora, impede enquadramentos legais para negociar servi\u00e7os m\u00ednimos. Em consequ\u00eancia, o regime adotado foi aquele previsto no Acordo Coletivo de Trabalho, com 80% de profissionais no CODU e ajustamento no turno da noite dos meios de emerg\u00eancia.<\/p>\n<p>Notifica\u00e7\u00e3o de trabalhadores e funcionamento do servi\u00e7o<\/p>\n<p>Edi Gomes explicou que a designa\u00e7\u00e3o nominal para assegurar servi\u00e7os m\u00ednimos cabe, em primeira inst\u00e2ncia, \u00e0s organiza\u00e7\u00f5es sindicais. Quando n\u00e3o ocorre, a entidade empregadora convoca os profissionais, assegurando o funcionamento do sistema e permitindo identificar quem exerce o direito \u00e0 greve. O procedimento \u00e9 considerado comum no INEM, n\u00e3o sendo uma exce\u00e7\u00e3o.<\/p>\n<p>Defici\u00eancia de recursos e a\u00e7\u00f5es administrativas<\/p>\n<p>A diretora destacou ainda uma defici\u00eancia estrutural de recursos humanos no sistema, reconhecida amplamente na \u00e1rea. O Conselho Diretivo j\u00e1 tinha sido advertido sobre o cumprimento rigoroso dos limites de trabalho suplementar, com indica\u00e7\u00e3o de san\u00e7\u00f5es financeiras por exceder os limites legais.<\/p>\n<p>Impacto humano e regime de greves<\/p>\n<p>Entre 30 de outubro e 4 de novembro de 2024 ocorreram 12 mortes associadas a atrasos no socorro, segundo a Inspe\u00e7\u00e3o-Geral das Atividades em Sa\u00fade (IGAS). A CPI, composta por 24 deputados, investiga as responsabilidades pol\u00edticas, t\u00e9cnicas e financeiras relacionadas \u00e0 atual situa\u00e7\u00e3o do INEM e \u00e0 atua\u00e7\u00e3o durante a greve de 2024.<\/p>\n<p>Fontes e contexto<\/p>\n<p>A comiss\u00e3o foi criada em julho do ano anterior, a pedido da IL, para acompanhar o INEM desde 2019 e avaliar as tutelas pol\u00edticas que influenciaram o instituto. O foco atualizado aponta para o impacto operacional da greve e para as medidas de gest\u00e3o de recursos humanos tomadas pelo INEM.<\/p>\n","protected":false},"excerpt":{"rendered":"<ul>\n<li>Grande parte dos profissionais do INEM j\u00e1 tinham ultrapassado o limite legal das 150 horas de trabalho extraordin\u00e1rio no in\u00edcio de 2024, afirmou a diretora de recursos humanos, Edi Gomes, no parlamento.<\/li>\n<li>A respons\u00e1vel esclareceu que a lei n\u00e3o permite obrigar trabalhadores a realizar trabalho extraordin\u00e1rio quando os limites legais j\u00e1 foram atingidos.<\/li>\n<li>Edi Gomes indicou que a greve de final de 2024 criou um contexto operacional particularmente exigente, resultado da conjuga\u00e7\u00e3o de dois fatores com o momento de excederem o limite de horas extra.<\/li>\n<li>Sobre as greves de 31 de outubro e 4 de novembro, o INEM n\u00e3o recebeu pr\u00e9-aviso sindical, o que n\u00e3o permite enquadramento legal para servi\u00e7os m\u00ednimos; recorreu-se ao regime do Acordo Coletivo de Trabalho e ao CODU para definir escalas.<\/li>\n<li>A nomea\u00e7\u00e3o individual para garantir servi\u00e7os m\u00ednimos cabia, em primeira linha, \u00e0s organiza\u00e7\u00f5es sindicais; sem essa designa\u00e7\u00e3o, a entidade empregadora convocou os profissionais, procedimento habitual nas \u00faltimas onze greves em 2024, sem grande impacto na operacionalidade.<\/li>\n<li>Durante a greve de 30 de outubro a 4 de novembro de 2024 registaram-se 12 mortes, tr\u00eas das quais associadas a atrasos no socorro, segundo a Inspe\u00e7\u00e3o-Geral das Atividades em Sa\u00fade.<\/li>\n<\/ul>\n","protected":false},"author":2,"featured_media":408106,"comment_status":"closed","ping_status":"closed","sticky":false,"template":"","format":"standard","meta":{"footnotes":""},"categories":[1,6745],"tags":[3776,6150,1164,2603,1922,5308],"class_list":["post-408105","post","type-post","status-publish","format-standard","has-post-thumbnail","hentry","category-noticias","category-saude","tag-comissao","tag-cpi","tag-greve","tag-igas","tag-inem","tag-servicos-minimos"],"yoast_head":"<!-- This site is optimized with the Yoast SEO plugin v27.2 - https:\/\/yoast.com\/product\/yoast-seo-wordpress\/ -->\n<title>INEM: profissionais j\u00e1 excediam horas extra antes da greve, diz RH - Portal Tela Portugal<\/title>\n<meta name=\"robots\" content=\"index, follow, max-snippet:-1, max-image-preview:large, max-video-preview:-1\" \/>\n<meta property=\"og:locale\" content=\"pt_PT\" \/>\n<meta property=\"og:type\" content=\"article\" \/>\n<meta property=\"og:title\" content=\"INEM: profissionais j\u00e1 excediam horas extra antes da greve, diz RH - Portal Tela Portugal\" \/>\n<meta property=\"og:description\" content=\"Grande parte dos profissionais do INEM j\u00e1 tinham ultrapassado o limite legal das 150 horas de trabalho extraordin\u00e1rio no in\u00edcio de 2024, afirmou a diretora de recursos humanos, Edi Gomes, no parlamento. A respons\u00e1vel esclareceu que a lei n\u00e3o permite obrigar trabalhadores a realizar trabalho extraordin\u00e1rio quando os limites legais j\u00e1 foram atingidos. Edi Gomes indicou que a greve de final de 2024 criou um contexto operacional particularmente exigente, resultado da conjuga\u00e7\u00e3o de dois fatores com o momento de excederem o limite de horas extra. Sobre as greves de 31 de outubro e 4 de novembro, o INEM n\u00e3o recebeu pr\u00e9-aviso sindical, o que n\u00e3o permite enquadramento legal para servi\u00e7os m\u00ednimos; recorreu-se ao regime do Acordo Coletivo de Trabalho e ao CODU para definir escalas. A nomea\u00e7\u00e3o individual para garantir servi\u00e7os m\u00ednimos cabia, em primeira linha, \u00e0s organiza\u00e7\u00f5es sindicais; sem essa designa\u00e7\u00e3o, a entidade empregadora convocou os profissionais, procedimento habitual nas \u00faltimas onze greves em 2024, sem grande impacto na operacionalidade. Durante a greve de 30 de outubro a 4 de novembro de 2024 registaram-se 12 mortes, tr\u00eas das quais associadas a atrasos no socorro, segundo a Inspe\u00e7\u00e3o-Geral das Atividades em Sa\u00fade.\" \/>\n<meta property=\"og:url\" content=\"https:\/\/portaltela.pt\/noticias\/2026\/03\/12\/inem-profissionais-ja-excediam-horas-extra-antes-da-greve-diz-rh\/\" \/>\n<meta property=\"og:site_name\" content=\"Portal Tela Portugal\" \/>\n<meta property=\"article:published_time\" content=\"2026-03-12T21:25:00+00:00\" \/>\n<meta name=\"author\" content=\"Telinha\" \/>\n<meta name=\"twitter:card\" content=\"summary_large_image\" \/>\n<meta name=\"twitter:label1\" content=\"Escrito por\" \/>\n\t<meta name=\"twitter:data1\" content=\"Telinha\" \/>\n\t<meta name=\"twitter:label2\" content=\"Tempo estimado de leitura\" \/>\n\t<meta name=\"twitter:data2\" content=\"2 minutos\" \/>\n<script type=\"application\/ld+json\" class=\"yoast-schema-graph\">{\"@context\":\"https:\/\/schema.org\",\"@graph\":[{\"@type\":\"Article\",\"@id\":\"https:\/\/portaltela.pt\/noticias\/2026\/03\/12\/inem-profissionais-ja-excediam-horas-extra-antes-da-greve-diz-rh\/#article\",\"isPartOf\":{\"@id\":\"https:\/\/portaltela.pt\/noticias\/2026\/03\/12\/inem-profissionais-ja-excediam-horas-extra-antes-da-greve-diz-rh\/\"},\"author\":{\"name\":\"Telinha\",\"@id\":\"https:\/\/portaltela.pt\/#\/schema\/person\/c4278d4a6028830caff9ee44b42d32ed\"},\"headline\":\"INEM: profissionais j\u00e1 excediam horas extra antes da greve, diz RH\",\"datePublished\":\"2026-03-12T21:25:00+00:00\",\"mainEntityOfPage\":{\"@id\":\"https:\/\/portaltela.pt\/noticias\/2026\/03\/12\/inem-profissionais-ja-excediam-horas-extra-antes-da-greve-diz-rh\/\"},\"wordCount\":428,\"image\":{\"@id\":\"https:\/\/portaltela.pt\/noticias\/2026\/03\/12\/inem-profissionais-ja-excediam-horas-extra-antes-da-greve-diz-rh\/#primaryimage\"},\"thumbnailUrl\":\"https:\/\/portaltela.pt\/s.01k8rhncp4jt1\/2026\/03\/e8c29230-5eb9-4a2e-ac54-9d8fa20da58f_1200x675.jpg\",\"keywords\":[\"comiss\u00e3o\",\"CPI\",\"greve\",\"IGAS\",\"INEM\",\"servi\u00e7os m\u00ednimos\"],\"articleSection\":[\"Not\u00edcias\",\"Sa\u00fade\"],\"inLanguage\":\"pt-PT\"},{\"@type\":\"WebPage\",\"@id\":\"https:\/\/portaltela.pt\/noticias\/2026\/03\/12\/inem-profissionais-ja-excediam-horas-extra-antes-da-greve-diz-rh\/\",\"url\":\"https:\/\/portaltela.pt\/noticias\/2026\/03\/12\/inem-profissionais-ja-excediam-horas-extra-antes-da-greve-diz-rh\/\",\"name\":\"INEM: profissionais j\u00e1 excediam horas extra antes da greve, diz RH - Portal Tela Portugal\",\"isPartOf\":{\"@id\":\"https:\/\/portaltela.pt\/#website\"},\"primaryImageOfPage\":{\"@id\":\"https:\/\/portaltela.pt\/noticias\/2026\/03\/12\/inem-profissionais-ja-excediam-horas-extra-antes-da-greve-diz-rh\/#primaryimage\"},\"image\":{\"@id\":\"https:\/\/portaltela.pt\/noticias\/2026\/03\/12\/inem-profissionais-ja-excediam-horas-extra-antes-da-greve-diz-rh\/#primaryimage\"},\"thumbnailUrl\":\"https:\/\/portaltela.pt\/s.01k8rhncp4jt1\/2026\/03\/e8c29230-5eb9-4a2e-ac54-9d8fa20da58f_1200x675.jpg\",\"datePublished\":\"2026-03-12T21:25:00+00:00\",\"author\":{\"@id\":\"https:\/\/portaltela.pt\/#\/schema\/person\/c4278d4a6028830caff9ee44b42d32ed\"},\"breadcrumb\":{\"@id\":\"https:\/\/portaltela.pt\/noticias\/2026\/03\/12\/inem-profissionais-ja-excediam-horas-extra-antes-da-greve-diz-rh\/#breadcrumb\"},\"inLanguage\":\"pt-PT\",\"potentialAction\":[{\"@type\":\"ReadAction\",\"target\":[\"https:\/\/portaltela.pt\/noticias\/2026\/03\/12\/inem-profissionais-ja-excediam-horas-extra-antes-da-greve-diz-rh\/\"]}]},{\"@type\":\"ImageObject\",\"inLanguage\":\"pt-PT\",\"@id\":\"https:\/\/portaltela.pt\/noticias\/2026\/03\/12\/inem-profissionais-ja-excediam-horas-extra-antes-da-greve-diz-rh\/#primaryimage\",\"url\":\"https:\/\/portaltela.pt\/s.01k8rhncp4jt1\/2026\/03\/e8c29230-5eb9-4a2e-ac54-9d8fa20da58f_1200x675.jpg\",\"contentUrl\":\"https:\/\/portaltela.pt\/s.01k8rhncp4jt1\/2026\/03\/e8c29230-5eb9-4a2e-ac54-9d8fa20da58f_1200x675.jpg\",\"width\":796,\"height\":448,\"caption\":\"Foto: Gustavo Bom\/Arquivo\"},{\"@type\":\"BreadcrumbList\",\"@id\":\"https:\/\/portaltela.pt\/noticias\/2026\/03\/12\/inem-profissionais-ja-excediam-horas-extra-antes-da-greve-diz-rh\/#breadcrumb\",\"itemListElement\":[{\"@type\":\"ListItem\",\"position\":1,\"name\":\"In\u00edcio\",\"item\":\"https:\/\/portaltela.pt\/\"},{\"@type\":\"ListItem\",\"position\":2,\"name\":\"INEM: profissionais j\u00e1 excediam horas extra antes da greve, diz RH\"}]},{\"@type\":\"WebSite\",\"@id\":\"https:\/\/portaltela.pt\/#website\",\"url\":\"https:\/\/portaltela.pt\/\",\"name\":\"Portal Tela Portugal\",\"description\":\"\",\"potentialAction\":[{\"@type\":\"SearchAction\",\"target\":{\"@type\":\"EntryPoint\",\"urlTemplate\":\"https:\/\/portaltela.pt\/?s={search_term_string}\"},\"query-input\":{\"@type\":\"PropertyValueSpecification\",\"valueRequired\":true,\"valueName\":\"search_term_string\"}}],\"inLanguage\":\"pt-PT\"},{\"@type\":\"Person\",\"@id\":\"https:\/\/portaltela.pt\/#\/schema\/person\/c4278d4a6028830caff9ee44b42d32ed\",\"name\":\"Telinha\",\"image\":{\"@type\":\"ImageObject\",\"inLanguage\":\"pt-PT\",\"@id\":\"https:\/\/portaltela.pt\/s.01k8rhncp4jt1\/2025\/11\/talking-bot-125x125.png\",\"url\":\"https:\/\/portaltela.pt\/s.01k8rhncp4jt1\/2025\/11\/talking-bot-125x125.png\",\"contentUrl\":\"https:\/\/portaltela.pt\/s.01k8rhncp4jt1\/2025\/11\/talking-bot-125x125.png\",\"caption\":\"Telinha\"},\"sameAs\":[\"https:\/\/portaltela.pt\/\"],\"url\":\"https:\/\/portaltela.pt\/por\/367410592786\/\"}]}<\/script>\n<!-- \/ Yoast SEO plugin. -->","yoast_head_json":{"title":"INEM: profissionais j\u00e1 excediam horas extra antes da greve, diz RH - Portal Tela Portugal","robots":{"index":"index","follow":"follow","max-snippet":"max-snippet:-1","max-image-preview":"max-image-preview:large","max-video-preview":"max-video-preview:-1"},"og_locale":"pt_PT","og_type":"article","og_title":"INEM: profissionais j\u00e1 excediam horas extra antes da greve, diz RH - Portal Tela Portugal","og_description":"Grande parte dos profissionais do INEM j\u00e1 tinham ultrapassado o limite legal das 150 horas de trabalho extraordin\u00e1rio no in\u00edcio de 2024, afirmou a diretora de recursos humanos, Edi Gomes, no parlamento. A respons\u00e1vel esclareceu que a lei n\u00e3o permite obrigar trabalhadores a realizar trabalho extraordin\u00e1rio quando os limites legais j\u00e1 foram atingidos. Edi Gomes indicou que a greve de final de 2024 criou um contexto operacional particularmente exigente, resultado da conjuga\u00e7\u00e3o de dois fatores com o momento de excederem o limite de horas extra. Sobre as greves de 31 de outubro e 4 de novembro, o INEM n\u00e3o recebeu pr\u00e9-aviso sindical, o que n\u00e3o permite enquadramento legal para servi\u00e7os m\u00ednimos; recorreu-se ao regime do Acordo Coletivo de Trabalho e ao CODU para definir escalas. A nomea\u00e7\u00e3o individual para garantir servi\u00e7os m\u00ednimos cabia, em primeira linha, \u00e0s organiza\u00e7\u00f5es sindicais; sem essa designa\u00e7\u00e3o, a entidade empregadora convocou os profissionais, procedimento habitual nas \u00faltimas onze greves em 2024, sem grande impacto na operacionalidade. Durante a greve de 30 de outubro a 4 de novembro de 2024 registaram-se 12 mortes, tr\u00eas das quais associadas a atrasos no socorro, segundo a Inspe\u00e7\u00e3o-Geral das Atividades em Sa\u00fade.","og_url":"https:\/\/portaltela.pt\/noticias\/2026\/03\/12\/inem-profissionais-ja-excediam-horas-extra-antes-da-greve-diz-rh\/","og_site_name":"Portal Tela Portugal","article_published_time":"2026-03-12T21:25:00+00:00","author":"Telinha","twitter_card":"summary_large_image","twitter_misc":{"Escrito por":"Telinha","Tempo estimado de leitura":"2 minutos"},"schema":{"@context":"https:\/\/schema.org","@graph":[{"@type":"Article","@id":"https:\/\/portaltela.pt\/noticias\/2026\/03\/12\/inem-profissionais-ja-excediam-horas-extra-antes-da-greve-diz-rh\/#article","isPartOf":{"@id":"https:\/\/portaltela.pt\/noticias\/2026\/03\/12\/inem-profissionais-ja-excediam-horas-extra-antes-da-greve-diz-rh\/"},"author":{"name":"Telinha","@id":"https:\/\/portaltela.pt\/#\/schema\/person\/c4278d4a6028830caff9ee44b42d32ed"},"headline":"INEM: profissionais j\u00e1 excediam horas extra antes da greve, diz RH","datePublished":"2026-03-12T21:25:00+00:00","mainEntityOfPage":{"@id":"https:\/\/portaltela.pt\/noticias\/2026\/03\/12\/inem-profissionais-ja-excediam-horas-extra-antes-da-greve-diz-rh\/"},"wordCount":428,"image":{"@id":"https:\/\/portaltela.pt\/noticias\/2026\/03\/12\/inem-profissionais-ja-excediam-horas-extra-antes-da-greve-diz-rh\/#primaryimage"},"thumbnailUrl":"https:\/\/portaltela.pt\/s.01k8rhncp4jt1\/2026\/03\/e8c29230-5eb9-4a2e-ac54-9d8fa20da58f_1200x675.jpg","keywords":["comiss\u00e3o","CPI","greve","IGAS","INEM","servi\u00e7os m\u00ednimos"],"articleSection":["Not\u00edcias","Sa\u00fade"],"inLanguage":"pt-PT"},{"@type":"WebPage","@id":"https:\/\/portaltela.pt\/noticias\/2026\/03\/12\/inem-profissionais-ja-excediam-horas-extra-antes-da-greve-diz-rh\/","url":"https:\/\/portaltela.pt\/noticias\/2026\/03\/12\/inem-profissionais-ja-excediam-horas-extra-antes-da-greve-diz-rh\/","name":"INEM: profissionais j\u00e1 excediam horas extra antes da greve, diz RH - Portal Tela Portugal","isPartOf":{"@id":"https:\/\/portaltela.pt\/#website"},"primaryImageOfPage":{"@id":"https:\/\/portaltela.pt\/noticias\/2026\/03\/12\/inem-profissionais-ja-excediam-horas-extra-antes-da-greve-diz-rh\/#primaryimage"},"image":{"@id":"https:\/\/portaltela.pt\/noticias\/2026\/03\/12\/inem-profissionais-ja-excediam-horas-extra-antes-da-greve-diz-rh\/#primaryimage"},"thumbnailUrl":"https:\/\/portaltela.pt\/s.01k8rhncp4jt1\/2026\/03\/e8c29230-5eb9-4a2e-ac54-9d8fa20da58f_1200x675.jpg","datePublished":"2026-03-12T21:25:00+00:00","author":{"@id":"https:\/\/portaltela.pt\/#\/schema\/person\/c4278d4a6028830caff9ee44b42d32ed"},"breadcrumb":{"@id":"https:\/\/portaltela.pt\/noticias\/2026\/03\/12\/inem-profissionais-ja-excediam-horas-extra-antes-da-greve-diz-rh\/#breadcrumb"},"inLanguage":"pt-PT","potentialAction":[{"@type":"ReadAction","target":["https:\/\/portaltela.pt\/noticias\/2026\/03\/12\/inem-profissionais-ja-excediam-horas-extra-antes-da-greve-diz-rh\/"]}]},{"@type":"ImageObject","inLanguage":"pt-PT","@id":"https:\/\/portaltela.pt\/noticias\/2026\/03\/12\/inem-profissionais-ja-excediam-horas-extra-antes-da-greve-diz-rh\/#primaryimage","url":"https:\/\/portaltela.pt\/s.01k8rhncp4jt1\/2026\/03\/e8c29230-5eb9-4a2e-ac54-9d8fa20da58f_1200x675.jpg","contentUrl":"https:\/\/portaltela.pt\/s.01k8rhncp4jt1\/2026\/03\/e8c29230-5eb9-4a2e-ac54-9d8fa20da58f_1200x675.jpg","width":796,"height":448,"caption":"Foto: Gustavo Bom\/Arquivo"},{"@type":"BreadcrumbList","@id":"https:\/\/portaltela.pt\/noticias\/2026\/03\/12\/inem-profissionais-ja-excediam-horas-extra-antes-da-greve-diz-rh\/#breadcrumb","itemListElement":[{"@type":"ListItem","position":1,"name":"In\u00edcio","item":"https:\/\/portaltela.pt\/"},{"@type":"ListItem","position":2,"name":"INEM: profissionais j\u00e1 excediam horas extra antes da greve, diz RH"}]},{"@type":"WebSite","@id":"https:\/\/portaltela.pt\/#website","url":"https:\/\/portaltela.pt\/","name":"Portal Tela Portugal","description":"","potentialAction":[{"@type":"SearchAction","target":{"@type":"EntryPoint","urlTemplate":"https:\/\/portaltela.pt\/?s={search_term_string}"},"query-input":{"@type":"PropertyValueSpecification","valueRequired":true,"valueName":"search_term_string"}}],"inLanguage":"pt-PT"},{"@type":"Person","@id":"https:\/\/portaltela.pt\/#\/schema\/person\/c4278d4a6028830caff9ee44b42d32ed","name":"Telinha","image":{"@type":"ImageObject","inLanguage":"pt-PT","@id":"https:\/\/portaltela.pt\/s.01k8rhncp4jt1\/2025\/11\/talking-bot-125x125.png","url":"https:\/\/portaltela.pt\/s.01k8rhncp4jt1\/2025\/11\/talking-bot-125x125.png","contentUrl":"https:\/\/portaltela.pt\/s.01k8rhncp4jt1\/2025\/11\/talking-bot-125x125.png","caption":"Telinha"},"sameAs":["https:\/\/portaltela.pt\/"],"url":"https:\/\/portaltela.pt\/por\/367410592786\/"}]}},"_links":{"self":[{"href":"https:\/\/portaltela.pt\/api\/wp\/v2\/posts\/408105","targetHints":{"allow":["GET"]}}],"collection":[{"href":"https:\/\/portaltela.pt\/api\/wp\/v2\/posts"}],"about":[{"href":"https:\/\/portaltela.pt\/api\/wp\/v2\/types\/post"}],"author":[{"embeddable":true,"href":"https:\/\/portaltela.pt\/api\/wp\/v2\/users\/2"}],"replies":[{"embeddable":true,"href":"https:\/\/portaltela.pt\/api\/wp\/v2\/comments?post=408105"}],"version-history":[{"count":0,"href":"https:\/\/portaltela.pt\/api\/wp\/v2\/posts\/408105\/revisions"}],"wp:featuredmedia":[{"embeddable":true,"href":"https:\/\/portaltela.pt\/api\/wp\/v2\/media\/408106"}],"wp:attachment":[{"href":"https:\/\/portaltela.pt\/api\/wp\/v2\/media?parent=408105"}],"wp:term":[{"taxonomy":"category","embeddable":true,"href":"https:\/\/portaltela.pt\/api\/wp\/v2\/categories?post=408105"},{"taxonomy":"post_tag","embeddable":true,"href":"https:\/\/portaltela.pt\/api\/wp\/v2\/tags?post=408105"}],"curies":[{"name":"wp","href":"https:\/\/api.w.org\/{rel}","templated":true}]}}