{"id":408101,"date":"2026-03-12T18:26:38","date_gmt":"2026-03-12T21:26:38","guid":{"rendered":"https:\/\/portaltela.pt\/noticias\/2026\/03\/12\/benfica-acusa-mourinho-de-castigo-injusto-e-desproporcionado\/"},"modified":"2026-03-12T18:26:38","modified_gmt":"2026-03-12T21:26:38","slug":"benfica-acusa-mourinho-de-castigo-injusto-e-desproporcionado","status":"publish","type":"post","link":"https:\/\/portaltela.pt\/desporto\/futebol\/2026\/03\/12\/benfica-acusa-mourinho-de-castigo-injusto-e-desproporcionado\/","title":{"rendered":"Benfica acusa Mourinho de castigo injusto e desproporcionado"},"content":{"rendered":"<p>O Sport Lisboa e Benfica repudia, de forma firme, o castigo aplicado ao seu treinador, Jos\u00e9 Mourinho, pelo Conselho de Disciplina da Federa\u00e7\u00e3o Portuguesa de Futebol. A institui\u00e7\u00e3o classifica a decis\u00e3o como injusta, desproporcionada e persecut\u00f3ria.<\/p>\n<p>A nota deixa claro que o castigo n\u00e3o reflete o que ocorreu no final da partida e que as imagens dispon\u00edveis comprovam o momento de celebra\u00e7\u00e3o. N\u00e3o houve inten\u00e7\u00e3o de desrespeito ou provoca\u00e7\u00e3o por parte de Mourinho.<\/p>\n<p>Segundo o clube, o treinador apenas chutou a bola para a bancada durante a comemora\u00e7\u00e3o, num gesto que j\u00e1 ocorreu noutras ocasi\u00f5es. O Benfica sustenta que a san\u00e7\u00e3o desvia o foco do contexto do incidente.<\/p>\n<p>Mais para al\u00e9m da avalia\u00e7\u00e3o factual, o Benfica aponta que as provoca\u00e7\u00f5es de Lucho Gonz\u00e1lez a Mourinho no t\u00fanel dos balne\u00e1rios tamb\u00e9m influenciam a perce\u00e7\u00e3o do epis\u00f3dio. O clube refor\u00e7a a defesa da verdade desportiva.<\/p>\n<h3>Recurso e defesa<\/h3>\n<p>O Benfica anunciar\u00e1 o recurso pelos meios pr\u00f3prios, convicta de que a verdade dos factos ser\u00e1 restabelecida. O clube afirma manter o apoio a Mourinho e defender a integridade dos seus profissionais.<\/p>\n","protected":false},"excerpt":{"rendered":"<ul>\n<li>O Benfica repudia o castigo aplicado ao treinador Jos\u00e9 Mourinho pelo Conselho de Disciplina da Federa\u00e7\u00e3o Portuguesa de Futebol.<\/li>\n<li>Alega que a decis\u00e3o \u00e9 manifestamente injusta, desproporcionada e persecut\u00f3ria, e que n\u00e3o corresponde ao que aconteceu no final da partida.<\/li>\n<li>As imagens e a confer\u00eancia de imprensa do treinador indicam que Mourinho apenas chutou a bola para a bancada durante a celebra\u00e7\u00e3o, sem inten\u00e7\u00e3o de desrespeito.<\/li>\n<li>O clube critica a desvaloriza\u00e7\u00e3o das provoca\u00e7\u00f5es de Lucho Gonz\u00e1lez ap\u00f3s as expuls\u00f5es no t\u00fanel de acesso aos balne\u00e1rios.<\/li>\n<li>O Benfica anuncia recurso pelos meios pr\u00f3prios, mantendo o apoio a Mourinho e a defesa da verdade desportiva.<\/li>\n<\/ul>\n","protected":false},"author":2,"featured_media":408103,"comment_status":"closed","ping_status":"closed","sticky":false,"template":"","format":"standard","meta":{"footnotes":""},"categories":[21,24],"tags":[4143,1946,233,32,2138,6929],"class_list":["post-408101","post","type-post","status-publish","format-standard","has-post-thumbnail","hentry","category-desporto","category-futebol","tag-1-liga","tag-benfica","tag-etica-desportiva","tag-futebol","tag-jose-mourinho","tag-lucho-gonzalez"],"yoast_head":"<!-- This site is optimized with the Yoast SEO plugin v27.2 - https:\/\/yoast.com\/product\/yoast-seo-wordpress\/ -->\n<title>Benfica acusa Mourinho de castigo injusto e desproporcionado - Portal Tela Portugal<\/title>\n<meta name=\"robots\" content=\"index, follow, max-snippet:-1, max-image-preview:large, max-video-preview:-1\" \/>\n<meta property=\"og:locale\" content=\"pt_PT\" \/>\n<meta property=\"og:type\" content=\"article\" \/>\n<meta property=\"og:title\" content=\"Benfica acusa Mourinho de castigo injusto e desproporcionado - Portal Tela Portugal\" \/>\n<meta property=\"og:description\" content=\"O Benfica repudia o castigo aplicado ao treinador Jos\u00e9 Mourinho pelo Conselho de Disciplina da Federa\u00e7\u00e3o Portuguesa de Futebol. Alega que a decis\u00e3o \u00e9 manifestamente injusta, desproporcionada e persecut\u00f3ria, e que n\u00e3o corresponde ao que aconteceu no final da partida. As imagens e a confer\u00eancia de imprensa do treinador indicam que Mourinho apenas chutou a bola para a bancada durante a celebra\u00e7\u00e3o, sem inten\u00e7\u00e3o de desrespeito. O clube critica a desvaloriza\u00e7\u00e3o das provoca\u00e7\u00f5es de Lucho Gonz\u00e1lez ap\u00f3s as expuls\u00f5es no t\u00fanel de acesso aos balne\u00e1rios. O Benfica anuncia recurso pelos meios pr\u00f3prios, mantendo o apoio a Mourinho e a defesa da verdade desportiva.\" \/>\n<meta property=\"og:url\" content=\"https:\/\/portaltela.pt\/noticias\/2026\/03\/12\/benfica-acusa-mourinho-de-castigo-injusto-e-desproporcionado\/\" \/>\n<meta property=\"og:site_name\" content=\"Portal Tela Portugal\" \/>\n<meta property=\"article:published_time\" content=\"2026-03-12T21:26:38+00:00\" \/>\n<meta name=\"author\" content=\"Telinha\" \/>\n<meta name=\"twitter:card\" content=\"summary_large_image\" \/>\n<meta name=\"twitter:label1\" content=\"Escrito por\" \/>\n\t<meta name=\"twitter:data1\" content=\"Telinha\" \/>\n\t<meta name=\"twitter:label2\" content=\"Tempo estimado de leitura\" \/>\n\t<meta name=\"twitter:data2\" content=\"1 minuto\" \/>\n<script type=\"application\/ld+json\" class=\"yoast-schema-graph\">{\"@context\":\"https:\/\/schema.org\",\"@graph\":[{\"@type\":\"Article\",\"@id\":\"https:\/\/portaltela.pt\/noticias\/2026\/03\/12\/benfica-acusa-mourinho-de-castigo-injusto-e-desproporcionado\/#article\",\"isPartOf\":{\"@id\":\"https:\/\/portaltela.pt\/noticias\/2026\/03\/12\/benfica-acusa-mourinho-de-castigo-injusto-e-desproporcionado\/\"},\"author\":{\"name\":\"Telinha\",\"@id\":\"https:\/\/portaltela.pt\/#\/schema\/person\/c4278d4a6028830caff9ee44b42d32ed\"},\"headline\":\"Benfica acusa Mourinho de castigo injusto e desproporcionado\",\"datePublished\":\"2026-03-12T21:26:38+00:00\",\"mainEntityOfPage\":{\"@id\":\"https:\/\/portaltela.pt\/noticias\/2026\/03\/12\/benfica-acusa-mourinho-de-castigo-injusto-e-desproporcionado\/\"},\"wordCount\":210,\"image\":{\"@id\":\"https:\/\/portaltela.pt\/noticias\/2026\/03\/12\/benfica-acusa-mourinho-de-castigo-injusto-e-desproporcionado\/#primaryimage\"},\"thumbnailUrl\":\"https:\/\/portaltela.pt\/s.01k8rhncp4jt1\/2026\/03\/img_920x518uu2026-03-12-21-26-14-2426572.jpg\",\"keywords\":[\"1. Liga\",\"Benfica\",\"\u00c9tica Desportiva\",\"futebol\",\"Jos\u00e9 Mourinho\",\"Lucho Gonz\u00e1lez\"],\"articleSection\":[\"Desporto\",\"Futebol\"],\"inLanguage\":\"pt-PT\"},{\"@type\":\"WebPage\",\"@id\":\"https:\/\/portaltela.pt\/noticias\/2026\/03\/12\/benfica-acusa-mourinho-de-castigo-injusto-e-desproporcionado\/\",\"url\":\"https:\/\/portaltela.pt\/noticias\/2026\/03\/12\/benfica-acusa-mourinho-de-castigo-injusto-e-desproporcionado\/\",\"name\":\"Benfica acusa Mourinho de castigo injusto e desproporcionado - Portal Tela Portugal\",\"isPartOf\":{\"@id\":\"https:\/\/portaltela.pt\/#website\"},\"primaryImageOfPage\":{\"@id\":\"https:\/\/portaltela.pt\/noticias\/2026\/03\/12\/benfica-acusa-mourinho-de-castigo-injusto-e-desproporcionado\/#primaryimage\"},\"image\":{\"@id\":\"https:\/\/portaltela.pt\/noticias\/2026\/03\/12\/benfica-acusa-mourinho-de-castigo-injusto-e-desproporcionado\/#primaryimage\"},\"thumbnailUrl\":\"https:\/\/portaltela.pt\/s.01k8rhncp4jt1\/2026\/03\/img_920x518uu2026-03-12-21-26-14-2426572.jpg\",\"datePublished\":\"2026-03-12T21:26:38+00:00\",\"author\":{\"@id\":\"https:\/\/portaltela.pt\/#\/schema\/person\/c4278d4a6028830caff9ee44b42d32ed\"},\"breadcrumb\":{\"@id\":\"https:\/\/portaltela.pt\/noticias\/2026\/03\/12\/benfica-acusa-mourinho-de-castigo-injusto-e-desproporcionado\/#breadcrumb\"},\"inLanguage\":\"pt-PT\",\"potentialAction\":[{\"@type\":\"ReadAction\",\"target\":[\"https:\/\/portaltela.pt\/noticias\/2026\/03\/12\/benfica-acusa-mourinho-de-castigo-injusto-e-desproporcionado\/\"]}]},{\"@type\":\"ImageObject\",\"inLanguage\":\"pt-PT\",\"@id\":\"https:\/\/portaltela.pt\/noticias\/2026\/03\/12\/benfica-acusa-mourinho-de-castigo-injusto-e-desproporcionado\/#primaryimage\",\"url\":\"https:\/\/portaltela.pt\/s.01k8rhncp4jt1\/2026\/03\/img_920x518uu2026-03-12-21-26-14-2426572.jpg\",\"contentUrl\":\"https:\/\/portaltela.pt\/s.01k8rhncp4jt1\/2026\/03\/img_920x518uu2026-03-12-21-26-14-2426572.jpg\",\"width\":796,\"height\":448,\"caption\":\"Mourinho\"},{\"@type\":\"BreadcrumbList\",\"@id\":\"https:\/\/portaltela.pt\/noticias\/2026\/03\/12\/benfica-acusa-mourinho-de-castigo-injusto-e-desproporcionado\/#breadcrumb\",\"itemListElement\":[{\"@type\":\"ListItem\",\"position\":1,\"name\":\"In\u00edcio\",\"item\":\"https:\/\/portaltela.pt\/\"},{\"@type\":\"ListItem\",\"position\":2,\"name\":\"Benfica acusa Mourinho de castigo injusto e desproporcionado\"}]},{\"@type\":\"WebSite\",\"@id\":\"https:\/\/portaltela.pt\/#website\",\"url\":\"https:\/\/portaltela.pt\/\",\"name\":\"Portal Tela Portugal\",\"description\":\"\",\"potentialAction\":[{\"@type\":\"SearchAction\",\"target\":{\"@type\":\"EntryPoint\",\"urlTemplate\":\"https:\/\/portaltela.pt\/?s={search_term_string}\"},\"query-input\":{\"@type\":\"PropertyValueSpecification\",\"valueRequired\":true,\"valueName\":\"search_term_string\"}}],\"inLanguage\":\"pt-PT\"},{\"@type\":\"Person\",\"@id\":\"https:\/\/portaltela.pt\/#\/schema\/person\/c4278d4a6028830caff9ee44b42d32ed\",\"name\":\"Telinha\",\"image\":{\"@type\":\"ImageObject\",\"inLanguage\":\"pt-PT\",\"@id\":\"https:\/\/portaltela.pt\/s.01k8rhncp4jt1\/2025\/11\/talking-bot-125x125.png\",\"url\":\"https:\/\/portaltela.pt\/s.01k8rhncp4jt1\/2025\/11\/talking-bot-125x125.png\",\"contentUrl\":\"https:\/\/portaltela.pt\/s.01k8rhncp4jt1\/2025\/11\/talking-bot-125x125.png\",\"caption\":\"Telinha\"},\"sameAs\":[\"https:\/\/portaltela.pt\/\"],\"url\":\"https:\/\/portaltela.pt\/por\/367410592786\/\"}]}<\/script>\n<!-- \/ Yoast SEO plugin. -->","yoast_head_json":{"title":"Benfica acusa Mourinho de castigo injusto e desproporcionado - Portal Tela Portugal","robots":{"index":"index","follow":"follow","max-snippet":"max-snippet:-1","max-image-preview":"max-image-preview:large","max-video-preview":"max-video-preview:-1"},"og_locale":"pt_PT","og_type":"article","og_title":"Benfica acusa Mourinho de castigo injusto e desproporcionado - Portal Tela Portugal","og_description":"O Benfica repudia o castigo aplicado ao treinador Jos\u00e9 Mourinho pelo Conselho de Disciplina da Federa\u00e7\u00e3o Portuguesa de Futebol. Alega que a decis\u00e3o \u00e9 manifestamente injusta, desproporcionada e persecut\u00f3ria, e que n\u00e3o corresponde ao que aconteceu no final da partida. As imagens e a confer\u00eancia de imprensa do treinador indicam que Mourinho apenas chutou a bola para a bancada durante a celebra\u00e7\u00e3o, sem inten\u00e7\u00e3o de desrespeito. O clube critica a desvaloriza\u00e7\u00e3o das provoca\u00e7\u00f5es de Lucho Gonz\u00e1lez ap\u00f3s as expuls\u00f5es no t\u00fanel de acesso aos balne\u00e1rios. O Benfica anuncia recurso pelos meios pr\u00f3prios, mantendo o apoio a Mourinho e a defesa da verdade desportiva.","og_url":"https:\/\/portaltela.pt\/noticias\/2026\/03\/12\/benfica-acusa-mourinho-de-castigo-injusto-e-desproporcionado\/","og_site_name":"Portal Tela Portugal","article_published_time":"2026-03-12T21:26:38+00:00","author":"Telinha","twitter_card":"summary_large_image","twitter_misc":{"Escrito por":"Telinha","Tempo estimado de leitura":"1 minuto"},"schema":{"@context":"https:\/\/schema.org","@graph":[{"@type":"Article","@id":"https:\/\/portaltela.pt\/noticias\/2026\/03\/12\/benfica-acusa-mourinho-de-castigo-injusto-e-desproporcionado\/#article","isPartOf":{"@id":"https:\/\/portaltela.pt\/noticias\/2026\/03\/12\/benfica-acusa-mourinho-de-castigo-injusto-e-desproporcionado\/"},"author":{"name":"Telinha","@id":"https:\/\/portaltela.pt\/#\/schema\/person\/c4278d4a6028830caff9ee44b42d32ed"},"headline":"Benfica acusa Mourinho de castigo injusto e desproporcionado","datePublished":"2026-03-12T21:26:38+00:00","mainEntityOfPage":{"@id":"https:\/\/portaltela.pt\/noticias\/2026\/03\/12\/benfica-acusa-mourinho-de-castigo-injusto-e-desproporcionado\/"},"wordCount":210,"image":{"@id":"https:\/\/portaltela.pt\/noticias\/2026\/03\/12\/benfica-acusa-mourinho-de-castigo-injusto-e-desproporcionado\/#primaryimage"},"thumbnailUrl":"https:\/\/portaltela.pt\/s.01k8rhncp4jt1\/2026\/03\/img_920x518uu2026-03-12-21-26-14-2426572.jpg","keywords":["1. Liga","Benfica","\u00c9tica Desportiva","futebol","Jos\u00e9 Mourinho","Lucho Gonz\u00e1lez"],"articleSection":["Desporto","Futebol"],"inLanguage":"pt-PT"},{"@type":"WebPage","@id":"https:\/\/portaltela.pt\/noticias\/2026\/03\/12\/benfica-acusa-mourinho-de-castigo-injusto-e-desproporcionado\/","url":"https:\/\/portaltela.pt\/noticias\/2026\/03\/12\/benfica-acusa-mourinho-de-castigo-injusto-e-desproporcionado\/","name":"Benfica acusa Mourinho de castigo injusto e desproporcionado - Portal Tela Portugal","isPartOf":{"@id":"https:\/\/portaltela.pt\/#website"},"primaryImageOfPage":{"@id":"https:\/\/portaltela.pt\/noticias\/2026\/03\/12\/benfica-acusa-mourinho-de-castigo-injusto-e-desproporcionado\/#primaryimage"},"image":{"@id":"https:\/\/portaltela.pt\/noticias\/2026\/03\/12\/benfica-acusa-mourinho-de-castigo-injusto-e-desproporcionado\/#primaryimage"},"thumbnailUrl":"https:\/\/portaltela.pt\/s.01k8rhncp4jt1\/2026\/03\/img_920x518uu2026-03-12-21-26-14-2426572.jpg","datePublished":"2026-03-12T21:26:38+00:00","author":{"@id":"https:\/\/portaltela.pt\/#\/schema\/person\/c4278d4a6028830caff9ee44b42d32ed"},"breadcrumb":{"@id":"https:\/\/portaltela.pt\/noticias\/2026\/03\/12\/benfica-acusa-mourinho-de-castigo-injusto-e-desproporcionado\/#breadcrumb"},"inLanguage":"pt-PT","potentialAction":[{"@type":"ReadAction","target":["https:\/\/portaltela.pt\/noticias\/2026\/03\/12\/benfica-acusa-mourinho-de-castigo-injusto-e-desproporcionado\/"]}]},{"@type":"ImageObject","inLanguage":"pt-PT","@id":"https:\/\/portaltela.pt\/noticias\/2026\/03\/12\/benfica-acusa-mourinho-de-castigo-injusto-e-desproporcionado\/#primaryimage","url":"https:\/\/portaltela.pt\/s.01k8rhncp4jt1\/2026\/03\/img_920x518uu2026-03-12-21-26-14-2426572.jpg","contentUrl":"https:\/\/portaltela.pt\/s.01k8rhncp4jt1\/2026\/03\/img_920x518uu2026-03-12-21-26-14-2426572.jpg","width":796,"height":448,"caption":"Mourinho"},{"@type":"BreadcrumbList","@id":"https:\/\/portaltela.pt\/noticias\/2026\/03\/12\/benfica-acusa-mourinho-de-castigo-injusto-e-desproporcionado\/#breadcrumb","itemListElement":[{"@type":"ListItem","position":1,"name":"In\u00edcio","item":"https:\/\/portaltela.pt\/"},{"@type":"ListItem","position":2,"name":"Benfica acusa Mourinho de castigo injusto e desproporcionado"}]},{"@type":"WebSite","@id":"https:\/\/portaltela.pt\/#website","url":"https:\/\/portaltela.pt\/","name":"Portal Tela Portugal","description":"","potentialAction":[{"@type":"SearchAction","target":{"@type":"EntryPoint","urlTemplate":"https:\/\/portaltela.pt\/?s={search_term_string}"},"query-input":{"@type":"PropertyValueSpecification","valueRequired":true,"valueName":"search_term_string"}}],"inLanguage":"pt-PT"},{"@type":"Person","@id":"https:\/\/portaltela.pt\/#\/schema\/person\/c4278d4a6028830caff9ee44b42d32ed","name":"Telinha","image":{"@type":"ImageObject","inLanguage":"pt-PT","@id":"https:\/\/portaltela.pt\/s.01k8rhncp4jt1\/2025\/11\/talking-bot-125x125.png","url":"https:\/\/portaltela.pt\/s.01k8rhncp4jt1\/2025\/11\/talking-bot-125x125.png","contentUrl":"https:\/\/portaltela.pt\/s.01k8rhncp4jt1\/2025\/11\/talking-bot-125x125.png","caption":"Telinha"},"sameAs":["https:\/\/portaltela.pt\/"],"url":"https:\/\/portaltela.pt\/por\/367410592786\/"}]}},"_links":{"self":[{"href":"https:\/\/portaltela.pt\/api\/wp\/v2\/posts\/408101","targetHints":{"allow":["GET"]}}],"collection":[{"href":"https:\/\/portaltela.pt\/api\/wp\/v2\/posts"}],"about":[{"href":"https:\/\/portaltela.pt\/api\/wp\/v2\/types\/post"}],"author":[{"embeddable":true,"href":"https:\/\/portaltela.pt\/api\/wp\/v2\/users\/2"}],"replies":[{"embeddable":true,"href":"https:\/\/portaltela.pt\/api\/wp\/v2\/comments?post=408101"}],"version-history":[{"count":0,"href":"https:\/\/portaltela.pt\/api\/wp\/v2\/posts\/408101\/revisions"}],"wp:featuredmedia":[{"embeddable":true,"href":"https:\/\/portaltela.pt\/api\/wp\/v2\/media\/408103"}],"wp:attachment":[{"href":"https:\/\/portaltela.pt\/api\/wp\/v2\/media?parent=408101"}],"wp:term":[{"taxonomy":"category","embeddable":true,"href":"https:\/\/portaltela.pt\/api\/wp\/v2\/categories?post=408101"},{"taxonomy":"post_tag","embeddable":true,"href":"https:\/\/portaltela.pt\/api\/wp\/v2\/tags?post=408101"}],"curies":[{"name":"wp","href":"https:\/\/api.w.org\/{rel}","templated":true}]}}