{"id":408056,"date":"2026-03-12T17:32:00","date_gmt":"2026-03-12T20:32:00","guid":{"rendered":"https:\/\/portaltela.pt\/noticias\/2026\/03\/12\/parques-e-jardins-urbanos-para-descobrir-as-sextas\/"},"modified":"2026-03-12T17:32:00","modified_gmt":"2026-03-12T20:32:00","slug":"parques-e-jardins-urbanos-para-descobrir-as-sextas","status":"publish","type":"post","link":"https:\/\/portaltela.pt\/noticias\/2026\/03\/12\/parques-e-jardins-urbanos-para-descobrir-as-sextas\/","title":{"rendered":"Parques e jardins urbanos para descobrir \u00e0s sextas"},"content":{"rendered":"<p>O jornalismo regional revela, na edi\u00e7\u00e3o de amanh\u00e3, um conjunto de sugest\u00f5es para explorar parques e jardins urbanos. A sec\u00e7\u00e3o Evas\u00f5es \u00e0 sexta traz op\u00e7\u00f5es acess\u00edveis, gratuitas com o Jornal de Not\u00edcias, para leitores que procuram espa\u00e7os de tr\u00e2nsito pausado e bem-estar.<\/p>\n<p>O tema de capa refor\u00e7a a import\u00e2ncia dos espa\u00e7os verdes, dentro ou junto \u00e0s cidades. Parques convidam caminhadas e piqueniques; jardins, mais contidos, promovem introspe\u00e7\u00e3o. Todos surgem como ref\u00fagios onde o tempo parece andar mais devagar.<\/p>\n<p>Entre op\u00e7\u00f5es em destaque, o Trilho dos A\u00e7udes, em Albergaria-a-Velha, apresenta um percurso circular que cruza zonas rurais, florestais e urbanas da aldeia de Telhadela. O tra\u00e7ado foi criado pela associa\u00e7\u00e3o Donaldeia e pode ser combinado com outras atividades ou um almo\u00e7o caseiro.<\/p>\n<h3>Passear<\/h3>\n<p>O Trilho dos A\u00e7udes surge como op\u00e7\u00e3o de lazer ao ar livre, com liga\u00e7\u00f5es entre paisagens distintas. O tra\u00e7ado permite diferentes ritmos de caminhada, adaptando-se \u00e0s prefer\u00eancias de quem visita.<\/p>\n<p>A associa\u00e7\u00e3o respons\u00e1vel incentiva visitantes a explorar a regi\u00e3o com flexibilidade, aproveitando a natureza e a proximidade de espa\u00e7os para refei\u00e7\u00f5es simples. O percurso oferece diversas vistas ao longo do trajeto.<\/p>\n<h3>Novidades<\/h3>\n<p>Na Madeira, foram anunciados dez restaurantes com uma estrela Michelin, com seis da regi\u00e3o Norte. Destaque para Ang\u00e9lica Salvador, entre as poucas mulheres premiadas, e para Rui Silvestre, que subiu \u00e0s duas estrelas no Fifty Seconds, em Lisboa.<\/p>\n<p>A lista completa \u00e9 apresentada pela edi\u00e7\u00e3o, com foco em reconhecimentos recentes e nas mudan\u00e7as ocorridas no setor da restaura\u00e7\u00e3o.<\/p>\n<h3>Restaurantes<\/h3>\n<p>O Hikari, no Porto, destaca-se pela come\u00e7ar com um espa\u00e7o modesto e uma grande ambi\u00e7\u00e3o culin\u00e1ria. O chef Wataru Inoue apresenta um omakase que mistura tradi\u00e7\u00e3o japonesa com surpresas.<\/p>\n<p>O conceito combina pratos que exploram t\u00e9cnicas japonesas com toques de criatividade, mantendo o foco na qualidade e na experi\u00eancia do cliente, em ambiente contempor\u00e2neo e acolhedor.<\/p>\n<h3>Ficar<\/h3>\n<p>No final do ano passado abriu o primeiro Residence Inn by Marriott na Pen\u00ednsula Ib\u00e9rica, no Campo Pequeno, em Lisboa. O projeto visa facilitar a vida de quem vive na cidade, com 71 suites equipadas com cozinha e servi\u00e7os hoteleiros.<\/p>\n","protected":false},"excerpt":{"rendered":"<ul>\n<li>Evas\u00f5es \u00e0 sexta: parques e jardins urbanos s\u00e3o tema de capa do Jornal de Not\u00edcias, destacando bem\u2011estar e ref\u00fagios de ritmo mais lento.<\/li>\n<li>O Trilho dos A\u00e7udes, em Albergaria\u2011a\u2011Velha, \u00e9 um percurso circular que atravessa paisagens rurais, florestais e urbanas, criado pela associa\u00e7\u00e3o Donaldeia e pode ser combinado com outras atividades ou um almo\u00e7o caseiro.<\/li>\n<li>Na Madeira, h\u00e1 dez restaurantes com uma estrela Michelin, seis na regi\u00e3o Norte; Ang\u00e9lica Salvador destaca\u2011se numa edi\u00e7\u00e3o dominada por homens e Rui Silvestre sobe \u00e0s duas estrelas no Fifty Seconds, em Lisboa.<\/li>\n<li>O Hikari, no Porto, \u00e9 um espa\u00e7o pequeno com qualidade e ousadia, liderado por Wataru Inoue, oferecendo um omakase entre surpresas e tradi\u00e7\u00f5es.<\/li>\n<li>O primeiro Residence Inn by Marriott da Pen\u00ednsula Ib\u00e9rica abriu no Campo Pequeno, em Lisboa, com 71 suites que incluem cozinha e servi\u00e7os de hotel.<\/li>\n<\/ul>\n","protected":false},"author":2,"featured_media":408066,"comment_status":"closed","ping_status":"closed","sticky":false,"template":"","format":"standard","meta":{"footnotes":""},"categories":[1],"tags":[2980,981,859,45,1931,169],"class_list":["post-408056","post","type-post","status-publish","format-standard","has-post-thumbnail","hentry","category-noticias","tag-albergaria-a-velha","tag-lisboa","tag-madeira","tag-meio-ambiente","tag-restaurantes","tag-turismo"],"yoast_head":"<!-- This site is optimized with the Yoast SEO plugin v27.2 - https:\/\/yoast.com\/product\/yoast-seo-wordpress\/ -->\n<title>Parques e jardins urbanos para descobrir \u00e0s sextas - Portal Tela Portugal<\/title>\n<meta name=\"robots\" content=\"index, follow, max-snippet:-1, max-image-preview:large, max-video-preview:-1\" \/>\n<meta property=\"og:locale\" content=\"pt_PT\" \/>\n<meta property=\"og:type\" content=\"article\" \/>\n<meta property=\"og:title\" content=\"Parques e jardins urbanos para descobrir \u00e0s sextas - Portal Tela Portugal\" \/>\n<meta property=\"og:description\" content=\"Evas\u00f5es \u00e0 sexta: parques e jardins urbanos s\u00e3o tema de capa do Jornal de Not\u00edcias, destacando bem\u2011estar e ref\u00fagios de ritmo mais lento. O Trilho dos A\u00e7udes, em Albergaria\u2011a\u2011Velha, \u00e9 um percurso circular que atravessa paisagens rurais, florestais e urbanas, criado pela associa\u00e7\u00e3o Donaldeia e pode ser combinado com outras atividades ou um almo\u00e7o caseiro. Na Madeira, h\u00e1 dez restaurantes com uma estrela Michelin, seis na regi\u00e3o Norte; Ang\u00e9lica Salvador destaca\u2011se numa edi\u00e7\u00e3o dominada por homens e Rui Silvestre sobe \u00e0s duas estrelas no Fifty Seconds, em Lisboa. O Hikari, no Porto, \u00e9 um espa\u00e7o pequeno com qualidade e ousadia, liderado por Wataru Inoue, oferecendo um omakase entre surpresas e tradi\u00e7\u00f5es. O primeiro Residence Inn by Marriott da Pen\u00ednsula Ib\u00e9rica abriu no Campo Pequeno, em Lisboa, com 71 suites que incluem cozinha e servi\u00e7os de hotel.\" \/>\n<meta property=\"og:url\" content=\"https:\/\/portaltela.pt\/noticias\/2026\/03\/12\/parques-e-jardins-urbanos-para-descobrir-as-sextas\/\" \/>\n<meta property=\"og:site_name\" content=\"Portal Tela Portugal\" \/>\n<meta property=\"article:published_time\" content=\"2026-03-12T20:32:00+00:00\" \/>\n<meta name=\"author\" content=\"Telinha\" \/>\n<meta name=\"twitter:card\" content=\"summary_large_image\" \/>\n<meta name=\"twitter:label1\" content=\"Escrito por\" \/>\n\t<meta name=\"twitter:data1\" content=\"Telinha\" \/>\n\t<meta name=\"twitter:label2\" content=\"Tempo estimado de leitura\" \/>\n\t<meta name=\"twitter:data2\" content=\"2 minutos\" \/>\n<script type=\"application\/ld+json\" class=\"yoast-schema-graph\">{\"@context\":\"https:\/\/schema.org\",\"@graph\":[{\"@type\":\"Article\",\"@id\":\"https:\/\/portaltela.pt\/noticias\/2026\/03\/12\/parques-e-jardins-urbanos-para-descobrir-as-sextas\/#article\",\"isPartOf\":{\"@id\":\"https:\/\/portaltela.pt\/noticias\/2026\/03\/12\/parques-e-jardins-urbanos-para-descobrir-as-sextas\/\"},\"author\":{\"name\":\"Telinha\",\"@id\":\"https:\/\/portaltela.pt\/#\/schema\/person\/c4278d4a6028830caff9ee44b42d32ed\"},\"headline\":\"Parques e jardins urbanos para descobrir \u00e0s sextas\",\"datePublished\":\"2026-03-12T20:32:00+00:00\",\"mainEntityOfPage\":{\"@id\":\"https:\/\/portaltela.pt\/noticias\/2026\/03\/12\/parques-e-jardins-urbanos-para-descobrir-as-sextas\/\"},\"wordCount\":390,\"image\":{\"@id\":\"https:\/\/portaltela.pt\/noticias\/2026\/03\/12\/parques-e-jardins-urbanos-para-descobrir-as-sextas\/#primaryimage\"},\"thumbnailUrl\":\"https:\/\/portaltela.pt\/s.01k8rhncp4jt1\/2026\/03\/image-813.jpg\",\"keywords\":[\"Albergaria-a-Velha\",\"Lisboa\",\"Madeira\",\"meio-ambiente\",\"restaurantes\",\"turismo\"],\"articleSection\":[\"Not\u00edcias\"],\"inLanguage\":\"pt-PT\"},{\"@type\":\"WebPage\",\"@id\":\"https:\/\/portaltela.pt\/noticias\/2026\/03\/12\/parques-e-jardins-urbanos-para-descobrir-as-sextas\/\",\"url\":\"https:\/\/portaltela.pt\/noticias\/2026\/03\/12\/parques-e-jardins-urbanos-para-descobrir-as-sextas\/\",\"name\":\"Parques e jardins urbanos para descobrir \u00e0s sextas - Portal Tela Portugal\",\"isPartOf\":{\"@id\":\"https:\/\/portaltela.pt\/#website\"},\"primaryImageOfPage\":{\"@id\":\"https:\/\/portaltela.pt\/noticias\/2026\/03\/12\/parques-e-jardins-urbanos-para-descobrir-as-sextas\/#primaryimage\"},\"image\":{\"@id\":\"https:\/\/portaltela.pt\/noticias\/2026\/03\/12\/parques-e-jardins-urbanos-para-descobrir-as-sextas\/#primaryimage\"},\"thumbnailUrl\":\"https:\/\/portaltela.pt\/s.01k8rhncp4jt1\/2026\/03\/image-813.jpg\",\"datePublished\":\"2026-03-12T20:32:00+00:00\",\"author\":{\"@id\":\"https:\/\/portaltela.pt\/#\/schema\/person\/c4278d4a6028830caff9ee44b42d32ed\"},\"breadcrumb\":{\"@id\":\"https:\/\/portaltela.pt\/noticias\/2026\/03\/12\/parques-e-jardins-urbanos-para-descobrir-as-sextas\/#breadcrumb\"},\"inLanguage\":\"pt-PT\",\"potentialAction\":[{\"@type\":\"ReadAction\",\"target\":[\"https:\/\/portaltela.pt\/noticias\/2026\/03\/12\/parques-e-jardins-urbanos-para-descobrir-as-sextas\/\"]}]},{\"@type\":\"ImageObject\",\"inLanguage\":\"pt-PT\",\"@id\":\"https:\/\/portaltela.pt\/noticias\/2026\/03\/12\/parques-e-jardins-urbanos-para-descobrir-as-sextas\/#primaryimage\",\"url\":\"https:\/\/portaltela.pt\/s.01k8rhncp4jt1\/2026\/03\/image-813.jpg\",\"contentUrl\":\"https:\/\/portaltela.pt\/s.01k8rhncp4jt1\/2026\/03\/image-813.jpg\",\"width\":796,\"height\":448,\"caption\":\"Imagem de contexto do artigo Evas\u00f5es \u00e0 sexta: parques e jardins urbanos a descobrir\"},{\"@type\":\"BreadcrumbList\",\"@id\":\"https:\/\/portaltela.pt\/noticias\/2026\/03\/12\/parques-e-jardins-urbanos-para-descobrir-as-sextas\/#breadcrumb\",\"itemListElement\":[{\"@type\":\"ListItem\",\"position\":1,\"name\":\"In\u00edcio\",\"item\":\"https:\/\/portaltela.pt\/\"},{\"@type\":\"ListItem\",\"position\":2,\"name\":\"Parques e jardins urbanos para descobrir \u00e0s sextas\"}]},{\"@type\":\"WebSite\",\"@id\":\"https:\/\/portaltela.pt\/#website\",\"url\":\"https:\/\/portaltela.pt\/\",\"name\":\"Portal Tela Portugal\",\"description\":\"\",\"potentialAction\":[{\"@type\":\"SearchAction\",\"target\":{\"@type\":\"EntryPoint\",\"urlTemplate\":\"https:\/\/portaltela.pt\/?s={search_term_string}\"},\"query-input\":{\"@type\":\"PropertyValueSpecification\",\"valueRequired\":true,\"valueName\":\"search_term_string\"}}],\"inLanguage\":\"pt-PT\"},{\"@type\":\"Person\",\"@id\":\"https:\/\/portaltela.pt\/#\/schema\/person\/c4278d4a6028830caff9ee44b42d32ed\",\"name\":\"Telinha\",\"image\":{\"@type\":\"ImageObject\",\"inLanguage\":\"pt-PT\",\"@id\":\"https:\/\/portaltela.pt\/s.01k8rhncp4jt1\/2025\/11\/talking-bot-125x125.png\",\"url\":\"https:\/\/portaltela.pt\/s.01k8rhncp4jt1\/2025\/11\/talking-bot-125x125.png\",\"contentUrl\":\"https:\/\/portaltela.pt\/s.01k8rhncp4jt1\/2025\/11\/talking-bot-125x125.png\",\"caption\":\"Telinha\"},\"sameAs\":[\"https:\/\/portaltela.pt\/\"],\"url\":\"https:\/\/portaltela.pt\/por\/367410592786\/\"}]}<\/script>\n<!-- \/ Yoast SEO plugin. -->","yoast_head_json":{"title":"Parques e jardins urbanos para descobrir \u00e0s sextas - Portal Tela Portugal","robots":{"index":"index","follow":"follow","max-snippet":"max-snippet:-1","max-image-preview":"max-image-preview:large","max-video-preview":"max-video-preview:-1"},"og_locale":"pt_PT","og_type":"article","og_title":"Parques e jardins urbanos para descobrir \u00e0s sextas - Portal Tela Portugal","og_description":"Evas\u00f5es \u00e0 sexta: parques e jardins urbanos s\u00e3o tema de capa do Jornal de Not\u00edcias, destacando bem\u2011estar e ref\u00fagios de ritmo mais lento. O Trilho dos A\u00e7udes, em Albergaria\u2011a\u2011Velha, \u00e9 um percurso circular que atravessa paisagens rurais, florestais e urbanas, criado pela associa\u00e7\u00e3o Donaldeia e pode ser combinado com outras atividades ou um almo\u00e7o caseiro. Na Madeira, h\u00e1 dez restaurantes com uma estrela Michelin, seis na regi\u00e3o Norte; Ang\u00e9lica Salvador destaca\u2011se numa edi\u00e7\u00e3o dominada por homens e Rui Silvestre sobe \u00e0s duas estrelas no Fifty Seconds, em Lisboa. O Hikari, no Porto, \u00e9 um espa\u00e7o pequeno com qualidade e ousadia, liderado por Wataru Inoue, oferecendo um omakase entre surpresas e tradi\u00e7\u00f5es. O primeiro Residence Inn by Marriott da Pen\u00ednsula Ib\u00e9rica abriu no Campo Pequeno, em Lisboa, com 71 suites que incluem cozinha e servi\u00e7os de hotel.","og_url":"https:\/\/portaltela.pt\/noticias\/2026\/03\/12\/parques-e-jardins-urbanos-para-descobrir-as-sextas\/","og_site_name":"Portal Tela Portugal","article_published_time":"2026-03-12T20:32:00+00:00","author":"Telinha","twitter_card":"summary_large_image","twitter_misc":{"Escrito por":"Telinha","Tempo estimado de leitura":"2 minutos"},"schema":{"@context":"https:\/\/schema.org","@graph":[{"@type":"Article","@id":"https:\/\/portaltela.pt\/noticias\/2026\/03\/12\/parques-e-jardins-urbanos-para-descobrir-as-sextas\/#article","isPartOf":{"@id":"https:\/\/portaltela.pt\/noticias\/2026\/03\/12\/parques-e-jardins-urbanos-para-descobrir-as-sextas\/"},"author":{"name":"Telinha","@id":"https:\/\/portaltela.pt\/#\/schema\/person\/c4278d4a6028830caff9ee44b42d32ed"},"headline":"Parques e jardins urbanos para descobrir \u00e0s sextas","datePublished":"2026-03-12T20:32:00+00:00","mainEntityOfPage":{"@id":"https:\/\/portaltela.pt\/noticias\/2026\/03\/12\/parques-e-jardins-urbanos-para-descobrir-as-sextas\/"},"wordCount":390,"image":{"@id":"https:\/\/portaltela.pt\/noticias\/2026\/03\/12\/parques-e-jardins-urbanos-para-descobrir-as-sextas\/#primaryimage"},"thumbnailUrl":"https:\/\/portaltela.pt\/s.01k8rhncp4jt1\/2026\/03\/image-813.jpg","keywords":["Albergaria-a-Velha","Lisboa","Madeira","meio-ambiente","restaurantes","turismo"],"articleSection":["Not\u00edcias"],"inLanguage":"pt-PT"},{"@type":"WebPage","@id":"https:\/\/portaltela.pt\/noticias\/2026\/03\/12\/parques-e-jardins-urbanos-para-descobrir-as-sextas\/","url":"https:\/\/portaltela.pt\/noticias\/2026\/03\/12\/parques-e-jardins-urbanos-para-descobrir-as-sextas\/","name":"Parques e jardins urbanos para descobrir \u00e0s sextas - Portal Tela Portugal","isPartOf":{"@id":"https:\/\/portaltela.pt\/#website"},"primaryImageOfPage":{"@id":"https:\/\/portaltela.pt\/noticias\/2026\/03\/12\/parques-e-jardins-urbanos-para-descobrir-as-sextas\/#primaryimage"},"image":{"@id":"https:\/\/portaltela.pt\/noticias\/2026\/03\/12\/parques-e-jardins-urbanos-para-descobrir-as-sextas\/#primaryimage"},"thumbnailUrl":"https:\/\/portaltela.pt\/s.01k8rhncp4jt1\/2026\/03\/image-813.jpg","datePublished":"2026-03-12T20:32:00+00:00","author":{"@id":"https:\/\/portaltela.pt\/#\/schema\/person\/c4278d4a6028830caff9ee44b42d32ed"},"breadcrumb":{"@id":"https:\/\/portaltela.pt\/noticias\/2026\/03\/12\/parques-e-jardins-urbanos-para-descobrir-as-sextas\/#breadcrumb"},"inLanguage":"pt-PT","potentialAction":[{"@type":"ReadAction","target":["https:\/\/portaltela.pt\/noticias\/2026\/03\/12\/parques-e-jardins-urbanos-para-descobrir-as-sextas\/"]}]},{"@type":"ImageObject","inLanguage":"pt-PT","@id":"https:\/\/portaltela.pt\/noticias\/2026\/03\/12\/parques-e-jardins-urbanos-para-descobrir-as-sextas\/#primaryimage","url":"https:\/\/portaltela.pt\/s.01k8rhncp4jt1\/2026\/03\/image-813.jpg","contentUrl":"https:\/\/portaltela.pt\/s.01k8rhncp4jt1\/2026\/03\/image-813.jpg","width":796,"height":448,"caption":"Imagem de contexto do artigo Evas\u00f5es \u00e0 sexta: parques e jardins urbanos a descobrir"},{"@type":"BreadcrumbList","@id":"https:\/\/portaltela.pt\/noticias\/2026\/03\/12\/parques-e-jardins-urbanos-para-descobrir-as-sextas\/#breadcrumb","itemListElement":[{"@type":"ListItem","position":1,"name":"In\u00edcio","item":"https:\/\/portaltela.pt\/"},{"@type":"ListItem","position":2,"name":"Parques e jardins urbanos para descobrir \u00e0s sextas"}]},{"@type":"WebSite","@id":"https:\/\/portaltela.pt\/#website","url":"https:\/\/portaltela.pt\/","name":"Portal Tela Portugal","description":"","potentialAction":[{"@type":"SearchAction","target":{"@type":"EntryPoint","urlTemplate":"https:\/\/portaltela.pt\/?s={search_term_string}"},"query-input":{"@type":"PropertyValueSpecification","valueRequired":true,"valueName":"search_term_string"}}],"inLanguage":"pt-PT"},{"@type":"Person","@id":"https:\/\/portaltela.pt\/#\/schema\/person\/c4278d4a6028830caff9ee44b42d32ed","name":"Telinha","image":{"@type":"ImageObject","inLanguage":"pt-PT","@id":"https:\/\/portaltela.pt\/s.01k8rhncp4jt1\/2025\/11\/talking-bot-125x125.png","url":"https:\/\/portaltela.pt\/s.01k8rhncp4jt1\/2025\/11\/talking-bot-125x125.png","contentUrl":"https:\/\/portaltela.pt\/s.01k8rhncp4jt1\/2025\/11\/talking-bot-125x125.png","caption":"Telinha"},"sameAs":["https:\/\/portaltela.pt\/"],"url":"https:\/\/portaltela.pt\/por\/367410592786\/"}]}},"_links":{"self":[{"href":"https:\/\/portaltela.pt\/api\/wp\/v2\/posts\/408056","targetHints":{"allow":["GET"]}}],"collection":[{"href":"https:\/\/portaltela.pt\/api\/wp\/v2\/posts"}],"about":[{"href":"https:\/\/portaltela.pt\/api\/wp\/v2\/types\/post"}],"author":[{"embeddable":true,"href":"https:\/\/portaltela.pt\/api\/wp\/v2\/users\/2"}],"replies":[{"embeddable":true,"href":"https:\/\/portaltela.pt\/api\/wp\/v2\/comments?post=408056"}],"version-history":[{"count":0,"href":"https:\/\/portaltela.pt\/api\/wp\/v2\/posts\/408056\/revisions"}],"wp:featuredmedia":[{"embeddable":true,"href":"https:\/\/portaltela.pt\/api\/wp\/v2\/media\/408066"}],"wp:attachment":[{"href":"https:\/\/portaltela.pt\/api\/wp\/v2\/media?parent=408056"}],"wp:term":[{"taxonomy":"category","embeddable":true,"href":"https:\/\/portaltela.pt\/api\/wp\/v2\/categories?post=408056"},{"taxonomy":"post_tag","embeddable":true,"href":"https:\/\/portaltela.pt\/api\/wp\/v2\/tags?post=408056"}],"curies":[{"name":"wp","href":"https:\/\/api.w.org\/{rel}","templated":true}]}}