{"id":408030,"date":"2026-03-12T17:19:23","date_gmt":"2026-03-12T20:19:23","guid":{"rendered":"https:\/\/portaltela.pt\/noticias\/2026\/03\/12\/mbeumo-satisfeito-com-jj-gabriel-ha-algo-especial\/"},"modified":"2026-03-12T17:19:23","modified_gmt":"2026-03-12T20:19:23","slug":"mbeumo-satisfeito-com-jj-gabriel-ha-algo-especial","status":"publish","type":"post","link":"https:\/\/portaltela.pt\/desporto\/futebol\/2026\/03\/12\/mbeumo-satisfeito-com-jj-gabriel-ha-algo-especial\/","title":{"rendered":"Mbeumo satisfeito com JJ Gabriel: h\u00e1 algo especial"},"content":{"rendered":"<p>Joseph J\u00fanior Andreou Gabriel, conhecido como JJ Gabriel, tem 15 anos e j\u00e1 treina com o Manchester United, em Carrington, recebendo elogios de jogadores seniores.<\/p>\n<p>O jovem, que atua como ponta de lan\u00e7a, tem sido visto a treinar v\u00e1rias vezes com os &#8220;red devils&#8221; desde que Ruben Amorim o chamou pela primeira vez, aos 14 anos.<\/p>\n<p>Bryan Mbeumo, avan\u00e7ado do Manchester United, elogiou o talento de Gabriel, destacando a facilidade, a compostura junto da baliza, o remate e a for\u00e7a f\u00edsica.<\/p>\n<p>Devido \u00e0s restri\u00e7\u00f5es et\u00e1rias impostas pela Federa\u00e7\u00e3o Inglesa, JJ Gabriel s\u00f3 poder\u00e1 estrear-se pela equipa principal na pr\u00f3xima temporada.<\/p>\n","protected":false},"excerpt":{"rendered":"<ul>\n<li>Um jovem jogador treina com a equipa principal do Manchester United em Carrington, recebendo elogios de pesos pesados do clube.<\/li>\n<li>Bryan Mbeumo elogiou o talento, dizendo que existe \u201calgo especial\u201d no atleta e que remata bem, com conten\u00e7\u00e3o e for\u00e7a f\u00edsica.<\/li>\n<li>O jovem treina v\u00e1rias vezes com os turcos e tem mostrado facilidade na frente da baliza, destacando-se pela compostura.<\/li>\n<li>Foi chamado pela primeira vez pela equipa principal pela estrutura t\u00e9cnica, numa altura em que ainda era muito jovem.<\/li>\n<li>Por limita\u00e7\u00f5es da Federa\u00e7\u00e3o inglesa de futebol, n\u00e3o pode estrear-se pela equipa principal nesta \u00e9poca e s\u00f3 pode faz\u00ea-lo na pr\u00f3xima temporada.<\/li>\n<\/ul>\n","protected":false},"author":2,"featured_media":408033,"comment_status":"closed","ping_status":"closed","sticky":false,"template":"","format":"standard","meta":{"footnotes":""},"categories":[21,24],"tags":[32,3338,2844,2241,3187,5653],"class_list":["post-408030","post","type-post","status-publish","format-standard","has-post-thumbnail","hentry","category-desporto","category-futebol","tag-futebol","tag-futebol-internacional","tag-jovens","tag-jovens-talentos","tag-manchester-united","tag-promessas"],"yoast_head":"<!-- This site is optimized with the Yoast SEO plugin v27.2 - https:\/\/yoast.com\/product\/yoast-seo-wordpress\/ -->\n<title>Mbeumo satisfeito com JJ Gabriel: h\u00e1 algo especial - Portal Tela Portugal<\/title>\n<meta name=\"robots\" content=\"index, follow, max-snippet:-1, max-image-preview:large, max-video-preview:-1\" \/>\n<meta property=\"og:locale\" content=\"pt_PT\" \/>\n<meta property=\"og:type\" content=\"article\" \/>\n<meta property=\"og:title\" content=\"Mbeumo satisfeito com JJ Gabriel: h\u00e1 algo especial - Portal Tela Portugal\" \/>\n<meta property=\"og:description\" content=\"Um jovem jogador treina com a equipa principal do Manchester United em Carrington, recebendo elogios de pesos pesados do clube. Bryan Mbeumo elogiou o talento, dizendo que existe \u201calgo especial\u201d no atleta e que remata bem, com conten\u00e7\u00e3o e for\u00e7a f\u00edsica. O jovem treina v\u00e1rias vezes com os turcos e tem mostrado facilidade na frente da baliza, destacando-se pela compostura. Foi chamado pela primeira vez pela equipa principal pela estrutura t\u00e9cnica, numa altura em que ainda era muito jovem. Por limita\u00e7\u00f5es da Federa\u00e7\u00e3o inglesa de futebol, n\u00e3o pode estrear-se pela equipa principal nesta \u00e9poca e s\u00f3 pode faz\u00ea-lo na pr\u00f3xima temporada.\" \/>\n<meta property=\"og:url\" content=\"https:\/\/portaltela.pt\/noticias\/2026\/03\/12\/mbeumo-satisfeito-com-jj-gabriel-ha-algo-especial\/\" \/>\n<meta property=\"og:site_name\" content=\"Portal Tela Portugal\" \/>\n<meta property=\"article:published_time\" content=\"2026-03-12T20:19:23+00:00\" \/>\n<meta name=\"author\" content=\"Telinha\" \/>\n<meta name=\"twitter:card\" content=\"summary_large_image\" \/>\n<meta name=\"twitter:label1\" content=\"Escrito por\" \/>\n\t<meta name=\"twitter:data1\" content=\"Telinha\" \/>\n\t<meta name=\"twitter:label2\" content=\"Tempo estimado de leitura\" \/>\n\t<meta name=\"twitter:data2\" content=\"1 minuto\" \/>\n<script type=\"application\/ld+json\" class=\"yoast-schema-graph\">{\"@context\":\"https:\/\/schema.org\",\"@graph\":[{\"@type\":\"Article\",\"@id\":\"https:\/\/portaltela.pt\/noticias\/2026\/03\/12\/mbeumo-satisfeito-com-jj-gabriel-ha-algo-especial\/#article\",\"isPartOf\":{\"@id\":\"https:\/\/portaltela.pt\/noticias\/2026\/03\/12\/mbeumo-satisfeito-com-jj-gabriel-ha-algo-especial\/\"},\"author\":{\"name\":\"Telinha\",\"@id\":\"https:\/\/portaltela.pt\/#\/schema\/person\/c4278d4a6028830caff9ee44b42d32ed\"},\"headline\":\"Mbeumo satisfeito com JJ Gabriel: h\u00e1 algo especial\",\"datePublished\":\"2026-03-12T20:19:23+00:00\",\"mainEntityOfPage\":{\"@id\":\"https:\/\/portaltela.pt\/noticias\/2026\/03\/12\/mbeumo-satisfeito-com-jj-gabriel-ha-algo-especial\/\"},\"wordCount\":116,\"image\":{\"@id\":\"https:\/\/portaltela.pt\/noticias\/2026\/03\/12\/mbeumo-satisfeito-com-jj-gabriel-ha-algo-especial\/#primaryimage\"},\"thumbnailUrl\":\"https:\/\/portaltela.pt\/s.01k8rhncp4jt1\/2026\/03\/img_1200x721uu2026-03-12-20-18-42-2426550.jpg\",\"keywords\":[\"futebol\",\"futebol internacional\",\"jovens\",\"Jovens Talentos\",\"Manchester United\",\"promessas\"],\"articleSection\":[\"Desporto\",\"Futebol\"],\"inLanguage\":\"pt-PT\"},{\"@type\":\"WebPage\",\"@id\":\"https:\/\/portaltela.pt\/noticias\/2026\/03\/12\/mbeumo-satisfeito-com-jj-gabriel-ha-algo-especial\/\",\"url\":\"https:\/\/portaltela.pt\/noticias\/2026\/03\/12\/mbeumo-satisfeito-com-jj-gabriel-ha-algo-especial\/\",\"name\":\"Mbeumo satisfeito com JJ Gabriel: h\u00e1 algo especial - Portal Tela Portugal\",\"isPartOf\":{\"@id\":\"https:\/\/portaltela.pt\/#website\"},\"primaryImageOfPage\":{\"@id\":\"https:\/\/portaltela.pt\/noticias\/2026\/03\/12\/mbeumo-satisfeito-com-jj-gabriel-ha-algo-especial\/#primaryimage\"},\"image\":{\"@id\":\"https:\/\/portaltela.pt\/noticias\/2026\/03\/12\/mbeumo-satisfeito-com-jj-gabriel-ha-algo-especial\/#primaryimage\"},\"thumbnailUrl\":\"https:\/\/portaltela.pt\/s.01k8rhncp4jt1\/2026\/03\/img_1200x721uu2026-03-12-20-18-42-2426550.jpg\",\"datePublished\":\"2026-03-12T20:19:23+00:00\",\"author\":{\"@id\":\"https:\/\/portaltela.pt\/#\/schema\/person\/c4278d4a6028830caff9ee44b42d32ed\"},\"breadcrumb\":{\"@id\":\"https:\/\/portaltela.pt\/noticias\/2026\/03\/12\/mbeumo-satisfeito-com-jj-gabriel-ha-algo-especial\/#breadcrumb\"},\"inLanguage\":\"pt-PT\",\"potentialAction\":[{\"@type\":\"ReadAction\",\"target\":[\"https:\/\/portaltela.pt\/noticias\/2026\/03\/12\/mbeumo-satisfeito-com-jj-gabriel-ha-algo-especial\/\"]}]},{\"@type\":\"ImageObject\",\"inLanguage\":\"pt-PT\",\"@id\":\"https:\/\/portaltela.pt\/noticias\/2026\/03\/12\/mbeumo-satisfeito-com-jj-gabriel-ha-algo-especial\/#primaryimage\",\"url\":\"https:\/\/portaltela.pt\/s.01k8rhncp4jt1\/2026\/03\/img_1200x721uu2026-03-12-20-18-42-2426550.jpg\",\"contentUrl\":\"https:\/\/portaltela.pt\/s.01k8rhncp4jt1\/2026\/03\/img_1200x721uu2026-03-12-20-18-42-2426550.jpg\",\"width\":796,\"height\":448,\"caption\":\"JJ Gabriel com Amorim no Manchester United\"},{\"@type\":\"BreadcrumbList\",\"@id\":\"https:\/\/portaltela.pt\/noticias\/2026\/03\/12\/mbeumo-satisfeito-com-jj-gabriel-ha-algo-especial\/#breadcrumb\",\"itemListElement\":[{\"@type\":\"ListItem\",\"position\":1,\"name\":\"In\u00edcio\",\"item\":\"https:\/\/portaltela.pt\/\"},{\"@type\":\"ListItem\",\"position\":2,\"name\":\"Mbeumo satisfeito com JJ Gabriel: h\u00e1 algo especial\"}]},{\"@type\":\"WebSite\",\"@id\":\"https:\/\/portaltela.pt\/#website\",\"url\":\"https:\/\/portaltela.pt\/\",\"name\":\"Portal Tela Portugal\",\"description\":\"\",\"potentialAction\":[{\"@type\":\"SearchAction\",\"target\":{\"@type\":\"EntryPoint\",\"urlTemplate\":\"https:\/\/portaltela.pt\/?s={search_term_string}\"},\"query-input\":{\"@type\":\"PropertyValueSpecification\",\"valueRequired\":true,\"valueName\":\"search_term_string\"}}],\"inLanguage\":\"pt-PT\"},{\"@type\":\"Person\",\"@id\":\"https:\/\/portaltela.pt\/#\/schema\/person\/c4278d4a6028830caff9ee44b42d32ed\",\"name\":\"Telinha\",\"image\":{\"@type\":\"ImageObject\",\"inLanguage\":\"pt-PT\",\"@id\":\"https:\/\/portaltela.pt\/s.01k8rhncp4jt1\/2025\/11\/talking-bot-125x125.png\",\"url\":\"https:\/\/portaltela.pt\/s.01k8rhncp4jt1\/2025\/11\/talking-bot-125x125.png\",\"contentUrl\":\"https:\/\/portaltela.pt\/s.01k8rhncp4jt1\/2025\/11\/talking-bot-125x125.png\",\"caption\":\"Telinha\"},\"sameAs\":[\"https:\/\/portaltela.pt\/\"],\"url\":\"https:\/\/portaltela.pt\/por\/367410592786\/\"}]}<\/script>\n<!-- \/ Yoast SEO plugin. -->","yoast_head_json":{"title":"Mbeumo satisfeito com JJ Gabriel: h\u00e1 algo especial - Portal Tela Portugal","robots":{"index":"index","follow":"follow","max-snippet":"max-snippet:-1","max-image-preview":"max-image-preview:large","max-video-preview":"max-video-preview:-1"},"og_locale":"pt_PT","og_type":"article","og_title":"Mbeumo satisfeito com JJ Gabriel: h\u00e1 algo especial - Portal Tela Portugal","og_description":"Um jovem jogador treina com a equipa principal do Manchester United em Carrington, recebendo elogios de pesos pesados do clube. Bryan Mbeumo elogiou o talento, dizendo que existe \u201calgo especial\u201d no atleta e que remata bem, com conten\u00e7\u00e3o e for\u00e7a f\u00edsica. O jovem treina v\u00e1rias vezes com os turcos e tem mostrado facilidade na frente da baliza, destacando-se pela compostura. Foi chamado pela primeira vez pela equipa principal pela estrutura t\u00e9cnica, numa altura em que ainda era muito jovem. Por limita\u00e7\u00f5es da Federa\u00e7\u00e3o inglesa de futebol, n\u00e3o pode estrear-se pela equipa principal nesta \u00e9poca e s\u00f3 pode faz\u00ea-lo na pr\u00f3xima temporada.","og_url":"https:\/\/portaltela.pt\/noticias\/2026\/03\/12\/mbeumo-satisfeito-com-jj-gabriel-ha-algo-especial\/","og_site_name":"Portal Tela Portugal","article_published_time":"2026-03-12T20:19:23+00:00","author":"Telinha","twitter_card":"summary_large_image","twitter_misc":{"Escrito por":"Telinha","Tempo estimado de leitura":"1 minuto"},"schema":{"@context":"https:\/\/schema.org","@graph":[{"@type":"Article","@id":"https:\/\/portaltela.pt\/noticias\/2026\/03\/12\/mbeumo-satisfeito-com-jj-gabriel-ha-algo-especial\/#article","isPartOf":{"@id":"https:\/\/portaltela.pt\/noticias\/2026\/03\/12\/mbeumo-satisfeito-com-jj-gabriel-ha-algo-especial\/"},"author":{"name":"Telinha","@id":"https:\/\/portaltela.pt\/#\/schema\/person\/c4278d4a6028830caff9ee44b42d32ed"},"headline":"Mbeumo satisfeito com JJ Gabriel: h\u00e1 algo especial","datePublished":"2026-03-12T20:19:23+00:00","mainEntityOfPage":{"@id":"https:\/\/portaltela.pt\/noticias\/2026\/03\/12\/mbeumo-satisfeito-com-jj-gabriel-ha-algo-especial\/"},"wordCount":116,"image":{"@id":"https:\/\/portaltela.pt\/noticias\/2026\/03\/12\/mbeumo-satisfeito-com-jj-gabriel-ha-algo-especial\/#primaryimage"},"thumbnailUrl":"https:\/\/portaltela.pt\/s.01k8rhncp4jt1\/2026\/03\/img_1200x721uu2026-03-12-20-18-42-2426550.jpg","keywords":["futebol","futebol internacional","jovens","Jovens Talentos","Manchester United","promessas"],"articleSection":["Desporto","Futebol"],"inLanguage":"pt-PT"},{"@type":"WebPage","@id":"https:\/\/portaltela.pt\/noticias\/2026\/03\/12\/mbeumo-satisfeito-com-jj-gabriel-ha-algo-especial\/","url":"https:\/\/portaltela.pt\/noticias\/2026\/03\/12\/mbeumo-satisfeito-com-jj-gabriel-ha-algo-especial\/","name":"Mbeumo satisfeito com JJ Gabriel: h\u00e1 algo especial - Portal Tela Portugal","isPartOf":{"@id":"https:\/\/portaltela.pt\/#website"},"primaryImageOfPage":{"@id":"https:\/\/portaltela.pt\/noticias\/2026\/03\/12\/mbeumo-satisfeito-com-jj-gabriel-ha-algo-especial\/#primaryimage"},"image":{"@id":"https:\/\/portaltela.pt\/noticias\/2026\/03\/12\/mbeumo-satisfeito-com-jj-gabriel-ha-algo-especial\/#primaryimage"},"thumbnailUrl":"https:\/\/portaltela.pt\/s.01k8rhncp4jt1\/2026\/03\/img_1200x721uu2026-03-12-20-18-42-2426550.jpg","datePublished":"2026-03-12T20:19:23+00:00","author":{"@id":"https:\/\/portaltela.pt\/#\/schema\/person\/c4278d4a6028830caff9ee44b42d32ed"},"breadcrumb":{"@id":"https:\/\/portaltela.pt\/noticias\/2026\/03\/12\/mbeumo-satisfeito-com-jj-gabriel-ha-algo-especial\/#breadcrumb"},"inLanguage":"pt-PT","potentialAction":[{"@type":"ReadAction","target":["https:\/\/portaltela.pt\/noticias\/2026\/03\/12\/mbeumo-satisfeito-com-jj-gabriel-ha-algo-especial\/"]}]},{"@type":"ImageObject","inLanguage":"pt-PT","@id":"https:\/\/portaltela.pt\/noticias\/2026\/03\/12\/mbeumo-satisfeito-com-jj-gabriel-ha-algo-especial\/#primaryimage","url":"https:\/\/portaltela.pt\/s.01k8rhncp4jt1\/2026\/03\/img_1200x721uu2026-03-12-20-18-42-2426550.jpg","contentUrl":"https:\/\/portaltela.pt\/s.01k8rhncp4jt1\/2026\/03\/img_1200x721uu2026-03-12-20-18-42-2426550.jpg","width":796,"height":448,"caption":"JJ Gabriel com Amorim no Manchester United"},{"@type":"BreadcrumbList","@id":"https:\/\/portaltela.pt\/noticias\/2026\/03\/12\/mbeumo-satisfeito-com-jj-gabriel-ha-algo-especial\/#breadcrumb","itemListElement":[{"@type":"ListItem","position":1,"name":"In\u00edcio","item":"https:\/\/portaltela.pt\/"},{"@type":"ListItem","position":2,"name":"Mbeumo satisfeito com JJ Gabriel: h\u00e1 algo especial"}]},{"@type":"WebSite","@id":"https:\/\/portaltela.pt\/#website","url":"https:\/\/portaltela.pt\/","name":"Portal Tela Portugal","description":"","potentialAction":[{"@type":"SearchAction","target":{"@type":"EntryPoint","urlTemplate":"https:\/\/portaltela.pt\/?s={search_term_string}"},"query-input":{"@type":"PropertyValueSpecification","valueRequired":true,"valueName":"search_term_string"}}],"inLanguage":"pt-PT"},{"@type":"Person","@id":"https:\/\/portaltela.pt\/#\/schema\/person\/c4278d4a6028830caff9ee44b42d32ed","name":"Telinha","image":{"@type":"ImageObject","inLanguage":"pt-PT","@id":"https:\/\/portaltela.pt\/s.01k8rhncp4jt1\/2025\/11\/talking-bot-125x125.png","url":"https:\/\/portaltela.pt\/s.01k8rhncp4jt1\/2025\/11\/talking-bot-125x125.png","contentUrl":"https:\/\/portaltela.pt\/s.01k8rhncp4jt1\/2025\/11\/talking-bot-125x125.png","caption":"Telinha"},"sameAs":["https:\/\/portaltela.pt\/"],"url":"https:\/\/portaltela.pt\/por\/367410592786\/"}]}},"_links":{"self":[{"href":"https:\/\/portaltela.pt\/api\/wp\/v2\/posts\/408030","targetHints":{"allow":["GET"]}}],"collection":[{"href":"https:\/\/portaltela.pt\/api\/wp\/v2\/posts"}],"about":[{"href":"https:\/\/portaltela.pt\/api\/wp\/v2\/types\/post"}],"author":[{"embeddable":true,"href":"https:\/\/portaltela.pt\/api\/wp\/v2\/users\/2"}],"replies":[{"embeddable":true,"href":"https:\/\/portaltela.pt\/api\/wp\/v2\/comments?post=408030"}],"version-history":[{"count":0,"href":"https:\/\/portaltela.pt\/api\/wp\/v2\/posts\/408030\/revisions"}],"wp:featuredmedia":[{"embeddable":true,"href":"https:\/\/portaltela.pt\/api\/wp\/v2\/media\/408033"}],"wp:attachment":[{"href":"https:\/\/portaltela.pt\/api\/wp\/v2\/media?parent=408030"}],"wp:term":[{"taxonomy":"category","embeddable":true,"href":"https:\/\/portaltela.pt\/api\/wp\/v2\/categories?post=408030"},{"taxonomy":"post_tag","embeddable":true,"href":"https:\/\/portaltela.pt\/api\/wp\/v2\/tags?post=408030"}],"curies":[{"name":"wp","href":"https:\/\/api.w.org\/{rel}","templated":true}]}}