{"id":408024,"date":"2026-03-12T17:23:34","date_gmt":"2026-03-12T20:23:34","guid":{"rendered":"https:\/\/portaltela.pt\/noticias\/2026\/03\/12\/lucho-gonzalez-suspenso-por-um-jogo-e-oito-dias\/"},"modified":"2026-03-12T17:23:34","modified_gmt":"2026-03-12T20:23:34","slug":"lucho-gonzalez-suspenso-por-um-jogo-e-oito-dias","status":"publish","type":"post","link":"https:\/\/portaltela.pt\/desporto\/futebol\/2026\/03\/12\/lucho-gonzalez-suspenso-por-um-jogo-e-oito-dias\/","title":{"rendered":"Lucho Gonz\u00e1lez suspenso por um jogo e oito dias"},"content":{"rendered":"<p>Lucho Gonz\u00e1lez foi suspenso por um jogo e por oito dias, devido ao envolvimento na confus\u00e3o que se seguiu ao segundo golo do Benfica frente ao FC Porto, no cl\u00e1ssico entre as duas equipas. A puni\u00e7\u00e3o foi publicada no mapa de castigos do Conselho de Disciplina da Federa\u00e7\u00e3o Portuguesa de Futebol (FPF).<\/p>\n<p>O treinador adjunto do FC Porto \u00e9 o principal envolvido na suspens\u00e3o anunciada pela institui\u00e7\u00e3o. O incidente ocorreu durante o cl\u00e1ssico entre Benfica e Porto, em que surgiu tumulto ap\u00f3s o segundo tento encarnado.<\/p>\n<p>A san\u00e7\u00e3o prev\u00ea uma suspens\u00e3o de um jogo formal e mais oito dias de inibi\u00e7\u00e3o para exercer fun\u00e7\u00f5es no clube. A decis\u00e3o fica sujeita aos procedimentos do Conselho de Disciplina da FPF, com base no relat\u00f3rio relativo ao incidente.<\/p>\n<p>Ficou ainda por esclarecer se haver\u00e1 recursos ou eventuais modifica\u00e7\u00f5es na dura\u00e7\u00e3o da puni\u00e7\u00e3o, segundo as normas da FPF. A dire\u00e7\u00e3o do FC Porto n\u00e3o comentou oficialmente o caso al\u00e9m do an\u00fancio da suspens\u00e3o.<\/p>\n","protected":false},"excerpt":{"rendered":"<ul>\n<li>Lucho Gonz\u00e1lez foi suspenso por um jogo e oito dias pelo envolvimento na confus\u00e3o ap\u00f3s o segundo golo do Benfica frente ao FC Porto.<\/li>\n<li>A san\u00e7\u00e3o consta no mapa de castigos do Conselho de Disciplina da Federa\u00e7\u00e3o Portuguesa de Futebol (FPF).<\/li>\n<li>O veredicto envolve o treinador adjunto do FC Porto no incidente do cl\u00e1ssico.<\/li>\n<li>O facto central \u00e9 o epis\u00f3dio gerado a partir do segundo golo benfiquista no duelo entre Benfica e FC Porto.<\/li>\n<li>A decis\u00e3o est\u00e1 registada junto do \u00f3rg\u00e3o disciplinar competente.<\/li>\n<\/ul>\n","protected":false},"author":2,"featured_media":408025,"comment_status":"closed","ping_status":"closed","sticky":false,"template":"","format":"standard","meta":{"footnotes":""},"categories":[21,24],"tags":[1946,3972,5748,254,32,982],"class_list":["post-408024","post","type-post","status-publish","format-standard","has-post-thumbnail","hentry","category-desporto","category-futebol","tag-benfica","tag-benfica-sad","tag-castigos","tag-conflito","tag-futebol","tag-porto"],"yoast_head":"<!-- This site is optimized with the Yoast SEO plugin v27.2 - https:\/\/yoast.com\/product\/yoast-seo-wordpress\/ -->\n<title>Lucho Gonz\u00e1lez suspenso por um jogo e oito dias - Portal Tela Portugal<\/title>\n<meta name=\"robots\" content=\"index, follow, max-snippet:-1, max-image-preview:large, max-video-preview:-1\" \/>\n<meta property=\"og:locale\" content=\"pt_PT\" \/>\n<meta property=\"og:type\" content=\"article\" \/>\n<meta property=\"og:title\" content=\"Lucho Gonz\u00e1lez suspenso por um jogo e oito dias - Portal Tela Portugal\" \/>\n<meta property=\"og:description\" content=\"Lucho Gonz\u00e1lez foi suspenso por um jogo e oito dias pelo envolvimento na confus\u00e3o ap\u00f3s o segundo golo do Benfica frente ao FC Porto. A san\u00e7\u00e3o consta no mapa de castigos do Conselho de Disciplina da Federa\u00e7\u00e3o Portuguesa de Futebol (FPF). O veredicto envolve o treinador adjunto do FC Porto no incidente do cl\u00e1ssico. O facto central \u00e9 o epis\u00f3dio gerado a partir do segundo golo benfiquista no duelo entre Benfica e FC Porto. A decis\u00e3o est\u00e1 registada junto do \u00f3rg\u00e3o disciplinar competente.\" \/>\n<meta property=\"og:url\" content=\"https:\/\/portaltela.pt\/noticias\/2026\/03\/12\/lucho-gonzalez-suspenso-por-um-jogo-e-oito-dias\/\" \/>\n<meta property=\"og:site_name\" content=\"Portal Tela Portugal\" \/>\n<meta property=\"article:published_time\" content=\"2026-03-12T20:23:34+00:00\" \/>\n<meta name=\"author\" content=\"Telinha\" \/>\n<meta name=\"twitter:card\" content=\"summary_large_image\" \/>\n<meta name=\"twitter:label1\" content=\"Escrito por\" \/>\n\t<meta name=\"twitter:data1\" content=\"Telinha\" \/>\n\t<meta name=\"twitter:label2\" content=\"Tempo estimado de leitura\" \/>\n\t<meta name=\"twitter:data2\" content=\"1 minuto\" \/>\n<script type=\"application\/ld+json\" class=\"yoast-schema-graph\">{\"@context\":\"https:\/\/schema.org\",\"@graph\":[{\"@type\":\"Article\",\"@id\":\"https:\/\/portaltela.pt\/noticias\/2026\/03\/12\/lucho-gonzalez-suspenso-por-um-jogo-e-oito-dias\/#article\",\"isPartOf\":{\"@id\":\"https:\/\/portaltela.pt\/noticias\/2026\/03\/12\/lucho-gonzalez-suspenso-por-um-jogo-e-oito-dias\/\"},\"author\":{\"name\":\"Telinha\",\"@id\":\"https:\/\/portaltela.pt\/#\/schema\/person\/c4278d4a6028830caff9ee44b42d32ed\"},\"headline\":\"Lucho Gonz\u00e1lez suspenso por um jogo e oito dias\",\"datePublished\":\"2026-03-12T20:23:34+00:00\",\"mainEntityOfPage\":{\"@id\":\"https:\/\/portaltela.pt\/noticias\/2026\/03\/12\/lucho-gonzalez-suspenso-por-um-jogo-e-oito-dias\/\"},\"wordCount\":191,\"image\":{\"@id\":\"https:\/\/portaltela.pt\/noticias\/2026\/03\/12\/lucho-gonzalez-suspenso-por-um-jogo-e-oito-dias\/#primaryimage\"},\"thumbnailUrl\":\"https:\/\/portaltela.pt\/s.01k8rhncp4jt1\/2026\/03\/img_920x518uu2026-03-12-20-22-11-2426553.jpg\",\"keywords\":[\"Benfica\",\"Benfica SAD\",\"castigos\",\"conflito\",\"futebol\",\"Porto\"],\"articleSection\":[\"Desporto\",\"Futebol\"],\"inLanguage\":\"pt-PT\"},{\"@type\":\"WebPage\",\"@id\":\"https:\/\/portaltela.pt\/noticias\/2026\/03\/12\/lucho-gonzalez-suspenso-por-um-jogo-e-oito-dias\/\",\"url\":\"https:\/\/portaltela.pt\/noticias\/2026\/03\/12\/lucho-gonzalez-suspenso-por-um-jogo-e-oito-dias\/\",\"name\":\"Lucho Gonz\u00e1lez suspenso por um jogo e oito dias - Portal Tela Portugal\",\"isPartOf\":{\"@id\":\"https:\/\/portaltela.pt\/#website\"},\"primaryImageOfPage\":{\"@id\":\"https:\/\/portaltela.pt\/noticias\/2026\/03\/12\/lucho-gonzalez-suspenso-por-um-jogo-e-oito-dias\/#primaryimage\"},\"image\":{\"@id\":\"https:\/\/portaltela.pt\/noticias\/2026\/03\/12\/lucho-gonzalez-suspenso-por-um-jogo-e-oito-dias\/#primaryimage\"},\"thumbnailUrl\":\"https:\/\/portaltela.pt\/s.01k8rhncp4jt1\/2026\/03\/img_920x518uu2026-03-12-20-22-11-2426553.jpg\",\"datePublished\":\"2026-03-12T20:23:34+00:00\",\"author\":{\"@id\":\"https:\/\/portaltela.pt\/#\/schema\/person\/c4278d4a6028830caff9ee44b42d32ed\"},\"breadcrumb\":{\"@id\":\"https:\/\/portaltela.pt\/noticias\/2026\/03\/12\/lucho-gonzalez-suspenso-por-um-jogo-e-oito-dias\/#breadcrumb\"},\"inLanguage\":\"pt-PT\",\"potentialAction\":[{\"@type\":\"ReadAction\",\"target\":[\"https:\/\/portaltela.pt\/noticias\/2026\/03\/12\/lucho-gonzalez-suspenso-por-um-jogo-e-oito-dias\/\"]}]},{\"@type\":\"ImageObject\",\"inLanguage\":\"pt-PT\",\"@id\":\"https:\/\/portaltela.pt\/noticias\/2026\/03\/12\/lucho-gonzalez-suspenso-por-um-jogo-e-oito-dias\/#primaryimage\",\"url\":\"https:\/\/portaltela.pt\/s.01k8rhncp4jt1\/2026\/03\/img_920x518uu2026-03-12-20-22-11-2426553.jpg\",\"contentUrl\":\"https:\/\/portaltela.pt\/s.01k8rhncp4jt1\/2026\/03\/img_920x518uu2026-03-12-20-22-11-2426553.jpg\",\"width\":796,\"height\":448,\"caption\":\"Lucho Gonz\u00e1lez\"},{\"@type\":\"BreadcrumbList\",\"@id\":\"https:\/\/portaltela.pt\/noticias\/2026\/03\/12\/lucho-gonzalez-suspenso-por-um-jogo-e-oito-dias\/#breadcrumb\",\"itemListElement\":[{\"@type\":\"ListItem\",\"position\":1,\"name\":\"In\u00edcio\",\"item\":\"https:\/\/portaltela.pt\/\"},{\"@type\":\"ListItem\",\"position\":2,\"name\":\"Lucho Gonz\u00e1lez suspenso por um jogo e oito dias\"}]},{\"@type\":\"WebSite\",\"@id\":\"https:\/\/portaltela.pt\/#website\",\"url\":\"https:\/\/portaltela.pt\/\",\"name\":\"Portal Tela Portugal\",\"description\":\"\",\"potentialAction\":[{\"@type\":\"SearchAction\",\"target\":{\"@type\":\"EntryPoint\",\"urlTemplate\":\"https:\/\/portaltela.pt\/?s={search_term_string}\"},\"query-input\":{\"@type\":\"PropertyValueSpecification\",\"valueRequired\":true,\"valueName\":\"search_term_string\"}}],\"inLanguage\":\"pt-PT\"},{\"@type\":\"Person\",\"@id\":\"https:\/\/portaltela.pt\/#\/schema\/person\/c4278d4a6028830caff9ee44b42d32ed\",\"name\":\"Telinha\",\"image\":{\"@type\":\"ImageObject\",\"inLanguage\":\"pt-PT\",\"@id\":\"https:\/\/portaltela.pt\/s.01k8rhncp4jt1\/2025\/11\/talking-bot-125x125.png\",\"url\":\"https:\/\/portaltela.pt\/s.01k8rhncp4jt1\/2025\/11\/talking-bot-125x125.png\",\"contentUrl\":\"https:\/\/portaltela.pt\/s.01k8rhncp4jt1\/2025\/11\/talking-bot-125x125.png\",\"caption\":\"Telinha\"},\"sameAs\":[\"https:\/\/portaltela.pt\/\"],\"url\":\"https:\/\/portaltela.pt\/por\/367410592786\/\"}]}<\/script>\n<!-- \/ Yoast SEO plugin. -->","yoast_head_json":{"title":"Lucho Gonz\u00e1lez suspenso por um jogo e oito dias - Portal Tela Portugal","robots":{"index":"index","follow":"follow","max-snippet":"max-snippet:-1","max-image-preview":"max-image-preview:large","max-video-preview":"max-video-preview:-1"},"og_locale":"pt_PT","og_type":"article","og_title":"Lucho Gonz\u00e1lez suspenso por um jogo e oito dias - Portal Tela Portugal","og_description":"Lucho Gonz\u00e1lez foi suspenso por um jogo e oito dias pelo envolvimento na confus\u00e3o ap\u00f3s o segundo golo do Benfica frente ao FC Porto. A san\u00e7\u00e3o consta no mapa de castigos do Conselho de Disciplina da Federa\u00e7\u00e3o Portuguesa de Futebol (FPF). O veredicto envolve o treinador adjunto do FC Porto no incidente do cl\u00e1ssico. O facto central \u00e9 o epis\u00f3dio gerado a partir do segundo golo benfiquista no duelo entre Benfica e FC Porto. A decis\u00e3o est\u00e1 registada junto do \u00f3rg\u00e3o disciplinar competente.","og_url":"https:\/\/portaltela.pt\/noticias\/2026\/03\/12\/lucho-gonzalez-suspenso-por-um-jogo-e-oito-dias\/","og_site_name":"Portal Tela Portugal","article_published_time":"2026-03-12T20:23:34+00:00","author":"Telinha","twitter_card":"summary_large_image","twitter_misc":{"Escrito por":"Telinha","Tempo estimado de leitura":"1 minuto"},"schema":{"@context":"https:\/\/schema.org","@graph":[{"@type":"Article","@id":"https:\/\/portaltela.pt\/noticias\/2026\/03\/12\/lucho-gonzalez-suspenso-por-um-jogo-e-oito-dias\/#article","isPartOf":{"@id":"https:\/\/portaltela.pt\/noticias\/2026\/03\/12\/lucho-gonzalez-suspenso-por-um-jogo-e-oito-dias\/"},"author":{"name":"Telinha","@id":"https:\/\/portaltela.pt\/#\/schema\/person\/c4278d4a6028830caff9ee44b42d32ed"},"headline":"Lucho Gonz\u00e1lez suspenso por um jogo e oito dias","datePublished":"2026-03-12T20:23:34+00:00","mainEntityOfPage":{"@id":"https:\/\/portaltela.pt\/noticias\/2026\/03\/12\/lucho-gonzalez-suspenso-por-um-jogo-e-oito-dias\/"},"wordCount":191,"image":{"@id":"https:\/\/portaltela.pt\/noticias\/2026\/03\/12\/lucho-gonzalez-suspenso-por-um-jogo-e-oito-dias\/#primaryimage"},"thumbnailUrl":"https:\/\/portaltela.pt\/s.01k8rhncp4jt1\/2026\/03\/img_920x518uu2026-03-12-20-22-11-2426553.jpg","keywords":["Benfica","Benfica SAD","castigos","conflito","futebol","Porto"],"articleSection":["Desporto","Futebol"],"inLanguage":"pt-PT"},{"@type":"WebPage","@id":"https:\/\/portaltela.pt\/noticias\/2026\/03\/12\/lucho-gonzalez-suspenso-por-um-jogo-e-oito-dias\/","url":"https:\/\/portaltela.pt\/noticias\/2026\/03\/12\/lucho-gonzalez-suspenso-por-um-jogo-e-oito-dias\/","name":"Lucho Gonz\u00e1lez suspenso por um jogo e oito dias - Portal Tela Portugal","isPartOf":{"@id":"https:\/\/portaltela.pt\/#website"},"primaryImageOfPage":{"@id":"https:\/\/portaltela.pt\/noticias\/2026\/03\/12\/lucho-gonzalez-suspenso-por-um-jogo-e-oito-dias\/#primaryimage"},"image":{"@id":"https:\/\/portaltela.pt\/noticias\/2026\/03\/12\/lucho-gonzalez-suspenso-por-um-jogo-e-oito-dias\/#primaryimage"},"thumbnailUrl":"https:\/\/portaltela.pt\/s.01k8rhncp4jt1\/2026\/03\/img_920x518uu2026-03-12-20-22-11-2426553.jpg","datePublished":"2026-03-12T20:23:34+00:00","author":{"@id":"https:\/\/portaltela.pt\/#\/schema\/person\/c4278d4a6028830caff9ee44b42d32ed"},"breadcrumb":{"@id":"https:\/\/portaltela.pt\/noticias\/2026\/03\/12\/lucho-gonzalez-suspenso-por-um-jogo-e-oito-dias\/#breadcrumb"},"inLanguage":"pt-PT","potentialAction":[{"@type":"ReadAction","target":["https:\/\/portaltela.pt\/noticias\/2026\/03\/12\/lucho-gonzalez-suspenso-por-um-jogo-e-oito-dias\/"]}]},{"@type":"ImageObject","inLanguage":"pt-PT","@id":"https:\/\/portaltela.pt\/noticias\/2026\/03\/12\/lucho-gonzalez-suspenso-por-um-jogo-e-oito-dias\/#primaryimage","url":"https:\/\/portaltela.pt\/s.01k8rhncp4jt1\/2026\/03\/img_920x518uu2026-03-12-20-22-11-2426553.jpg","contentUrl":"https:\/\/portaltela.pt\/s.01k8rhncp4jt1\/2026\/03\/img_920x518uu2026-03-12-20-22-11-2426553.jpg","width":796,"height":448,"caption":"Lucho Gonz\u00e1lez"},{"@type":"BreadcrumbList","@id":"https:\/\/portaltela.pt\/noticias\/2026\/03\/12\/lucho-gonzalez-suspenso-por-um-jogo-e-oito-dias\/#breadcrumb","itemListElement":[{"@type":"ListItem","position":1,"name":"In\u00edcio","item":"https:\/\/portaltela.pt\/"},{"@type":"ListItem","position":2,"name":"Lucho Gonz\u00e1lez suspenso por um jogo e oito dias"}]},{"@type":"WebSite","@id":"https:\/\/portaltela.pt\/#website","url":"https:\/\/portaltela.pt\/","name":"Portal Tela Portugal","description":"","potentialAction":[{"@type":"SearchAction","target":{"@type":"EntryPoint","urlTemplate":"https:\/\/portaltela.pt\/?s={search_term_string}"},"query-input":{"@type":"PropertyValueSpecification","valueRequired":true,"valueName":"search_term_string"}}],"inLanguage":"pt-PT"},{"@type":"Person","@id":"https:\/\/portaltela.pt\/#\/schema\/person\/c4278d4a6028830caff9ee44b42d32ed","name":"Telinha","image":{"@type":"ImageObject","inLanguage":"pt-PT","@id":"https:\/\/portaltela.pt\/s.01k8rhncp4jt1\/2025\/11\/talking-bot-125x125.png","url":"https:\/\/portaltela.pt\/s.01k8rhncp4jt1\/2025\/11\/talking-bot-125x125.png","contentUrl":"https:\/\/portaltela.pt\/s.01k8rhncp4jt1\/2025\/11\/talking-bot-125x125.png","caption":"Telinha"},"sameAs":["https:\/\/portaltela.pt\/"],"url":"https:\/\/portaltela.pt\/por\/367410592786\/"}]}},"_links":{"self":[{"href":"https:\/\/portaltela.pt\/api\/wp\/v2\/posts\/408024","targetHints":{"allow":["GET"]}}],"collection":[{"href":"https:\/\/portaltela.pt\/api\/wp\/v2\/posts"}],"about":[{"href":"https:\/\/portaltela.pt\/api\/wp\/v2\/types\/post"}],"author":[{"embeddable":true,"href":"https:\/\/portaltela.pt\/api\/wp\/v2\/users\/2"}],"replies":[{"embeddable":true,"href":"https:\/\/portaltela.pt\/api\/wp\/v2\/comments?post=408024"}],"version-history":[{"count":0,"href":"https:\/\/portaltela.pt\/api\/wp\/v2\/posts\/408024\/revisions"}],"wp:featuredmedia":[{"embeddable":true,"href":"https:\/\/portaltela.pt\/api\/wp\/v2\/media\/408025"}],"wp:attachment":[{"href":"https:\/\/portaltela.pt\/api\/wp\/v2\/media?parent=408024"}],"wp:term":[{"taxonomy":"category","embeddable":true,"href":"https:\/\/portaltela.pt\/api\/wp\/v2\/categories?post=408024"},{"taxonomy":"post_tag","embeddable":true,"href":"https:\/\/portaltela.pt\/api\/wp\/v2\/tags?post=408024"}],"curies":[{"name":"wp","href":"https:\/\/api.w.org\/{rel}","templated":true}]}}