{"id":407985,"date":"2026-03-12T16:59:00","date_gmt":"2026-03-12T19:59:00","guid":{"rendered":"https:\/\/portaltela.pt\/noticias\/2026\/03\/12\/ministra-orienta-estrangeiras-a-buscar-saude-distritos-com-mortalidade-infantil\/"},"modified":"2026-03-12T16:59:00","modified_gmt":"2026-03-12T19:59:00","slug":"ministra-orienta-estrangeiras-a-buscar-saude-distritos-com-mortalidade-infantil","status":"publish","type":"post","link":"https:\/\/portaltela.pt\/saude\/2026\/03\/12\/ministra-orienta-estrangeiras-a-buscar-saude-distritos-com-mortalidade-infantil\/","title":{"rendered":"Ministra orienta estrangeiras a buscar sa\u00fade distritos com mortalidade infantil"},"content":{"rendered":"<p>A ministra da Sa\u00fade, Ana Paula Martins, afirmou que existem distritos com mortalidade infantil mais elevada e pediu \u00e0s m\u00e3es estrangeiras que procurem os servi\u00e7os de sa\u00fade. A interven\u00e7\u00e3o ocorreu ap\u00f3s a apresenta\u00e7\u00e3o de um relat\u00f3rio da DGS sobre o tema.<\/p>\n<p>Martins destacou que as m\u00e3es estrangeiras est\u00e3o entre as mais vulner\u00e1veis e refor\u00e7ou a colabora\u00e7\u00e3o com as juntas de freguesia para facilitar o acesso aos cuidados de sa\u00fade. A atua\u00e7\u00e3o pretende aumentar a vigil\u00e2ncia e a procura de assist\u00eancia durante a gravidez.<\/p>\n<p>Segundo o Relat\u00f3rio da Mortalidade fetal e Infantil 2022-2024, Portugal registou em 2024 um aumento nos \u00f3bitos de fetos com mais de 22 semanas de gesta\u00e7\u00e3o e de crian\u00e7as nascidas vivas que faleceram antes de completar um ano.<\/p>\n<p>A taxa de mortalidade fetal subiu de 3,9 para 4,1 \u00f3bitos por 1.000 nascimentos entre 2022 e 2024, totalizando 346 \u00f3bitos em 2024, face a 325 em 2022 e 340 em 2023.<\/p>\n<p>Apesar de manter uma das melhores performances da Europa e da OCDE, a ministra reconheceu que fatores sociodemogr\u00e1ficos, como pobreza, influenciam os indicadores. N\u00e3o obstante, afirmou que a situa\u00e7\u00e3o requer vigil\u00e2ncia adicional por parte de alguns concelhos e distritos.<\/p>\n<h3>Dados e a\u00e7\u00f5es em curso<\/h3>\n<p>O Governo mant\u00e9m recomenda\u00e7\u00f5es de uma comiss\u00e3o da DGS para avaliar \u00f3bitos infantis, com medidas em implementa\u00e7\u00e3o e monitoriza\u00e7\u00e3o em curso. A ministra insistiu na import\u00e2ncia da vigil\u00e2ncia cont\u00ednua da gravidez e na preven\u00e7\u00e3o de fatores de risco.<\/p>\n<p>Ana Paula Martins salientou que o aumento da mortalidade n\u00e3o resulta de falta de profissionais nas urg\u00eancias, mantendo o foco na preven\u00e7\u00e3o e no acompanhamento materno-infantil.<\/p>\n<h3>Unidade Neonatal e reorganiza\u00e7\u00e3o de urg\u00eancias<\/h3>\n<p>A ministra inaugurou a Unidade de Cuidados Intensivos Neonatais do Hospital de Santa Maria, em Lisboa, destacando avan\u00e7os na capta\u00e7\u00e3o de recursos humanos e na qualidade do atendimento.<\/p>\n<p>Questionada sobre cr\u00edticas \u00e0 centraliza\u00e7\u00e3o das urg\u00eancias de ginecologia e obstetr\u00edcia em Loures, a ministra afirmou que as equipas locais asseguram condi\u00e7\u00f5es para o arranque tranquilo da nova urg\u00eancia no Hospital Beatriz \u00c2ngelo.<\/p>\n<p>Relativamente \u00e0 maternidade de Vila Franca de Xira, reiterou que todos os servi\u00e7os permanecem ativos e que a partilha da urg\u00eancia n\u00e3o altera a presta\u00e7\u00e3o de consultas ou o nascimento de crian\u00e7as.<\/p>\n<h3>Monitoriza\u00e7\u00e3o e pr\u00f3ximos passos<\/h3>\n<p>Martins garantiu que o processo de concentra\u00e7\u00e3o de urg\u00eancias ser\u00e1 acompanhado, avaliado e ajustado conforme necess\u00e1rio, com foco na seguran\u00e7a cl\u00ednica e na previsibilidade do funcionamento das equipas.<\/p>\n","protected":false},"excerpt":{"rendered":"<ul>\n<li>A ministra da Sa\u00fade, Ana Paula Martins, indicou distritos com maior mortalidade infantil e pediu \u00e0s m\u00e3es estrangeiras que procurem os servi\u00e7os de sa\u00fade com o apoio das juntas de freguesia.<\/li>\n<li>O relat\u00f3rio da Dire\u00e7\u00e3o-Geral da Sa\u00fade aponta aumento da mortalidade fetal (\u2265 22 semanas) e de \u00f3bitos de rec\u00e9m-nascidos com menos de um ano em 2024; a taxa de mortalidade fetal subiu para 4,1 por mil nascimentos (325 em 2022, 340 em 2023 e 346 em 2024).<\/li>\n<li>A taxa de mortalidade infantil em Portugal continua entre os melhores da Europa e da OCDE, mesmo com factores sociodemogr\u00e1ficos que a influenciam, como a pobreza.<\/li>\n<li>A ministra ressalvou que o aumento n\u00e3o est\u00e1 relacionado com falta de profissionais nas urg\u00eancias e destacou a import\u00e2ncia da vigil\u00e2ncia da gravidez e dos fatores de risco.<\/li>\n<li>Sobre a centraliza\u00e7\u00e3o das urg\u00eancias de ginecologia e obstetr\u00edcia em Loures, afirmou que a abertura no Hospital Beatriz \u00c2ngelo est\u00e1 prevista para a pr\u00f3xima semana, mantendo a maternidade e consultas em Vila Franca de Xira e acompanhando o processo com ajustes, se necess\u00e1rio.<\/li>\n<\/ul>\n","protected":false},"author":2,"featured_media":407989,"comment_status":"closed","ping_status":"closed","sticky":false,"template":"","format":"standard","meta":{"footnotes":""},"categories":[1,6745],"tags":[3638,981,1680,115,172,3980],"class_list":["post-407985","post","type-post","status-publish","format-standard","has-post-thumbnail","hentry","category-noticias","category-saude","tag-gravidas","tag-lisboa","tag-loures","tag-maternidade","tag-saude","tag-vila-franca-de-xira"],"yoast_head":"<!-- This site is optimized with the Yoast SEO plugin v27.2 - https:\/\/yoast.com\/product\/yoast-seo-wordpress\/ -->\n<title>Ministra orienta estrangeiras a buscar sa\u00fade distritos com mortalidade infantil - Portal Tela Portugal<\/title>\n<meta name=\"robots\" content=\"index, follow, max-snippet:-1, max-image-preview:large, max-video-preview:-1\" \/>\n<meta property=\"og:locale\" content=\"pt_PT\" \/>\n<meta property=\"og:type\" content=\"article\" \/>\n<meta property=\"og:title\" content=\"Ministra orienta estrangeiras a buscar sa\u00fade distritos com mortalidade infantil - Portal Tela Portugal\" \/>\n<meta property=\"og:description\" content=\"A ministra da Sa\u00fade, Ana Paula Martins, indicou distritos com maior mortalidade infantil e pediu \u00e0s m\u00e3es estrangeiras que procurem os servi\u00e7os de sa\u00fade com o apoio das juntas de freguesia. O relat\u00f3rio da Dire\u00e7\u00e3o-Geral da Sa\u00fade aponta aumento da mortalidade fetal (\u2265 22 semanas) e de \u00f3bitos de rec\u00e9m-nascidos com menos de um ano em 2024; a taxa de mortalidade fetal subiu para 4,1 por mil nascimentos (325 em 2022, 340 em 2023 e 346 em 2024). A taxa de mortalidade infantil em Portugal continua entre os melhores da Europa e da OCDE, mesmo com factores sociodemogr\u00e1ficos que a influenciam, como a pobreza. A ministra ressalvou que o aumento n\u00e3o est\u00e1 relacionado com falta de profissionais nas urg\u00eancias e destacou a import\u00e2ncia da vigil\u00e2ncia da gravidez e dos fatores de risco. Sobre a centraliza\u00e7\u00e3o das urg\u00eancias de ginecologia e obstetr\u00edcia em Loures, afirmou que a abertura no Hospital Beatriz \u00c2ngelo est\u00e1 prevista para a pr\u00f3xima semana, mantendo a maternidade e consultas em Vila Franca de Xira e acompanhando o processo com ajustes, se necess\u00e1rio.\" \/>\n<meta property=\"og:url\" content=\"https:\/\/portaltela.pt\/noticias\/2026\/03\/12\/ministra-orienta-estrangeiras-a-buscar-saude-distritos-com-mortalidade-infantil\/\" \/>\n<meta property=\"og:site_name\" content=\"Portal Tela Portugal\" \/>\n<meta property=\"article:published_time\" content=\"2026-03-12T19:59:00+00:00\" \/>\n<meta name=\"author\" content=\"Telinha\" \/>\n<meta name=\"twitter:card\" content=\"summary_large_image\" \/>\n<meta name=\"twitter:label1\" content=\"Escrito por\" \/>\n\t<meta name=\"twitter:data1\" content=\"Telinha\" \/>\n\t<meta name=\"twitter:label2\" content=\"Tempo estimado de leitura\" \/>\n\t<meta name=\"twitter:data2\" content=\"2 minutos\" \/>\n<script type=\"application\/ld+json\" class=\"yoast-schema-graph\">{\"@context\":\"https:\/\/schema.org\",\"@graph\":[{\"@type\":\"Article\",\"@id\":\"https:\/\/portaltela.pt\/noticias\/2026\/03\/12\/ministra-orienta-estrangeiras-a-buscar-saude-distritos-com-mortalidade-infantil\/#article\",\"isPartOf\":{\"@id\":\"https:\/\/portaltela.pt\/noticias\/2026\/03\/12\/ministra-orienta-estrangeiras-a-buscar-saude-distritos-com-mortalidade-infantil\/\"},\"author\":{\"name\":\"Telinha\",\"@id\":\"https:\/\/portaltela.pt\/#\/schema\/person\/c4278d4a6028830caff9ee44b42d32ed\"},\"headline\":\"Ministra orienta estrangeiras a buscar sa\u00fade distritos com mortalidade infantil\",\"datePublished\":\"2026-03-12T19:59:00+00:00\",\"mainEntityOfPage\":{\"@id\":\"https:\/\/portaltela.pt\/noticias\/2026\/03\/12\/ministra-orienta-estrangeiras-a-buscar-saude-distritos-com-mortalidade-infantil\/\"},\"wordCount\":447,\"image\":{\"@id\":\"https:\/\/portaltela.pt\/noticias\/2026\/03\/12\/ministra-orienta-estrangeiras-a-buscar-saude-distritos-com-mortalidade-infantil\/#primaryimage\"},\"thumbnailUrl\":\"https:\/\/portaltela.pt\/s.01k8rhncp4jt1\/2026\/03\/img_1500x1000uu2017-09-04-12-27-00-664511.jpg\",\"keywords\":[\"gr\u00e1vidas\",\"Lisboa\",\"Loures\",\"maternidade\",\"sa\u00fade\",\"Vila Franca de Xira\"],\"articleSection\":[\"Not\u00edcias\",\"Sa\u00fade\"],\"inLanguage\":\"pt-PT\"},{\"@type\":\"WebPage\",\"@id\":\"https:\/\/portaltela.pt\/noticias\/2026\/03\/12\/ministra-orienta-estrangeiras-a-buscar-saude-distritos-com-mortalidade-infantil\/\",\"url\":\"https:\/\/portaltela.pt\/noticias\/2026\/03\/12\/ministra-orienta-estrangeiras-a-buscar-saude-distritos-com-mortalidade-infantil\/\",\"name\":\"Ministra orienta estrangeiras a buscar sa\u00fade distritos com mortalidade infantil - Portal Tela Portugal\",\"isPartOf\":{\"@id\":\"https:\/\/portaltela.pt\/#website\"},\"primaryImageOfPage\":{\"@id\":\"https:\/\/portaltela.pt\/noticias\/2026\/03\/12\/ministra-orienta-estrangeiras-a-buscar-saude-distritos-com-mortalidade-infantil\/#primaryimage\"},\"image\":{\"@id\":\"https:\/\/portaltela.pt\/noticias\/2026\/03\/12\/ministra-orienta-estrangeiras-a-buscar-saude-distritos-com-mortalidade-infantil\/#primaryimage\"},\"thumbnailUrl\":\"https:\/\/portaltela.pt\/s.01k8rhncp4jt1\/2026\/03\/img_1500x1000uu2017-09-04-12-27-00-664511.jpg\",\"datePublished\":\"2026-03-12T19:59:00+00:00\",\"author\":{\"@id\":\"https:\/\/portaltela.pt\/#\/schema\/person\/c4278d4a6028830caff9ee44b42d32ed\"},\"breadcrumb\":{\"@id\":\"https:\/\/portaltela.pt\/noticias\/2026\/03\/12\/ministra-orienta-estrangeiras-a-buscar-saude-distritos-com-mortalidade-infantil\/#breadcrumb\"},\"inLanguage\":\"pt-PT\",\"potentialAction\":[{\"@type\":\"ReadAction\",\"target\":[\"https:\/\/portaltela.pt\/noticias\/2026\/03\/12\/ministra-orienta-estrangeiras-a-buscar-saude-distritos-com-mortalidade-infantil\/\"]}]},{\"@type\":\"ImageObject\",\"inLanguage\":\"pt-PT\",\"@id\":\"https:\/\/portaltela.pt\/noticias\/2026\/03\/12\/ministra-orienta-estrangeiras-a-buscar-saude-distritos-com-mortalidade-infantil\/#primaryimage\",\"url\":\"https:\/\/portaltela.pt\/s.01k8rhncp4jt1\/2026\/03\/img_1500x1000uu2017-09-04-12-27-00-664511.jpg\",\"contentUrl\":\"https:\/\/portaltela.pt\/s.01k8rhncp4jt1\/2026\/03\/img_1500x1000uu2017-09-04-12-27-00-664511.jpg\",\"width\":796,\"height\":448,\"caption\":\"Obstetr\u00edcia\"},{\"@type\":\"BreadcrumbList\",\"@id\":\"https:\/\/portaltela.pt\/noticias\/2026\/03\/12\/ministra-orienta-estrangeiras-a-buscar-saude-distritos-com-mortalidade-infantil\/#breadcrumb\",\"itemListElement\":[{\"@type\":\"ListItem\",\"position\":1,\"name\":\"In\u00edcio\",\"item\":\"https:\/\/portaltela.pt\/\"},{\"@type\":\"ListItem\",\"position\":2,\"name\":\"Ministra orienta estrangeiras a buscar sa\u00fade distritos com mortalidade infantil\"}]},{\"@type\":\"WebSite\",\"@id\":\"https:\/\/portaltela.pt\/#website\",\"url\":\"https:\/\/portaltela.pt\/\",\"name\":\"Portal Tela Portugal\",\"description\":\"\",\"potentialAction\":[{\"@type\":\"SearchAction\",\"target\":{\"@type\":\"EntryPoint\",\"urlTemplate\":\"https:\/\/portaltela.pt\/?s={search_term_string}\"},\"query-input\":{\"@type\":\"PropertyValueSpecification\",\"valueRequired\":true,\"valueName\":\"search_term_string\"}}],\"inLanguage\":\"pt-PT\"},{\"@type\":\"Person\",\"@id\":\"https:\/\/portaltela.pt\/#\/schema\/person\/c4278d4a6028830caff9ee44b42d32ed\",\"name\":\"Telinha\",\"image\":{\"@type\":\"ImageObject\",\"inLanguage\":\"pt-PT\",\"@id\":\"https:\/\/portaltela.pt\/s.01k8rhncp4jt1\/2025\/11\/talking-bot-125x125.png\",\"url\":\"https:\/\/portaltela.pt\/s.01k8rhncp4jt1\/2025\/11\/talking-bot-125x125.png\",\"contentUrl\":\"https:\/\/portaltela.pt\/s.01k8rhncp4jt1\/2025\/11\/talking-bot-125x125.png\",\"caption\":\"Telinha\"},\"sameAs\":[\"https:\/\/portaltela.pt\/\"],\"url\":\"https:\/\/portaltela.pt\/por\/367410592786\/\"}]}<\/script>\n<!-- \/ Yoast SEO plugin. -->","yoast_head_json":{"title":"Ministra orienta estrangeiras a buscar sa\u00fade distritos com mortalidade infantil - Portal Tela Portugal","robots":{"index":"index","follow":"follow","max-snippet":"max-snippet:-1","max-image-preview":"max-image-preview:large","max-video-preview":"max-video-preview:-1"},"og_locale":"pt_PT","og_type":"article","og_title":"Ministra orienta estrangeiras a buscar sa\u00fade distritos com mortalidade infantil - Portal Tela Portugal","og_description":"A ministra da Sa\u00fade, Ana Paula Martins, indicou distritos com maior mortalidade infantil e pediu \u00e0s m\u00e3es estrangeiras que procurem os servi\u00e7os de sa\u00fade com o apoio das juntas de freguesia. O relat\u00f3rio da Dire\u00e7\u00e3o-Geral da Sa\u00fade aponta aumento da mortalidade fetal (\u2265 22 semanas) e de \u00f3bitos de rec\u00e9m-nascidos com menos de um ano em 2024; a taxa de mortalidade fetal subiu para 4,1 por mil nascimentos (325 em 2022, 340 em 2023 e 346 em 2024). A taxa de mortalidade infantil em Portugal continua entre os melhores da Europa e da OCDE, mesmo com factores sociodemogr\u00e1ficos que a influenciam, como a pobreza. A ministra ressalvou que o aumento n\u00e3o est\u00e1 relacionado com falta de profissionais nas urg\u00eancias e destacou a import\u00e2ncia da vigil\u00e2ncia da gravidez e dos fatores de risco. Sobre a centraliza\u00e7\u00e3o das urg\u00eancias de ginecologia e obstetr\u00edcia em Loures, afirmou que a abertura no Hospital Beatriz \u00c2ngelo est\u00e1 prevista para a pr\u00f3xima semana, mantendo a maternidade e consultas em Vila Franca de Xira e acompanhando o processo com ajustes, se necess\u00e1rio.","og_url":"https:\/\/portaltela.pt\/noticias\/2026\/03\/12\/ministra-orienta-estrangeiras-a-buscar-saude-distritos-com-mortalidade-infantil\/","og_site_name":"Portal Tela Portugal","article_published_time":"2026-03-12T19:59:00+00:00","author":"Telinha","twitter_card":"summary_large_image","twitter_misc":{"Escrito por":"Telinha","Tempo estimado de leitura":"2 minutos"},"schema":{"@context":"https:\/\/schema.org","@graph":[{"@type":"Article","@id":"https:\/\/portaltela.pt\/noticias\/2026\/03\/12\/ministra-orienta-estrangeiras-a-buscar-saude-distritos-com-mortalidade-infantil\/#article","isPartOf":{"@id":"https:\/\/portaltela.pt\/noticias\/2026\/03\/12\/ministra-orienta-estrangeiras-a-buscar-saude-distritos-com-mortalidade-infantil\/"},"author":{"name":"Telinha","@id":"https:\/\/portaltela.pt\/#\/schema\/person\/c4278d4a6028830caff9ee44b42d32ed"},"headline":"Ministra orienta estrangeiras a buscar sa\u00fade distritos com mortalidade infantil","datePublished":"2026-03-12T19:59:00+00:00","mainEntityOfPage":{"@id":"https:\/\/portaltela.pt\/noticias\/2026\/03\/12\/ministra-orienta-estrangeiras-a-buscar-saude-distritos-com-mortalidade-infantil\/"},"wordCount":447,"image":{"@id":"https:\/\/portaltela.pt\/noticias\/2026\/03\/12\/ministra-orienta-estrangeiras-a-buscar-saude-distritos-com-mortalidade-infantil\/#primaryimage"},"thumbnailUrl":"https:\/\/portaltela.pt\/s.01k8rhncp4jt1\/2026\/03\/img_1500x1000uu2017-09-04-12-27-00-664511.jpg","keywords":["gr\u00e1vidas","Lisboa","Loures","maternidade","sa\u00fade","Vila Franca de Xira"],"articleSection":["Not\u00edcias","Sa\u00fade"],"inLanguage":"pt-PT"},{"@type":"WebPage","@id":"https:\/\/portaltela.pt\/noticias\/2026\/03\/12\/ministra-orienta-estrangeiras-a-buscar-saude-distritos-com-mortalidade-infantil\/","url":"https:\/\/portaltela.pt\/noticias\/2026\/03\/12\/ministra-orienta-estrangeiras-a-buscar-saude-distritos-com-mortalidade-infantil\/","name":"Ministra orienta estrangeiras a buscar sa\u00fade distritos com mortalidade infantil - Portal Tela Portugal","isPartOf":{"@id":"https:\/\/portaltela.pt\/#website"},"primaryImageOfPage":{"@id":"https:\/\/portaltela.pt\/noticias\/2026\/03\/12\/ministra-orienta-estrangeiras-a-buscar-saude-distritos-com-mortalidade-infantil\/#primaryimage"},"image":{"@id":"https:\/\/portaltela.pt\/noticias\/2026\/03\/12\/ministra-orienta-estrangeiras-a-buscar-saude-distritos-com-mortalidade-infantil\/#primaryimage"},"thumbnailUrl":"https:\/\/portaltela.pt\/s.01k8rhncp4jt1\/2026\/03\/img_1500x1000uu2017-09-04-12-27-00-664511.jpg","datePublished":"2026-03-12T19:59:00+00:00","author":{"@id":"https:\/\/portaltela.pt\/#\/schema\/person\/c4278d4a6028830caff9ee44b42d32ed"},"breadcrumb":{"@id":"https:\/\/portaltela.pt\/noticias\/2026\/03\/12\/ministra-orienta-estrangeiras-a-buscar-saude-distritos-com-mortalidade-infantil\/#breadcrumb"},"inLanguage":"pt-PT","potentialAction":[{"@type":"ReadAction","target":["https:\/\/portaltela.pt\/noticias\/2026\/03\/12\/ministra-orienta-estrangeiras-a-buscar-saude-distritos-com-mortalidade-infantil\/"]}]},{"@type":"ImageObject","inLanguage":"pt-PT","@id":"https:\/\/portaltela.pt\/noticias\/2026\/03\/12\/ministra-orienta-estrangeiras-a-buscar-saude-distritos-com-mortalidade-infantil\/#primaryimage","url":"https:\/\/portaltela.pt\/s.01k8rhncp4jt1\/2026\/03\/img_1500x1000uu2017-09-04-12-27-00-664511.jpg","contentUrl":"https:\/\/portaltela.pt\/s.01k8rhncp4jt1\/2026\/03\/img_1500x1000uu2017-09-04-12-27-00-664511.jpg","width":796,"height":448,"caption":"Obstetr\u00edcia"},{"@type":"BreadcrumbList","@id":"https:\/\/portaltela.pt\/noticias\/2026\/03\/12\/ministra-orienta-estrangeiras-a-buscar-saude-distritos-com-mortalidade-infantil\/#breadcrumb","itemListElement":[{"@type":"ListItem","position":1,"name":"In\u00edcio","item":"https:\/\/portaltela.pt\/"},{"@type":"ListItem","position":2,"name":"Ministra orienta estrangeiras a buscar sa\u00fade distritos com mortalidade infantil"}]},{"@type":"WebSite","@id":"https:\/\/portaltela.pt\/#website","url":"https:\/\/portaltela.pt\/","name":"Portal Tela Portugal","description":"","potentialAction":[{"@type":"SearchAction","target":{"@type":"EntryPoint","urlTemplate":"https:\/\/portaltela.pt\/?s={search_term_string}"},"query-input":{"@type":"PropertyValueSpecification","valueRequired":true,"valueName":"search_term_string"}}],"inLanguage":"pt-PT"},{"@type":"Person","@id":"https:\/\/portaltela.pt\/#\/schema\/person\/c4278d4a6028830caff9ee44b42d32ed","name":"Telinha","image":{"@type":"ImageObject","inLanguage":"pt-PT","@id":"https:\/\/portaltela.pt\/s.01k8rhncp4jt1\/2025\/11\/talking-bot-125x125.png","url":"https:\/\/portaltela.pt\/s.01k8rhncp4jt1\/2025\/11\/talking-bot-125x125.png","contentUrl":"https:\/\/portaltela.pt\/s.01k8rhncp4jt1\/2025\/11\/talking-bot-125x125.png","caption":"Telinha"},"sameAs":["https:\/\/portaltela.pt\/"],"url":"https:\/\/portaltela.pt\/por\/367410592786\/"}]}},"_links":{"self":[{"href":"https:\/\/portaltela.pt\/api\/wp\/v2\/posts\/407985","targetHints":{"allow":["GET"]}}],"collection":[{"href":"https:\/\/portaltela.pt\/api\/wp\/v2\/posts"}],"about":[{"href":"https:\/\/portaltela.pt\/api\/wp\/v2\/types\/post"}],"author":[{"embeddable":true,"href":"https:\/\/portaltela.pt\/api\/wp\/v2\/users\/2"}],"replies":[{"embeddable":true,"href":"https:\/\/portaltela.pt\/api\/wp\/v2\/comments?post=407985"}],"version-history":[{"count":0,"href":"https:\/\/portaltela.pt\/api\/wp\/v2\/posts\/407985\/revisions"}],"wp:featuredmedia":[{"embeddable":true,"href":"https:\/\/portaltela.pt\/api\/wp\/v2\/media\/407989"}],"wp:attachment":[{"href":"https:\/\/portaltela.pt\/api\/wp\/v2\/media?parent=407985"}],"wp:term":[{"taxonomy":"category","embeddable":true,"href":"https:\/\/portaltela.pt\/api\/wp\/v2\/categories?post=407985"},{"taxonomy":"post_tag","embeddable":true,"href":"https:\/\/portaltela.pt\/api\/wp\/v2\/tags?post=407985"}],"curies":[{"name":"wp","href":"https:\/\/api.w.org\/{rel}","templated":true}]}}