{"id":407972,"date":"2026-03-12T16:38:00","date_gmt":"2026-03-12T19:38:00","guid":{"rendered":"https:\/\/portaltela.pt\/noticias\/2026\/03\/12\/cegos-vao-experimentar-sensacoes-do-rali-em-viana-do-castelo\/"},"modified":"2026-03-12T16:38:00","modified_gmt":"2026-03-12T19:38:00","slug":"cegos-vao-experimentar-sensacoes-do-rali-em-viana-do-castelo","status":"publish","type":"post","link":"https:\/\/portaltela.pt\/noticias\/2026\/03\/12\/cegos-vao-experimentar-sensacoes-do-rali-em-viana-do-castelo\/","title":{"rendered":"Cegos v\u00e3o experimentar sensa\u00e7\u00f5es do rali em Viana do Castelo"},"content":{"rendered":"<p>Oito pilotos v\u00e3o levar cerca de 30 utentes da Associa\u00e7\u00e3o de Cegos e Ambl\u00edopes de Portugal (ACAPO) a experimentar sensa\u00e7\u00f5es de um rali, no pr\u00f3ximo s\u00e1bado, em Viana do Castelo. A iniciativa \u00e9 solid\u00e1ria e envolve a associa\u00e7\u00e3o e estudantes. O objetivo \u00e9 proporcionar uma viv\u00eancia segura e inclusiva aos participantes.<\/p>\n<p>O percurso escolhido fica na zona da Montaria, entre o cruzamento da freguesia de S\u00e3o Louren\u00e7o da Montaria e o gancho da estrada de Amonde, num dos tro\u00e7os mais conhecidos do rali de Viana do Castelo. A organiza\u00e7\u00e3o \u00e9 da ACAPO em parceria com o curso de T\u00e9cnico Auxiliar de Sa\u00fade da Escola Secund\u00e1ria de Monserrate.<\/p>\n<p>O formato visa permitir que os utentes percebam, de forma guiada, as sensa\u00e7\u00f5es associadas \u00e0 condu\u00e7\u00e3o e ao ambiente de rali, promovendo a integra\u00e7\u00e3o e a sensibiliza\u00e7\u00e3o da comunidade. O evento est\u00e1 programado para decorrer ao longo do dia, com supervis\u00e3o de profissionais e volunt\u00e1rios.<\/p>\n<h3>Detalhes do evento<\/h3>\n<ul>\n<li>Participa\u00e7\u00e3o: oito pilotos e cerca de 30 utentes da ACAPO<\/li>\n<li>Local: zona da Montaria, Viana do Castelo<\/li>\n<li>Parceiros: ACAPO e Escola Secund\u00e1ria de Monserrate<\/li>\n<li>Data: pr\u00f3ximo s\u00e1bado, em hor\u00e1rio a confirmar<\/li>\n<\/ul>\n","protected":false},"excerpt":{"rendered":"<ul>\n<li>Oito pilotos v\u00e3o levar cerca de 30 utentes da Associa\u00e7\u00e3o de Cegos e Ambl\u00edopes de Portugal (ACAPO) a experimentar sensa\u00e7\u00f5es de um rali, no pr\u00f3ximo s\u00e1bado, em Viana do Castelo.<\/li>\n<li>A iniciativa tem car\u00e1cter solid\u00e1rio e \u00e9 organizada pela ACAPO em parceria com alunos do curso de T\u00e9cnico Auxiliar de Sa\u00fade da Escola Secund\u00e1ria de Monserrate.<\/li>\n<li>O evento decorre num tro\u00e7o conhecido do rali de Viana do Castelo, entre o cruzamento de S\u00e3o Louren\u00e7o da Montaria e o gancho da estrada de Amonde.<\/li>\n<li>A a\u00e7\u00e3o permite aos participantes vivenciar sensa\u00e7\u00f5es associadas ao rali, promovendo a participa\u00e7\u00e3o e a inclus\u00e3o.<\/li>\n<li>A atividade envolve, nomeadamente, a condu\u00e7\u00e3o de testemunhos de pilotos e a participa\u00e7\u00e3o de utentes da ACAPO durante o itiner\u00e1rio.<\/li>\n<\/ul>\n","protected":false},"author":2,"featured_media":407979,"comment_status":"closed","ping_status":"closed","sticky":false,"template":"","format":"standard","meta":{"footnotes":""},"categories":[1],"tags":[3772,679,152,4074,1530,3266],"class_list":["post-407972","post","type-post","status-publish","format-standard","has-post-thumbnail","hentry","category-noticias","tag-acessibilidade","tag-associacoes","tag-desporto","tag-inclusao-social","tag-viana-do-castelo","tag-voluntariado-apoiado"],"yoast_head":"<!-- This site is optimized with the Yoast SEO plugin v27.2 - https:\/\/yoast.com\/product\/yoast-seo-wordpress\/ -->\n<title>Cegos v\u00e3o experimentar sensa\u00e7\u00f5es do rali em Viana do Castelo - Portal Tela Portugal<\/title>\n<meta name=\"robots\" content=\"index, follow, max-snippet:-1, max-image-preview:large, max-video-preview:-1\" \/>\n<meta property=\"og:locale\" content=\"pt_PT\" \/>\n<meta property=\"og:type\" content=\"article\" \/>\n<meta property=\"og:title\" content=\"Cegos v\u00e3o experimentar sensa\u00e7\u00f5es do rali em Viana do Castelo - Portal Tela Portugal\" \/>\n<meta property=\"og:description\" content=\"Oito pilotos v\u00e3o levar cerca de 30 utentes da Associa\u00e7\u00e3o de Cegos e Ambl\u00edopes de Portugal (ACAPO) a experimentar sensa\u00e7\u00f5es de um rali, no pr\u00f3ximo s\u00e1bado, em Viana do Castelo. A iniciativa tem car\u00e1cter solid\u00e1rio e \u00e9 organizada pela ACAPO em parceria com alunos do curso de T\u00e9cnico Auxiliar de Sa\u00fade da Escola Secund\u00e1ria de Monserrate. O evento decorre num tro\u00e7o conhecido do rali de Viana do Castelo, entre o cruzamento de S\u00e3o Louren\u00e7o da Montaria e o gancho da estrada de Amonde. A a\u00e7\u00e3o permite aos participantes vivenciar sensa\u00e7\u00f5es associadas ao rali, promovendo a participa\u00e7\u00e3o e a inclus\u00e3o. A atividade envolve, nomeadamente, a condu\u00e7\u00e3o de testemunhos de pilotos e a participa\u00e7\u00e3o de utentes da ACAPO durante o itiner\u00e1rio.\" \/>\n<meta property=\"og:url\" content=\"https:\/\/portaltela.pt\/noticias\/2026\/03\/12\/cegos-vao-experimentar-sensacoes-do-rali-em-viana-do-castelo\/\" \/>\n<meta property=\"og:site_name\" content=\"Portal Tela Portugal\" \/>\n<meta property=\"article:published_time\" content=\"2026-03-12T19:38:00+00:00\" \/>\n<meta name=\"author\" content=\"Telinha\" \/>\n<meta name=\"twitter:card\" content=\"summary_large_image\" \/>\n<meta name=\"twitter:label1\" content=\"Escrito por\" \/>\n\t<meta name=\"twitter:data1\" content=\"Telinha\" \/>\n\t<meta name=\"twitter:label2\" content=\"Tempo estimado de leitura\" \/>\n\t<meta name=\"twitter:data2\" content=\"1 minuto\" \/>\n<script type=\"application\/ld+json\" class=\"yoast-schema-graph\">{\"@context\":\"https:\/\/schema.org\",\"@graph\":[{\"@type\":\"Article\",\"@id\":\"https:\/\/portaltela.pt\/noticias\/2026\/03\/12\/cegos-vao-experimentar-sensacoes-do-rali-em-viana-do-castelo\/#article\",\"isPartOf\":{\"@id\":\"https:\/\/portaltela.pt\/noticias\/2026\/03\/12\/cegos-vao-experimentar-sensacoes-do-rali-em-viana-do-castelo\/\"},\"author\":{\"name\":\"Telinha\",\"@id\":\"https:\/\/portaltela.pt\/#\/schema\/person\/c4278d4a6028830caff9ee44b42d32ed\"},\"headline\":\"Cegos v\u00e3o experimentar sensa\u00e7\u00f5es do rali em Viana do Castelo\",\"datePublished\":\"2026-03-12T19:38:00+00:00\",\"mainEntityOfPage\":{\"@id\":\"https:\/\/portaltela.pt\/noticias\/2026\/03\/12\/cegos-vao-experimentar-sensacoes-do-rali-em-viana-do-castelo\/\"},\"wordCount\":219,\"image\":{\"@id\":\"https:\/\/portaltela.pt\/noticias\/2026\/03\/12\/cegos-vao-experimentar-sensacoes-do-rali-em-viana-do-castelo\/#primaryimage\"},\"thumbnailUrl\":\"https:\/\/portaltela.pt\/s.01k8rhncp4jt1\/2026\/03\/d9e76747-4cad-4afa-ae60-4e2200552fd4_1200x675.jpg\",\"keywords\":[\"acessibilidade\",\"associa\u00e7\u00f5es\",\"desporto\",\"inclus\u00e3o social\",\"Viana do Castelo\",\"Voluntariado Apoiado\"],\"articleSection\":[\"Not\u00edcias\"],\"inLanguage\":\"pt-PT\"},{\"@type\":\"WebPage\",\"@id\":\"https:\/\/portaltela.pt\/noticias\/2026\/03\/12\/cegos-vao-experimentar-sensacoes-do-rali-em-viana-do-castelo\/\",\"url\":\"https:\/\/portaltela.pt\/noticias\/2026\/03\/12\/cegos-vao-experimentar-sensacoes-do-rali-em-viana-do-castelo\/\",\"name\":\"Cegos v\u00e3o experimentar sensa\u00e7\u00f5es do rali em Viana do Castelo - Portal Tela Portugal\",\"isPartOf\":{\"@id\":\"https:\/\/portaltela.pt\/#website\"},\"primaryImageOfPage\":{\"@id\":\"https:\/\/portaltela.pt\/noticias\/2026\/03\/12\/cegos-vao-experimentar-sensacoes-do-rali-em-viana-do-castelo\/#primaryimage\"},\"image\":{\"@id\":\"https:\/\/portaltela.pt\/noticias\/2026\/03\/12\/cegos-vao-experimentar-sensacoes-do-rali-em-viana-do-castelo\/#primaryimage\"},\"thumbnailUrl\":\"https:\/\/portaltela.pt\/s.01k8rhncp4jt1\/2026\/03\/d9e76747-4cad-4afa-ae60-4e2200552fd4_1200x675.jpg\",\"datePublished\":\"2026-03-12T19:38:00+00:00\",\"author\":{\"@id\":\"https:\/\/portaltela.pt\/#\/schema\/person\/c4278d4a6028830caff9ee44b42d32ed\"},\"breadcrumb\":{\"@id\":\"https:\/\/portaltela.pt\/noticias\/2026\/03\/12\/cegos-vao-experimentar-sensacoes-do-rali-em-viana-do-castelo\/#breadcrumb\"},\"inLanguage\":\"pt-PT\",\"potentialAction\":[{\"@type\":\"ReadAction\",\"target\":[\"https:\/\/portaltela.pt\/noticias\/2026\/03\/12\/cegos-vao-experimentar-sensacoes-do-rali-em-viana-do-castelo\/\"]}]},{\"@type\":\"ImageObject\",\"inLanguage\":\"pt-PT\",\"@id\":\"https:\/\/portaltela.pt\/noticias\/2026\/03\/12\/cegos-vao-experimentar-sensacoes-do-rali-em-viana-do-castelo\/#primaryimage\",\"url\":\"https:\/\/portaltela.pt\/s.01k8rhncp4jt1\/2026\/03\/d9e76747-4cad-4afa-ae60-4e2200552fd4_1200x675.jpg\",\"contentUrl\":\"https:\/\/portaltela.pt\/s.01k8rhncp4jt1\/2026\/03\/d9e76747-4cad-4afa-ae60-4e2200552fd4_1200x675.jpg\",\"width\":796,\"height\":448,\"caption\":\"Um grupo de cegos vai ter uma experi\u00eancia no rali\"},{\"@type\":\"BreadcrumbList\",\"@id\":\"https:\/\/portaltela.pt\/noticias\/2026\/03\/12\/cegos-vao-experimentar-sensacoes-do-rali-em-viana-do-castelo\/#breadcrumb\",\"itemListElement\":[{\"@type\":\"ListItem\",\"position\":1,\"name\":\"In\u00edcio\",\"item\":\"https:\/\/portaltela.pt\/\"},{\"@type\":\"ListItem\",\"position\":2,\"name\":\"Cegos v\u00e3o experimentar sensa\u00e7\u00f5es do rali em Viana do Castelo\"}]},{\"@type\":\"WebSite\",\"@id\":\"https:\/\/portaltela.pt\/#website\",\"url\":\"https:\/\/portaltela.pt\/\",\"name\":\"Portal Tela Portugal\",\"description\":\"\",\"potentialAction\":[{\"@type\":\"SearchAction\",\"target\":{\"@type\":\"EntryPoint\",\"urlTemplate\":\"https:\/\/portaltela.pt\/?s={search_term_string}\"},\"query-input\":{\"@type\":\"PropertyValueSpecification\",\"valueRequired\":true,\"valueName\":\"search_term_string\"}}],\"inLanguage\":\"pt-PT\"},{\"@type\":\"Person\",\"@id\":\"https:\/\/portaltela.pt\/#\/schema\/person\/c4278d4a6028830caff9ee44b42d32ed\",\"name\":\"Telinha\",\"image\":{\"@type\":\"ImageObject\",\"inLanguage\":\"pt-PT\",\"@id\":\"https:\/\/portaltela.pt\/s.01k8rhncp4jt1\/2025\/11\/talking-bot-125x125.png\",\"url\":\"https:\/\/portaltela.pt\/s.01k8rhncp4jt1\/2025\/11\/talking-bot-125x125.png\",\"contentUrl\":\"https:\/\/portaltela.pt\/s.01k8rhncp4jt1\/2025\/11\/talking-bot-125x125.png\",\"caption\":\"Telinha\"},\"sameAs\":[\"https:\/\/portaltela.pt\/\"],\"url\":\"https:\/\/portaltela.pt\/por\/367410592786\/\"}]}<\/script>\n<!-- \/ Yoast SEO plugin. -->","yoast_head_json":{"title":"Cegos v\u00e3o experimentar sensa\u00e7\u00f5es do rali em Viana do Castelo - Portal Tela Portugal","robots":{"index":"index","follow":"follow","max-snippet":"max-snippet:-1","max-image-preview":"max-image-preview:large","max-video-preview":"max-video-preview:-1"},"og_locale":"pt_PT","og_type":"article","og_title":"Cegos v\u00e3o experimentar sensa\u00e7\u00f5es do rali em Viana do Castelo - Portal Tela Portugal","og_description":"Oito pilotos v\u00e3o levar cerca de 30 utentes da Associa\u00e7\u00e3o de Cegos e Ambl\u00edopes de Portugal (ACAPO) a experimentar sensa\u00e7\u00f5es de um rali, no pr\u00f3ximo s\u00e1bado, em Viana do Castelo. A iniciativa tem car\u00e1cter solid\u00e1rio e \u00e9 organizada pela ACAPO em parceria com alunos do curso de T\u00e9cnico Auxiliar de Sa\u00fade da Escola Secund\u00e1ria de Monserrate. O evento decorre num tro\u00e7o conhecido do rali de Viana do Castelo, entre o cruzamento de S\u00e3o Louren\u00e7o da Montaria e o gancho da estrada de Amonde. A a\u00e7\u00e3o permite aos participantes vivenciar sensa\u00e7\u00f5es associadas ao rali, promovendo a participa\u00e7\u00e3o e a inclus\u00e3o. A atividade envolve, nomeadamente, a condu\u00e7\u00e3o de testemunhos de pilotos e a participa\u00e7\u00e3o de utentes da ACAPO durante o itiner\u00e1rio.","og_url":"https:\/\/portaltela.pt\/noticias\/2026\/03\/12\/cegos-vao-experimentar-sensacoes-do-rali-em-viana-do-castelo\/","og_site_name":"Portal Tela Portugal","article_published_time":"2026-03-12T19:38:00+00:00","author":"Telinha","twitter_card":"summary_large_image","twitter_misc":{"Escrito por":"Telinha","Tempo estimado de leitura":"1 minuto"},"schema":{"@context":"https:\/\/schema.org","@graph":[{"@type":"Article","@id":"https:\/\/portaltela.pt\/noticias\/2026\/03\/12\/cegos-vao-experimentar-sensacoes-do-rali-em-viana-do-castelo\/#article","isPartOf":{"@id":"https:\/\/portaltela.pt\/noticias\/2026\/03\/12\/cegos-vao-experimentar-sensacoes-do-rali-em-viana-do-castelo\/"},"author":{"name":"Telinha","@id":"https:\/\/portaltela.pt\/#\/schema\/person\/c4278d4a6028830caff9ee44b42d32ed"},"headline":"Cegos v\u00e3o experimentar sensa\u00e7\u00f5es do rali em Viana do Castelo","datePublished":"2026-03-12T19:38:00+00:00","mainEntityOfPage":{"@id":"https:\/\/portaltela.pt\/noticias\/2026\/03\/12\/cegos-vao-experimentar-sensacoes-do-rali-em-viana-do-castelo\/"},"wordCount":219,"image":{"@id":"https:\/\/portaltela.pt\/noticias\/2026\/03\/12\/cegos-vao-experimentar-sensacoes-do-rali-em-viana-do-castelo\/#primaryimage"},"thumbnailUrl":"https:\/\/portaltela.pt\/s.01k8rhncp4jt1\/2026\/03\/d9e76747-4cad-4afa-ae60-4e2200552fd4_1200x675.jpg","keywords":["acessibilidade","associa\u00e7\u00f5es","desporto","inclus\u00e3o social","Viana do Castelo","Voluntariado Apoiado"],"articleSection":["Not\u00edcias"],"inLanguage":"pt-PT"},{"@type":"WebPage","@id":"https:\/\/portaltela.pt\/noticias\/2026\/03\/12\/cegos-vao-experimentar-sensacoes-do-rali-em-viana-do-castelo\/","url":"https:\/\/portaltela.pt\/noticias\/2026\/03\/12\/cegos-vao-experimentar-sensacoes-do-rali-em-viana-do-castelo\/","name":"Cegos v\u00e3o experimentar sensa\u00e7\u00f5es do rali em Viana do Castelo - Portal Tela Portugal","isPartOf":{"@id":"https:\/\/portaltela.pt\/#website"},"primaryImageOfPage":{"@id":"https:\/\/portaltela.pt\/noticias\/2026\/03\/12\/cegos-vao-experimentar-sensacoes-do-rali-em-viana-do-castelo\/#primaryimage"},"image":{"@id":"https:\/\/portaltela.pt\/noticias\/2026\/03\/12\/cegos-vao-experimentar-sensacoes-do-rali-em-viana-do-castelo\/#primaryimage"},"thumbnailUrl":"https:\/\/portaltela.pt\/s.01k8rhncp4jt1\/2026\/03\/d9e76747-4cad-4afa-ae60-4e2200552fd4_1200x675.jpg","datePublished":"2026-03-12T19:38:00+00:00","author":{"@id":"https:\/\/portaltela.pt\/#\/schema\/person\/c4278d4a6028830caff9ee44b42d32ed"},"breadcrumb":{"@id":"https:\/\/portaltela.pt\/noticias\/2026\/03\/12\/cegos-vao-experimentar-sensacoes-do-rali-em-viana-do-castelo\/#breadcrumb"},"inLanguage":"pt-PT","potentialAction":[{"@type":"ReadAction","target":["https:\/\/portaltela.pt\/noticias\/2026\/03\/12\/cegos-vao-experimentar-sensacoes-do-rali-em-viana-do-castelo\/"]}]},{"@type":"ImageObject","inLanguage":"pt-PT","@id":"https:\/\/portaltela.pt\/noticias\/2026\/03\/12\/cegos-vao-experimentar-sensacoes-do-rali-em-viana-do-castelo\/#primaryimage","url":"https:\/\/portaltela.pt\/s.01k8rhncp4jt1\/2026\/03\/d9e76747-4cad-4afa-ae60-4e2200552fd4_1200x675.jpg","contentUrl":"https:\/\/portaltela.pt\/s.01k8rhncp4jt1\/2026\/03\/d9e76747-4cad-4afa-ae60-4e2200552fd4_1200x675.jpg","width":796,"height":448,"caption":"Um grupo de cegos vai ter uma experi\u00eancia no rali"},{"@type":"BreadcrumbList","@id":"https:\/\/portaltela.pt\/noticias\/2026\/03\/12\/cegos-vao-experimentar-sensacoes-do-rali-em-viana-do-castelo\/#breadcrumb","itemListElement":[{"@type":"ListItem","position":1,"name":"In\u00edcio","item":"https:\/\/portaltela.pt\/"},{"@type":"ListItem","position":2,"name":"Cegos v\u00e3o experimentar sensa\u00e7\u00f5es do rali em Viana do Castelo"}]},{"@type":"WebSite","@id":"https:\/\/portaltela.pt\/#website","url":"https:\/\/portaltela.pt\/","name":"Portal Tela Portugal","description":"","potentialAction":[{"@type":"SearchAction","target":{"@type":"EntryPoint","urlTemplate":"https:\/\/portaltela.pt\/?s={search_term_string}"},"query-input":{"@type":"PropertyValueSpecification","valueRequired":true,"valueName":"search_term_string"}}],"inLanguage":"pt-PT"},{"@type":"Person","@id":"https:\/\/portaltela.pt\/#\/schema\/person\/c4278d4a6028830caff9ee44b42d32ed","name":"Telinha","image":{"@type":"ImageObject","inLanguage":"pt-PT","@id":"https:\/\/portaltela.pt\/s.01k8rhncp4jt1\/2025\/11\/talking-bot-125x125.png","url":"https:\/\/portaltela.pt\/s.01k8rhncp4jt1\/2025\/11\/talking-bot-125x125.png","contentUrl":"https:\/\/portaltela.pt\/s.01k8rhncp4jt1\/2025\/11\/talking-bot-125x125.png","caption":"Telinha"},"sameAs":["https:\/\/portaltela.pt\/"],"url":"https:\/\/portaltela.pt\/por\/367410592786\/"}]}},"_links":{"self":[{"href":"https:\/\/portaltela.pt\/api\/wp\/v2\/posts\/407972","targetHints":{"allow":["GET"]}}],"collection":[{"href":"https:\/\/portaltela.pt\/api\/wp\/v2\/posts"}],"about":[{"href":"https:\/\/portaltela.pt\/api\/wp\/v2\/types\/post"}],"author":[{"embeddable":true,"href":"https:\/\/portaltela.pt\/api\/wp\/v2\/users\/2"}],"replies":[{"embeddable":true,"href":"https:\/\/portaltela.pt\/api\/wp\/v2\/comments?post=407972"}],"version-history":[{"count":0,"href":"https:\/\/portaltela.pt\/api\/wp\/v2\/posts\/407972\/revisions"}],"wp:featuredmedia":[{"embeddable":true,"href":"https:\/\/portaltela.pt\/api\/wp\/v2\/media\/407979"}],"wp:attachment":[{"href":"https:\/\/portaltela.pt\/api\/wp\/v2\/media?parent=407972"}],"wp:term":[{"taxonomy":"category","embeddable":true,"href":"https:\/\/portaltela.pt\/api\/wp\/v2\/categories?post=407972"},{"taxonomy":"post_tag","embeddable":true,"href":"https:\/\/portaltela.pt\/api\/wp\/v2\/tags?post=407972"}],"curies":[{"name":"wp","href":"https:\/\/api.w.org\/{rel}","templated":true}]}}