{"id":407970,"date":"2026-03-12T16:45:00","date_gmt":"2026-03-12T19:45:00","guid":{"rendered":"https:\/\/portaltela.pt\/noticias\/2026\/03\/12\/como-evoluiram-as-negociacoes-do-acordo-nuclear-entre-irao-e-eua\/"},"modified":"2026-03-12T16:45:00","modified_gmt":"2026-03-12T19:45:00","slug":"como-evoluiram-as-negociacoes-do-acordo-nuclear-entre-irao-e-eua","status":"publish","type":"post","link":"https:\/\/portaltela.pt\/noticias\/2026\/03\/12\/como-evoluiram-as-negociacoes-do-acordo-nuclear-entre-irao-e-eua\/","title":{"rendered":"Como evolu\u00edram as negocia\u00e7\u00f5es do acordo nuclear entre Ir\u00e3o e EUA"},"content":{"rendered":"<p>Ao longo de Fevereiro, Ir\u00e3o e Estados Unidos conduziram negocia\u00e7\u00f5es sobre um poss\u00edvel acordo nuclear, com v\u00e1rias reuni\u00f5es relevantes. O ministro dos Neg\u00f3cios Estrangeiros de Om\u00e3, Badr al-Busaidi, atuou como mensageiro entre as delega\u00e7\u00f5es.<\/p>\n<p>Ao evento estiveram representados o Ir\u00e3o, os Estados Unidos e Om\u00e3, com Al-Busaidi a transmitir recados entre as partes. As conversas desenrolaram-se em Fevereiro numa sequ\u00eancia de encontros.<\/p>\n<p>No dia 17 de Fevereiro, o ministro iraniano dos Neg\u00f3cios Estrangeiros, Abbas Araghchi, indicou ter chegado a um entendimento preliminar entre as partes. Dias depois, ataques executados pelos Estados Unidos e por Israel colocaram a discuss\u00e3o em pausa.<\/p>\n<p>As autoridades iranianas anunciaram que, face aos ataques, qualquer di\u00e1logo com os Estados Unidos ficou fora da agenda. O clima de tens\u00e3o dilatou as possibilidades de um acordo, para j\u00e1 sem avan\u00e7o p\u00fablico adicional.<\/p>\n","protected":false},"excerpt":{"rendered":"<ul>\n<li>O ministro dos Neg\u00f3cios Estrangeiros do Om\u00e3, Badr al-Busaidi, reuniu-se tr\u00eas vezes em Fevereiro com representantes dos Estados Unidos e do Ir\u00e3o para facilitar negocia\u00e7\u00f5es sobre um poss\u00edvel acordo nuclear.<\/li>\n<li>Al-Busaidi atuava como mensageiro entre as duas delega\u00e7\u00f5es.<\/li>\n<li>No dia 17 de Fevereiro, Abbas Araghchi, ministro dos Neg\u00f3cios Estrangeiros do Ir\u00e3o, disse ter sido alcan\u00e7ado um entendimento preliminar entre Ir\u00e3o e Estados Unidos.<\/li>\n<li>Dias depois, ataques dos Estados Unidos e de Israel ao Ir\u00e3o interromperam as negocia\u00e7\u00f5es.<\/li>\n<li>Trump afirmou que a guerra est\u00e1 a terminar, enquanto Peter Hegseth, secret\u00e1rio de Defesa dos Estados Unidos, disse que est\u00e3o apenas a come\u00e7ar; Araghchi disse que qualquer di\u00e1logo com os Estados Unidos est\u00e1 fora da agenda.<\/li>\n<\/ul>\n","protected":false},"author":2,"featured_media":407977,"comment_status":"closed","ping_status":"closed","sticky":false,"template":"","format":"standard","meta":{"footnotes":""},"categories":[6912,1],"tags":[6703,1600,3153,2036,5997,6778],"class_list":["post-407970","post","type-post","status-publish","format-standard","has-post-thumbnail","hentry","category-internacionais","category-noticias","tag-diplomacia-internacional","tag-estados-unidos","tag-ira","tag-negociacoes-internacionais","tag-oma","tag-programa-nuclear"],"yoast_head":"<!-- This site is optimized with the Yoast SEO plugin v27.2 - https:\/\/yoast.com\/product\/yoast-seo-wordpress\/ -->\n<title>Como evolu\u00edram as negocia\u00e7\u00f5es do acordo nuclear entre Ir\u00e3o e EUA - Portal Tela Portugal<\/title>\n<meta name=\"robots\" content=\"index, follow, max-snippet:-1, max-image-preview:large, max-video-preview:-1\" \/>\n<meta property=\"og:locale\" content=\"pt_PT\" \/>\n<meta property=\"og:type\" content=\"article\" \/>\n<meta property=\"og:title\" content=\"Como evolu\u00edram as negocia\u00e7\u00f5es do acordo nuclear entre Ir\u00e3o e EUA - Portal Tela Portugal\" \/>\n<meta property=\"og:description\" content=\"O ministro dos Neg\u00f3cios Estrangeiros do Om\u00e3, Badr al-Busaidi, reuniu-se tr\u00eas vezes em Fevereiro com representantes dos Estados Unidos e do Ir\u00e3o para facilitar negocia\u00e7\u00f5es sobre um poss\u00edvel acordo nuclear. Al-Busaidi atuava como mensageiro entre as duas delega\u00e7\u00f5es. No dia 17 de Fevereiro, Abbas Araghchi, ministro dos Neg\u00f3cios Estrangeiros do Ir\u00e3o, disse ter sido alcan\u00e7ado um entendimento preliminar entre Ir\u00e3o e Estados Unidos. Dias depois, ataques dos Estados Unidos e de Israel ao Ir\u00e3o interromperam as negocia\u00e7\u00f5es. Trump afirmou que a guerra est\u00e1 a terminar, enquanto Peter Hegseth, secret\u00e1rio de Defesa dos Estados Unidos, disse que est\u00e3o apenas a come\u00e7ar; Araghchi disse que qualquer di\u00e1logo com os Estados Unidos est\u00e1 fora da agenda.\" \/>\n<meta property=\"og:url\" content=\"https:\/\/portaltela.pt\/noticias\/2026\/03\/12\/como-evoluiram-as-negociacoes-do-acordo-nuclear-entre-irao-e-eua\/\" \/>\n<meta property=\"og:site_name\" content=\"Portal Tela Portugal\" \/>\n<meta property=\"article:published_time\" content=\"2026-03-12T19:45:00+00:00\" \/>\n<meta name=\"author\" content=\"Telinha\" \/>\n<meta name=\"twitter:card\" content=\"summary_large_image\" \/>\n<meta name=\"twitter:label1\" content=\"Escrito por\" \/>\n\t<meta name=\"twitter:data1\" content=\"Telinha\" \/>\n\t<meta name=\"twitter:label2\" content=\"Tempo estimado de leitura\" \/>\n\t<meta name=\"twitter:data2\" content=\"1 minuto\" \/>\n<script type=\"application\/ld+json\" class=\"yoast-schema-graph\">{\"@context\":\"https:\/\/schema.org\",\"@graph\":[{\"@type\":\"Article\",\"@id\":\"https:\/\/portaltela.pt\/noticias\/2026\/03\/12\/como-evoluiram-as-negociacoes-do-acordo-nuclear-entre-irao-e-eua\/#article\",\"isPartOf\":{\"@id\":\"https:\/\/portaltela.pt\/noticias\/2026\/03\/12\/como-evoluiram-as-negociacoes-do-acordo-nuclear-entre-irao-e-eua\/\"},\"author\":{\"name\":\"Telinha\",\"@id\":\"https:\/\/portaltela.pt\/#\/schema\/person\/c4278d4a6028830caff9ee44b42d32ed\"},\"headline\":\"Como evolu\u00edram as negocia\u00e7\u00f5es do acordo nuclear entre Ir\u00e3o e EUA\",\"datePublished\":\"2026-03-12T19:45:00+00:00\",\"mainEntityOfPage\":{\"@id\":\"https:\/\/portaltela.pt\/noticias\/2026\/03\/12\/como-evoluiram-as-negociacoes-do-acordo-nuclear-entre-irao-e-eua\/\"},\"wordCount\":162,\"image\":{\"@id\":\"https:\/\/portaltela.pt\/noticias\/2026\/03\/12\/como-evoluiram-as-negociacoes-do-acordo-nuclear-entre-irao-e-eua\/#primaryimage\"},\"thumbnailUrl\":\"https:\/\/portaltela.pt\/s.01k8rhncp4jt1\/2026\/03\/16_calendario97712.00_00_08_2197712.Still00197712.jpg\",\"keywords\":[\"diplomacia internacional\",\"Estados Unidos\",\"Ir\u00e3\",\"negocia\u00e7\u00f5es internacionais\",\"Om\u00e3\",\"Programa nuclear\"],\"articleSection\":[\"Internacionais\",\"Not\u00edcias\"],\"inLanguage\":\"pt-PT\"},{\"@type\":\"WebPage\",\"@id\":\"https:\/\/portaltela.pt\/noticias\/2026\/03\/12\/como-evoluiram-as-negociacoes-do-acordo-nuclear-entre-irao-e-eua\/\",\"url\":\"https:\/\/portaltela.pt\/noticias\/2026\/03\/12\/como-evoluiram-as-negociacoes-do-acordo-nuclear-entre-irao-e-eua\/\",\"name\":\"Como evolu\u00edram as negocia\u00e7\u00f5es do acordo nuclear entre Ir\u00e3o e EUA - Portal Tela Portugal\",\"isPartOf\":{\"@id\":\"https:\/\/portaltela.pt\/#website\"},\"primaryImageOfPage\":{\"@id\":\"https:\/\/portaltela.pt\/noticias\/2026\/03\/12\/como-evoluiram-as-negociacoes-do-acordo-nuclear-entre-irao-e-eua\/#primaryimage\"},\"image\":{\"@id\":\"https:\/\/portaltela.pt\/noticias\/2026\/03\/12\/como-evoluiram-as-negociacoes-do-acordo-nuclear-entre-irao-e-eua\/#primaryimage\"},\"thumbnailUrl\":\"https:\/\/portaltela.pt\/s.01k8rhncp4jt1\/2026\/03\/16_calendario97712.00_00_08_2197712.Still00197712.jpg\",\"datePublished\":\"2026-03-12T19:45:00+00:00\",\"author\":{\"@id\":\"https:\/\/portaltela.pt\/#\/schema\/person\/c4278d4a6028830caff9ee44b42d32ed\"},\"breadcrumb\":{\"@id\":\"https:\/\/portaltela.pt\/noticias\/2026\/03\/12\/como-evoluiram-as-negociacoes-do-acordo-nuclear-entre-irao-e-eua\/#breadcrumb\"},\"inLanguage\":\"pt-PT\",\"potentialAction\":[{\"@type\":\"ReadAction\",\"target\":[\"https:\/\/portaltela.pt\/noticias\/2026\/03\/12\/como-evoluiram-as-negociacoes-do-acordo-nuclear-entre-irao-e-eua\/\"]}]},{\"@type\":\"ImageObject\",\"inLanguage\":\"pt-PT\",\"@id\":\"https:\/\/portaltela.pt\/noticias\/2026\/03\/12\/como-evoluiram-as-negociacoes-do-acordo-nuclear-entre-irao-e-eua\/#primaryimage\",\"url\":\"https:\/\/portaltela.pt\/s.01k8rhncp4jt1\/2026\/03\/16_calendario97712.00_00_08_2197712.Still00197712.jpg\",\"contentUrl\":\"https:\/\/portaltela.pt\/s.01k8rhncp4jt1\/2026\/03\/16_calendario97712.00_00_08_2197712.Still00197712.jpg\",\"width\":796,\"height\":448,\"caption\":\"Photo\"},{\"@type\":\"BreadcrumbList\",\"@id\":\"https:\/\/portaltela.pt\/noticias\/2026\/03\/12\/como-evoluiram-as-negociacoes-do-acordo-nuclear-entre-irao-e-eua\/#breadcrumb\",\"itemListElement\":[{\"@type\":\"ListItem\",\"position\":1,\"name\":\"In\u00edcio\",\"item\":\"https:\/\/portaltela.pt\/\"},{\"@type\":\"ListItem\",\"position\":2,\"name\":\"Como evolu\u00edram as negocia\u00e7\u00f5es do acordo nuclear entre Ir\u00e3o e EUA\"}]},{\"@type\":\"WebSite\",\"@id\":\"https:\/\/portaltela.pt\/#website\",\"url\":\"https:\/\/portaltela.pt\/\",\"name\":\"Portal Tela Portugal\",\"description\":\"\",\"potentialAction\":[{\"@type\":\"SearchAction\",\"target\":{\"@type\":\"EntryPoint\",\"urlTemplate\":\"https:\/\/portaltela.pt\/?s={search_term_string}\"},\"query-input\":{\"@type\":\"PropertyValueSpecification\",\"valueRequired\":true,\"valueName\":\"search_term_string\"}}],\"inLanguage\":\"pt-PT\"},{\"@type\":\"Person\",\"@id\":\"https:\/\/portaltela.pt\/#\/schema\/person\/c4278d4a6028830caff9ee44b42d32ed\",\"name\":\"Telinha\",\"image\":{\"@type\":\"ImageObject\",\"inLanguage\":\"pt-PT\",\"@id\":\"https:\/\/portaltela.pt\/s.01k8rhncp4jt1\/2025\/11\/talking-bot-125x125.png\",\"url\":\"https:\/\/portaltela.pt\/s.01k8rhncp4jt1\/2025\/11\/talking-bot-125x125.png\",\"contentUrl\":\"https:\/\/portaltela.pt\/s.01k8rhncp4jt1\/2025\/11\/talking-bot-125x125.png\",\"caption\":\"Telinha\"},\"sameAs\":[\"https:\/\/portaltela.pt\/\"],\"url\":\"https:\/\/portaltela.pt\/por\/367410592786\/\"}]}<\/script>\n<!-- \/ Yoast SEO plugin. -->","yoast_head_json":{"title":"Como evolu\u00edram as negocia\u00e7\u00f5es do acordo nuclear entre Ir\u00e3o e EUA - Portal Tela Portugal","robots":{"index":"index","follow":"follow","max-snippet":"max-snippet:-1","max-image-preview":"max-image-preview:large","max-video-preview":"max-video-preview:-1"},"og_locale":"pt_PT","og_type":"article","og_title":"Como evolu\u00edram as negocia\u00e7\u00f5es do acordo nuclear entre Ir\u00e3o e EUA - Portal Tela Portugal","og_description":"O ministro dos Neg\u00f3cios Estrangeiros do Om\u00e3, Badr al-Busaidi, reuniu-se tr\u00eas vezes em Fevereiro com representantes dos Estados Unidos e do Ir\u00e3o para facilitar negocia\u00e7\u00f5es sobre um poss\u00edvel acordo nuclear. Al-Busaidi atuava como mensageiro entre as duas delega\u00e7\u00f5es. No dia 17 de Fevereiro, Abbas Araghchi, ministro dos Neg\u00f3cios Estrangeiros do Ir\u00e3o, disse ter sido alcan\u00e7ado um entendimento preliminar entre Ir\u00e3o e Estados Unidos. Dias depois, ataques dos Estados Unidos e de Israel ao Ir\u00e3o interromperam as negocia\u00e7\u00f5es. Trump afirmou que a guerra est\u00e1 a terminar, enquanto Peter Hegseth, secret\u00e1rio de Defesa dos Estados Unidos, disse que est\u00e3o apenas a come\u00e7ar; Araghchi disse que qualquer di\u00e1logo com os Estados Unidos est\u00e1 fora da agenda.","og_url":"https:\/\/portaltela.pt\/noticias\/2026\/03\/12\/como-evoluiram-as-negociacoes-do-acordo-nuclear-entre-irao-e-eua\/","og_site_name":"Portal Tela Portugal","article_published_time":"2026-03-12T19:45:00+00:00","author":"Telinha","twitter_card":"summary_large_image","twitter_misc":{"Escrito por":"Telinha","Tempo estimado de leitura":"1 minuto"},"schema":{"@context":"https:\/\/schema.org","@graph":[{"@type":"Article","@id":"https:\/\/portaltela.pt\/noticias\/2026\/03\/12\/como-evoluiram-as-negociacoes-do-acordo-nuclear-entre-irao-e-eua\/#article","isPartOf":{"@id":"https:\/\/portaltela.pt\/noticias\/2026\/03\/12\/como-evoluiram-as-negociacoes-do-acordo-nuclear-entre-irao-e-eua\/"},"author":{"name":"Telinha","@id":"https:\/\/portaltela.pt\/#\/schema\/person\/c4278d4a6028830caff9ee44b42d32ed"},"headline":"Como evolu\u00edram as negocia\u00e7\u00f5es do acordo nuclear entre Ir\u00e3o e EUA","datePublished":"2026-03-12T19:45:00+00:00","mainEntityOfPage":{"@id":"https:\/\/portaltela.pt\/noticias\/2026\/03\/12\/como-evoluiram-as-negociacoes-do-acordo-nuclear-entre-irao-e-eua\/"},"wordCount":162,"image":{"@id":"https:\/\/portaltela.pt\/noticias\/2026\/03\/12\/como-evoluiram-as-negociacoes-do-acordo-nuclear-entre-irao-e-eua\/#primaryimage"},"thumbnailUrl":"https:\/\/portaltela.pt\/s.01k8rhncp4jt1\/2026\/03\/16_calendario97712.00_00_08_2197712.Still00197712.jpg","keywords":["diplomacia internacional","Estados Unidos","Ir\u00e3","negocia\u00e7\u00f5es internacionais","Om\u00e3","Programa nuclear"],"articleSection":["Internacionais","Not\u00edcias"],"inLanguage":"pt-PT"},{"@type":"WebPage","@id":"https:\/\/portaltela.pt\/noticias\/2026\/03\/12\/como-evoluiram-as-negociacoes-do-acordo-nuclear-entre-irao-e-eua\/","url":"https:\/\/portaltela.pt\/noticias\/2026\/03\/12\/como-evoluiram-as-negociacoes-do-acordo-nuclear-entre-irao-e-eua\/","name":"Como evolu\u00edram as negocia\u00e7\u00f5es do acordo nuclear entre Ir\u00e3o e EUA - Portal Tela Portugal","isPartOf":{"@id":"https:\/\/portaltela.pt\/#website"},"primaryImageOfPage":{"@id":"https:\/\/portaltela.pt\/noticias\/2026\/03\/12\/como-evoluiram-as-negociacoes-do-acordo-nuclear-entre-irao-e-eua\/#primaryimage"},"image":{"@id":"https:\/\/portaltela.pt\/noticias\/2026\/03\/12\/como-evoluiram-as-negociacoes-do-acordo-nuclear-entre-irao-e-eua\/#primaryimage"},"thumbnailUrl":"https:\/\/portaltela.pt\/s.01k8rhncp4jt1\/2026\/03\/16_calendario97712.00_00_08_2197712.Still00197712.jpg","datePublished":"2026-03-12T19:45:00+00:00","author":{"@id":"https:\/\/portaltela.pt\/#\/schema\/person\/c4278d4a6028830caff9ee44b42d32ed"},"breadcrumb":{"@id":"https:\/\/portaltela.pt\/noticias\/2026\/03\/12\/como-evoluiram-as-negociacoes-do-acordo-nuclear-entre-irao-e-eua\/#breadcrumb"},"inLanguage":"pt-PT","potentialAction":[{"@type":"ReadAction","target":["https:\/\/portaltela.pt\/noticias\/2026\/03\/12\/como-evoluiram-as-negociacoes-do-acordo-nuclear-entre-irao-e-eua\/"]}]},{"@type":"ImageObject","inLanguage":"pt-PT","@id":"https:\/\/portaltela.pt\/noticias\/2026\/03\/12\/como-evoluiram-as-negociacoes-do-acordo-nuclear-entre-irao-e-eua\/#primaryimage","url":"https:\/\/portaltela.pt\/s.01k8rhncp4jt1\/2026\/03\/16_calendario97712.00_00_08_2197712.Still00197712.jpg","contentUrl":"https:\/\/portaltela.pt\/s.01k8rhncp4jt1\/2026\/03\/16_calendario97712.00_00_08_2197712.Still00197712.jpg","width":796,"height":448,"caption":"Photo"},{"@type":"BreadcrumbList","@id":"https:\/\/portaltela.pt\/noticias\/2026\/03\/12\/como-evoluiram-as-negociacoes-do-acordo-nuclear-entre-irao-e-eua\/#breadcrumb","itemListElement":[{"@type":"ListItem","position":1,"name":"In\u00edcio","item":"https:\/\/portaltela.pt\/"},{"@type":"ListItem","position":2,"name":"Como evolu\u00edram as negocia\u00e7\u00f5es do acordo nuclear entre Ir\u00e3o e EUA"}]},{"@type":"WebSite","@id":"https:\/\/portaltela.pt\/#website","url":"https:\/\/portaltela.pt\/","name":"Portal Tela Portugal","description":"","potentialAction":[{"@type":"SearchAction","target":{"@type":"EntryPoint","urlTemplate":"https:\/\/portaltela.pt\/?s={search_term_string}"},"query-input":{"@type":"PropertyValueSpecification","valueRequired":true,"valueName":"search_term_string"}}],"inLanguage":"pt-PT"},{"@type":"Person","@id":"https:\/\/portaltela.pt\/#\/schema\/person\/c4278d4a6028830caff9ee44b42d32ed","name":"Telinha","image":{"@type":"ImageObject","inLanguage":"pt-PT","@id":"https:\/\/portaltela.pt\/s.01k8rhncp4jt1\/2025\/11\/talking-bot-125x125.png","url":"https:\/\/portaltela.pt\/s.01k8rhncp4jt1\/2025\/11\/talking-bot-125x125.png","contentUrl":"https:\/\/portaltela.pt\/s.01k8rhncp4jt1\/2025\/11\/talking-bot-125x125.png","caption":"Telinha"},"sameAs":["https:\/\/portaltela.pt\/"],"url":"https:\/\/portaltela.pt\/por\/367410592786\/"}]}},"_links":{"self":[{"href":"https:\/\/portaltela.pt\/api\/wp\/v2\/posts\/407970","targetHints":{"allow":["GET"]}}],"collection":[{"href":"https:\/\/portaltela.pt\/api\/wp\/v2\/posts"}],"about":[{"href":"https:\/\/portaltela.pt\/api\/wp\/v2\/types\/post"}],"author":[{"embeddable":true,"href":"https:\/\/portaltela.pt\/api\/wp\/v2\/users\/2"}],"replies":[{"embeddable":true,"href":"https:\/\/portaltela.pt\/api\/wp\/v2\/comments?post=407970"}],"version-history":[{"count":0,"href":"https:\/\/portaltela.pt\/api\/wp\/v2\/posts\/407970\/revisions"}],"wp:featuredmedia":[{"embeddable":true,"href":"https:\/\/portaltela.pt\/api\/wp\/v2\/media\/407977"}],"wp:attachment":[{"href":"https:\/\/portaltela.pt\/api\/wp\/v2\/media?parent=407970"}],"wp:term":[{"taxonomy":"category","embeddable":true,"href":"https:\/\/portaltela.pt\/api\/wp\/v2\/categories?post=407970"},{"taxonomy":"post_tag","embeddable":true,"href":"https:\/\/portaltela.pt\/api\/wp\/v2\/tags?post=407970"}],"curies":[{"name":"wp","href":"https:\/\/api.w.org\/{rel}","templated":true}]}}