{"id":407961,"date":"2026-03-12T16:46:56","date_gmt":"2026-03-12T19:46:56","guid":{"rendered":"https:\/\/portaltela.pt\/noticias\/2026\/03\/12\/iraque-em-foco-atualizacoes-recentes-em-analise\/"},"modified":"2026-03-12T16:46:56","modified_gmt":"2026-03-12T19:46:56","slug":"iraque-em-foco-atualizacoes-recentes-em-analise","status":"publish","type":"post","link":"https:\/\/portaltela.pt\/conflitos\/2026\/03\/12\/iraque-em-foco-atualizacoes-recentes-em-analise\/","title":{"rendered":"Iraque em foco: atualiza\u00e7\u00f5es recentes em an\u00e1lise"},"content":{"rendered":"<p>Ataque ao aeroporto de Erbil no Iraque foi confirmado pelas autoridades locais, causando danos estruturais e altera\u00e7\u00f5es nos servi\u00e7os de apoio. A ocorr\u00eancia insere-se num cen\u00e1rio de ataques espor\u00e1dicos na regi\u00e3o. N\u00e3o houve confirma\u00e7\u00e3o de v\u00edtimas espec\u00edficas at\u00e9 ao momento.<\/p>\n<p>Paralelamente, mais incidentes marcaram o pa\u00eds: confrontos em Bagdade deixaram feridos, com for\u00e7as de seguran\u00e7a em prontid\u00e3o. Grande parte das a\u00e7\u00f5es ocorreu no centro da capital, aumentando a tens\u00e3o entre manifestantes e autoridades.<\/p>\n<p>Num epis\u00f3dio diferente, um inc\u00eandio num casamento no Iraque fez v\u00e1rias v\u00edtimas, incluindo noivos, segundo relatos preliminares. As causas est\u00e3o a ser apuradas pela pol\u00edcia local e pelos servi\u00e7os de prote\u00e7\u00e3o civil.<\/p>\n<p>A UNESCO est\u00e1 a acompanhar projetos de restaura\u00e7\u00e3o em Mossul, incluindo a Mesquita al-Nuri, com a visita prevista da diretora-geral para fevereiro de 2025. O objetivo \u00e9 preservar marcos hist\u00f3ricos danificados pela guerra.<\/p>\n<p>Parcerias diplom\u00e1ticas tamb\u00e9m foram comunicadas: o presidente iraniano busca refor\u00e7ar la\u00e7os com o Iraque, numa coopera\u00e7\u00e3o regional que tem recebido aten\u00e7\u00e3o de v\u00e1rias partes. Detalhes program\u00e1ticos n\u00e3o foram divulgados.<\/p>\n<p>No parlamento iraquiano, uma lei que criminaliza a homossexualidade gerou condena\u00e7\u00e3o internacional e abriu debates sobre direitos e liberdades civis. O documento est\u00e1 a ser analisado por comiss\u00f5es espec\u00edficas.<\/p>\n<p>Perto de Bagdade, o influxo de apoiantes de l\u00edderes religiosos gerou confrontos e, em alguns momentos, invas\u00f5es ao pal\u00e1cio presidencial. As autoridades apelam \u00e0 conten\u00e7\u00e3o e ao regresso ao di\u00e1logo.<\/p>\n<p>Entre outros focos de atualidade, houve celebra\u00e7\u00f5es de Nowruz na regi\u00e3o curda, com milhares a participar em Akre, destacando o interc\u00e2mbio cultural e a continuidade de tradi\u00e7\u00f5es. A cobertura segue acompanhando os desenvolvimentos.<\/p>\n","protected":false},"excerpt":{"rendered":"<ul>\n<li>Erbil continua a ser alvo de ataques ap\u00f3s o ataque a uma base italiana na regi\u00e3o.<\/li>\n<li>Protestos violentos no centro de Bagdade deixaram feridos e apoiantes de Al-Sadr invadiram o Pal\u00e1cio Presidencial.<\/li>\n<li>Um inc\u00eandio num casamento no Iraque provocou mais de cem mortos, incluindo os noivos.<\/li>\n<li>A UNESCO lidera um projeto de restaura\u00e7\u00e3o de marcos hist\u00f3ricos em Mossul, com preparativos para a visita da diretora-geral Audrey Azoulay.<\/li>\n<li>A Uni\u00e3o Europeia condena a lei iraquiana que criminaliza a homossexualidade.<\/li>\n<\/ul>\n","protected":false},"author":2,"featured_media":407963,"comment_status":"closed","ping_status":"closed","sticky":false,"template":"","format":"standard","meta":{"footnotes":""},"categories":[6790],"tags":[5342,29,2633,62,7113,7114],"class_list":["post-407961","post","type-post","status-publish","format-standard","has-post-thumbnail","hentry","category-conflitos","tag-asia","tag-diplomacia","tag-direitos-humanos","tag-guerra","tag-mossul","tag-nowruz"],"yoast_head":"<!-- This site is optimized with the Yoast SEO plugin v27.2 - https:\/\/yoast.com\/product\/yoast-seo-wordpress\/ -->\n<title>Iraque em foco: atualiza\u00e7\u00f5es recentes em an\u00e1lise - Portal Tela Portugal<\/title>\n<meta name=\"robots\" content=\"index, follow, max-snippet:-1, max-image-preview:large, max-video-preview:-1\" \/>\n<meta property=\"og:locale\" content=\"pt_PT\" \/>\n<meta property=\"og:type\" content=\"article\" \/>\n<meta property=\"og:title\" content=\"Iraque em foco: atualiza\u00e7\u00f5es recentes em an\u00e1lise - Portal Tela Portugal\" \/>\n<meta property=\"og:description\" content=\"Erbil continua a ser alvo de ataques ap\u00f3s o ataque a uma base italiana na regi\u00e3o. Protestos violentos no centro de Bagdade deixaram feridos e apoiantes de Al-Sadr invadiram o Pal\u00e1cio Presidencial. Um inc\u00eandio num casamento no Iraque provocou mais de cem mortos, incluindo os noivos. A UNESCO lidera um projeto de restaura\u00e7\u00e3o de marcos hist\u00f3ricos em Mossul, com preparativos para a visita da diretora-geral Audrey Azoulay. A Uni\u00e3o Europeia condena a lei iraquiana que criminaliza a homossexualidade.\" \/>\n<meta property=\"og:url\" content=\"https:\/\/portaltela.pt\/noticias\/2026\/03\/12\/iraque-em-foco-atualizacoes-recentes-em-analise\/\" \/>\n<meta property=\"og:site_name\" content=\"Portal Tela Portugal\" \/>\n<meta property=\"article:published_time\" content=\"2026-03-12T19:46:56+00:00\" \/>\n<meta name=\"author\" content=\"Telinha\" \/>\n<meta name=\"twitter:card\" content=\"summary_large_image\" \/>\n<meta name=\"twitter:label1\" content=\"Escrito por\" \/>\n\t<meta name=\"twitter:data1\" content=\"Telinha\" \/>\n\t<meta name=\"twitter:label2\" content=\"Tempo estimado de leitura\" \/>\n\t<meta name=\"twitter:data2\" content=\"2 minutos\" \/>\n<script type=\"application\/ld+json\" class=\"yoast-schema-graph\">{\"@context\":\"https:\/\/schema.org\",\"@graph\":[{\"@type\":\"Article\",\"@id\":\"https:\/\/portaltela.pt\/noticias\/2026\/03\/12\/iraque-em-foco-atualizacoes-recentes-em-analise\/#article\",\"isPartOf\":{\"@id\":\"https:\/\/portaltela.pt\/noticias\/2026\/03\/12\/iraque-em-foco-atualizacoes-recentes-em-analise\/\"},\"author\":{\"name\":\"Telinha\",\"@id\":\"https:\/\/portaltela.pt\/#\/schema\/person\/c4278d4a6028830caff9ee44b42d32ed\"},\"headline\":\"Iraque em foco: atualiza\u00e7\u00f5es recentes em an\u00e1lise\",\"datePublished\":\"2026-03-12T19:46:56+00:00\",\"mainEntityOfPage\":{\"@id\":\"https:\/\/portaltela.pt\/noticias\/2026\/03\/12\/iraque-em-foco-atualizacoes-recentes-em-analise\/\"},\"wordCount\":312,\"image\":{\"@id\":\"https:\/\/portaltela.pt\/noticias\/2026\/03\/12\/iraque-em-foco-atualizacoes-recentes-em-analise\/#primaryimage\"},\"thumbnailUrl\":\"https:\/\/portaltela.pt\/s.01k8rhncp4jt1\/2026\/03\/320x180_cmsv2_ba119317-c7da-5736-8800-44a5a2a686ec-9682491.jpg\",\"keywords\":[\"\u00c1sia\",\"diplomacia\",\"direitos humanos\",\"guerra\",\"Mossul\",\"Nowruz\"],\"articleSection\":[\"Conflitos\"],\"inLanguage\":\"pt-PT\"},{\"@type\":\"WebPage\",\"@id\":\"https:\/\/portaltela.pt\/noticias\/2026\/03\/12\/iraque-em-foco-atualizacoes-recentes-em-analise\/\",\"url\":\"https:\/\/portaltela.pt\/noticias\/2026\/03\/12\/iraque-em-foco-atualizacoes-recentes-em-analise\/\",\"name\":\"Iraque em foco: atualiza\u00e7\u00f5es recentes em an\u00e1lise - Portal Tela Portugal\",\"isPartOf\":{\"@id\":\"https:\/\/portaltela.pt\/#website\"},\"primaryImageOfPage\":{\"@id\":\"https:\/\/portaltela.pt\/noticias\/2026\/03\/12\/iraque-em-foco-atualizacoes-recentes-em-analise\/#primaryimage\"},\"image\":{\"@id\":\"https:\/\/portaltela.pt\/noticias\/2026\/03\/12\/iraque-em-foco-atualizacoes-recentes-em-analise\/#primaryimage\"},\"thumbnailUrl\":\"https:\/\/portaltela.pt\/s.01k8rhncp4jt1\/2026\/03\/320x180_cmsv2_ba119317-c7da-5736-8800-44a5a2a686ec-9682491.jpg\",\"datePublished\":\"2026-03-12T19:46:56+00:00\",\"author\":{\"@id\":\"https:\/\/portaltela.pt\/#\/schema\/person\/c4278d4a6028830caff9ee44b42d32ed\"},\"breadcrumb\":{\"@id\":\"https:\/\/portaltela.pt\/noticias\/2026\/03\/12\/iraque-em-foco-atualizacoes-recentes-em-analise\/#breadcrumb\"},\"inLanguage\":\"pt-PT\",\"potentialAction\":[{\"@type\":\"ReadAction\",\"target\":[\"https:\/\/portaltela.pt\/noticias\/2026\/03\/12\/iraque-em-foco-atualizacoes-recentes-em-analise\/\"]}]},{\"@type\":\"ImageObject\",\"inLanguage\":\"pt-PT\",\"@id\":\"https:\/\/portaltela.pt\/noticias\/2026\/03\/12\/iraque-em-foco-atualizacoes-recentes-em-analise\/#primaryimage\",\"url\":\"https:\/\/portaltela.pt\/s.01k8rhncp4jt1\/2026\/03\/320x180_cmsv2_ba119317-c7da-5736-8800-44a5a2a686ec-9682491.jpg\",\"contentUrl\":\"https:\/\/portaltela.pt\/s.01k8rhncp4jt1\/2026\/03\/320x180_cmsv2_ba119317-c7da-5736-8800-44a5a2a686ec-9682491.jpg\",\"width\":796,\"height\":448,\"caption\":\"Ataque ao aeroporto de Erbil no Iraque\"},{\"@type\":\"BreadcrumbList\",\"@id\":\"https:\/\/portaltela.pt\/noticias\/2026\/03\/12\/iraque-em-foco-atualizacoes-recentes-em-analise\/#breadcrumb\",\"itemListElement\":[{\"@type\":\"ListItem\",\"position\":1,\"name\":\"In\u00edcio\",\"item\":\"https:\/\/portaltela.pt\/\"},{\"@type\":\"ListItem\",\"position\":2,\"name\":\"Iraque em foco: atualiza\u00e7\u00f5es recentes em an\u00e1lise\"}]},{\"@type\":\"WebSite\",\"@id\":\"https:\/\/portaltela.pt\/#website\",\"url\":\"https:\/\/portaltela.pt\/\",\"name\":\"Portal Tela Portugal\",\"description\":\"\",\"potentialAction\":[{\"@type\":\"SearchAction\",\"target\":{\"@type\":\"EntryPoint\",\"urlTemplate\":\"https:\/\/portaltela.pt\/?s={search_term_string}\"},\"query-input\":{\"@type\":\"PropertyValueSpecification\",\"valueRequired\":true,\"valueName\":\"search_term_string\"}}],\"inLanguage\":\"pt-PT\"},{\"@type\":\"Person\",\"@id\":\"https:\/\/portaltela.pt\/#\/schema\/person\/c4278d4a6028830caff9ee44b42d32ed\",\"name\":\"Telinha\",\"image\":{\"@type\":\"ImageObject\",\"inLanguage\":\"pt-PT\",\"@id\":\"https:\/\/portaltela.pt\/s.01k8rhncp4jt1\/2025\/11\/talking-bot-125x125.png\",\"url\":\"https:\/\/portaltela.pt\/s.01k8rhncp4jt1\/2025\/11\/talking-bot-125x125.png\",\"contentUrl\":\"https:\/\/portaltela.pt\/s.01k8rhncp4jt1\/2025\/11\/talking-bot-125x125.png\",\"caption\":\"Telinha\"},\"sameAs\":[\"https:\/\/portaltela.pt\/\"],\"url\":\"https:\/\/portaltela.pt\/por\/367410592786\/\"}]}<\/script>\n<!-- \/ Yoast SEO plugin. -->","yoast_head_json":{"title":"Iraque em foco: atualiza\u00e7\u00f5es recentes em an\u00e1lise - Portal Tela Portugal","robots":{"index":"index","follow":"follow","max-snippet":"max-snippet:-1","max-image-preview":"max-image-preview:large","max-video-preview":"max-video-preview:-1"},"og_locale":"pt_PT","og_type":"article","og_title":"Iraque em foco: atualiza\u00e7\u00f5es recentes em an\u00e1lise - Portal Tela Portugal","og_description":"Erbil continua a ser alvo de ataques ap\u00f3s o ataque a uma base italiana na regi\u00e3o. Protestos violentos no centro de Bagdade deixaram feridos e apoiantes de Al-Sadr invadiram o Pal\u00e1cio Presidencial. Um inc\u00eandio num casamento no Iraque provocou mais de cem mortos, incluindo os noivos. A UNESCO lidera um projeto de restaura\u00e7\u00e3o de marcos hist\u00f3ricos em Mossul, com preparativos para a visita da diretora-geral Audrey Azoulay. A Uni\u00e3o Europeia condena a lei iraquiana que criminaliza a homossexualidade.","og_url":"https:\/\/portaltela.pt\/noticias\/2026\/03\/12\/iraque-em-foco-atualizacoes-recentes-em-analise\/","og_site_name":"Portal Tela Portugal","article_published_time":"2026-03-12T19:46:56+00:00","author":"Telinha","twitter_card":"summary_large_image","twitter_misc":{"Escrito por":"Telinha","Tempo estimado de leitura":"2 minutos"},"schema":{"@context":"https:\/\/schema.org","@graph":[{"@type":"Article","@id":"https:\/\/portaltela.pt\/noticias\/2026\/03\/12\/iraque-em-foco-atualizacoes-recentes-em-analise\/#article","isPartOf":{"@id":"https:\/\/portaltela.pt\/noticias\/2026\/03\/12\/iraque-em-foco-atualizacoes-recentes-em-analise\/"},"author":{"name":"Telinha","@id":"https:\/\/portaltela.pt\/#\/schema\/person\/c4278d4a6028830caff9ee44b42d32ed"},"headline":"Iraque em foco: atualiza\u00e7\u00f5es recentes em an\u00e1lise","datePublished":"2026-03-12T19:46:56+00:00","mainEntityOfPage":{"@id":"https:\/\/portaltela.pt\/noticias\/2026\/03\/12\/iraque-em-foco-atualizacoes-recentes-em-analise\/"},"wordCount":312,"image":{"@id":"https:\/\/portaltela.pt\/noticias\/2026\/03\/12\/iraque-em-foco-atualizacoes-recentes-em-analise\/#primaryimage"},"thumbnailUrl":"https:\/\/portaltela.pt\/s.01k8rhncp4jt1\/2026\/03\/320x180_cmsv2_ba119317-c7da-5736-8800-44a5a2a686ec-9682491.jpg","keywords":["\u00c1sia","diplomacia","direitos humanos","guerra","Mossul","Nowruz"],"articleSection":["Conflitos"],"inLanguage":"pt-PT"},{"@type":"WebPage","@id":"https:\/\/portaltela.pt\/noticias\/2026\/03\/12\/iraque-em-foco-atualizacoes-recentes-em-analise\/","url":"https:\/\/portaltela.pt\/noticias\/2026\/03\/12\/iraque-em-foco-atualizacoes-recentes-em-analise\/","name":"Iraque em foco: atualiza\u00e7\u00f5es recentes em an\u00e1lise - Portal Tela Portugal","isPartOf":{"@id":"https:\/\/portaltela.pt\/#website"},"primaryImageOfPage":{"@id":"https:\/\/portaltela.pt\/noticias\/2026\/03\/12\/iraque-em-foco-atualizacoes-recentes-em-analise\/#primaryimage"},"image":{"@id":"https:\/\/portaltela.pt\/noticias\/2026\/03\/12\/iraque-em-foco-atualizacoes-recentes-em-analise\/#primaryimage"},"thumbnailUrl":"https:\/\/portaltela.pt\/s.01k8rhncp4jt1\/2026\/03\/320x180_cmsv2_ba119317-c7da-5736-8800-44a5a2a686ec-9682491.jpg","datePublished":"2026-03-12T19:46:56+00:00","author":{"@id":"https:\/\/portaltela.pt\/#\/schema\/person\/c4278d4a6028830caff9ee44b42d32ed"},"breadcrumb":{"@id":"https:\/\/portaltela.pt\/noticias\/2026\/03\/12\/iraque-em-foco-atualizacoes-recentes-em-analise\/#breadcrumb"},"inLanguage":"pt-PT","potentialAction":[{"@type":"ReadAction","target":["https:\/\/portaltela.pt\/noticias\/2026\/03\/12\/iraque-em-foco-atualizacoes-recentes-em-analise\/"]}]},{"@type":"ImageObject","inLanguage":"pt-PT","@id":"https:\/\/portaltela.pt\/noticias\/2026\/03\/12\/iraque-em-foco-atualizacoes-recentes-em-analise\/#primaryimage","url":"https:\/\/portaltela.pt\/s.01k8rhncp4jt1\/2026\/03\/320x180_cmsv2_ba119317-c7da-5736-8800-44a5a2a686ec-9682491.jpg","contentUrl":"https:\/\/portaltela.pt\/s.01k8rhncp4jt1\/2026\/03\/320x180_cmsv2_ba119317-c7da-5736-8800-44a5a2a686ec-9682491.jpg","width":796,"height":448,"caption":"Ataque ao aeroporto de Erbil no Iraque"},{"@type":"BreadcrumbList","@id":"https:\/\/portaltela.pt\/noticias\/2026\/03\/12\/iraque-em-foco-atualizacoes-recentes-em-analise\/#breadcrumb","itemListElement":[{"@type":"ListItem","position":1,"name":"In\u00edcio","item":"https:\/\/portaltela.pt\/"},{"@type":"ListItem","position":2,"name":"Iraque em foco: atualiza\u00e7\u00f5es recentes em an\u00e1lise"}]},{"@type":"WebSite","@id":"https:\/\/portaltela.pt\/#website","url":"https:\/\/portaltela.pt\/","name":"Portal Tela Portugal","description":"","potentialAction":[{"@type":"SearchAction","target":{"@type":"EntryPoint","urlTemplate":"https:\/\/portaltela.pt\/?s={search_term_string}"},"query-input":{"@type":"PropertyValueSpecification","valueRequired":true,"valueName":"search_term_string"}}],"inLanguage":"pt-PT"},{"@type":"Person","@id":"https:\/\/portaltela.pt\/#\/schema\/person\/c4278d4a6028830caff9ee44b42d32ed","name":"Telinha","image":{"@type":"ImageObject","inLanguage":"pt-PT","@id":"https:\/\/portaltela.pt\/s.01k8rhncp4jt1\/2025\/11\/talking-bot-125x125.png","url":"https:\/\/portaltela.pt\/s.01k8rhncp4jt1\/2025\/11\/talking-bot-125x125.png","contentUrl":"https:\/\/portaltela.pt\/s.01k8rhncp4jt1\/2025\/11\/talking-bot-125x125.png","caption":"Telinha"},"sameAs":["https:\/\/portaltela.pt\/"],"url":"https:\/\/portaltela.pt\/por\/367410592786\/"}]}},"_links":{"self":[{"href":"https:\/\/portaltela.pt\/api\/wp\/v2\/posts\/407961","targetHints":{"allow":["GET"]}}],"collection":[{"href":"https:\/\/portaltela.pt\/api\/wp\/v2\/posts"}],"about":[{"href":"https:\/\/portaltela.pt\/api\/wp\/v2\/types\/post"}],"author":[{"embeddable":true,"href":"https:\/\/portaltela.pt\/api\/wp\/v2\/users\/2"}],"replies":[{"embeddable":true,"href":"https:\/\/portaltela.pt\/api\/wp\/v2\/comments?post=407961"}],"version-history":[{"count":0,"href":"https:\/\/portaltela.pt\/api\/wp\/v2\/posts\/407961\/revisions"}],"wp:featuredmedia":[{"embeddable":true,"href":"https:\/\/portaltela.pt\/api\/wp\/v2\/media\/407963"}],"wp:attachment":[{"href":"https:\/\/portaltela.pt\/api\/wp\/v2\/media?parent=407961"}],"wp:term":[{"taxonomy":"category","embeddable":true,"href":"https:\/\/portaltela.pt\/api\/wp\/v2\/categories?post=407961"},{"taxonomy":"post_tag","embeddable":true,"href":"https:\/\/portaltela.pt\/api\/wp\/v2\/tags?post=407961"}],"curies":[{"name":"wp","href":"https:\/\/api.w.org\/{rel}","templated":true}]}}