{"id":407954,"date":"2026-03-12T16:46:49","date_gmt":"2026-03-12T19:46:49","guid":{"rendered":"https:\/\/portaltela.pt\/noticias\/2026\/03\/12\/erbil-continua-sob-ataques-apos-investida-contra-base-italiana\/"},"modified":"2026-03-12T16:46:49","modified_gmt":"2026-03-12T19:46:49","slug":"erbil-continua-sob-ataques-apos-investida-contra-base-italiana","status":"publish","type":"post","link":"https:\/\/portaltela.pt\/guerra\/2026\/03\/12\/erbil-continua-sob-ataques-apos-investida-contra-base-italiana\/","title":{"rendered":"Erbil continua sob ataques ap\u00f3s investida contra base italiana"},"content":{"rendered":"<p>Erbil voltou a ser alvo de ataques na sequ\u00eancia do ataque \u00e0 base italiana de Camp Singara. O aeroporto internacional da cidade, no Curdist\u00e3o iraquiano, foi atingido, com uma coluna de fumo vis\u00edvel, e houve duas explos\u00f5es adicionais na urbe. Drones foram intercetados pelas defesas a\u00e9reas.<\/p>\n<p>Na noite de 11 para 12 de mar\u00e7o, ataques anteriores atingiram tamb\u00e9m a base italiana em Camp Singara. O contingente italiano est\u00e1 na regi\u00e3o desde 2014, no \u00e2mbito da miss\u00e3o Prima Parthica, para treinar as for\u00e7as Peshmerga a pedido do Governo do Iraque.<\/p>\n<p>141 soldados italianos estavam no local; todos sa\u00edram ilesos gra\u00e7as a medidas de seguran\u00e7a e ao sistema de alerta precoce. O comandante italiano, Coronel Stefano Pizzotti, indicou que as tropas migraram para zonas protegidas designadas, como fortifica\u00e7\u00f5es de bunker.<\/p>\n<h3>Respons\u00e1veis pelo ataque e desdobramentos<\/h3>\n<p>O Minist\u00e9rio da Defesa italiano confirmou a natureza deliberada do ataque, classificando Erbil como alvo ligado a instala\u00e7\u00f5es da NATO e dos EUA. Reporta-se que 102 militares j\u00e1 regressaram a casa, e cerca de 40 foram transferidos para a Jord\u00e2nia. O regresso do restante dever\u00e1 ocorrer por via terrestre, possivelmente pela Turquia.<\/p>\n<p>O ataque foi reivindicado por um grupo armado iraquiano pr\u00f3-iraniano, as Brigadas da Guarda Sanguin\u00e1ria, que confirmou nas redes sociais a\u00e7\u00f5es contra instala\u00e7\u00f5es ligadas aos EUA no Iraque. Erbil continua a ser um polo estrat\u00e9gico para contingentes internacionais na regi\u00e3o.<\/p>\n<p>O epis\u00f3dio ocorre num contexto de tens\u00f5es crescentes no Iraque e na regi\u00e3o, com a cidade a acolher instala\u00e7\u00f5es militares e diplom\u00e1ticas de v\u00e1rias pot\u00eancias, incluindo os EUA, contribuindo para a sua import\u00e2ncia estrat\u00e9gica.<\/p>\n","protected":false},"excerpt":{"rendered":"<ul>\n<li>Novo ataque atingiu o aeroporto internacional de Erbil, no Curdist\u00e3o iraquiano, sendo a terceira a\u00e7\u00e3o nas \u00faltimas horas, com fumo vis\u00edvel na zona afetada e drones interceptados pelas defesas a\u00e9reas.<\/li>\n<li>O ataque anterior visou a base italiana de Camp Singara, onde o contingente est\u00e1 desde 2014 na miss\u00e3o Prima Parthica, provocando um inc\u00eandio em alguns ve\u00edculos.<\/li>\n<li>Os 141 soldados italianos na base sa\u00edram ilesos gra\u00e7as \u00e0s medidas de seguran\u00e7a; cerca de 40 j\u00e1 foram transferidos para a Jord\u00e2nia e o regresso total dever\u00e1 ocorrer por terra, possivelmente via a Turquia.<\/li>\n<li>O ministro da Defesa, Guido Crosetto, confirmou a natureza deliberada do ataque a uma base da NATO e americana; a opera\u00e7\u00e3o de retirada continua, com parte j\u00e1 em casa.<\/li>\n<li>O ataque foi reivindicado por Brigadas da Guarda Sanguin\u00e1ria, grupo iraquiano pr\u00f3-iraniano, que divulgou nas redes sociais a\u00e7\u00f5es contra instala\u00e7\u00f5es ligadas aos EUA no Iraque.<\/li>\n<\/ul>\n","protected":false},"author":2,"featured_media":407959,"comment_status":"closed","ping_status":"closed","sticky":false,"template":"","format":"standard","meta":{"footnotes":""},"categories":[6790,6804],"tags":[5267,3399,1779,81,1857],"class_list":["post-407954","post","type-post","status-publish","format-standard","has-post-thumbnail","hentry","category-conflitos","category-guerra","tag-ataques","tag-erbil","tag-forcas-armadas","tag-internacionais","tag-italia"],"yoast_head":"<!-- This site is optimized with the Yoast SEO plugin v27.2 - https:\/\/yoast.com\/product\/yoast-seo-wordpress\/ -->\n<title>Erbil continua sob ataques ap\u00f3s investida contra base italiana - Portal Tela Portugal<\/title>\n<meta name=\"robots\" content=\"index, follow, max-snippet:-1, max-image-preview:large, max-video-preview:-1\" \/>\n<meta property=\"og:locale\" content=\"pt_PT\" \/>\n<meta property=\"og:type\" content=\"article\" \/>\n<meta property=\"og:title\" content=\"Erbil continua sob ataques ap\u00f3s investida contra base italiana - Portal Tela Portugal\" \/>\n<meta property=\"og:description\" content=\"Novo ataque atingiu o aeroporto internacional de Erbil, no Curdist\u00e3o iraquiano, sendo a terceira a\u00e7\u00e3o nas \u00faltimas horas, com fumo vis\u00edvel na zona afetada e drones interceptados pelas defesas a\u00e9reas. O ataque anterior visou a base italiana de Camp Singara, onde o contingente est\u00e1 desde 2014 na miss\u00e3o Prima Parthica, provocando um inc\u00eandio em alguns ve\u00edculos. Os 141 soldados italianos na base sa\u00edram ilesos gra\u00e7as \u00e0s medidas de seguran\u00e7a; cerca de 40 j\u00e1 foram transferidos para a Jord\u00e2nia e o regresso total dever\u00e1 ocorrer por terra, possivelmente via a Turquia. O ministro da Defesa, Guido Crosetto, confirmou a natureza deliberada do ataque a uma base da NATO e americana; a opera\u00e7\u00e3o de retirada continua, com parte j\u00e1 em casa. O ataque foi reivindicado por Brigadas da Guarda Sanguin\u00e1ria, grupo iraquiano pr\u00f3-iraniano, que divulgou nas redes sociais a\u00e7\u00f5es contra instala\u00e7\u00f5es ligadas aos EUA no Iraque.\" \/>\n<meta property=\"og:url\" content=\"https:\/\/portaltela.pt\/noticias\/2026\/03\/12\/erbil-continua-sob-ataques-apos-investida-contra-base-italiana\/\" \/>\n<meta property=\"og:site_name\" content=\"Portal Tela Portugal\" \/>\n<meta property=\"article:published_time\" content=\"2026-03-12T19:46:49+00:00\" \/>\n<meta name=\"author\" content=\"Telinha\" \/>\n<meta name=\"twitter:card\" content=\"summary_large_image\" \/>\n<meta name=\"twitter:label1\" content=\"Escrito por\" \/>\n\t<meta name=\"twitter:data1\" content=\"Telinha\" \/>\n\t<meta name=\"twitter:label2\" content=\"Tempo estimado de leitura\" \/>\n\t<meta name=\"twitter:data2\" content=\"1 minuto\" \/>\n<script type=\"application\/ld+json\" class=\"yoast-schema-graph\">{\"@context\":\"https:\/\/schema.org\",\"@graph\":[{\"@type\":\"Article\",\"@id\":\"https:\/\/portaltela.pt\/noticias\/2026\/03\/12\/erbil-continua-sob-ataques-apos-investida-contra-base-italiana\/#article\",\"isPartOf\":{\"@id\":\"https:\/\/portaltela.pt\/noticias\/2026\/03\/12\/erbil-continua-sob-ataques-apos-investida-contra-base-italiana\/\"},\"author\":{\"name\":\"Telinha\",\"@id\":\"https:\/\/portaltela.pt\/#\/schema\/person\/c4278d4a6028830caff9ee44b42d32ed\"},\"headline\":\"Erbil continua sob ataques ap\u00f3s investida contra base italiana\",\"datePublished\":\"2026-03-12T19:46:49+00:00\",\"mainEntityOfPage\":{\"@id\":\"https:\/\/portaltela.pt\/noticias\/2026\/03\/12\/erbil-continua-sob-ataques-apos-investida-contra-base-italiana\/\"},\"wordCount\":295,\"image\":{\"@id\":\"https:\/\/portaltela.pt\/noticias\/2026\/03\/12\/erbil-continua-sob-ataques-apos-investida-contra-base-italiana\/#primaryimage\"},\"thumbnailUrl\":\"https:\/\/portaltela.pt\/s.01k8rhncp4jt1\/2026\/03\/1536x864_cmsv2_ba119317-c7da-5736-8800-44a5a2a686ec-9682491.jpg\",\"keywords\":[\"ataques\",\"Erbil\",\"For\u00e7as Armadas\",\"internacionais\",\"It\u00e1lia\"],\"articleSection\":[\"Conflitos\",\"Guerra\"],\"inLanguage\":\"pt-PT\"},{\"@type\":\"WebPage\",\"@id\":\"https:\/\/portaltela.pt\/noticias\/2026\/03\/12\/erbil-continua-sob-ataques-apos-investida-contra-base-italiana\/\",\"url\":\"https:\/\/portaltela.pt\/noticias\/2026\/03\/12\/erbil-continua-sob-ataques-apos-investida-contra-base-italiana\/\",\"name\":\"Erbil continua sob ataques ap\u00f3s investida contra base italiana - Portal Tela Portugal\",\"isPartOf\":{\"@id\":\"https:\/\/portaltela.pt\/#website\"},\"primaryImageOfPage\":{\"@id\":\"https:\/\/portaltela.pt\/noticias\/2026\/03\/12\/erbil-continua-sob-ataques-apos-investida-contra-base-italiana\/#primaryimage\"},\"image\":{\"@id\":\"https:\/\/portaltela.pt\/noticias\/2026\/03\/12\/erbil-continua-sob-ataques-apos-investida-contra-base-italiana\/#primaryimage\"},\"thumbnailUrl\":\"https:\/\/portaltela.pt\/s.01k8rhncp4jt1\/2026\/03\/1536x864_cmsv2_ba119317-c7da-5736-8800-44a5a2a686ec-9682491.jpg\",\"datePublished\":\"2026-03-12T19:46:49+00:00\",\"author\":{\"@id\":\"https:\/\/portaltela.pt\/#\/schema\/person\/c4278d4a6028830caff9ee44b42d32ed\"},\"breadcrumb\":{\"@id\":\"https:\/\/portaltela.pt\/noticias\/2026\/03\/12\/erbil-continua-sob-ataques-apos-investida-contra-base-italiana\/#breadcrumb\"},\"inLanguage\":\"pt-PT\",\"potentialAction\":[{\"@type\":\"ReadAction\",\"target\":[\"https:\/\/portaltela.pt\/noticias\/2026\/03\/12\/erbil-continua-sob-ataques-apos-investida-contra-base-italiana\/\"]}]},{\"@type\":\"ImageObject\",\"inLanguage\":\"pt-PT\",\"@id\":\"https:\/\/portaltela.pt\/noticias\/2026\/03\/12\/erbil-continua-sob-ataques-apos-investida-contra-base-italiana\/#primaryimage\",\"url\":\"https:\/\/portaltela.pt\/s.01k8rhncp4jt1\/2026\/03\/1536x864_cmsv2_ba119317-c7da-5736-8800-44a5a2a686ec-9682491.jpg\",\"contentUrl\":\"https:\/\/portaltela.pt\/s.01k8rhncp4jt1\/2026\/03\/1536x864_cmsv2_ba119317-c7da-5736-8800-44a5a2a686ec-9682491.jpg\",\"width\":796,\"height\":448,\"caption\":\"Ataque ao aeroporto de Erbil no Iraque\"},{\"@type\":\"BreadcrumbList\",\"@id\":\"https:\/\/portaltela.pt\/noticias\/2026\/03\/12\/erbil-continua-sob-ataques-apos-investida-contra-base-italiana\/#breadcrumb\",\"itemListElement\":[{\"@type\":\"ListItem\",\"position\":1,\"name\":\"In\u00edcio\",\"item\":\"https:\/\/portaltela.pt\/\"},{\"@type\":\"ListItem\",\"position\":2,\"name\":\"Erbil continua sob ataques ap\u00f3s investida contra base italiana\"}]},{\"@type\":\"WebSite\",\"@id\":\"https:\/\/portaltela.pt\/#website\",\"url\":\"https:\/\/portaltela.pt\/\",\"name\":\"Portal Tela Portugal\",\"description\":\"\",\"potentialAction\":[{\"@type\":\"SearchAction\",\"target\":{\"@type\":\"EntryPoint\",\"urlTemplate\":\"https:\/\/portaltela.pt\/?s={search_term_string}\"},\"query-input\":{\"@type\":\"PropertyValueSpecification\",\"valueRequired\":true,\"valueName\":\"search_term_string\"}}],\"inLanguage\":\"pt-PT\"},{\"@type\":\"Person\",\"@id\":\"https:\/\/portaltela.pt\/#\/schema\/person\/c4278d4a6028830caff9ee44b42d32ed\",\"name\":\"Telinha\",\"image\":{\"@type\":\"ImageObject\",\"inLanguage\":\"pt-PT\",\"@id\":\"https:\/\/portaltela.pt\/s.01k8rhncp4jt1\/2025\/11\/talking-bot-125x125.png\",\"url\":\"https:\/\/portaltela.pt\/s.01k8rhncp4jt1\/2025\/11\/talking-bot-125x125.png\",\"contentUrl\":\"https:\/\/portaltela.pt\/s.01k8rhncp4jt1\/2025\/11\/talking-bot-125x125.png\",\"caption\":\"Telinha\"},\"sameAs\":[\"https:\/\/portaltela.pt\/\"],\"url\":\"https:\/\/portaltela.pt\/por\/367410592786\/\"}]}<\/script>\n<!-- \/ Yoast SEO plugin. -->","yoast_head_json":{"title":"Erbil continua sob ataques ap\u00f3s investida contra base italiana - Portal Tela Portugal","robots":{"index":"index","follow":"follow","max-snippet":"max-snippet:-1","max-image-preview":"max-image-preview:large","max-video-preview":"max-video-preview:-1"},"og_locale":"pt_PT","og_type":"article","og_title":"Erbil continua sob ataques ap\u00f3s investida contra base italiana - Portal Tela Portugal","og_description":"Novo ataque atingiu o aeroporto internacional de Erbil, no Curdist\u00e3o iraquiano, sendo a terceira a\u00e7\u00e3o nas \u00faltimas horas, com fumo vis\u00edvel na zona afetada e drones interceptados pelas defesas a\u00e9reas. O ataque anterior visou a base italiana de Camp Singara, onde o contingente est\u00e1 desde 2014 na miss\u00e3o Prima Parthica, provocando um inc\u00eandio em alguns ve\u00edculos. Os 141 soldados italianos na base sa\u00edram ilesos gra\u00e7as \u00e0s medidas de seguran\u00e7a; cerca de 40 j\u00e1 foram transferidos para a Jord\u00e2nia e o regresso total dever\u00e1 ocorrer por terra, possivelmente via a Turquia. O ministro da Defesa, Guido Crosetto, confirmou a natureza deliberada do ataque a uma base da NATO e americana; a opera\u00e7\u00e3o de retirada continua, com parte j\u00e1 em casa. O ataque foi reivindicado por Brigadas da Guarda Sanguin\u00e1ria, grupo iraquiano pr\u00f3-iraniano, que divulgou nas redes sociais a\u00e7\u00f5es contra instala\u00e7\u00f5es ligadas aos EUA no Iraque.","og_url":"https:\/\/portaltela.pt\/noticias\/2026\/03\/12\/erbil-continua-sob-ataques-apos-investida-contra-base-italiana\/","og_site_name":"Portal Tela Portugal","article_published_time":"2026-03-12T19:46:49+00:00","author":"Telinha","twitter_card":"summary_large_image","twitter_misc":{"Escrito por":"Telinha","Tempo estimado de leitura":"1 minuto"},"schema":{"@context":"https:\/\/schema.org","@graph":[{"@type":"Article","@id":"https:\/\/portaltela.pt\/noticias\/2026\/03\/12\/erbil-continua-sob-ataques-apos-investida-contra-base-italiana\/#article","isPartOf":{"@id":"https:\/\/portaltela.pt\/noticias\/2026\/03\/12\/erbil-continua-sob-ataques-apos-investida-contra-base-italiana\/"},"author":{"name":"Telinha","@id":"https:\/\/portaltela.pt\/#\/schema\/person\/c4278d4a6028830caff9ee44b42d32ed"},"headline":"Erbil continua sob ataques ap\u00f3s investida contra base italiana","datePublished":"2026-03-12T19:46:49+00:00","mainEntityOfPage":{"@id":"https:\/\/portaltela.pt\/noticias\/2026\/03\/12\/erbil-continua-sob-ataques-apos-investida-contra-base-italiana\/"},"wordCount":295,"image":{"@id":"https:\/\/portaltela.pt\/noticias\/2026\/03\/12\/erbil-continua-sob-ataques-apos-investida-contra-base-italiana\/#primaryimage"},"thumbnailUrl":"https:\/\/portaltela.pt\/s.01k8rhncp4jt1\/2026\/03\/1536x864_cmsv2_ba119317-c7da-5736-8800-44a5a2a686ec-9682491.jpg","keywords":["ataques","Erbil","For\u00e7as Armadas","internacionais","It\u00e1lia"],"articleSection":["Conflitos","Guerra"],"inLanguage":"pt-PT"},{"@type":"WebPage","@id":"https:\/\/portaltela.pt\/noticias\/2026\/03\/12\/erbil-continua-sob-ataques-apos-investida-contra-base-italiana\/","url":"https:\/\/portaltela.pt\/noticias\/2026\/03\/12\/erbil-continua-sob-ataques-apos-investida-contra-base-italiana\/","name":"Erbil continua sob ataques ap\u00f3s investida contra base italiana - Portal Tela Portugal","isPartOf":{"@id":"https:\/\/portaltela.pt\/#website"},"primaryImageOfPage":{"@id":"https:\/\/portaltela.pt\/noticias\/2026\/03\/12\/erbil-continua-sob-ataques-apos-investida-contra-base-italiana\/#primaryimage"},"image":{"@id":"https:\/\/portaltela.pt\/noticias\/2026\/03\/12\/erbil-continua-sob-ataques-apos-investida-contra-base-italiana\/#primaryimage"},"thumbnailUrl":"https:\/\/portaltela.pt\/s.01k8rhncp4jt1\/2026\/03\/1536x864_cmsv2_ba119317-c7da-5736-8800-44a5a2a686ec-9682491.jpg","datePublished":"2026-03-12T19:46:49+00:00","author":{"@id":"https:\/\/portaltela.pt\/#\/schema\/person\/c4278d4a6028830caff9ee44b42d32ed"},"breadcrumb":{"@id":"https:\/\/portaltela.pt\/noticias\/2026\/03\/12\/erbil-continua-sob-ataques-apos-investida-contra-base-italiana\/#breadcrumb"},"inLanguage":"pt-PT","potentialAction":[{"@type":"ReadAction","target":["https:\/\/portaltela.pt\/noticias\/2026\/03\/12\/erbil-continua-sob-ataques-apos-investida-contra-base-italiana\/"]}]},{"@type":"ImageObject","inLanguage":"pt-PT","@id":"https:\/\/portaltela.pt\/noticias\/2026\/03\/12\/erbil-continua-sob-ataques-apos-investida-contra-base-italiana\/#primaryimage","url":"https:\/\/portaltela.pt\/s.01k8rhncp4jt1\/2026\/03\/1536x864_cmsv2_ba119317-c7da-5736-8800-44a5a2a686ec-9682491.jpg","contentUrl":"https:\/\/portaltela.pt\/s.01k8rhncp4jt1\/2026\/03\/1536x864_cmsv2_ba119317-c7da-5736-8800-44a5a2a686ec-9682491.jpg","width":796,"height":448,"caption":"Ataque ao aeroporto de Erbil no Iraque"},{"@type":"BreadcrumbList","@id":"https:\/\/portaltela.pt\/noticias\/2026\/03\/12\/erbil-continua-sob-ataques-apos-investida-contra-base-italiana\/#breadcrumb","itemListElement":[{"@type":"ListItem","position":1,"name":"In\u00edcio","item":"https:\/\/portaltela.pt\/"},{"@type":"ListItem","position":2,"name":"Erbil continua sob ataques ap\u00f3s investida contra base italiana"}]},{"@type":"WebSite","@id":"https:\/\/portaltela.pt\/#website","url":"https:\/\/portaltela.pt\/","name":"Portal Tela Portugal","description":"","potentialAction":[{"@type":"SearchAction","target":{"@type":"EntryPoint","urlTemplate":"https:\/\/portaltela.pt\/?s={search_term_string}"},"query-input":{"@type":"PropertyValueSpecification","valueRequired":true,"valueName":"search_term_string"}}],"inLanguage":"pt-PT"},{"@type":"Person","@id":"https:\/\/portaltela.pt\/#\/schema\/person\/c4278d4a6028830caff9ee44b42d32ed","name":"Telinha","image":{"@type":"ImageObject","inLanguage":"pt-PT","@id":"https:\/\/portaltela.pt\/s.01k8rhncp4jt1\/2025\/11\/talking-bot-125x125.png","url":"https:\/\/portaltela.pt\/s.01k8rhncp4jt1\/2025\/11\/talking-bot-125x125.png","contentUrl":"https:\/\/portaltela.pt\/s.01k8rhncp4jt1\/2025\/11\/talking-bot-125x125.png","caption":"Telinha"},"sameAs":["https:\/\/portaltela.pt\/"],"url":"https:\/\/portaltela.pt\/por\/367410592786\/"}]}},"_links":{"self":[{"href":"https:\/\/portaltela.pt\/api\/wp\/v2\/posts\/407954","targetHints":{"allow":["GET"]}}],"collection":[{"href":"https:\/\/portaltela.pt\/api\/wp\/v2\/posts"}],"about":[{"href":"https:\/\/portaltela.pt\/api\/wp\/v2\/types\/post"}],"author":[{"embeddable":true,"href":"https:\/\/portaltela.pt\/api\/wp\/v2\/users\/2"}],"replies":[{"embeddable":true,"href":"https:\/\/portaltela.pt\/api\/wp\/v2\/comments?post=407954"}],"version-history":[{"count":0,"href":"https:\/\/portaltela.pt\/api\/wp\/v2\/posts\/407954\/revisions"}],"wp:featuredmedia":[{"embeddable":true,"href":"https:\/\/portaltela.pt\/api\/wp\/v2\/media\/407959"}],"wp:attachment":[{"href":"https:\/\/portaltela.pt\/api\/wp\/v2\/media?parent=407954"}],"wp:term":[{"taxonomy":"category","embeddable":true,"href":"https:\/\/portaltela.pt\/api\/wp\/v2\/categories?post=407954"},{"taxonomy":"post_tag","embeddable":true,"href":"https:\/\/portaltela.pt\/api\/wp\/v2\/tags?post=407954"}],"curies":[{"name":"wp","href":"https:\/\/api.w.org\/{rel}","templated":true}]}}