{"id":407946,"date":"2026-03-12T16:27:18","date_gmt":"2026-03-12T19:27:18","guid":{"rendered":"https:\/\/portaltela.pt\/noticias\/2026\/03\/12\/governo-anuncia-aumento-de-verbas-para-ensino-artistico-sem-compromissos-firmes\/"},"modified":"2026-03-12T16:27:18","modified_gmt":"2026-03-12T19:27:18","slug":"governo-anuncia-aumento-de-verbas-para-ensino-artistico-sem-compromissos-firmes","status":"publish","type":"post","link":"https:\/\/portaltela.pt\/noticias\/2026\/03\/12\/governo-anuncia-aumento-de-verbas-para-ensino-artistico-sem-compromissos-firmes\/","title":{"rendered":"Governo anuncia aumento de verbas para ensino art\u00edstico, sem compromissos firmes"},"content":{"rendered":"<p>O Governo quer aumentar o financiamento para o ensino art\u00edstico especializado, mas ainda n\u00e3o apresentou compromissos concretos. O Minist\u00e9rio da Educa\u00e7\u00e3o anunciou revisar o enquadramento dos contratos de patroc\u00ednio com as escolas, sem confirmar valores.<\/p>\n<p>O objetivo \u00e9 valorizar as verbas pagas \u00e0s escolas, que n\u00e3o s\u00e3o atualizadas desde 2009. Atualmente, o Estado financia cerca de 31 mil alunos em escolas privadas deste ensino, em todo o pa\u00eds.<\/p>\n<p>O secret\u00e1rio de Estado Adjunto e da Educa\u00e7\u00e3o, Alexandre Homem Cristo, afirmou que n\u00e3o adianta apresentarem propostas ainda por fechar. Disse que \u00e9 preciso encontrar um racional que reflita necessidades reais e limita\u00e7\u00f5es or\u00e7amentais.<\/p>\n<h3>Enquadramento e posi\u00e7\u00e3o do Governo<\/h3>\n<p>O governou vai avaliar a disponibilidade or\u00e7amental global para os contratos de patroc\u00ednio, bem como a rede de ensino art\u00edstico especializado e a distribui\u00e7\u00e3o de vagas. S\u00f3 depois haver\u00e1 nova reuni\u00e3o com as escolas.<\/p>\n<p>O secret\u00e1rio garantiu que o valor n\u00e3o ser\u00e1 refor\u00e7ado \u00e0 custa do n\u00famero de alunos financiados. A ideia \u00e9 encontrar uma solu\u00e7\u00e3o que possa beneficiar o setor sem comprometer outras \u00e1reas do or\u00e7amento.<\/p>\n<h3>Protesto em Lisboa<\/h3>\n<p>Representantes de escolas privadas de ensino art\u00edstico especializado reuniram-se em frente ao Minist\u00e9rio da Educa\u00e7\u00e3o, Ci\u00eancia e Inova\u00e7\u00e3o, em Lisboa, para exigir financiamento est\u00e1vel e atualiza\u00e7\u00e3o. O encontro contou com centenas de alunos e professores provenientes de v\u00e1rias regi\u00f5es.<\/p>\n<p>O diretor pedag\u00f3gico da Escola de M\u00fasica Nossa Senhora do Cabo, em Linda-a-Velha, destacou a import\u00e2ncia hist\u00f3rica do setor e pediu que a reuni\u00e3o de hoje seja apenas o primeiro de v\u00e1rios passos no di\u00e1logo com a tutela.<\/p>\n","protected":false},"excerpt":{"rendered":"<ul>\n<li>O Governo quer aumentar o financiamento para o ensino art\u00edstico privado, mas ainda n\u00e3o apresentou propostas concretas.<\/li>\n<li>Os contratos de patroc\u00ednio, que n\u00e3o sofrem aumento desde 2009, hoje pagam acima de 3.000 euros por ano por aluno; em 2014\/2015 o valor caiu para 2.600 euros.<\/li>\n<li>O secret\u00e1rio de Estado Adjunto e da Educa\u00e7\u00e3o, Alexandre Homem Cristo, afirmou que h\u00e1 necessidade de atualiza\u00e7\u00e3o, mas n\u00e3o deu percentuais nem garantias de valores.<\/li>\n<li>O Governo vai avaliar a disponibilidade or\u00e7amental, a rede de ensino art\u00edstico especializado e a distribui\u00e7\u00e3o de vagas, e s\u00f3 depois voltar\u00e1 a reunir com as escolas.<\/li>\n<li>No total, o Estado financia cerca de 31 mil alunos em escolas privadas, com centenas de alunos e professores a protestar em Lisboa frente ao Minist\u00e9rio.<\/li>\n<\/ul>\n","protected":false},"author":2,"featured_media":407947,"comment_status":"closed","ping_status":"closed","sticky":false,"template":"","format":"standard","meta":{"footnotes":""},"categories":[1],"tags":[28,163,101,981,2783,97],"class_list":["post-407946","post","type-post","status-publish","format-standard","has-post-thumbnail","hentry","category-noticias","tag-economia","tag-educacao","tag-escolas","tag-lisboa","tag-patrocinio","tag-professores"],"yoast_head":"<!-- This site is optimized with the Yoast SEO plugin v27.2 - https:\/\/yoast.com\/product\/yoast-seo-wordpress\/ -->\n<title>Governo anuncia aumento de verbas para ensino art\u00edstico, sem compromissos firmes - Portal Tela Portugal<\/title>\n<meta name=\"robots\" content=\"index, follow, max-snippet:-1, max-image-preview:large, max-video-preview:-1\" \/>\n<meta property=\"og:locale\" content=\"pt_PT\" \/>\n<meta property=\"og:type\" content=\"article\" \/>\n<meta property=\"og:title\" content=\"Governo anuncia aumento de verbas para ensino art\u00edstico, sem compromissos firmes - Portal Tela Portugal\" \/>\n<meta property=\"og:description\" content=\"O Governo quer aumentar o financiamento para o ensino art\u00edstico privado, mas ainda n\u00e3o apresentou propostas concretas. Os contratos de patroc\u00ednio, que n\u00e3o sofrem aumento desde 2009, hoje pagam acima de 3.000 euros por ano por aluno; em 2014\/2015 o valor caiu para 2.600 euros. O secret\u00e1rio de Estado Adjunto e da Educa\u00e7\u00e3o, Alexandre Homem Cristo, afirmou que h\u00e1 necessidade de atualiza\u00e7\u00e3o, mas n\u00e3o deu percentuais nem garantias de valores. O Governo vai avaliar a disponibilidade or\u00e7amental, a rede de ensino art\u00edstico especializado e a distribui\u00e7\u00e3o de vagas, e s\u00f3 depois voltar\u00e1 a reunir com as escolas. No total, o Estado financia cerca de 31 mil alunos em escolas privadas, com centenas de alunos e professores a protestar em Lisboa frente ao Minist\u00e9rio.\" \/>\n<meta property=\"og:url\" content=\"https:\/\/portaltela.pt\/noticias\/2026\/03\/12\/governo-anuncia-aumento-de-verbas-para-ensino-artistico-sem-compromissos-firmes\/\" \/>\n<meta property=\"og:site_name\" content=\"Portal Tela Portugal\" \/>\n<meta property=\"article:published_time\" content=\"2026-03-12T19:27:18+00:00\" \/>\n<meta name=\"author\" content=\"Telinha\" \/>\n<meta name=\"twitter:card\" content=\"summary_large_image\" \/>\n<meta name=\"twitter:label1\" content=\"Escrito por\" \/>\n\t<meta name=\"twitter:data1\" content=\"Telinha\" \/>\n\t<meta name=\"twitter:label2\" content=\"Tempo estimado de leitura\" \/>\n\t<meta name=\"twitter:data2\" content=\"1 minuto\" \/>\n<script type=\"application\/ld+json\" class=\"yoast-schema-graph\">{\"@context\":\"https:\/\/schema.org\",\"@graph\":[{\"@type\":\"Article\",\"@id\":\"https:\/\/portaltela.pt\/noticias\/2026\/03\/12\/governo-anuncia-aumento-de-verbas-para-ensino-artistico-sem-compromissos-firmes\/#article\",\"isPartOf\":{\"@id\":\"https:\/\/portaltela.pt\/noticias\/2026\/03\/12\/governo-anuncia-aumento-de-verbas-para-ensino-artistico-sem-compromissos-firmes\/\"},\"author\":{\"name\":\"Telinha\",\"@id\":\"https:\/\/portaltela.pt\/#\/schema\/person\/c4278d4a6028830caff9ee44b42d32ed\"},\"headline\":\"Governo anuncia aumento de verbas para ensino art\u00edstico, sem compromissos firmes\",\"datePublished\":\"2026-03-12T19:27:18+00:00\",\"mainEntityOfPage\":{\"@id\":\"https:\/\/portaltela.pt\/noticias\/2026\/03\/12\/governo-anuncia-aumento-de-verbas-para-ensino-artistico-sem-compromissos-firmes\/\"},\"wordCount\":301,\"image\":{\"@id\":\"https:\/\/portaltela.pt\/noticias\/2026\/03\/12\/governo-anuncia-aumento-de-verbas-para-ensino-artistico-sem-compromissos-firmes\/#primaryimage\"},\"thumbnailUrl\":\"https:\/\/portaltela.pt\/s.01k8rhncp4jt1\/2026\/03\/img_1500x1000uu2015-10-31-22-18-53-493159.jpg\",\"keywords\":[\"economia\",\"educa\u00e7\u00e3o\",\"escolas\",\"Lisboa\",\"patroc\u00ednio\",\"professores\"],\"articleSection\":[\"Not\u00edcias\"],\"inLanguage\":\"pt-PT\"},{\"@type\":\"WebPage\",\"@id\":\"https:\/\/portaltela.pt\/noticias\/2026\/03\/12\/governo-anuncia-aumento-de-verbas-para-ensino-artistico-sem-compromissos-firmes\/\",\"url\":\"https:\/\/portaltela.pt\/noticias\/2026\/03\/12\/governo-anuncia-aumento-de-verbas-para-ensino-artistico-sem-compromissos-firmes\/\",\"name\":\"Governo anuncia aumento de verbas para ensino art\u00edstico, sem compromissos firmes - Portal Tela Portugal\",\"isPartOf\":{\"@id\":\"https:\/\/portaltela.pt\/#website\"},\"primaryImageOfPage\":{\"@id\":\"https:\/\/portaltela.pt\/noticias\/2026\/03\/12\/governo-anuncia-aumento-de-verbas-para-ensino-artistico-sem-compromissos-firmes\/#primaryimage\"},\"image\":{\"@id\":\"https:\/\/portaltela.pt\/noticias\/2026\/03\/12\/governo-anuncia-aumento-de-verbas-para-ensino-artistico-sem-compromissos-firmes\/#primaryimage\"},\"thumbnailUrl\":\"https:\/\/portaltela.pt\/s.01k8rhncp4jt1\/2026\/03\/img_1500x1000uu2015-10-31-22-18-53-493159.jpg\",\"datePublished\":\"2026-03-12T19:27:18+00:00\",\"author\":{\"@id\":\"https:\/\/portaltela.pt\/#\/schema\/person\/c4278d4a6028830caff9ee44b42d32ed\"},\"breadcrumb\":{\"@id\":\"https:\/\/portaltela.pt\/noticias\/2026\/03\/12\/governo-anuncia-aumento-de-verbas-para-ensino-artistico-sem-compromissos-firmes\/#breadcrumb\"},\"inLanguage\":\"pt-PT\",\"potentialAction\":[{\"@type\":\"ReadAction\",\"target\":[\"https:\/\/portaltela.pt\/noticias\/2026\/03\/12\/governo-anuncia-aumento-de-verbas-para-ensino-artistico-sem-compromissos-firmes\/\"]}]},{\"@type\":\"ImageObject\",\"inLanguage\":\"pt-PT\",\"@id\":\"https:\/\/portaltela.pt\/noticias\/2026\/03\/12\/governo-anuncia-aumento-de-verbas-para-ensino-artistico-sem-compromissos-firmes\/#primaryimage\",\"url\":\"https:\/\/portaltela.pt\/s.01k8rhncp4jt1\/2026\/03\/img_1500x1000uu2015-10-31-22-18-53-493159.jpg\",\"contentUrl\":\"https:\/\/portaltela.pt\/s.01k8rhncp4jt1\/2026\/03\/img_1500x1000uu2015-10-31-22-18-53-493159.jpg\",\"width\":796,\"height\":448,\"caption\":\"Ensino art\u00edstico\"},{\"@type\":\"BreadcrumbList\",\"@id\":\"https:\/\/portaltela.pt\/noticias\/2026\/03\/12\/governo-anuncia-aumento-de-verbas-para-ensino-artistico-sem-compromissos-firmes\/#breadcrumb\",\"itemListElement\":[{\"@type\":\"ListItem\",\"position\":1,\"name\":\"In\u00edcio\",\"item\":\"https:\/\/portaltela.pt\/\"},{\"@type\":\"ListItem\",\"position\":2,\"name\":\"Governo anuncia aumento de verbas para ensino art\u00edstico, sem compromissos firmes\"}]},{\"@type\":\"WebSite\",\"@id\":\"https:\/\/portaltela.pt\/#website\",\"url\":\"https:\/\/portaltela.pt\/\",\"name\":\"Portal Tela Portugal\",\"description\":\"\",\"potentialAction\":[{\"@type\":\"SearchAction\",\"target\":{\"@type\":\"EntryPoint\",\"urlTemplate\":\"https:\/\/portaltela.pt\/?s={search_term_string}\"},\"query-input\":{\"@type\":\"PropertyValueSpecification\",\"valueRequired\":true,\"valueName\":\"search_term_string\"}}],\"inLanguage\":\"pt-PT\"},{\"@type\":\"Person\",\"@id\":\"https:\/\/portaltela.pt\/#\/schema\/person\/c4278d4a6028830caff9ee44b42d32ed\",\"name\":\"Telinha\",\"image\":{\"@type\":\"ImageObject\",\"inLanguage\":\"pt-PT\",\"@id\":\"https:\/\/portaltela.pt\/s.01k8rhncp4jt1\/2025\/11\/talking-bot-125x125.png\",\"url\":\"https:\/\/portaltela.pt\/s.01k8rhncp4jt1\/2025\/11\/talking-bot-125x125.png\",\"contentUrl\":\"https:\/\/portaltela.pt\/s.01k8rhncp4jt1\/2025\/11\/talking-bot-125x125.png\",\"caption\":\"Telinha\"},\"sameAs\":[\"https:\/\/portaltela.pt\/\"],\"url\":\"https:\/\/portaltela.pt\/por\/367410592786\/\"}]}<\/script>\n<!-- \/ Yoast SEO plugin. -->","yoast_head_json":{"title":"Governo anuncia aumento de verbas para ensino art\u00edstico, sem compromissos firmes - Portal Tela Portugal","robots":{"index":"index","follow":"follow","max-snippet":"max-snippet:-1","max-image-preview":"max-image-preview:large","max-video-preview":"max-video-preview:-1"},"og_locale":"pt_PT","og_type":"article","og_title":"Governo anuncia aumento de verbas para ensino art\u00edstico, sem compromissos firmes - Portal Tela Portugal","og_description":"O Governo quer aumentar o financiamento para o ensino art\u00edstico privado, mas ainda n\u00e3o apresentou propostas concretas. Os contratos de patroc\u00ednio, que n\u00e3o sofrem aumento desde 2009, hoje pagam acima de 3.000 euros por ano por aluno; em 2014\/2015 o valor caiu para 2.600 euros. O secret\u00e1rio de Estado Adjunto e da Educa\u00e7\u00e3o, Alexandre Homem Cristo, afirmou que h\u00e1 necessidade de atualiza\u00e7\u00e3o, mas n\u00e3o deu percentuais nem garantias de valores. O Governo vai avaliar a disponibilidade or\u00e7amental, a rede de ensino art\u00edstico especializado e a distribui\u00e7\u00e3o de vagas, e s\u00f3 depois voltar\u00e1 a reunir com as escolas. No total, o Estado financia cerca de 31 mil alunos em escolas privadas, com centenas de alunos e professores a protestar em Lisboa frente ao Minist\u00e9rio.","og_url":"https:\/\/portaltela.pt\/noticias\/2026\/03\/12\/governo-anuncia-aumento-de-verbas-para-ensino-artistico-sem-compromissos-firmes\/","og_site_name":"Portal Tela Portugal","article_published_time":"2026-03-12T19:27:18+00:00","author":"Telinha","twitter_card":"summary_large_image","twitter_misc":{"Escrito por":"Telinha","Tempo estimado de leitura":"1 minuto"},"schema":{"@context":"https:\/\/schema.org","@graph":[{"@type":"Article","@id":"https:\/\/portaltela.pt\/noticias\/2026\/03\/12\/governo-anuncia-aumento-de-verbas-para-ensino-artistico-sem-compromissos-firmes\/#article","isPartOf":{"@id":"https:\/\/portaltela.pt\/noticias\/2026\/03\/12\/governo-anuncia-aumento-de-verbas-para-ensino-artistico-sem-compromissos-firmes\/"},"author":{"name":"Telinha","@id":"https:\/\/portaltela.pt\/#\/schema\/person\/c4278d4a6028830caff9ee44b42d32ed"},"headline":"Governo anuncia aumento de verbas para ensino art\u00edstico, sem compromissos firmes","datePublished":"2026-03-12T19:27:18+00:00","mainEntityOfPage":{"@id":"https:\/\/portaltela.pt\/noticias\/2026\/03\/12\/governo-anuncia-aumento-de-verbas-para-ensino-artistico-sem-compromissos-firmes\/"},"wordCount":301,"image":{"@id":"https:\/\/portaltela.pt\/noticias\/2026\/03\/12\/governo-anuncia-aumento-de-verbas-para-ensino-artistico-sem-compromissos-firmes\/#primaryimage"},"thumbnailUrl":"https:\/\/portaltela.pt\/s.01k8rhncp4jt1\/2026\/03\/img_1500x1000uu2015-10-31-22-18-53-493159.jpg","keywords":["economia","educa\u00e7\u00e3o","escolas","Lisboa","patroc\u00ednio","professores"],"articleSection":["Not\u00edcias"],"inLanguage":"pt-PT"},{"@type":"WebPage","@id":"https:\/\/portaltela.pt\/noticias\/2026\/03\/12\/governo-anuncia-aumento-de-verbas-para-ensino-artistico-sem-compromissos-firmes\/","url":"https:\/\/portaltela.pt\/noticias\/2026\/03\/12\/governo-anuncia-aumento-de-verbas-para-ensino-artistico-sem-compromissos-firmes\/","name":"Governo anuncia aumento de verbas para ensino art\u00edstico, sem compromissos firmes - Portal Tela Portugal","isPartOf":{"@id":"https:\/\/portaltela.pt\/#website"},"primaryImageOfPage":{"@id":"https:\/\/portaltela.pt\/noticias\/2026\/03\/12\/governo-anuncia-aumento-de-verbas-para-ensino-artistico-sem-compromissos-firmes\/#primaryimage"},"image":{"@id":"https:\/\/portaltela.pt\/noticias\/2026\/03\/12\/governo-anuncia-aumento-de-verbas-para-ensino-artistico-sem-compromissos-firmes\/#primaryimage"},"thumbnailUrl":"https:\/\/portaltela.pt\/s.01k8rhncp4jt1\/2026\/03\/img_1500x1000uu2015-10-31-22-18-53-493159.jpg","datePublished":"2026-03-12T19:27:18+00:00","author":{"@id":"https:\/\/portaltela.pt\/#\/schema\/person\/c4278d4a6028830caff9ee44b42d32ed"},"breadcrumb":{"@id":"https:\/\/portaltela.pt\/noticias\/2026\/03\/12\/governo-anuncia-aumento-de-verbas-para-ensino-artistico-sem-compromissos-firmes\/#breadcrumb"},"inLanguage":"pt-PT","potentialAction":[{"@type":"ReadAction","target":["https:\/\/portaltela.pt\/noticias\/2026\/03\/12\/governo-anuncia-aumento-de-verbas-para-ensino-artistico-sem-compromissos-firmes\/"]}]},{"@type":"ImageObject","inLanguage":"pt-PT","@id":"https:\/\/portaltela.pt\/noticias\/2026\/03\/12\/governo-anuncia-aumento-de-verbas-para-ensino-artistico-sem-compromissos-firmes\/#primaryimage","url":"https:\/\/portaltela.pt\/s.01k8rhncp4jt1\/2026\/03\/img_1500x1000uu2015-10-31-22-18-53-493159.jpg","contentUrl":"https:\/\/portaltela.pt\/s.01k8rhncp4jt1\/2026\/03\/img_1500x1000uu2015-10-31-22-18-53-493159.jpg","width":796,"height":448,"caption":"Ensino art\u00edstico"},{"@type":"BreadcrumbList","@id":"https:\/\/portaltela.pt\/noticias\/2026\/03\/12\/governo-anuncia-aumento-de-verbas-para-ensino-artistico-sem-compromissos-firmes\/#breadcrumb","itemListElement":[{"@type":"ListItem","position":1,"name":"In\u00edcio","item":"https:\/\/portaltela.pt\/"},{"@type":"ListItem","position":2,"name":"Governo anuncia aumento de verbas para ensino art\u00edstico, sem compromissos firmes"}]},{"@type":"WebSite","@id":"https:\/\/portaltela.pt\/#website","url":"https:\/\/portaltela.pt\/","name":"Portal Tela Portugal","description":"","potentialAction":[{"@type":"SearchAction","target":{"@type":"EntryPoint","urlTemplate":"https:\/\/portaltela.pt\/?s={search_term_string}"},"query-input":{"@type":"PropertyValueSpecification","valueRequired":true,"valueName":"search_term_string"}}],"inLanguage":"pt-PT"},{"@type":"Person","@id":"https:\/\/portaltela.pt\/#\/schema\/person\/c4278d4a6028830caff9ee44b42d32ed","name":"Telinha","image":{"@type":"ImageObject","inLanguage":"pt-PT","@id":"https:\/\/portaltela.pt\/s.01k8rhncp4jt1\/2025\/11\/talking-bot-125x125.png","url":"https:\/\/portaltela.pt\/s.01k8rhncp4jt1\/2025\/11\/talking-bot-125x125.png","contentUrl":"https:\/\/portaltela.pt\/s.01k8rhncp4jt1\/2025\/11\/talking-bot-125x125.png","caption":"Telinha"},"sameAs":["https:\/\/portaltela.pt\/"],"url":"https:\/\/portaltela.pt\/por\/367410592786\/"}]}},"_links":{"self":[{"href":"https:\/\/portaltela.pt\/api\/wp\/v2\/posts\/407946","targetHints":{"allow":["GET"]}}],"collection":[{"href":"https:\/\/portaltela.pt\/api\/wp\/v2\/posts"}],"about":[{"href":"https:\/\/portaltela.pt\/api\/wp\/v2\/types\/post"}],"author":[{"embeddable":true,"href":"https:\/\/portaltela.pt\/api\/wp\/v2\/users\/2"}],"replies":[{"embeddable":true,"href":"https:\/\/portaltela.pt\/api\/wp\/v2\/comments?post=407946"}],"version-history":[{"count":0,"href":"https:\/\/portaltela.pt\/api\/wp\/v2\/posts\/407946\/revisions"}],"wp:featuredmedia":[{"embeddable":true,"href":"https:\/\/portaltela.pt\/api\/wp\/v2\/media\/407947"}],"wp:attachment":[{"href":"https:\/\/portaltela.pt\/api\/wp\/v2\/media?parent=407946"}],"wp:term":[{"taxonomy":"category","embeddable":true,"href":"https:\/\/portaltela.pt\/api\/wp\/v2\/categories?post=407946"},{"taxonomy":"post_tag","embeddable":true,"href":"https:\/\/portaltela.pt\/api\/wp\/v2\/tags?post=407946"}],"curies":[{"name":"wp","href":"https:\/\/api.w.org\/{rel}","templated":true}]}}