{"id":407941,"date":"2026-03-12T16:17:00","date_gmt":"2026-03-12T19:17:00","guid":{"rendered":"https:\/\/portaltela.pt\/noticias\/2026\/03\/12\/emanuel-medeiros-e-candidato-unico-a-siga\/"},"modified":"2026-03-12T16:17:00","modified_gmt":"2026-03-12T19:17:00","slug":"emanuel-medeiros-e-candidato-unico-a-siga","status":"publish","type":"post","link":"https:\/\/portaltela.pt\/desporto\/futebol\/2026\/03\/12\/emanuel-medeiros-e-candidato-unico-a-siga\/","title":{"rendered":"Emanuel Medeiros \u00e9 candidato \u00fanico \u00e0 SIGA"},"content":{"rendered":"<p>Emanuel Macedo de Medeiros \u00e9 o \u00fanico candidato ao cargo de Global Chief Executive Officer da SIGA para o mandato de 2026\u20132030. A decis\u00e3o ocorreu ap\u00f3s o encerramento do prazo de candidaturas em 11 de mar\u00e7o de 2026, segundo comunicado da Sport Integrity Global Alliance.<\/p>\n<p>O candidato apresentou formalmente a sua candidatura em 2 de mar\u00e7o de 2026, por meio de um dossi\u00ea dirigido ao SIGA Council. O documento inclui o Manifesto Eleitoral Making Integrity Irreversible e a documenta\u00e7\u00e3o exigida pelo enquadramento constitucional e eleitoral da SIGA.<\/p>\n<p>O dossi\u00ea detalha prioridades estrat\u00e9gicas, com foco em refor\u00e7ar a capacidade institucional e consolidar a integridade como princ\u00edpio irrevers\u00edvel no desporto global. Tamb\u00e9m prev\u00ea a expans\u00e3o dos Standards Universais de Integridade no Desporto e do Sistema Independente de Rating e Verifica\u00e7\u00e3o da SIGA (SIRVS).<\/p>\n<p>A elei\u00e7\u00e3o do CEO Global est\u00e1 marcada para 16 de mar\u00e7o de 2026, quando o Conselho da SIGA votar\u00e1 a candidatura. O resultado segue para a Assembleia Geral da SIGA para ratifica\u00e7\u00e3o pelos Membros, conforme a Constitui\u00e7\u00e3o e o Regulamento Eleitoral.<\/p>\n<p>A Assembleia Geral Anual da SIGA realiza-se a 14 de abril de 2026, em Lisboa, Portugal, e ser\u00e1 acolhida pela PwC. A reuni\u00e3o confirma a continuidade de Emanuel Macedo de Medeiros no cargo, numa candidatura para um terceiro mandato, atendendo ao limite estatut\u00e1rio de tr\u00eas mandatos.<\/p>\n<p>Macedo de Medeiros \u00e9 co-fundador da SIGA e tem exercido o papel de Global CEO desde 2018, tendo sido reeleito em 2022. O atual processo eleitoral encerra o ciclo de lideran\u00e7a na SIGA, com foco na implementa\u00e7\u00e3o da Agenda de Reforma da Integridade no Desporto a n\u00edvel mundial.<\/p>\n","protected":false},"excerpt":{"rendered":"<ul>\n<li>Emanuel Macedo de Medeiros \u00e9 o \u00fanico candidato ao cargo de Global Chief Executive Officer da SIGA para o mandato de 2026\u20132030, ap\u00f3s o encerramento do per\u00edodo de candidaturas a 11 de mar\u00e7o de 2026.<\/li>\n<li>Submeteu formalmente a candidatura a 2 de mar\u00e7o de 2026, apresentando o Manifesto Eleitoral, \u201cMaking Integrity Irreversible\u201d, e toda a documenta\u00e7\u00e3o exigida.<\/li>\n<li>O programa apresentado aponta prioridades para fortalecer a institui\u00e7\u00e3o, consolidar a integridade no desporto e acelerar a implementa\u00e7\u00e3o da Agenda de Reforma da Integridade da SIGA, incluindo a expans\u00e3o dos Standards Universais de Integridade no Desporto e do Sistema Independente de Rating e Verifica\u00e7\u00e3o da SIGA (SIRVS).<\/li>\n<li>A elei\u00e7\u00e3o do CEO Global realiza-se a 16 de mar\u00e7o de 2026, quando o Conselho da SIGA vota a candidatura, com o resultado a ser ratificado pela Assembleia Geral dos Membros.<\/li>\n<li>A Assembleia Geral Anual da SIGA ocorre em Lisboa, a 14 de abril de 2026, sendo organizada pela PwC; Medeiros j\u00e1 lidera a SIGA desde a sua cria\u00e7\u00e3o e est\u00e1 autorizado a um terceiro mandato, de acordo com o limite estatut\u00e1rio.<\/li>\n<\/ul>\n","protected":false},"author":2,"featured_media":407945,"comment_status":"closed","ping_status":"closed","sticky":false,"template":"","format":"standard","meta":{"footnotes":""},"categories":[21,24],"tags":[152,7112,5644,981,2023,1014],"class_list":["post-407941","post","type-post","status-publish","format-standard","has-post-thumbnail","hentry","category-desporto","category-futebol","tag-desporto","tag-integridade-institucional","tag-integridade-publica","tag-lisboa","tag-organizacoes-internacionais","tag-portugal"],"yoast_head":"<!-- This site is optimized with the Yoast SEO plugin v27.2 - https:\/\/yoast.com\/product\/yoast-seo-wordpress\/ -->\n<title>Emanuel Medeiros \u00e9 candidato \u00fanico \u00e0 SIGA - Portal Tela Portugal<\/title>\n<meta name=\"robots\" content=\"index, follow, max-snippet:-1, max-image-preview:large, max-video-preview:-1\" \/>\n<meta property=\"og:locale\" content=\"pt_PT\" \/>\n<meta property=\"og:type\" content=\"article\" \/>\n<meta property=\"og:title\" content=\"Emanuel Medeiros \u00e9 candidato \u00fanico \u00e0 SIGA - Portal Tela Portugal\" \/>\n<meta property=\"og:description\" content=\"Emanuel Macedo de Medeiros \u00e9 o \u00fanico candidato ao cargo de Global Chief Executive Officer da SIGA para o mandato de 2026\u20132030, ap\u00f3s o encerramento do per\u00edodo de candidaturas a 11 de mar\u00e7o de 2026. Submeteu formalmente a candidatura a 2 de mar\u00e7o de 2026, apresentando o Manifesto Eleitoral, \u201cMaking Integrity Irreversible\u201d, e toda a documenta\u00e7\u00e3o exigida. O programa apresentado aponta prioridades para fortalecer a institui\u00e7\u00e3o, consolidar a integridade no desporto e acelerar a implementa\u00e7\u00e3o da Agenda de Reforma da Integridade da SIGA, incluindo a expans\u00e3o dos Standards Universais de Integridade no Desporto e do Sistema Independente de Rating e Verifica\u00e7\u00e3o da SIGA (SIRVS). A elei\u00e7\u00e3o do CEO Global realiza-se a 16 de mar\u00e7o de 2026, quando o Conselho da SIGA vota a candidatura, com o resultado a ser ratificado pela Assembleia Geral dos Membros. A Assembleia Geral Anual da SIGA ocorre em Lisboa, a 14 de abril de 2026, sendo organizada pela PwC; Medeiros j\u00e1 lidera a SIGA desde a sua cria\u00e7\u00e3o e est\u00e1 autorizado a um terceiro mandato, de acordo com o limite estatut\u00e1rio.\" \/>\n<meta property=\"og:url\" content=\"https:\/\/portaltela.pt\/noticias\/2026\/03\/12\/emanuel-medeiros-e-candidato-unico-a-siga\/\" \/>\n<meta property=\"og:site_name\" content=\"Portal Tela Portugal\" \/>\n<meta property=\"article:published_time\" content=\"2026-03-12T19:17:00+00:00\" \/>\n<meta name=\"author\" content=\"Telinha\" \/>\n<meta name=\"twitter:card\" content=\"summary_large_image\" \/>\n<meta name=\"twitter:label1\" content=\"Escrito por\" \/>\n\t<meta name=\"twitter:data1\" content=\"Telinha\" \/>\n\t<meta name=\"twitter:label2\" content=\"Tempo estimado de leitura\" \/>\n\t<meta name=\"twitter:data2\" content=\"1 minuto\" \/>\n<script type=\"application\/ld+json\" class=\"yoast-schema-graph\">{\"@context\":\"https:\/\/schema.org\",\"@graph\":[{\"@type\":\"Article\",\"@id\":\"https:\/\/portaltela.pt\/noticias\/2026\/03\/12\/emanuel-medeiros-e-candidato-unico-a-siga\/#article\",\"isPartOf\":{\"@id\":\"https:\/\/portaltela.pt\/noticias\/2026\/03\/12\/emanuel-medeiros-e-candidato-unico-a-siga\/\"},\"author\":{\"name\":\"Telinha\",\"@id\":\"https:\/\/portaltela.pt\/#\/schema\/person\/c4278d4a6028830caff9ee44b42d32ed\"},\"headline\":\"Emanuel Medeiros \u00e9 candidato \u00fanico \u00e0 SIGA\",\"datePublished\":\"2026-03-12T19:17:00+00:00\",\"mainEntityOfPage\":{\"@id\":\"https:\/\/portaltela.pt\/noticias\/2026\/03\/12\/emanuel-medeiros-e-candidato-unico-a-siga\/\"},\"wordCount\":280,\"image\":{\"@id\":\"https:\/\/portaltela.pt\/noticias\/2026\/03\/12\/emanuel-medeiros-e-candidato-unico-a-siga\/#primaryimage\"},\"thumbnailUrl\":\"https:\/\/portaltela.pt\/s.01k8rhncp4jt1\/2026\/03\/img_920x518uu2026-03-12-19-15-29-2426530.jpg\",\"keywords\":[\"desporto\",\"integridade institucional\",\"integridade p\u00fablica\",\"Lisboa\",\"organiza\u00e7\u00f5es internacionais\",\"Portugal\"],\"articleSection\":[\"Desporto\",\"Futebol\"],\"inLanguage\":\"pt-PT\"},{\"@type\":\"WebPage\",\"@id\":\"https:\/\/portaltela.pt\/noticias\/2026\/03\/12\/emanuel-medeiros-e-candidato-unico-a-siga\/\",\"url\":\"https:\/\/portaltela.pt\/noticias\/2026\/03\/12\/emanuel-medeiros-e-candidato-unico-a-siga\/\",\"name\":\"Emanuel Medeiros \u00e9 candidato \u00fanico \u00e0 SIGA - Portal Tela Portugal\",\"isPartOf\":{\"@id\":\"https:\/\/portaltela.pt\/#website\"},\"primaryImageOfPage\":{\"@id\":\"https:\/\/portaltela.pt\/noticias\/2026\/03\/12\/emanuel-medeiros-e-candidato-unico-a-siga\/#primaryimage\"},\"image\":{\"@id\":\"https:\/\/portaltela.pt\/noticias\/2026\/03\/12\/emanuel-medeiros-e-candidato-unico-a-siga\/#primaryimage\"},\"thumbnailUrl\":\"https:\/\/portaltela.pt\/s.01k8rhncp4jt1\/2026\/03\/img_920x518uu2026-03-12-19-15-29-2426530.jpg\",\"datePublished\":\"2026-03-12T19:17:00+00:00\",\"author\":{\"@id\":\"https:\/\/portaltela.pt\/#\/schema\/person\/c4278d4a6028830caff9ee44b42d32ed\"},\"breadcrumb\":{\"@id\":\"https:\/\/portaltela.pt\/noticias\/2026\/03\/12\/emanuel-medeiros-e-candidato-unico-a-siga\/#breadcrumb\"},\"inLanguage\":\"pt-PT\",\"potentialAction\":[{\"@type\":\"ReadAction\",\"target\":[\"https:\/\/portaltela.pt\/noticias\/2026\/03\/12\/emanuel-medeiros-e-candidato-unico-a-siga\/\"]}]},{\"@type\":\"ImageObject\",\"inLanguage\":\"pt-PT\",\"@id\":\"https:\/\/portaltela.pt\/noticias\/2026\/03\/12\/emanuel-medeiros-e-candidato-unico-a-siga\/#primaryimage\",\"url\":\"https:\/\/portaltela.pt\/s.01k8rhncp4jt1\/2026\/03\/img_920x518uu2026-03-12-19-15-29-2426530.jpg\",\"contentUrl\":\"https:\/\/portaltela.pt\/s.01k8rhncp4jt1\/2026\/03\/img_920x518uu2026-03-12-19-15-29-2426530.jpg\",\"width\":796,\"height\":448,\"caption\":\"Emanuel Macedo de Medeiros fala sobre integridade no desporto\"},{\"@type\":\"BreadcrumbList\",\"@id\":\"https:\/\/portaltela.pt\/noticias\/2026\/03\/12\/emanuel-medeiros-e-candidato-unico-a-siga\/#breadcrumb\",\"itemListElement\":[{\"@type\":\"ListItem\",\"position\":1,\"name\":\"In\u00edcio\",\"item\":\"https:\/\/portaltela.pt\/\"},{\"@type\":\"ListItem\",\"position\":2,\"name\":\"Emanuel Medeiros \u00e9 candidato \u00fanico \u00e0 SIGA\"}]},{\"@type\":\"WebSite\",\"@id\":\"https:\/\/portaltela.pt\/#website\",\"url\":\"https:\/\/portaltela.pt\/\",\"name\":\"Portal Tela Portugal\",\"description\":\"\",\"potentialAction\":[{\"@type\":\"SearchAction\",\"target\":{\"@type\":\"EntryPoint\",\"urlTemplate\":\"https:\/\/portaltela.pt\/?s={search_term_string}\"},\"query-input\":{\"@type\":\"PropertyValueSpecification\",\"valueRequired\":true,\"valueName\":\"search_term_string\"}}],\"inLanguage\":\"pt-PT\"},{\"@type\":\"Person\",\"@id\":\"https:\/\/portaltela.pt\/#\/schema\/person\/c4278d4a6028830caff9ee44b42d32ed\",\"name\":\"Telinha\",\"image\":{\"@type\":\"ImageObject\",\"inLanguage\":\"pt-PT\",\"@id\":\"https:\/\/portaltela.pt\/s.01k8rhncp4jt1\/2025\/11\/talking-bot-125x125.png\",\"url\":\"https:\/\/portaltela.pt\/s.01k8rhncp4jt1\/2025\/11\/talking-bot-125x125.png\",\"contentUrl\":\"https:\/\/portaltela.pt\/s.01k8rhncp4jt1\/2025\/11\/talking-bot-125x125.png\",\"caption\":\"Telinha\"},\"sameAs\":[\"https:\/\/portaltela.pt\/\"],\"url\":\"https:\/\/portaltela.pt\/por\/367410592786\/\"}]}<\/script>\n<!-- \/ Yoast SEO plugin. -->","yoast_head_json":{"title":"Emanuel Medeiros \u00e9 candidato \u00fanico \u00e0 SIGA - Portal Tela Portugal","robots":{"index":"index","follow":"follow","max-snippet":"max-snippet:-1","max-image-preview":"max-image-preview:large","max-video-preview":"max-video-preview:-1"},"og_locale":"pt_PT","og_type":"article","og_title":"Emanuel Medeiros \u00e9 candidato \u00fanico \u00e0 SIGA - Portal Tela Portugal","og_description":"Emanuel Macedo de Medeiros \u00e9 o \u00fanico candidato ao cargo de Global Chief Executive Officer da SIGA para o mandato de 2026\u20132030, ap\u00f3s o encerramento do per\u00edodo de candidaturas a 11 de mar\u00e7o de 2026. Submeteu formalmente a candidatura a 2 de mar\u00e7o de 2026, apresentando o Manifesto Eleitoral, \u201cMaking Integrity Irreversible\u201d, e toda a documenta\u00e7\u00e3o exigida. O programa apresentado aponta prioridades para fortalecer a institui\u00e7\u00e3o, consolidar a integridade no desporto e acelerar a implementa\u00e7\u00e3o da Agenda de Reforma da Integridade da SIGA, incluindo a expans\u00e3o dos Standards Universais de Integridade no Desporto e do Sistema Independente de Rating e Verifica\u00e7\u00e3o da SIGA (SIRVS). A elei\u00e7\u00e3o do CEO Global realiza-se a 16 de mar\u00e7o de 2026, quando o Conselho da SIGA vota a candidatura, com o resultado a ser ratificado pela Assembleia Geral dos Membros. A Assembleia Geral Anual da SIGA ocorre em Lisboa, a 14 de abril de 2026, sendo organizada pela PwC; Medeiros j\u00e1 lidera a SIGA desde a sua cria\u00e7\u00e3o e est\u00e1 autorizado a um terceiro mandato, de acordo com o limite estatut\u00e1rio.","og_url":"https:\/\/portaltela.pt\/noticias\/2026\/03\/12\/emanuel-medeiros-e-candidato-unico-a-siga\/","og_site_name":"Portal Tela Portugal","article_published_time":"2026-03-12T19:17:00+00:00","author":"Telinha","twitter_card":"summary_large_image","twitter_misc":{"Escrito por":"Telinha","Tempo estimado de leitura":"1 minuto"},"schema":{"@context":"https:\/\/schema.org","@graph":[{"@type":"Article","@id":"https:\/\/portaltela.pt\/noticias\/2026\/03\/12\/emanuel-medeiros-e-candidato-unico-a-siga\/#article","isPartOf":{"@id":"https:\/\/portaltela.pt\/noticias\/2026\/03\/12\/emanuel-medeiros-e-candidato-unico-a-siga\/"},"author":{"name":"Telinha","@id":"https:\/\/portaltela.pt\/#\/schema\/person\/c4278d4a6028830caff9ee44b42d32ed"},"headline":"Emanuel Medeiros \u00e9 candidato \u00fanico \u00e0 SIGA","datePublished":"2026-03-12T19:17:00+00:00","mainEntityOfPage":{"@id":"https:\/\/portaltela.pt\/noticias\/2026\/03\/12\/emanuel-medeiros-e-candidato-unico-a-siga\/"},"wordCount":280,"image":{"@id":"https:\/\/portaltela.pt\/noticias\/2026\/03\/12\/emanuel-medeiros-e-candidato-unico-a-siga\/#primaryimage"},"thumbnailUrl":"https:\/\/portaltela.pt\/s.01k8rhncp4jt1\/2026\/03\/img_920x518uu2026-03-12-19-15-29-2426530.jpg","keywords":["desporto","integridade institucional","integridade p\u00fablica","Lisboa","organiza\u00e7\u00f5es internacionais","Portugal"],"articleSection":["Desporto","Futebol"],"inLanguage":"pt-PT"},{"@type":"WebPage","@id":"https:\/\/portaltela.pt\/noticias\/2026\/03\/12\/emanuel-medeiros-e-candidato-unico-a-siga\/","url":"https:\/\/portaltela.pt\/noticias\/2026\/03\/12\/emanuel-medeiros-e-candidato-unico-a-siga\/","name":"Emanuel Medeiros \u00e9 candidato \u00fanico \u00e0 SIGA - Portal Tela Portugal","isPartOf":{"@id":"https:\/\/portaltela.pt\/#website"},"primaryImageOfPage":{"@id":"https:\/\/portaltela.pt\/noticias\/2026\/03\/12\/emanuel-medeiros-e-candidato-unico-a-siga\/#primaryimage"},"image":{"@id":"https:\/\/portaltela.pt\/noticias\/2026\/03\/12\/emanuel-medeiros-e-candidato-unico-a-siga\/#primaryimage"},"thumbnailUrl":"https:\/\/portaltela.pt\/s.01k8rhncp4jt1\/2026\/03\/img_920x518uu2026-03-12-19-15-29-2426530.jpg","datePublished":"2026-03-12T19:17:00+00:00","author":{"@id":"https:\/\/portaltela.pt\/#\/schema\/person\/c4278d4a6028830caff9ee44b42d32ed"},"breadcrumb":{"@id":"https:\/\/portaltela.pt\/noticias\/2026\/03\/12\/emanuel-medeiros-e-candidato-unico-a-siga\/#breadcrumb"},"inLanguage":"pt-PT","potentialAction":[{"@type":"ReadAction","target":["https:\/\/portaltela.pt\/noticias\/2026\/03\/12\/emanuel-medeiros-e-candidato-unico-a-siga\/"]}]},{"@type":"ImageObject","inLanguage":"pt-PT","@id":"https:\/\/portaltela.pt\/noticias\/2026\/03\/12\/emanuel-medeiros-e-candidato-unico-a-siga\/#primaryimage","url":"https:\/\/portaltela.pt\/s.01k8rhncp4jt1\/2026\/03\/img_920x518uu2026-03-12-19-15-29-2426530.jpg","contentUrl":"https:\/\/portaltela.pt\/s.01k8rhncp4jt1\/2026\/03\/img_920x518uu2026-03-12-19-15-29-2426530.jpg","width":796,"height":448,"caption":"Emanuel Macedo de Medeiros fala sobre integridade no desporto"},{"@type":"BreadcrumbList","@id":"https:\/\/portaltela.pt\/noticias\/2026\/03\/12\/emanuel-medeiros-e-candidato-unico-a-siga\/#breadcrumb","itemListElement":[{"@type":"ListItem","position":1,"name":"In\u00edcio","item":"https:\/\/portaltela.pt\/"},{"@type":"ListItem","position":2,"name":"Emanuel Medeiros \u00e9 candidato \u00fanico \u00e0 SIGA"}]},{"@type":"WebSite","@id":"https:\/\/portaltela.pt\/#website","url":"https:\/\/portaltela.pt\/","name":"Portal Tela Portugal","description":"","potentialAction":[{"@type":"SearchAction","target":{"@type":"EntryPoint","urlTemplate":"https:\/\/portaltela.pt\/?s={search_term_string}"},"query-input":{"@type":"PropertyValueSpecification","valueRequired":true,"valueName":"search_term_string"}}],"inLanguage":"pt-PT"},{"@type":"Person","@id":"https:\/\/portaltela.pt\/#\/schema\/person\/c4278d4a6028830caff9ee44b42d32ed","name":"Telinha","image":{"@type":"ImageObject","inLanguage":"pt-PT","@id":"https:\/\/portaltela.pt\/s.01k8rhncp4jt1\/2025\/11\/talking-bot-125x125.png","url":"https:\/\/portaltela.pt\/s.01k8rhncp4jt1\/2025\/11\/talking-bot-125x125.png","contentUrl":"https:\/\/portaltela.pt\/s.01k8rhncp4jt1\/2025\/11\/talking-bot-125x125.png","caption":"Telinha"},"sameAs":["https:\/\/portaltela.pt\/"],"url":"https:\/\/portaltela.pt\/por\/367410592786\/"}]}},"_links":{"self":[{"href":"https:\/\/portaltela.pt\/api\/wp\/v2\/posts\/407941","targetHints":{"allow":["GET"]}}],"collection":[{"href":"https:\/\/portaltela.pt\/api\/wp\/v2\/posts"}],"about":[{"href":"https:\/\/portaltela.pt\/api\/wp\/v2\/types\/post"}],"author":[{"embeddable":true,"href":"https:\/\/portaltela.pt\/api\/wp\/v2\/users\/2"}],"replies":[{"embeddable":true,"href":"https:\/\/portaltela.pt\/api\/wp\/v2\/comments?post=407941"}],"version-history":[{"count":0,"href":"https:\/\/portaltela.pt\/api\/wp\/v2\/posts\/407941\/revisions"}],"wp:featuredmedia":[{"embeddable":true,"href":"https:\/\/portaltela.pt\/api\/wp\/v2\/media\/407945"}],"wp:attachment":[{"href":"https:\/\/portaltela.pt\/api\/wp\/v2\/media?parent=407941"}],"wp:term":[{"taxonomy":"category","embeddable":true,"href":"https:\/\/portaltela.pt\/api\/wp\/v2\/categories?post=407941"},{"taxonomy":"post_tag","embeddable":true,"href":"https:\/\/portaltela.pt\/api\/wp\/v2\/tags?post=407941"}],"curies":[{"name":"wp","href":"https:\/\/api.w.org\/{rel}","templated":true}]}}