{"id":407909,"date":"2026-03-12T16:01:00","date_gmt":"2026-03-12T19:01:00","guid":{"rendered":"https:\/\/portaltela.pt\/noticias\/2026\/03\/12\/libano-pode-adiar-plano-de-desarmar-hezbollah-devido-a-ameaca-de-israel\/"},"modified":"2026-03-12T16:01:00","modified_gmt":"2026-03-12T19:01:00","slug":"libano-pode-adiar-plano-de-desarmar-hezbollah-devido-a-ameaca-de-israel","status":"publish","type":"post","link":"https:\/\/portaltela.pt\/geopolitica\/2026\/03\/12\/libano-pode-adiar-plano-de-desarmar-hezbollah-devido-a-ameaca-de-israel\/","title":{"rendered":"L\u00edbano pode adiar plano de desarmar Hezbollah devido a amea\u00e7a de Israel"},"content":{"rendered":"<p>O Hezbollah obrigou o L\u00edbano a entrar na guerra entre Israel e o Ir\u00e3o, mergulhando o pa\u00eds num conflito que deixou o territ\u00f3rio sob press\u00e3o. A escalada foi marcada por confrontos na regi\u00e3o fronteiri\u00e7a.<\/p>\n<p>O L\u00edbano viveu com fogo cerrado, milhares de deslocados e o temor de uma ocupa\u00e7\u00e3o. O impacto humano evidenciou fragilidades institucionais e desafios log\u00edsticos na retirada de civis.<\/p>\n<p>Em novembro de 2024 entrou em vigor um cessar-fogo entre Hezbollah e Israel, pondo fim a 14 meses de confrontos ligados \u00e0 guerra em Gaza. Analistas questionaram a capacidade do pa\u00eds de manter a estabilidade.<\/p>\n<h3>Riscos ao Plano de Desarmar Hezbollah<\/h3>\n<p>O acordo gerou d\u00favidas sobre a viabilidade de manter o plano de desarmar o Hezbollah, num contexto de fragilidade pol\u00edtica libanesa. Observadores indicam que o L\u00edbano pode recuar nesse objetivo.<\/p>\n<p>O cessar-fogo abriu espa\u00e7o para avalia\u00e7\u00f5es sobre a seguran\u00e7a regional e o papel do Hezbollah no equil\u00edbrio de poder. O retorno de deslocados e a reconstru\u00e7\u00e3o continuam entre as prioridades urgentes.<\/p>\n","protected":false},"excerpt":{"rendered":"<ul>\n<li>O Hezbollah pressionou o L\u00edbano a entrar na guerra entre Israel e Ir\u00e3o, deixando o pa\u00eds sob fogo cerrado.<\/li>\n<li>O conflito gerou milhares de deslocados e muitos aguardavam regressar a uma situa\u00e7\u00e3o est\u00e1vel, apesar do temor de ocupa\u00e7\u00e3o.<\/li>\n<li>Em novembro de 2024 entrou em vigor um cessar-fogo entre Hezbollah e Israel, encerrando 14 meses de confrontos ligados \u00e0 guerra em Gaza.<\/li>\n<li>Analistas indicaram que o L\u00edbano ficou \u00e0 beira de falhar, ante a press\u00e3o para manter o desarmamento do Hezbollah.<\/li>\n<li>O cen\u00e1rio era visto como extremamente inst\u00e1vel, com o pa\u00eds sob forte tens\u00e3o militar e pol\u00edtica.<\/li>\n<\/ul>\n","protected":false},"author":2,"featured_media":407914,"comment_status":"closed","ping_status":"closed","sticky":false,"template":"","format":"standard","meta":{"footnotes":""},"categories":[6790,6814],"tags":[2198,207,226,62,3708,6635],"class_list":["post-407909","post","type-post","status-publish","format-standard","has-post-thumbnail","hentry","category-conflitos","category-geopolitica","tag-conflitos-internacionais","tag-desarmamento","tag-deslocados-internos","tag-guerra","tag-israel","tag-libano"],"yoast_head":"<!-- This site is optimized with the Yoast SEO plugin v27.2 - https:\/\/yoast.com\/product\/yoast-seo-wordpress\/ -->\n<title>L\u00edbano pode adiar plano de desarmar Hezbollah devido a amea\u00e7a de Israel - Portal Tela Portugal<\/title>\n<meta name=\"robots\" content=\"index, follow, max-snippet:-1, max-image-preview:large, max-video-preview:-1\" \/>\n<meta property=\"og:locale\" content=\"pt_PT\" \/>\n<meta property=\"og:type\" content=\"article\" \/>\n<meta property=\"og:title\" content=\"L\u00edbano pode adiar plano de desarmar Hezbollah devido a amea\u00e7a de Israel - Portal Tela Portugal\" \/>\n<meta property=\"og:description\" content=\"O Hezbollah pressionou o L\u00edbano a entrar na guerra entre Israel e Ir\u00e3o, deixando o pa\u00eds sob fogo cerrado. O conflito gerou milhares de deslocados e muitos aguardavam regressar a uma situa\u00e7\u00e3o est\u00e1vel, apesar do temor de ocupa\u00e7\u00e3o. Em novembro de 2024 entrou em vigor um cessar-fogo entre Hezbollah e Israel, encerrando 14 meses de confrontos ligados \u00e0 guerra em Gaza. Analistas indicaram que o L\u00edbano ficou \u00e0 beira de falhar, ante a press\u00e3o para manter o desarmamento do Hezbollah. O cen\u00e1rio era visto como extremamente inst\u00e1vel, com o pa\u00eds sob forte tens\u00e3o militar e pol\u00edtica.\" \/>\n<meta property=\"og:url\" content=\"https:\/\/portaltela.pt\/noticias\/2026\/03\/12\/libano-pode-adiar-plano-de-desarmar-hezbollah-devido-a-ameaca-de-israel\/\" \/>\n<meta property=\"og:site_name\" content=\"Portal Tela Portugal\" \/>\n<meta property=\"article:published_time\" content=\"2026-03-12T19:01:00+00:00\" \/>\n<meta name=\"author\" content=\"Telinha\" \/>\n<meta name=\"twitter:card\" content=\"summary_large_image\" \/>\n<meta name=\"twitter:label1\" content=\"Escrito por\" \/>\n\t<meta name=\"twitter:data1\" content=\"Telinha\" \/>\n\t<meta name=\"twitter:label2\" content=\"Tempo estimado de leitura\" \/>\n\t<meta name=\"twitter:data2\" content=\"1 minuto\" \/>\n<script type=\"application\/ld+json\" class=\"yoast-schema-graph\">{\"@context\":\"https:\/\/schema.org\",\"@graph\":[{\"@type\":\"Article\",\"@id\":\"https:\/\/portaltela.pt\/noticias\/2026\/03\/12\/libano-pode-adiar-plano-de-desarmar-hezbollah-devido-a-ameaca-de-israel\/#article\",\"isPartOf\":{\"@id\":\"https:\/\/portaltela.pt\/noticias\/2026\/03\/12\/libano-pode-adiar-plano-de-desarmar-hezbollah-devido-a-ameaca-de-israel\/\"},\"author\":{\"name\":\"Telinha\",\"@id\":\"https:\/\/portaltela.pt\/#\/schema\/person\/c4278d4a6028830caff9ee44b42d32ed\"},\"headline\":\"L\u00edbano pode adiar plano de desarmar Hezbollah devido a amea\u00e7a de Israel\",\"datePublished\":\"2026-03-12T19:01:00+00:00\",\"mainEntityOfPage\":{\"@id\":\"https:\/\/portaltela.pt\/noticias\/2026\/03\/12\/libano-pode-adiar-plano-de-desarmar-hezbollah-devido-a-ameaca-de-israel\/\"},\"wordCount\":194,\"image\":{\"@id\":\"https:\/\/portaltela.pt\/noticias\/2026\/03\/12\/libano-pode-adiar-plano-de-desarmar-hezbollah-devido-a-ameaca-de-israel\/#primaryimage\"},\"thumbnailUrl\":\"https:\/\/portaltela.pt\/s.01k8rhncp4jt1\/2026\/03\/2073636.jpg\",\"keywords\":[\"conflitos internacionais\",\"desarmamento\",\"deslocados internos\",\"guerra\",\"Israel\",\"L\u00edbano\"],\"articleSection\":[\"Conflitos\",\"Geopol\u00edtica\"],\"inLanguage\":\"pt-PT\"},{\"@type\":\"WebPage\",\"@id\":\"https:\/\/portaltela.pt\/noticias\/2026\/03\/12\/libano-pode-adiar-plano-de-desarmar-hezbollah-devido-a-ameaca-de-israel\/\",\"url\":\"https:\/\/portaltela.pt\/noticias\/2026\/03\/12\/libano-pode-adiar-plano-de-desarmar-hezbollah-devido-a-ameaca-de-israel\/\",\"name\":\"L\u00edbano pode adiar plano de desarmar Hezbollah devido a amea\u00e7a de Israel - Portal Tela Portugal\",\"isPartOf\":{\"@id\":\"https:\/\/portaltela.pt\/#website\"},\"primaryImageOfPage\":{\"@id\":\"https:\/\/portaltela.pt\/noticias\/2026\/03\/12\/libano-pode-adiar-plano-de-desarmar-hezbollah-devido-a-ameaca-de-israel\/#primaryimage\"},\"image\":{\"@id\":\"https:\/\/portaltela.pt\/noticias\/2026\/03\/12\/libano-pode-adiar-plano-de-desarmar-hezbollah-devido-a-ameaca-de-israel\/#primaryimage\"},\"thumbnailUrl\":\"https:\/\/portaltela.pt\/s.01k8rhncp4jt1\/2026\/03\/2073636.jpg\",\"datePublished\":\"2026-03-12T19:01:00+00:00\",\"author\":{\"@id\":\"https:\/\/portaltela.pt\/#\/schema\/person\/c4278d4a6028830caff9ee44b42d32ed\"},\"breadcrumb\":{\"@id\":\"https:\/\/portaltela.pt\/noticias\/2026\/03\/12\/libano-pode-adiar-plano-de-desarmar-hezbollah-devido-a-ameaca-de-israel\/#breadcrumb\"},\"inLanguage\":\"pt-PT\",\"potentialAction\":[{\"@type\":\"ReadAction\",\"target\":[\"https:\/\/portaltela.pt\/noticias\/2026\/03\/12\/libano-pode-adiar-plano-de-desarmar-hezbollah-devido-a-ameaca-de-israel\/\"]}]},{\"@type\":\"ImageObject\",\"inLanguage\":\"pt-PT\",\"@id\":\"https:\/\/portaltela.pt\/noticias\/2026\/03\/12\/libano-pode-adiar-plano-de-desarmar-hezbollah-devido-a-ameaca-de-israel\/#primaryimage\",\"url\":\"https:\/\/portaltela.pt\/s.01k8rhncp4jt1\/2026\/03\/2073636.jpg\",\"contentUrl\":\"https:\/\/portaltela.pt\/s.01k8rhncp4jt1\/2026\/03\/2073636.jpg\",\"width\":796,\"height\":448,\"caption\":\"Tanques israelitas estacionados esta quinta-feira na fronteira com o L\u00edbano\"},{\"@type\":\"BreadcrumbList\",\"@id\":\"https:\/\/portaltela.pt\/noticias\/2026\/03\/12\/libano-pode-adiar-plano-de-desarmar-hezbollah-devido-a-ameaca-de-israel\/#breadcrumb\",\"itemListElement\":[{\"@type\":\"ListItem\",\"position\":1,\"name\":\"In\u00edcio\",\"item\":\"https:\/\/portaltela.pt\/\"},{\"@type\":\"ListItem\",\"position\":2,\"name\":\"L\u00edbano pode adiar plano de desarmar Hezbollah devido a amea\u00e7a de Israel\"}]},{\"@type\":\"WebSite\",\"@id\":\"https:\/\/portaltela.pt\/#website\",\"url\":\"https:\/\/portaltela.pt\/\",\"name\":\"Portal Tela Portugal\",\"description\":\"\",\"potentialAction\":[{\"@type\":\"SearchAction\",\"target\":{\"@type\":\"EntryPoint\",\"urlTemplate\":\"https:\/\/portaltela.pt\/?s={search_term_string}\"},\"query-input\":{\"@type\":\"PropertyValueSpecification\",\"valueRequired\":true,\"valueName\":\"search_term_string\"}}],\"inLanguage\":\"pt-PT\"},{\"@type\":\"Person\",\"@id\":\"https:\/\/portaltela.pt\/#\/schema\/person\/c4278d4a6028830caff9ee44b42d32ed\",\"name\":\"Telinha\",\"image\":{\"@type\":\"ImageObject\",\"inLanguage\":\"pt-PT\",\"@id\":\"https:\/\/portaltela.pt\/s.01k8rhncp4jt1\/2025\/11\/talking-bot-125x125.png\",\"url\":\"https:\/\/portaltela.pt\/s.01k8rhncp4jt1\/2025\/11\/talking-bot-125x125.png\",\"contentUrl\":\"https:\/\/portaltela.pt\/s.01k8rhncp4jt1\/2025\/11\/talking-bot-125x125.png\",\"caption\":\"Telinha\"},\"sameAs\":[\"https:\/\/portaltela.pt\/\"],\"url\":\"https:\/\/portaltela.pt\/por\/367410592786\/\"}]}<\/script>\n<!-- \/ Yoast SEO plugin. -->","yoast_head_json":{"title":"L\u00edbano pode adiar plano de desarmar Hezbollah devido a amea\u00e7a de Israel - Portal Tela Portugal","robots":{"index":"index","follow":"follow","max-snippet":"max-snippet:-1","max-image-preview":"max-image-preview:large","max-video-preview":"max-video-preview:-1"},"og_locale":"pt_PT","og_type":"article","og_title":"L\u00edbano pode adiar plano de desarmar Hezbollah devido a amea\u00e7a de Israel - Portal Tela Portugal","og_description":"O Hezbollah pressionou o L\u00edbano a entrar na guerra entre Israel e Ir\u00e3o, deixando o pa\u00eds sob fogo cerrado. O conflito gerou milhares de deslocados e muitos aguardavam regressar a uma situa\u00e7\u00e3o est\u00e1vel, apesar do temor de ocupa\u00e7\u00e3o. Em novembro de 2024 entrou em vigor um cessar-fogo entre Hezbollah e Israel, encerrando 14 meses de confrontos ligados \u00e0 guerra em Gaza. Analistas indicaram que o L\u00edbano ficou \u00e0 beira de falhar, ante a press\u00e3o para manter o desarmamento do Hezbollah. O cen\u00e1rio era visto como extremamente inst\u00e1vel, com o pa\u00eds sob forte tens\u00e3o militar e pol\u00edtica.","og_url":"https:\/\/portaltela.pt\/noticias\/2026\/03\/12\/libano-pode-adiar-plano-de-desarmar-hezbollah-devido-a-ameaca-de-israel\/","og_site_name":"Portal Tela Portugal","article_published_time":"2026-03-12T19:01:00+00:00","author":"Telinha","twitter_card":"summary_large_image","twitter_misc":{"Escrito por":"Telinha","Tempo estimado de leitura":"1 minuto"},"schema":{"@context":"https:\/\/schema.org","@graph":[{"@type":"Article","@id":"https:\/\/portaltela.pt\/noticias\/2026\/03\/12\/libano-pode-adiar-plano-de-desarmar-hezbollah-devido-a-ameaca-de-israel\/#article","isPartOf":{"@id":"https:\/\/portaltela.pt\/noticias\/2026\/03\/12\/libano-pode-adiar-plano-de-desarmar-hezbollah-devido-a-ameaca-de-israel\/"},"author":{"name":"Telinha","@id":"https:\/\/portaltela.pt\/#\/schema\/person\/c4278d4a6028830caff9ee44b42d32ed"},"headline":"L\u00edbano pode adiar plano de desarmar Hezbollah devido a amea\u00e7a de Israel","datePublished":"2026-03-12T19:01:00+00:00","mainEntityOfPage":{"@id":"https:\/\/portaltela.pt\/noticias\/2026\/03\/12\/libano-pode-adiar-plano-de-desarmar-hezbollah-devido-a-ameaca-de-israel\/"},"wordCount":194,"image":{"@id":"https:\/\/portaltela.pt\/noticias\/2026\/03\/12\/libano-pode-adiar-plano-de-desarmar-hezbollah-devido-a-ameaca-de-israel\/#primaryimage"},"thumbnailUrl":"https:\/\/portaltela.pt\/s.01k8rhncp4jt1\/2026\/03\/2073636.jpg","keywords":["conflitos internacionais","desarmamento","deslocados internos","guerra","Israel","L\u00edbano"],"articleSection":["Conflitos","Geopol\u00edtica"],"inLanguage":"pt-PT"},{"@type":"WebPage","@id":"https:\/\/portaltela.pt\/noticias\/2026\/03\/12\/libano-pode-adiar-plano-de-desarmar-hezbollah-devido-a-ameaca-de-israel\/","url":"https:\/\/portaltela.pt\/noticias\/2026\/03\/12\/libano-pode-adiar-plano-de-desarmar-hezbollah-devido-a-ameaca-de-israel\/","name":"L\u00edbano pode adiar plano de desarmar Hezbollah devido a amea\u00e7a de Israel - Portal Tela Portugal","isPartOf":{"@id":"https:\/\/portaltela.pt\/#website"},"primaryImageOfPage":{"@id":"https:\/\/portaltela.pt\/noticias\/2026\/03\/12\/libano-pode-adiar-plano-de-desarmar-hezbollah-devido-a-ameaca-de-israel\/#primaryimage"},"image":{"@id":"https:\/\/portaltela.pt\/noticias\/2026\/03\/12\/libano-pode-adiar-plano-de-desarmar-hezbollah-devido-a-ameaca-de-israel\/#primaryimage"},"thumbnailUrl":"https:\/\/portaltela.pt\/s.01k8rhncp4jt1\/2026\/03\/2073636.jpg","datePublished":"2026-03-12T19:01:00+00:00","author":{"@id":"https:\/\/portaltela.pt\/#\/schema\/person\/c4278d4a6028830caff9ee44b42d32ed"},"breadcrumb":{"@id":"https:\/\/portaltela.pt\/noticias\/2026\/03\/12\/libano-pode-adiar-plano-de-desarmar-hezbollah-devido-a-ameaca-de-israel\/#breadcrumb"},"inLanguage":"pt-PT","potentialAction":[{"@type":"ReadAction","target":["https:\/\/portaltela.pt\/noticias\/2026\/03\/12\/libano-pode-adiar-plano-de-desarmar-hezbollah-devido-a-ameaca-de-israel\/"]}]},{"@type":"ImageObject","inLanguage":"pt-PT","@id":"https:\/\/portaltela.pt\/noticias\/2026\/03\/12\/libano-pode-adiar-plano-de-desarmar-hezbollah-devido-a-ameaca-de-israel\/#primaryimage","url":"https:\/\/portaltela.pt\/s.01k8rhncp4jt1\/2026\/03\/2073636.jpg","contentUrl":"https:\/\/portaltela.pt\/s.01k8rhncp4jt1\/2026\/03\/2073636.jpg","width":796,"height":448,"caption":"Tanques israelitas estacionados esta quinta-feira na fronteira com o L\u00edbano"},{"@type":"BreadcrumbList","@id":"https:\/\/portaltela.pt\/noticias\/2026\/03\/12\/libano-pode-adiar-plano-de-desarmar-hezbollah-devido-a-ameaca-de-israel\/#breadcrumb","itemListElement":[{"@type":"ListItem","position":1,"name":"In\u00edcio","item":"https:\/\/portaltela.pt\/"},{"@type":"ListItem","position":2,"name":"L\u00edbano pode adiar plano de desarmar Hezbollah devido a amea\u00e7a de Israel"}]},{"@type":"WebSite","@id":"https:\/\/portaltela.pt\/#website","url":"https:\/\/portaltela.pt\/","name":"Portal Tela Portugal","description":"","potentialAction":[{"@type":"SearchAction","target":{"@type":"EntryPoint","urlTemplate":"https:\/\/portaltela.pt\/?s={search_term_string}"},"query-input":{"@type":"PropertyValueSpecification","valueRequired":true,"valueName":"search_term_string"}}],"inLanguage":"pt-PT"},{"@type":"Person","@id":"https:\/\/portaltela.pt\/#\/schema\/person\/c4278d4a6028830caff9ee44b42d32ed","name":"Telinha","image":{"@type":"ImageObject","inLanguage":"pt-PT","@id":"https:\/\/portaltela.pt\/s.01k8rhncp4jt1\/2025\/11\/talking-bot-125x125.png","url":"https:\/\/portaltela.pt\/s.01k8rhncp4jt1\/2025\/11\/talking-bot-125x125.png","contentUrl":"https:\/\/portaltela.pt\/s.01k8rhncp4jt1\/2025\/11\/talking-bot-125x125.png","caption":"Telinha"},"sameAs":["https:\/\/portaltela.pt\/"],"url":"https:\/\/portaltela.pt\/por\/367410592786\/"}]}},"_links":{"self":[{"href":"https:\/\/portaltela.pt\/api\/wp\/v2\/posts\/407909","targetHints":{"allow":["GET"]}}],"collection":[{"href":"https:\/\/portaltela.pt\/api\/wp\/v2\/posts"}],"about":[{"href":"https:\/\/portaltela.pt\/api\/wp\/v2\/types\/post"}],"author":[{"embeddable":true,"href":"https:\/\/portaltela.pt\/api\/wp\/v2\/users\/2"}],"replies":[{"embeddable":true,"href":"https:\/\/portaltela.pt\/api\/wp\/v2\/comments?post=407909"}],"version-history":[{"count":0,"href":"https:\/\/portaltela.pt\/api\/wp\/v2\/posts\/407909\/revisions"}],"wp:featuredmedia":[{"embeddable":true,"href":"https:\/\/portaltela.pt\/api\/wp\/v2\/media\/407914"}],"wp:attachment":[{"href":"https:\/\/portaltela.pt\/api\/wp\/v2\/media?parent=407909"}],"wp:term":[{"taxonomy":"category","embeddable":true,"href":"https:\/\/portaltela.pt\/api\/wp\/v2\/categories?post=407909"},{"taxonomy":"post_tag","embeddable":true,"href":"https:\/\/portaltela.pt\/api\/wp\/v2\/tags?post=407909"}],"curies":[{"name":"wp","href":"https:\/\/api.w.org\/{rel}","templated":true}]}}