{"id":407871,"date":"2026-03-12T15:46:00","date_gmt":"2026-03-12T18:46:00","guid":{"rendered":"https:\/\/portaltela.pt\/noticias\/2026\/03\/12\/pj-faz-novas-buscas-a-ex-patrao-da-altice-e-ao-seu-braco-direito-em-braga\/"},"modified":"2026-03-12T15:46:00","modified_gmt":"2026-03-12T18:46:00","slug":"pj-faz-novas-buscas-a-ex-patrao-da-altice-e-ao-seu-braco-direito-em-braga","status":"publish","type":"post","link":"https:\/\/portaltela.pt\/noticias\/2026\/03\/12\/pj-faz-novas-buscas-a-ex-patrao-da-altice-e-ao-seu-braco-direito-em-braga\/","title":{"rendered":"PJ faz novas buscas a ex-patr\u00e3o da Altice e ao seu bra\u00e7o direito em Braga"},"content":{"rendered":"<p>A Pol\u00edcia Judici\u00e1ria (PJ) est\u00e1 a realizar novas buscas domicili\u00e1rias nas casas de Armando Pereira e Hern\u00e2ni Vaz Antunes, em Braga. Os alvos s\u00e3o arguidos na Opera\u00e7\u00e3o Picoas, centrada no grupo Altice, com dilig\u00eancias que apontam para factos em Fran\u00e7a. As buscas envolvem tamb\u00e9m elementos da Autoridade Tribut\u00e1ria.<\/p>\n<p>As a\u00e7\u00f5es decorrem na sequ\u00eancia de investiga\u00e7\u00f5es anteriores realizadas em Fran\u00e7a, onde Armando Pereira \u00e9 investigado por corrup\u00e7\u00e3o no setor privado. Em Portugal, o ex-patr\u00e3o da Altice \u00e9 acusado de desfalques na empresa, segundo informa\u00e7\u00f5es recolhidas pelo JN.<\/p>\n<p>Rui Patr\u00edcio, advogado de Hern\u00e2ni Pereira, recusou comentar, indicando que o processo se encontra em segredo de justi\u00e7a. Em Bruxelas, o Minist\u00e9rio P\u00fablico franc\u00eas descreve o caso como parte de um vasto sistema de corrup\u00e7\u00e3o que envolve a Altice.<\/p>\n<p>Segundo o PNF, o esquema envolve corrup\u00e7\u00e3o privada, fraude organizada e lavagem de dinheiro, com sobrefatura\u00e7\u00e3o de servi\u00e7os e bens atrav\u00e9s de redes de empresas de fachada. O dinheiro seria encaminhado para circuito internacional de branqueamento.<\/p>\n<p>O Minist\u00e9rio P\u00fablico franc\u00eas abriu a investiga\u00e7\u00e3o dois meses ap\u00f3s a deten\u00e7\u00e3o de Armando Pereira, em Portugal, em junho de 2023, no \u00e2mbito da Opera\u00e7\u00e3o Picoas. Em Portugal, foram detidos Armando Pereira e Hern\u00e2ni Vaz Antunes, mas ficaram em liberdade mediante cau\u00e7\u00e3o, que j\u00e1 expirou.<\/p>\n<p>Armando Pereira enfrenta ind\u00edcios de 11 crimes, entre eles seis de corrup\u00e7\u00e3o ativa, um de corrup\u00e7\u00e3o passiva no setor privado, quatro de branqueamento de capitais e falsifica\u00e7\u00e3o de documentos. A justi\u00e7a portuguesa acompanha o desenvolvimento do caso.<\/p>\n","protected":false},"excerpt":{"rendered":"<ul>\n<li>A Pol\u00edcia Judici\u00e1ria realiza novas buscas \u00e0s casas de Armando Pereira e Hern\u00e2ni Vaz Antunes, em Braga, ligados \u00e0 Opera\u00e7\u00e3o Picoas e ao grupo Altice.<\/li>\n<li>As dilig\u00eancias, acompanhadas pela Autoridade Tribut\u00e1ria e respons\u00e1veis judici\u00e1rios franceses, parecem visadas a factos supostamente ocorridos em Fran\u00e7a.<\/li>\n<li>Em Fran\u00e7a, o Parquet National Financier investiga um alegado sistema de corrup\u00e7\u00e3o envolvendo a Altice, com sobrefatura\u00e7\u00e3o de servi\u00e7os e lavagem de dinheiro atrav\u00e9s de empresas de fachada.<\/li>\n<li>O MP portugu\u00eas abriu a Opera\u00e7\u00e3o Picoas em junho de dois mil e vinte e tr\u00eas, com dezenas de buscas e a deten\u00e7\u00e3o de Armando Pereira e de Hern\u00e2ni Vaz Antunes, que sa\u00edram em liberdade sob cau\u00e7\u00e3o.<\/li>\n<li>Armando Pereira est\u00e1 indiciado por onze crimes, incluindo corrup\u00e7\u00e3o ativa e passiva no setor privado, branqueamento de capitais e falsifica\u00e7\u00e3o de documentos.<\/li>\n<\/ul>\n","protected":false},"author":2,"featured_media":407883,"comment_status":"closed","ping_status":"closed","sticky":false,"template":"","format":"standard","meta":{"footnotes":""},"categories":[1],"tags":[2850,1207,83,6318,215,3347],"class_list":["post-407871","post","type-post","status-publish","format-standard","has-post-thumbnail","hentry","category-noticias","tag-autoridade-tributaria","tag-braga","tag-corrupcao","tag-fraude","tag-investigacao","tag-lavagem-de-dinheiro"],"yoast_head":"<!-- This site is optimized with the Yoast SEO plugin v27.2 - https:\/\/yoast.com\/product\/yoast-seo-wordpress\/ -->\n<title>PJ faz novas buscas a ex-patr\u00e3o da Altice e ao seu bra\u00e7o direito em Braga - Portal Tela Portugal<\/title>\n<meta name=\"robots\" content=\"index, follow, max-snippet:-1, max-image-preview:large, max-video-preview:-1\" \/>\n<meta property=\"og:locale\" content=\"pt_PT\" \/>\n<meta property=\"og:type\" content=\"article\" \/>\n<meta property=\"og:title\" content=\"PJ faz novas buscas a ex-patr\u00e3o da Altice e ao seu bra\u00e7o direito em Braga - Portal Tela Portugal\" \/>\n<meta property=\"og:description\" content=\"A Pol\u00edcia Judici\u00e1ria realiza novas buscas \u00e0s casas de Armando Pereira e Hern\u00e2ni Vaz Antunes, em Braga, ligados \u00e0 Opera\u00e7\u00e3o Picoas e ao grupo Altice. As dilig\u00eancias, acompanhadas pela Autoridade Tribut\u00e1ria e respons\u00e1veis judici\u00e1rios franceses, parecem visadas a factos supostamente ocorridos em Fran\u00e7a. Em Fran\u00e7a, o Parquet National Financier investiga um alegado sistema de corrup\u00e7\u00e3o envolvendo a Altice, com sobrefatura\u00e7\u00e3o de servi\u00e7os e lavagem de dinheiro atrav\u00e9s de empresas de fachada. O MP portugu\u00eas abriu a Opera\u00e7\u00e3o Picoas em junho de dois mil e vinte e tr\u00eas, com dezenas de buscas e a deten\u00e7\u00e3o de Armando Pereira e de Hern\u00e2ni Vaz Antunes, que sa\u00edram em liberdade sob cau\u00e7\u00e3o. Armando Pereira est\u00e1 indiciado por onze crimes, incluindo corrup\u00e7\u00e3o ativa e passiva no setor privado, branqueamento de capitais e falsifica\u00e7\u00e3o de documentos.\" \/>\n<meta property=\"og:url\" content=\"https:\/\/portaltela.pt\/noticias\/2026\/03\/12\/pj-faz-novas-buscas-a-ex-patrao-da-altice-e-ao-seu-braco-direito-em-braga\/\" \/>\n<meta property=\"og:site_name\" content=\"Portal Tela Portugal\" \/>\n<meta property=\"article:published_time\" content=\"2026-03-12T18:46:00+00:00\" \/>\n<meta name=\"author\" content=\"Telinha\" \/>\n<meta name=\"twitter:card\" content=\"summary_large_image\" \/>\n<meta name=\"twitter:label1\" content=\"Escrito por\" \/>\n\t<meta name=\"twitter:data1\" content=\"Telinha\" \/>\n\t<meta name=\"twitter:label2\" content=\"Tempo estimado de leitura\" \/>\n\t<meta name=\"twitter:data2\" content=\"1 minuto\" \/>\n<script type=\"application\/ld+json\" class=\"yoast-schema-graph\">{\"@context\":\"https:\/\/schema.org\",\"@graph\":[{\"@type\":\"Article\",\"@id\":\"https:\/\/portaltela.pt\/noticias\/2026\/03\/12\/pj-faz-novas-buscas-a-ex-patrao-da-altice-e-ao-seu-braco-direito-em-braga\/#article\",\"isPartOf\":{\"@id\":\"https:\/\/portaltela.pt\/noticias\/2026\/03\/12\/pj-faz-novas-buscas-a-ex-patrao-da-altice-e-ao-seu-braco-direito-em-braga\/\"},\"author\":{\"name\":\"Telinha\",\"@id\":\"https:\/\/portaltela.pt\/#\/schema\/person\/c4278d4a6028830caff9ee44b42d32ed\"},\"headline\":\"PJ faz novas buscas a ex-patr\u00e3o da Altice e ao seu bra\u00e7o direito em Braga\",\"datePublished\":\"2026-03-12T18:46:00+00:00\",\"mainEntityOfPage\":{\"@id\":\"https:\/\/portaltela.pt\/noticias\/2026\/03\/12\/pj-faz-novas-buscas-a-ex-patrao-da-altice-e-ao-seu-braco-direito-em-braga\/\"},\"wordCount\":298,\"image\":{\"@id\":\"https:\/\/portaltela.pt\/noticias\/2026\/03\/12\/pj-faz-novas-buscas-a-ex-patrao-da-altice-e-ao-seu-braco-direito-em-braga\/#primaryimage\"},\"thumbnailUrl\":\"https:\/\/portaltela.pt\/s.01k8rhncp4jt1\/2026\/03\/image-802.jpg\",\"keywords\":[\"Autoridade Tribut\u00e1ria\",\"Braga\",\"corrup\u00e7\u00e3o\",\"fraude\",\"investiga\u00e7\u00e3o\",\"lavagem de dinheiro\"],\"articleSection\":[\"Not\u00edcias\"],\"inLanguage\":\"pt-PT\"},{\"@type\":\"WebPage\",\"@id\":\"https:\/\/portaltela.pt\/noticias\/2026\/03\/12\/pj-faz-novas-buscas-a-ex-patrao-da-altice-e-ao-seu-braco-direito-em-braga\/\",\"url\":\"https:\/\/portaltela.pt\/noticias\/2026\/03\/12\/pj-faz-novas-buscas-a-ex-patrao-da-altice-e-ao-seu-braco-direito-em-braga\/\",\"name\":\"PJ faz novas buscas a ex-patr\u00e3o da Altice e ao seu bra\u00e7o direito em Braga - Portal Tela Portugal\",\"isPartOf\":{\"@id\":\"https:\/\/portaltela.pt\/#website\"},\"primaryImageOfPage\":{\"@id\":\"https:\/\/portaltela.pt\/noticias\/2026\/03\/12\/pj-faz-novas-buscas-a-ex-patrao-da-altice-e-ao-seu-braco-direito-em-braga\/#primaryimage\"},\"image\":{\"@id\":\"https:\/\/portaltela.pt\/noticias\/2026\/03\/12\/pj-faz-novas-buscas-a-ex-patrao-da-altice-e-ao-seu-braco-direito-em-braga\/#primaryimage\"},\"thumbnailUrl\":\"https:\/\/portaltela.pt\/s.01k8rhncp4jt1\/2026\/03\/image-802.jpg\",\"datePublished\":\"2026-03-12T18:46:00+00:00\",\"author\":{\"@id\":\"https:\/\/portaltela.pt\/#\/schema\/person\/c4278d4a6028830caff9ee44b42d32ed\"},\"breadcrumb\":{\"@id\":\"https:\/\/portaltela.pt\/noticias\/2026\/03\/12\/pj-faz-novas-buscas-a-ex-patrao-da-altice-e-ao-seu-braco-direito-em-braga\/#breadcrumb\"},\"inLanguage\":\"pt-PT\",\"potentialAction\":[{\"@type\":\"ReadAction\",\"target\":[\"https:\/\/portaltela.pt\/noticias\/2026\/03\/12\/pj-faz-novas-buscas-a-ex-patrao-da-altice-e-ao-seu-braco-direito-em-braga\/\"]}]},{\"@type\":\"ImageObject\",\"inLanguage\":\"pt-PT\",\"@id\":\"https:\/\/portaltela.pt\/noticias\/2026\/03\/12\/pj-faz-novas-buscas-a-ex-patrao-da-altice-e-ao-seu-braco-direito-em-braga\/#primaryimage\",\"url\":\"https:\/\/portaltela.pt\/s.01k8rhncp4jt1\/2026\/03\/image-802.jpg\",\"contentUrl\":\"https:\/\/portaltela.pt\/s.01k8rhncp4jt1\/2026\/03\/image-802.jpg\",\"width\":796,\"height\":448,\"caption\":\"Quinta de Armando Pereira em Vieira do Minho que est\u00e1 a ser alvo de buscas tem 15 hectares\"},{\"@type\":\"BreadcrumbList\",\"@id\":\"https:\/\/portaltela.pt\/noticias\/2026\/03\/12\/pj-faz-novas-buscas-a-ex-patrao-da-altice-e-ao-seu-braco-direito-em-braga\/#breadcrumb\",\"itemListElement\":[{\"@type\":\"ListItem\",\"position\":1,\"name\":\"In\u00edcio\",\"item\":\"https:\/\/portaltela.pt\/\"},{\"@type\":\"ListItem\",\"position\":2,\"name\":\"PJ faz novas buscas a ex-patr\u00e3o da Altice e ao seu bra\u00e7o direito em Braga\"}]},{\"@type\":\"WebSite\",\"@id\":\"https:\/\/portaltela.pt\/#website\",\"url\":\"https:\/\/portaltela.pt\/\",\"name\":\"Portal Tela Portugal\",\"description\":\"\",\"potentialAction\":[{\"@type\":\"SearchAction\",\"target\":{\"@type\":\"EntryPoint\",\"urlTemplate\":\"https:\/\/portaltela.pt\/?s={search_term_string}\"},\"query-input\":{\"@type\":\"PropertyValueSpecification\",\"valueRequired\":true,\"valueName\":\"search_term_string\"}}],\"inLanguage\":\"pt-PT\"},{\"@type\":\"Person\",\"@id\":\"https:\/\/portaltela.pt\/#\/schema\/person\/c4278d4a6028830caff9ee44b42d32ed\",\"name\":\"Telinha\",\"image\":{\"@type\":\"ImageObject\",\"inLanguage\":\"pt-PT\",\"@id\":\"https:\/\/portaltela.pt\/s.01k8rhncp4jt1\/2025\/11\/talking-bot-125x125.png\",\"url\":\"https:\/\/portaltela.pt\/s.01k8rhncp4jt1\/2025\/11\/talking-bot-125x125.png\",\"contentUrl\":\"https:\/\/portaltela.pt\/s.01k8rhncp4jt1\/2025\/11\/talking-bot-125x125.png\",\"caption\":\"Telinha\"},\"sameAs\":[\"https:\/\/portaltela.pt\/\"],\"url\":\"https:\/\/portaltela.pt\/por\/367410592786\/\"}]}<\/script>\n<!-- \/ Yoast SEO plugin. -->","yoast_head_json":{"title":"PJ faz novas buscas a ex-patr\u00e3o da Altice e ao seu bra\u00e7o direito em Braga - Portal Tela Portugal","robots":{"index":"index","follow":"follow","max-snippet":"max-snippet:-1","max-image-preview":"max-image-preview:large","max-video-preview":"max-video-preview:-1"},"og_locale":"pt_PT","og_type":"article","og_title":"PJ faz novas buscas a ex-patr\u00e3o da Altice e ao seu bra\u00e7o direito em Braga - Portal Tela Portugal","og_description":"A Pol\u00edcia Judici\u00e1ria realiza novas buscas \u00e0s casas de Armando Pereira e Hern\u00e2ni Vaz Antunes, em Braga, ligados \u00e0 Opera\u00e7\u00e3o Picoas e ao grupo Altice. As dilig\u00eancias, acompanhadas pela Autoridade Tribut\u00e1ria e respons\u00e1veis judici\u00e1rios franceses, parecem visadas a factos supostamente ocorridos em Fran\u00e7a. Em Fran\u00e7a, o Parquet National Financier investiga um alegado sistema de corrup\u00e7\u00e3o envolvendo a Altice, com sobrefatura\u00e7\u00e3o de servi\u00e7os e lavagem de dinheiro atrav\u00e9s de empresas de fachada. O MP portugu\u00eas abriu a Opera\u00e7\u00e3o Picoas em junho de dois mil e vinte e tr\u00eas, com dezenas de buscas e a deten\u00e7\u00e3o de Armando Pereira e de Hern\u00e2ni Vaz Antunes, que sa\u00edram em liberdade sob cau\u00e7\u00e3o. Armando Pereira est\u00e1 indiciado por onze crimes, incluindo corrup\u00e7\u00e3o ativa e passiva no setor privado, branqueamento de capitais e falsifica\u00e7\u00e3o de documentos.","og_url":"https:\/\/portaltela.pt\/noticias\/2026\/03\/12\/pj-faz-novas-buscas-a-ex-patrao-da-altice-e-ao-seu-braco-direito-em-braga\/","og_site_name":"Portal Tela Portugal","article_published_time":"2026-03-12T18:46:00+00:00","author":"Telinha","twitter_card":"summary_large_image","twitter_misc":{"Escrito por":"Telinha","Tempo estimado de leitura":"1 minuto"},"schema":{"@context":"https:\/\/schema.org","@graph":[{"@type":"Article","@id":"https:\/\/portaltela.pt\/noticias\/2026\/03\/12\/pj-faz-novas-buscas-a-ex-patrao-da-altice-e-ao-seu-braco-direito-em-braga\/#article","isPartOf":{"@id":"https:\/\/portaltela.pt\/noticias\/2026\/03\/12\/pj-faz-novas-buscas-a-ex-patrao-da-altice-e-ao-seu-braco-direito-em-braga\/"},"author":{"name":"Telinha","@id":"https:\/\/portaltela.pt\/#\/schema\/person\/c4278d4a6028830caff9ee44b42d32ed"},"headline":"PJ faz novas buscas a ex-patr\u00e3o da Altice e ao seu bra\u00e7o direito em Braga","datePublished":"2026-03-12T18:46:00+00:00","mainEntityOfPage":{"@id":"https:\/\/portaltela.pt\/noticias\/2026\/03\/12\/pj-faz-novas-buscas-a-ex-patrao-da-altice-e-ao-seu-braco-direito-em-braga\/"},"wordCount":298,"image":{"@id":"https:\/\/portaltela.pt\/noticias\/2026\/03\/12\/pj-faz-novas-buscas-a-ex-patrao-da-altice-e-ao-seu-braco-direito-em-braga\/#primaryimage"},"thumbnailUrl":"https:\/\/portaltela.pt\/s.01k8rhncp4jt1\/2026\/03\/image-802.jpg","keywords":["Autoridade Tribut\u00e1ria","Braga","corrup\u00e7\u00e3o","fraude","investiga\u00e7\u00e3o","lavagem de dinheiro"],"articleSection":["Not\u00edcias"],"inLanguage":"pt-PT"},{"@type":"WebPage","@id":"https:\/\/portaltela.pt\/noticias\/2026\/03\/12\/pj-faz-novas-buscas-a-ex-patrao-da-altice-e-ao-seu-braco-direito-em-braga\/","url":"https:\/\/portaltela.pt\/noticias\/2026\/03\/12\/pj-faz-novas-buscas-a-ex-patrao-da-altice-e-ao-seu-braco-direito-em-braga\/","name":"PJ faz novas buscas a ex-patr\u00e3o da Altice e ao seu bra\u00e7o direito em Braga - Portal Tela Portugal","isPartOf":{"@id":"https:\/\/portaltela.pt\/#website"},"primaryImageOfPage":{"@id":"https:\/\/portaltela.pt\/noticias\/2026\/03\/12\/pj-faz-novas-buscas-a-ex-patrao-da-altice-e-ao-seu-braco-direito-em-braga\/#primaryimage"},"image":{"@id":"https:\/\/portaltela.pt\/noticias\/2026\/03\/12\/pj-faz-novas-buscas-a-ex-patrao-da-altice-e-ao-seu-braco-direito-em-braga\/#primaryimage"},"thumbnailUrl":"https:\/\/portaltela.pt\/s.01k8rhncp4jt1\/2026\/03\/image-802.jpg","datePublished":"2026-03-12T18:46:00+00:00","author":{"@id":"https:\/\/portaltela.pt\/#\/schema\/person\/c4278d4a6028830caff9ee44b42d32ed"},"breadcrumb":{"@id":"https:\/\/portaltela.pt\/noticias\/2026\/03\/12\/pj-faz-novas-buscas-a-ex-patrao-da-altice-e-ao-seu-braco-direito-em-braga\/#breadcrumb"},"inLanguage":"pt-PT","potentialAction":[{"@type":"ReadAction","target":["https:\/\/portaltela.pt\/noticias\/2026\/03\/12\/pj-faz-novas-buscas-a-ex-patrao-da-altice-e-ao-seu-braco-direito-em-braga\/"]}]},{"@type":"ImageObject","inLanguage":"pt-PT","@id":"https:\/\/portaltela.pt\/noticias\/2026\/03\/12\/pj-faz-novas-buscas-a-ex-patrao-da-altice-e-ao-seu-braco-direito-em-braga\/#primaryimage","url":"https:\/\/portaltela.pt\/s.01k8rhncp4jt1\/2026\/03\/image-802.jpg","contentUrl":"https:\/\/portaltela.pt\/s.01k8rhncp4jt1\/2026\/03\/image-802.jpg","width":796,"height":448,"caption":"Quinta de Armando Pereira em Vieira do Minho que est\u00e1 a ser alvo de buscas tem 15 hectares"},{"@type":"BreadcrumbList","@id":"https:\/\/portaltela.pt\/noticias\/2026\/03\/12\/pj-faz-novas-buscas-a-ex-patrao-da-altice-e-ao-seu-braco-direito-em-braga\/#breadcrumb","itemListElement":[{"@type":"ListItem","position":1,"name":"In\u00edcio","item":"https:\/\/portaltela.pt\/"},{"@type":"ListItem","position":2,"name":"PJ faz novas buscas a ex-patr\u00e3o da Altice e ao seu bra\u00e7o direito em Braga"}]},{"@type":"WebSite","@id":"https:\/\/portaltela.pt\/#website","url":"https:\/\/portaltela.pt\/","name":"Portal Tela Portugal","description":"","potentialAction":[{"@type":"SearchAction","target":{"@type":"EntryPoint","urlTemplate":"https:\/\/portaltela.pt\/?s={search_term_string}"},"query-input":{"@type":"PropertyValueSpecification","valueRequired":true,"valueName":"search_term_string"}}],"inLanguage":"pt-PT"},{"@type":"Person","@id":"https:\/\/portaltela.pt\/#\/schema\/person\/c4278d4a6028830caff9ee44b42d32ed","name":"Telinha","image":{"@type":"ImageObject","inLanguage":"pt-PT","@id":"https:\/\/portaltela.pt\/s.01k8rhncp4jt1\/2025\/11\/talking-bot-125x125.png","url":"https:\/\/portaltela.pt\/s.01k8rhncp4jt1\/2025\/11\/talking-bot-125x125.png","contentUrl":"https:\/\/portaltela.pt\/s.01k8rhncp4jt1\/2025\/11\/talking-bot-125x125.png","caption":"Telinha"},"sameAs":["https:\/\/portaltela.pt\/"],"url":"https:\/\/portaltela.pt\/por\/367410592786\/"}]}},"_links":{"self":[{"href":"https:\/\/portaltela.pt\/api\/wp\/v2\/posts\/407871","targetHints":{"allow":["GET"]}}],"collection":[{"href":"https:\/\/portaltela.pt\/api\/wp\/v2\/posts"}],"about":[{"href":"https:\/\/portaltela.pt\/api\/wp\/v2\/types\/post"}],"author":[{"embeddable":true,"href":"https:\/\/portaltela.pt\/api\/wp\/v2\/users\/2"}],"replies":[{"embeddable":true,"href":"https:\/\/portaltela.pt\/api\/wp\/v2\/comments?post=407871"}],"version-history":[{"count":0,"href":"https:\/\/portaltela.pt\/api\/wp\/v2\/posts\/407871\/revisions"}],"wp:featuredmedia":[{"embeddable":true,"href":"https:\/\/portaltela.pt\/api\/wp\/v2\/media\/407883"}],"wp:attachment":[{"href":"https:\/\/portaltela.pt\/api\/wp\/v2\/media?parent=407871"}],"wp:term":[{"taxonomy":"category","embeddable":true,"href":"https:\/\/portaltela.pt\/api\/wp\/v2\/categories?post=407871"},{"taxonomy":"post_tag","embeddable":true,"href":"https:\/\/portaltela.pt\/api\/wp\/v2\/tags?post=407871"}],"curies":[{"name":"wp","href":"https:\/\/api.w.org\/{rel}","templated":true}]}}