{"id":407863,"date":"2026-03-12T15:55:00","date_gmt":"2026-03-12T18:55:00","guid":{"rendered":"https:\/\/portaltela.pt\/noticias\/2026\/03\/12\/acidente-com-quatro-carros-provoca-longas-filas-entre-barcelos-e-esposende\/"},"modified":"2026-03-12T15:55:00","modified_gmt":"2026-03-12T18:55:00","slug":"acidente-com-quatro-carros-provoca-longas-filas-entre-barcelos-e-esposende","status":"publish","type":"post","link":"https:\/\/portaltela.pt\/noticias\/2026\/03\/12\/acidente-com-quatro-carros-provoca-longas-filas-entre-barcelos-e-esposende\/","title":{"rendered":"Acidente com quatro carros provoca longas filas entre Barcelos e Esposende"},"content":{"rendered":"<p>Um acidente rodovi\u00e1rio envolvendo quatro autom\u00f3veis ocorreu na Estrada Nacional 103-1, na freguesia de Perelhal, Barcelos, causando constrangimentos no tr\u00e2nsito.<\/p>\n<p>Segundo informa\u00e7\u00f5es preliminares, dois ve\u00edculos est\u00e3o numa das faixas e os outros dois ficaram imobilizados na dire\u00e7\u00e3o oposta, dificultando a circula\u00e7\u00e3o entre Barcelos e Esposende.<\/p>\n<p>A GNR est\u00e1 no local a regular o tr\u00e2nsito e a procurar reduzir os constrangimentos, mas as filas j\u00e1 se alongam por v\u00e1rios quil\u00f3metros em ambos os sentidos.<\/p>\n<p>At\u00e9 ao momento, n\u00e3o h\u00e1 indica\u00e7\u00e3o de feridos, conforme as informa\u00e7\u00f5es dispon\u00edveis. A situa\u00e7\u00e3o permanece em avalia\u00e7\u00e3o pela autoridade.<\/p>\n","protected":false},"excerpt":{"rendered":"<ul>\n<li>Um acidente na Estrada Nacional 103-1, em Perelhal, Barcelos, envolve quatro autom\u00f3veis.<\/li>\n<li>Dois ve\u00edculos est\u00e3o numa das faixas, enquanto os outros dois ficaram na via contr\u00e1ria, dificultando a circula\u00e7\u00e3o para Esposende.<\/li>\n<li>A Guarda Nacional Republicana est\u00e1 no local a regular o tr\u00e2nsito e a minimizar os constrangimentos.<\/li>\n<li>As filas j\u00e1 se prolongam por v\u00e1rios quil\u00f3metros em ambos os sentidos.<\/li>\n<li>N\u00e3o h\u00e1, para j\u00e1, indica\u00e7\u00e3o de feridos.<\/li>\n<\/ul>\n","protected":false},"author":2,"featured_media":407872,"comment_status":"closed","ping_status":"closed","sticky":false,"template":"","format":"standard","meta":{"footnotes":""},"categories":[6849,1],"tags":[5487,4169,1027,6007,1545,1629],"class_list":["post-407863","post","type-post","status-publish","format-standard","has-post-thumbnail","hentry","category-acidentes","category-noticias","tag-acidente","tag-acidente-rodoviario","tag-barcelos","tag-congestoes","tag-esposende","tag-transito"],"yoast_head":"<!-- This site is optimized with the Yoast SEO plugin v27.2 - https:\/\/yoast.com\/product\/yoast-seo-wordpress\/ -->\n<title>Acidente com quatro carros provoca longas filas entre Barcelos e Esposende - Portal Tela Portugal<\/title>\n<meta name=\"robots\" content=\"index, follow, max-snippet:-1, max-image-preview:large, max-video-preview:-1\" \/>\n<meta property=\"og:locale\" content=\"pt_PT\" \/>\n<meta property=\"og:type\" content=\"article\" \/>\n<meta property=\"og:title\" content=\"Acidente com quatro carros provoca longas filas entre Barcelos e Esposende - Portal Tela Portugal\" \/>\n<meta property=\"og:description\" content=\"Um acidente na Estrada Nacional 103-1, em Perelhal, Barcelos, envolve quatro autom\u00f3veis. Dois ve\u00edculos est\u00e3o numa das faixas, enquanto os outros dois ficaram na via contr\u00e1ria, dificultando a circula\u00e7\u00e3o para Esposende. A Guarda Nacional Republicana est\u00e1 no local a regular o tr\u00e2nsito e a minimizar os constrangimentos. As filas j\u00e1 se prolongam por v\u00e1rios quil\u00f3metros em ambos os sentidos. N\u00e3o h\u00e1, para j\u00e1, indica\u00e7\u00e3o de feridos.\" \/>\n<meta property=\"og:url\" content=\"https:\/\/portaltela.pt\/noticias\/2026\/03\/12\/acidente-com-quatro-carros-provoca-longas-filas-entre-barcelos-e-esposende\/\" \/>\n<meta property=\"og:site_name\" content=\"Portal Tela Portugal\" \/>\n<meta property=\"article:published_time\" content=\"2026-03-12T18:55:00+00:00\" \/>\n<meta name=\"author\" content=\"Telinha\" \/>\n<meta name=\"twitter:card\" content=\"summary_large_image\" \/>\n<meta name=\"twitter:label1\" content=\"Escrito por\" \/>\n\t<meta name=\"twitter:data1\" content=\"Telinha\" \/>\n\t<meta name=\"twitter:label2\" content=\"Tempo estimado de leitura\" \/>\n\t<meta name=\"twitter:data2\" content=\"1 minuto\" \/>\n<script type=\"application\/ld+json\" class=\"yoast-schema-graph\">{\"@context\":\"https:\/\/schema.org\",\"@graph\":[{\"@type\":\"Article\",\"@id\":\"https:\/\/portaltela.pt\/noticias\/2026\/03\/12\/acidente-com-quatro-carros-provoca-longas-filas-entre-barcelos-e-esposende\/#article\",\"isPartOf\":{\"@id\":\"https:\/\/portaltela.pt\/noticias\/2026\/03\/12\/acidente-com-quatro-carros-provoca-longas-filas-entre-barcelos-e-esposende\/\"},\"author\":{\"name\":\"Telinha\",\"@id\":\"https:\/\/portaltela.pt\/#\/schema\/person\/c4278d4a6028830caff9ee44b42d32ed\"},\"headline\":\"Acidente com quatro carros provoca longas filas entre Barcelos e Esposende\",\"datePublished\":\"2026-03-12T18:55:00+00:00\",\"mainEntityOfPage\":{\"@id\":\"https:\/\/portaltela.pt\/noticias\/2026\/03\/12\/acidente-com-quatro-carros-provoca-longas-filas-entre-barcelos-e-esposende\/\"},\"wordCount\":120,\"image\":{\"@id\":\"https:\/\/portaltela.pt\/noticias\/2026\/03\/12\/acidente-com-quatro-carros-provoca-longas-filas-entre-barcelos-e-esposende\/#primaryimage\"},\"thumbnailUrl\":\"https:\/\/portaltela.pt\/s.01k8rhncp4jt1\/2026\/03\/image-801.jpg\",\"keywords\":[\"acidente\",\"acidente rodovi\u00e1rio\",\"Barcelos\",\"congest\u00f5es\",\"Esposende\",\"tr\u00e2nsito\"],\"articleSection\":[\"Acidentes\",\"Not\u00edcias\"],\"inLanguage\":\"pt-PT\"},{\"@type\":\"WebPage\",\"@id\":\"https:\/\/portaltela.pt\/noticias\/2026\/03\/12\/acidente-com-quatro-carros-provoca-longas-filas-entre-barcelos-e-esposende\/\",\"url\":\"https:\/\/portaltela.pt\/noticias\/2026\/03\/12\/acidente-com-quatro-carros-provoca-longas-filas-entre-barcelos-e-esposende\/\",\"name\":\"Acidente com quatro carros provoca longas filas entre Barcelos e Esposende - Portal Tela Portugal\",\"isPartOf\":{\"@id\":\"https:\/\/portaltela.pt\/#website\"},\"primaryImageOfPage\":{\"@id\":\"https:\/\/portaltela.pt\/noticias\/2026\/03\/12\/acidente-com-quatro-carros-provoca-longas-filas-entre-barcelos-e-esposende\/#primaryimage\"},\"image\":{\"@id\":\"https:\/\/portaltela.pt\/noticias\/2026\/03\/12\/acidente-com-quatro-carros-provoca-longas-filas-entre-barcelos-e-esposende\/#primaryimage\"},\"thumbnailUrl\":\"https:\/\/portaltela.pt\/s.01k8rhncp4jt1\/2026\/03\/image-801.jpg\",\"datePublished\":\"2026-03-12T18:55:00+00:00\",\"author\":{\"@id\":\"https:\/\/portaltela.pt\/#\/schema\/person\/c4278d4a6028830caff9ee44b42d32ed\"},\"breadcrumb\":{\"@id\":\"https:\/\/portaltela.pt\/noticias\/2026\/03\/12\/acidente-com-quatro-carros-provoca-longas-filas-entre-barcelos-e-esposende\/#breadcrumb\"},\"inLanguage\":\"pt-PT\",\"potentialAction\":[{\"@type\":\"ReadAction\",\"target\":[\"https:\/\/portaltela.pt\/noticias\/2026\/03\/12\/acidente-com-quatro-carros-provoca-longas-filas-entre-barcelos-e-esposende\/\"]}]},{\"@type\":\"ImageObject\",\"inLanguage\":\"pt-PT\",\"@id\":\"https:\/\/portaltela.pt\/noticias\/2026\/03\/12\/acidente-com-quatro-carros-provoca-longas-filas-entre-barcelos-e-esposende\/#primaryimage\",\"url\":\"https:\/\/portaltela.pt\/s.01k8rhncp4jt1\/2026\/03\/image-801.jpg\",\"contentUrl\":\"https:\/\/portaltela.pt\/s.01k8rhncp4jt1\/2026\/03\/image-801.jpg\",\"width\":796,\"height\":448,\"caption\":\"Foto: Nuno Dantas\"},{\"@type\":\"BreadcrumbList\",\"@id\":\"https:\/\/portaltela.pt\/noticias\/2026\/03\/12\/acidente-com-quatro-carros-provoca-longas-filas-entre-barcelos-e-esposende\/#breadcrumb\",\"itemListElement\":[{\"@type\":\"ListItem\",\"position\":1,\"name\":\"In\u00edcio\",\"item\":\"https:\/\/portaltela.pt\/\"},{\"@type\":\"ListItem\",\"position\":2,\"name\":\"Acidente com quatro carros provoca longas filas entre Barcelos e Esposende\"}]},{\"@type\":\"WebSite\",\"@id\":\"https:\/\/portaltela.pt\/#website\",\"url\":\"https:\/\/portaltela.pt\/\",\"name\":\"Portal Tela Portugal\",\"description\":\"\",\"potentialAction\":[{\"@type\":\"SearchAction\",\"target\":{\"@type\":\"EntryPoint\",\"urlTemplate\":\"https:\/\/portaltela.pt\/?s={search_term_string}\"},\"query-input\":{\"@type\":\"PropertyValueSpecification\",\"valueRequired\":true,\"valueName\":\"search_term_string\"}}],\"inLanguage\":\"pt-PT\"},{\"@type\":\"Person\",\"@id\":\"https:\/\/portaltela.pt\/#\/schema\/person\/c4278d4a6028830caff9ee44b42d32ed\",\"name\":\"Telinha\",\"image\":{\"@type\":\"ImageObject\",\"inLanguage\":\"pt-PT\",\"@id\":\"https:\/\/portaltela.pt\/s.01k8rhncp4jt1\/2025\/11\/talking-bot-125x125.png\",\"url\":\"https:\/\/portaltela.pt\/s.01k8rhncp4jt1\/2025\/11\/talking-bot-125x125.png\",\"contentUrl\":\"https:\/\/portaltela.pt\/s.01k8rhncp4jt1\/2025\/11\/talking-bot-125x125.png\",\"caption\":\"Telinha\"},\"sameAs\":[\"https:\/\/portaltela.pt\/\"],\"url\":\"https:\/\/portaltela.pt\/por\/367410592786\/\"}]}<\/script>\n<!-- \/ Yoast SEO plugin. -->","yoast_head_json":{"title":"Acidente com quatro carros provoca longas filas entre Barcelos e Esposende - Portal Tela Portugal","robots":{"index":"index","follow":"follow","max-snippet":"max-snippet:-1","max-image-preview":"max-image-preview:large","max-video-preview":"max-video-preview:-1"},"og_locale":"pt_PT","og_type":"article","og_title":"Acidente com quatro carros provoca longas filas entre Barcelos e Esposende - Portal Tela Portugal","og_description":"Um acidente na Estrada Nacional 103-1, em Perelhal, Barcelos, envolve quatro autom\u00f3veis. Dois ve\u00edculos est\u00e3o numa das faixas, enquanto os outros dois ficaram na via contr\u00e1ria, dificultando a circula\u00e7\u00e3o para Esposende. A Guarda Nacional Republicana est\u00e1 no local a regular o tr\u00e2nsito e a minimizar os constrangimentos. As filas j\u00e1 se prolongam por v\u00e1rios quil\u00f3metros em ambos os sentidos. N\u00e3o h\u00e1, para j\u00e1, indica\u00e7\u00e3o de feridos.","og_url":"https:\/\/portaltela.pt\/noticias\/2026\/03\/12\/acidente-com-quatro-carros-provoca-longas-filas-entre-barcelos-e-esposende\/","og_site_name":"Portal Tela Portugal","article_published_time":"2026-03-12T18:55:00+00:00","author":"Telinha","twitter_card":"summary_large_image","twitter_misc":{"Escrito por":"Telinha","Tempo estimado de leitura":"1 minuto"},"schema":{"@context":"https:\/\/schema.org","@graph":[{"@type":"Article","@id":"https:\/\/portaltela.pt\/noticias\/2026\/03\/12\/acidente-com-quatro-carros-provoca-longas-filas-entre-barcelos-e-esposende\/#article","isPartOf":{"@id":"https:\/\/portaltela.pt\/noticias\/2026\/03\/12\/acidente-com-quatro-carros-provoca-longas-filas-entre-barcelos-e-esposende\/"},"author":{"name":"Telinha","@id":"https:\/\/portaltela.pt\/#\/schema\/person\/c4278d4a6028830caff9ee44b42d32ed"},"headline":"Acidente com quatro carros provoca longas filas entre Barcelos e Esposende","datePublished":"2026-03-12T18:55:00+00:00","mainEntityOfPage":{"@id":"https:\/\/portaltela.pt\/noticias\/2026\/03\/12\/acidente-com-quatro-carros-provoca-longas-filas-entre-barcelos-e-esposende\/"},"wordCount":120,"image":{"@id":"https:\/\/portaltela.pt\/noticias\/2026\/03\/12\/acidente-com-quatro-carros-provoca-longas-filas-entre-barcelos-e-esposende\/#primaryimage"},"thumbnailUrl":"https:\/\/portaltela.pt\/s.01k8rhncp4jt1\/2026\/03\/image-801.jpg","keywords":["acidente","acidente rodovi\u00e1rio","Barcelos","congest\u00f5es","Esposende","tr\u00e2nsito"],"articleSection":["Acidentes","Not\u00edcias"],"inLanguage":"pt-PT"},{"@type":"WebPage","@id":"https:\/\/portaltela.pt\/noticias\/2026\/03\/12\/acidente-com-quatro-carros-provoca-longas-filas-entre-barcelos-e-esposende\/","url":"https:\/\/portaltela.pt\/noticias\/2026\/03\/12\/acidente-com-quatro-carros-provoca-longas-filas-entre-barcelos-e-esposende\/","name":"Acidente com quatro carros provoca longas filas entre Barcelos e Esposende - Portal Tela Portugal","isPartOf":{"@id":"https:\/\/portaltela.pt\/#website"},"primaryImageOfPage":{"@id":"https:\/\/portaltela.pt\/noticias\/2026\/03\/12\/acidente-com-quatro-carros-provoca-longas-filas-entre-barcelos-e-esposende\/#primaryimage"},"image":{"@id":"https:\/\/portaltela.pt\/noticias\/2026\/03\/12\/acidente-com-quatro-carros-provoca-longas-filas-entre-barcelos-e-esposende\/#primaryimage"},"thumbnailUrl":"https:\/\/portaltela.pt\/s.01k8rhncp4jt1\/2026\/03\/image-801.jpg","datePublished":"2026-03-12T18:55:00+00:00","author":{"@id":"https:\/\/portaltela.pt\/#\/schema\/person\/c4278d4a6028830caff9ee44b42d32ed"},"breadcrumb":{"@id":"https:\/\/portaltela.pt\/noticias\/2026\/03\/12\/acidente-com-quatro-carros-provoca-longas-filas-entre-barcelos-e-esposende\/#breadcrumb"},"inLanguage":"pt-PT","potentialAction":[{"@type":"ReadAction","target":["https:\/\/portaltela.pt\/noticias\/2026\/03\/12\/acidente-com-quatro-carros-provoca-longas-filas-entre-barcelos-e-esposende\/"]}]},{"@type":"ImageObject","inLanguage":"pt-PT","@id":"https:\/\/portaltela.pt\/noticias\/2026\/03\/12\/acidente-com-quatro-carros-provoca-longas-filas-entre-barcelos-e-esposende\/#primaryimage","url":"https:\/\/portaltela.pt\/s.01k8rhncp4jt1\/2026\/03\/image-801.jpg","contentUrl":"https:\/\/portaltela.pt\/s.01k8rhncp4jt1\/2026\/03\/image-801.jpg","width":796,"height":448,"caption":"Foto: Nuno Dantas"},{"@type":"BreadcrumbList","@id":"https:\/\/portaltela.pt\/noticias\/2026\/03\/12\/acidente-com-quatro-carros-provoca-longas-filas-entre-barcelos-e-esposende\/#breadcrumb","itemListElement":[{"@type":"ListItem","position":1,"name":"In\u00edcio","item":"https:\/\/portaltela.pt\/"},{"@type":"ListItem","position":2,"name":"Acidente com quatro carros provoca longas filas entre Barcelos e Esposende"}]},{"@type":"WebSite","@id":"https:\/\/portaltela.pt\/#website","url":"https:\/\/portaltela.pt\/","name":"Portal Tela Portugal","description":"","potentialAction":[{"@type":"SearchAction","target":{"@type":"EntryPoint","urlTemplate":"https:\/\/portaltela.pt\/?s={search_term_string}"},"query-input":{"@type":"PropertyValueSpecification","valueRequired":true,"valueName":"search_term_string"}}],"inLanguage":"pt-PT"},{"@type":"Person","@id":"https:\/\/portaltela.pt\/#\/schema\/person\/c4278d4a6028830caff9ee44b42d32ed","name":"Telinha","image":{"@type":"ImageObject","inLanguage":"pt-PT","@id":"https:\/\/portaltela.pt\/s.01k8rhncp4jt1\/2025\/11\/talking-bot-125x125.png","url":"https:\/\/portaltela.pt\/s.01k8rhncp4jt1\/2025\/11\/talking-bot-125x125.png","contentUrl":"https:\/\/portaltela.pt\/s.01k8rhncp4jt1\/2025\/11\/talking-bot-125x125.png","caption":"Telinha"},"sameAs":["https:\/\/portaltela.pt\/"],"url":"https:\/\/portaltela.pt\/por\/367410592786\/"}]}},"_links":{"self":[{"href":"https:\/\/portaltela.pt\/api\/wp\/v2\/posts\/407863","targetHints":{"allow":["GET"]}}],"collection":[{"href":"https:\/\/portaltela.pt\/api\/wp\/v2\/posts"}],"about":[{"href":"https:\/\/portaltela.pt\/api\/wp\/v2\/types\/post"}],"author":[{"embeddable":true,"href":"https:\/\/portaltela.pt\/api\/wp\/v2\/users\/2"}],"replies":[{"embeddable":true,"href":"https:\/\/portaltela.pt\/api\/wp\/v2\/comments?post=407863"}],"version-history":[{"count":0,"href":"https:\/\/portaltela.pt\/api\/wp\/v2\/posts\/407863\/revisions"}],"wp:featuredmedia":[{"embeddable":true,"href":"https:\/\/portaltela.pt\/api\/wp\/v2\/media\/407872"}],"wp:attachment":[{"href":"https:\/\/portaltela.pt\/api\/wp\/v2\/media?parent=407863"}],"wp:term":[{"taxonomy":"category","embeddable":true,"href":"https:\/\/portaltela.pt\/api\/wp\/v2\/categories?post=407863"},{"taxonomy":"post_tag","embeddable":true,"href":"https:\/\/portaltela.pt\/api\/wp\/v2\/tags?post=407863"}],"curies":[{"name":"wp","href":"https:\/\/api.w.org\/{rel}","templated":true}]}}