{"id":407817,"date":"2026-03-12T15:29:23","date_gmt":"2026-03-12T18:29:23","guid":{"rendered":"https:\/\/portaltela.pt\/noticias\/2026\/03\/12\/pavlidis-soma-golo-de-bola-corrida-em-14-jogos-ivanovic-pode-ter-oportunidade\/"},"modified":"2026-03-12T15:29:23","modified_gmt":"2026-03-12T18:29:23","slug":"pavlidis-soma-golo-de-bola-corrida-em-14-jogos-ivanovic-pode-ter-oportunidade","status":"publish","type":"post","link":"https:\/\/portaltela.pt\/desporto\/futebol\/2026\/03\/12\/pavlidis-soma-golo-de-bola-corrida-em-14-jogos-ivanovic-pode-ter-oportunidade\/","title":{"rendered":"Pavlidis soma golo de bola corrida em 14 jogos; Ivanovic pode ter oportunidade"},"content":{"rendered":"<p>O Diretor Executivo da CM R\u00e1dio afirmou, no programa Mercado da CMTV, que Mourinho deve fazer altera\u00e7\u00f5es no Benfica no pr\u00f3ximo jogo contra o Arouca, tanto no ataque como na baliza. A interven\u00e7\u00e3o visa ajustar o ataque e a guarda-redes aos desafios do encontro.<\/p>\n<p>Segundo o dirigente, Pavlidis tem apenas um golo de bola corrida ao longo de 14 jogos, o que sustenta a necessidade de mudan\u00e7as no setor ofensivo. Al\u00e9m disso, Ivanovic \u00e9 visto como merecedor de uma oportunidade no onze inicial.<\/p>\n<p>A entrevista ocorreu antes do encontro com o Arouca, com foco na margem de manobra t\u00e1tica e na gest\u00e3o de recursos do plantel. A an\u00e1lise aponta para ajustes estrat\u00e9gicos que podem influenciar o desempenho da equipa.<\/p>\n","protected":false},"excerpt":{"rendered":"<ul>\n<li>Pedro Sousa, diretor executivo da CM R\u00e1dio, afirmou que Pavlidis tem um golo de bola corrida em 14 jogos.<\/li>\n<li>O mesmo dirigente diz que Ivanovic j\u00e1 merece uma oportunidade.<\/li>\n<li>Sousa defende mudan\u00e7as de Jos\u00e9 Mourinho no ataque do Benfica.<\/li>\n<li>Tamb\u00e9m defende altera\u00e7\u00f5es na baliza do Benfica para o pr\u00f3ximo jogo com o Arouca.<\/li>\n<li>As declara\u00e7\u00f5es foram proferidas no programa Mercado da CMTV.<\/li>\n<\/ul>\n","protected":false},"author":2,"featured_media":407827,"comment_status":"closed","ping_status":"closed","sticky":false,"template":"","format":"standard","meta":{"footnotes":""},"categories":[21,24],"tags":[900,1946,3972,32,7109,3071],"class_list":["post-407817","post","type-post","status-publish","format-standard","has-post-thumbnail","hentry","category-desporto","category-futebol","tag-arouca","tag-benfica","tag-benfica-sad","tag-futebol","tag-ivanovic","tag-pavlidis"],"yoast_head":"<!-- This site is optimized with the Yoast SEO plugin v27.2 - https:\/\/yoast.com\/product\/yoast-seo-wordpress\/ -->\n<title>Pavlidis soma golo de bola corrida em 14 jogos; Ivanovic pode ter oportunidade - Portal Tela Portugal<\/title>\n<meta name=\"robots\" content=\"index, follow, max-snippet:-1, max-image-preview:large, max-video-preview:-1\" \/>\n<meta property=\"og:locale\" content=\"pt_PT\" \/>\n<meta property=\"og:type\" content=\"article\" \/>\n<meta property=\"og:title\" content=\"Pavlidis soma golo de bola corrida em 14 jogos; Ivanovic pode ter oportunidade - Portal Tela Portugal\" \/>\n<meta property=\"og:description\" content=\"Pedro Sousa, diretor executivo da CM R\u00e1dio, afirmou que Pavlidis tem um golo de bola corrida em 14 jogos. O mesmo dirigente diz que Ivanovic j\u00e1 merece uma oportunidade. Sousa defende mudan\u00e7as de Jos\u00e9 Mourinho no ataque do Benfica. Tamb\u00e9m defende altera\u00e7\u00f5es na baliza do Benfica para o pr\u00f3ximo jogo com o Arouca. As declara\u00e7\u00f5es foram proferidas no programa Mercado da CMTV.\" \/>\n<meta property=\"og:url\" content=\"https:\/\/portaltela.pt\/noticias\/2026\/03\/12\/pavlidis-soma-golo-de-bola-corrida-em-14-jogos-ivanovic-pode-ter-oportunidade\/\" \/>\n<meta property=\"og:site_name\" content=\"Portal Tela Portugal\" \/>\n<meta property=\"article:published_time\" content=\"2026-03-12T18:29:23+00:00\" \/>\n<meta name=\"author\" content=\"Telinha\" \/>\n<meta name=\"twitter:card\" content=\"summary_large_image\" \/>\n<meta name=\"twitter:label1\" content=\"Escrito por\" \/>\n\t<meta name=\"twitter:data1\" content=\"Telinha\" \/>\n\t<meta name=\"twitter:label2\" content=\"Tempo estimado de leitura\" \/>\n\t<meta name=\"twitter:data2\" content=\"1 minuto\" \/>\n<script type=\"application\/ld+json\" class=\"yoast-schema-graph\">{\"@context\":\"https:\/\/schema.org\",\"@graph\":[{\"@type\":\"Article\",\"@id\":\"https:\/\/portaltela.pt\/noticias\/2026\/03\/12\/pavlidis-soma-golo-de-bola-corrida-em-14-jogos-ivanovic-pode-ter-oportunidade\/#article\",\"isPartOf\":{\"@id\":\"https:\/\/portaltela.pt\/noticias\/2026\/03\/12\/pavlidis-soma-golo-de-bola-corrida-em-14-jogos-ivanovic-pode-ter-oportunidade\/\"},\"author\":{\"name\":\"Telinha\",\"@id\":\"https:\/\/portaltela.pt\/#\/schema\/person\/c4278d4a6028830caff9ee44b42d32ed\"},\"headline\":\"Pavlidis soma golo de bola corrida em 14 jogos; Ivanovic pode ter oportunidade\",\"datePublished\":\"2026-03-12T18:29:23+00:00\",\"mainEntityOfPage\":{\"@id\":\"https:\/\/portaltela.pt\/noticias\/2026\/03\/12\/pavlidis-soma-golo-de-bola-corrida-em-14-jogos-ivanovic-pode-ter-oportunidade\/\"},\"wordCount\":139,\"image\":{\"@id\":\"https:\/\/portaltela.pt\/noticias\/2026\/03\/12\/pavlidis-soma-golo-de-bola-corrida-em-14-jogos-ivanovic-pode-ter-oportunidade\/#primaryimage\"},\"thumbnailUrl\":\"https:\/\/portaltela.pt\/s.01k8rhncp4jt1\/2026\/03\/img_1200x721uu2026-03-12-18-27-21-2426507.jpg\",\"keywords\":[\"Arouca\",\"Benfica\",\"Benfica SAD\",\"futebol\",\"Ivanovic\",\"Pavlidis\"],\"articleSection\":[\"Desporto\",\"Futebol\"],\"inLanguage\":\"pt-PT\"},{\"@type\":\"WebPage\",\"@id\":\"https:\/\/portaltela.pt\/noticias\/2026\/03\/12\/pavlidis-soma-golo-de-bola-corrida-em-14-jogos-ivanovic-pode-ter-oportunidade\/\",\"url\":\"https:\/\/portaltela.pt\/noticias\/2026\/03\/12\/pavlidis-soma-golo-de-bola-corrida-em-14-jogos-ivanovic-pode-ter-oportunidade\/\",\"name\":\"Pavlidis soma golo de bola corrida em 14 jogos; Ivanovic pode ter oportunidade - Portal Tela Portugal\",\"isPartOf\":{\"@id\":\"https:\/\/portaltela.pt\/#website\"},\"primaryImageOfPage\":{\"@id\":\"https:\/\/portaltela.pt\/noticias\/2026\/03\/12\/pavlidis-soma-golo-de-bola-corrida-em-14-jogos-ivanovic-pode-ter-oportunidade\/#primaryimage\"},\"image\":{\"@id\":\"https:\/\/portaltela.pt\/noticias\/2026\/03\/12\/pavlidis-soma-golo-de-bola-corrida-em-14-jogos-ivanovic-pode-ter-oportunidade\/#primaryimage\"},\"thumbnailUrl\":\"https:\/\/portaltela.pt\/s.01k8rhncp4jt1\/2026\/03\/img_1200x721uu2026-03-12-18-27-21-2426507.jpg\",\"datePublished\":\"2026-03-12T18:29:23+00:00\",\"author\":{\"@id\":\"https:\/\/portaltela.pt\/#\/schema\/person\/c4278d4a6028830caff9ee44b42d32ed\"},\"breadcrumb\":{\"@id\":\"https:\/\/portaltela.pt\/noticias\/2026\/03\/12\/pavlidis-soma-golo-de-bola-corrida-em-14-jogos-ivanovic-pode-ter-oportunidade\/#breadcrumb\"},\"inLanguage\":\"pt-PT\",\"potentialAction\":[{\"@type\":\"ReadAction\",\"target\":[\"https:\/\/portaltela.pt\/noticias\/2026\/03\/12\/pavlidis-soma-golo-de-bola-corrida-em-14-jogos-ivanovic-pode-ter-oportunidade\/\"]}]},{\"@type\":\"ImageObject\",\"inLanguage\":\"pt-PT\",\"@id\":\"https:\/\/portaltela.pt\/noticias\/2026\/03\/12\/pavlidis-soma-golo-de-bola-corrida-em-14-jogos-ivanovic-pode-ter-oportunidade\/#primaryimage\",\"url\":\"https:\/\/portaltela.pt\/s.01k8rhncp4jt1\/2026\/03\/img_1200x721uu2026-03-12-18-27-21-2426507.jpg\",\"contentUrl\":\"https:\/\/portaltela.pt\/s.01k8rhncp4jt1\/2026\/03\/img_1200x721uu2026-03-12-18-27-21-2426507.jpg\",\"width\":796,\"height\":448,\"caption\":\"Diretor executivo da CM R\u00e1dio defende mudan\u00e7as de Mourinho no ataque e tamb\u00e9m na baliza do Benfica\"},{\"@type\":\"BreadcrumbList\",\"@id\":\"https:\/\/portaltela.pt\/noticias\/2026\/03\/12\/pavlidis-soma-golo-de-bola-corrida-em-14-jogos-ivanovic-pode-ter-oportunidade\/#breadcrumb\",\"itemListElement\":[{\"@type\":\"ListItem\",\"position\":1,\"name\":\"In\u00edcio\",\"item\":\"https:\/\/portaltela.pt\/\"},{\"@type\":\"ListItem\",\"position\":2,\"name\":\"Pavlidis soma golo de bola corrida em 14 jogos; Ivanovic pode ter oportunidade\"}]},{\"@type\":\"WebSite\",\"@id\":\"https:\/\/portaltela.pt\/#website\",\"url\":\"https:\/\/portaltela.pt\/\",\"name\":\"Portal Tela Portugal\",\"description\":\"\",\"potentialAction\":[{\"@type\":\"SearchAction\",\"target\":{\"@type\":\"EntryPoint\",\"urlTemplate\":\"https:\/\/portaltela.pt\/?s={search_term_string}\"},\"query-input\":{\"@type\":\"PropertyValueSpecification\",\"valueRequired\":true,\"valueName\":\"search_term_string\"}}],\"inLanguage\":\"pt-PT\"},{\"@type\":\"Person\",\"@id\":\"https:\/\/portaltela.pt\/#\/schema\/person\/c4278d4a6028830caff9ee44b42d32ed\",\"name\":\"Telinha\",\"image\":{\"@type\":\"ImageObject\",\"inLanguage\":\"pt-PT\",\"@id\":\"https:\/\/portaltela.pt\/s.01k8rhncp4jt1\/2025\/11\/talking-bot-125x125.png\",\"url\":\"https:\/\/portaltela.pt\/s.01k8rhncp4jt1\/2025\/11\/talking-bot-125x125.png\",\"contentUrl\":\"https:\/\/portaltela.pt\/s.01k8rhncp4jt1\/2025\/11\/talking-bot-125x125.png\",\"caption\":\"Telinha\"},\"sameAs\":[\"https:\/\/portaltela.pt\/\"],\"url\":\"https:\/\/portaltela.pt\/por\/367410592786\/\"}]}<\/script>\n<!-- \/ Yoast SEO plugin. -->","yoast_head_json":{"title":"Pavlidis soma golo de bola corrida em 14 jogos; Ivanovic pode ter oportunidade - Portal Tela Portugal","robots":{"index":"index","follow":"follow","max-snippet":"max-snippet:-1","max-image-preview":"max-image-preview:large","max-video-preview":"max-video-preview:-1"},"og_locale":"pt_PT","og_type":"article","og_title":"Pavlidis soma golo de bola corrida em 14 jogos; Ivanovic pode ter oportunidade - Portal Tela Portugal","og_description":"Pedro Sousa, diretor executivo da CM R\u00e1dio, afirmou que Pavlidis tem um golo de bola corrida em 14 jogos. O mesmo dirigente diz que Ivanovic j\u00e1 merece uma oportunidade. Sousa defende mudan\u00e7as de Jos\u00e9 Mourinho no ataque do Benfica. Tamb\u00e9m defende altera\u00e7\u00f5es na baliza do Benfica para o pr\u00f3ximo jogo com o Arouca. As declara\u00e7\u00f5es foram proferidas no programa Mercado da CMTV.","og_url":"https:\/\/portaltela.pt\/noticias\/2026\/03\/12\/pavlidis-soma-golo-de-bola-corrida-em-14-jogos-ivanovic-pode-ter-oportunidade\/","og_site_name":"Portal Tela Portugal","article_published_time":"2026-03-12T18:29:23+00:00","author":"Telinha","twitter_card":"summary_large_image","twitter_misc":{"Escrito por":"Telinha","Tempo estimado de leitura":"1 minuto"},"schema":{"@context":"https:\/\/schema.org","@graph":[{"@type":"Article","@id":"https:\/\/portaltela.pt\/noticias\/2026\/03\/12\/pavlidis-soma-golo-de-bola-corrida-em-14-jogos-ivanovic-pode-ter-oportunidade\/#article","isPartOf":{"@id":"https:\/\/portaltela.pt\/noticias\/2026\/03\/12\/pavlidis-soma-golo-de-bola-corrida-em-14-jogos-ivanovic-pode-ter-oportunidade\/"},"author":{"name":"Telinha","@id":"https:\/\/portaltela.pt\/#\/schema\/person\/c4278d4a6028830caff9ee44b42d32ed"},"headline":"Pavlidis soma golo de bola corrida em 14 jogos; Ivanovic pode ter oportunidade","datePublished":"2026-03-12T18:29:23+00:00","mainEntityOfPage":{"@id":"https:\/\/portaltela.pt\/noticias\/2026\/03\/12\/pavlidis-soma-golo-de-bola-corrida-em-14-jogos-ivanovic-pode-ter-oportunidade\/"},"wordCount":139,"image":{"@id":"https:\/\/portaltela.pt\/noticias\/2026\/03\/12\/pavlidis-soma-golo-de-bola-corrida-em-14-jogos-ivanovic-pode-ter-oportunidade\/#primaryimage"},"thumbnailUrl":"https:\/\/portaltela.pt\/s.01k8rhncp4jt1\/2026\/03\/img_1200x721uu2026-03-12-18-27-21-2426507.jpg","keywords":["Arouca","Benfica","Benfica SAD","futebol","Ivanovic","Pavlidis"],"articleSection":["Desporto","Futebol"],"inLanguage":"pt-PT"},{"@type":"WebPage","@id":"https:\/\/portaltela.pt\/noticias\/2026\/03\/12\/pavlidis-soma-golo-de-bola-corrida-em-14-jogos-ivanovic-pode-ter-oportunidade\/","url":"https:\/\/portaltela.pt\/noticias\/2026\/03\/12\/pavlidis-soma-golo-de-bola-corrida-em-14-jogos-ivanovic-pode-ter-oportunidade\/","name":"Pavlidis soma golo de bola corrida em 14 jogos; Ivanovic pode ter oportunidade - Portal Tela Portugal","isPartOf":{"@id":"https:\/\/portaltela.pt\/#website"},"primaryImageOfPage":{"@id":"https:\/\/portaltela.pt\/noticias\/2026\/03\/12\/pavlidis-soma-golo-de-bola-corrida-em-14-jogos-ivanovic-pode-ter-oportunidade\/#primaryimage"},"image":{"@id":"https:\/\/portaltela.pt\/noticias\/2026\/03\/12\/pavlidis-soma-golo-de-bola-corrida-em-14-jogos-ivanovic-pode-ter-oportunidade\/#primaryimage"},"thumbnailUrl":"https:\/\/portaltela.pt\/s.01k8rhncp4jt1\/2026\/03\/img_1200x721uu2026-03-12-18-27-21-2426507.jpg","datePublished":"2026-03-12T18:29:23+00:00","author":{"@id":"https:\/\/portaltela.pt\/#\/schema\/person\/c4278d4a6028830caff9ee44b42d32ed"},"breadcrumb":{"@id":"https:\/\/portaltela.pt\/noticias\/2026\/03\/12\/pavlidis-soma-golo-de-bola-corrida-em-14-jogos-ivanovic-pode-ter-oportunidade\/#breadcrumb"},"inLanguage":"pt-PT","potentialAction":[{"@type":"ReadAction","target":["https:\/\/portaltela.pt\/noticias\/2026\/03\/12\/pavlidis-soma-golo-de-bola-corrida-em-14-jogos-ivanovic-pode-ter-oportunidade\/"]}]},{"@type":"ImageObject","inLanguage":"pt-PT","@id":"https:\/\/portaltela.pt\/noticias\/2026\/03\/12\/pavlidis-soma-golo-de-bola-corrida-em-14-jogos-ivanovic-pode-ter-oportunidade\/#primaryimage","url":"https:\/\/portaltela.pt\/s.01k8rhncp4jt1\/2026\/03\/img_1200x721uu2026-03-12-18-27-21-2426507.jpg","contentUrl":"https:\/\/portaltela.pt\/s.01k8rhncp4jt1\/2026\/03\/img_1200x721uu2026-03-12-18-27-21-2426507.jpg","width":796,"height":448,"caption":"Diretor executivo da CM R\u00e1dio defende mudan\u00e7as de Mourinho no ataque e tamb\u00e9m na baliza do Benfica"},{"@type":"BreadcrumbList","@id":"https:\/\/portaltela.pt\/noticias\/2026\/03\/12\/pavlidis-soma-golo-de-bola-corrida-em-14-jogos-ivanovic-pode-ter-oportunidade\/#breadcrumb","itemListElement":[{"@type":"ListItem","position":1,"name":"In\u00edcio","item":"https:\/\/portaltela.pt\/"},{"@type":"ListItem","position":2,"name":"Pavlidis soma golo de bola corrida em 14 jogos; Ivanovic pode ter oportunidade"}]},{"@type":"WebSite","@id":"https:\/\/portaltela.pt\/#website","url":"https:\/\/portaltela.pt\/","name":"Portal Tela Portugal","description":"","potentialAction":[{"@type":"SearchAction","target":{"@type":"EntryPoint","urlTemplate":"https:\/\/portaltela.pt\/?s={search_term_string}"},"query-input":{"@type":"PropertyValueSpecification","valueRequired":true,"valueName":"search_term_string"}}],"inLanguage":"pt-PT"},{"@type":"Person","@id":"https:\/\/portaltela.pt\/#\/schema\/person\/c4278d4a6028830caff9ee44b42d32ed","name":"Telinha","image":{"@type":"ImageObject","inLanguage":"pt-PT","@id":"https:\/\/portaltela.pt\/s.01k8rhncp4jt1\/2025\/11\/talking-bot-125x125.png","url":"https:\/\/portaltela.pt\/s.01k8rhncp4jt1\/2025\/11\/talking-bot-125x125.png","contentUrl":"https:\/\/portaltela.pt\/s.01k8rhncp4jt1\/2025\/11\/talking-bot-125x125.png","caption":"Telinha"},"sameAs":["https:\/\/portaltela.pt\/"],"url":"https:\/\/portaltela.pt\/por\/367410592786\/"}]}},"_links":{"self":[{"href":"https:\/\/portaltela.pt\/api\/wp\/v2\/posts\/407817","targetHints":{"allow":["GET"]}}],"collection":[{"href":"https:\/\/portaltela.pt\/api\/wp\/v2\/posts"}],"about":[{"href":"https:\/\/portaltela.pt\/api\/wp\/v2\/types\/post"}],"author":[{"embeddable":true,"href":"https:\/\/portaltela.pt\/api\/wp\/v2\/users\/2"}],"replies":[{"embeddable":true,"href":"https:\/\/portaltela.pt\/api\/wp\/v2\/comments?post=407817"}],"version-history":[{"count":0,"href":"https:\/\/portaltela.pt\/api\/wp\/v2\/posts\/407817\/revisions"}],"wp:featuredmedia":[{"embeddable":true,"href":"https:\/\/portaltela.pt\/api\/wp\/v2\/media\/407827"}],"wp:attachment":[{"href":"https:\/\/portaltela.pt\/api\/wp\/v2\/media?parent=407817"}],"wp:term":[{"taxonomy":"category","embeddable":true,"href":"https:\/\/portaltela.pt\/api\/wp\/v2\/categories?post=407817"},{"taxonomy":"post_tag","embeddable":true,"href":"https:\/\/portaltela.pt\/api\/wp\/v2\/tags?post=407817"}],"curies":[{"name":"wp","href":"https:\/\/api.w.org\/{rel}","templated":true}]}}