{"id":407816,"date":"2026-03-12T15:26:12","date_gmt":"2026-03-12T18:26:12","guid":{"rendered":"https:\/\/portaltela.pt\/noticias\/2026\/03\/12\/montenegro-afirma-cordialidade-total-com-seguro-reunioes-passam-a-ser-as-tercas\/"},"modified":"2026-03-12T15:26:12","modified_gmt":"2026-03-12T18:26:12","slug":"montenegro-afirma-cordialidade-total-com-seguro-reunioes-passam-a-ser-as-tercas","status":"publish","type":"post","link":"https:\/\/portaltela.pt\/noticias\/politica\/2026\/03\/12\/montenegro-afirma-cordialidade-total-com-seguro-reunioes-passam-a-ser-as-tercas\/","title":{"rendered":"Montenegro afirma cordialidade total com Seguro; reuni\u00f5es passam a ser \u00e0s ter\u00e7as"},"content":{"rendered":"<p>O primeiro-ministro Lu\u00eds Montenegro reuniu-se com o novo Presidente da Rep\u00fablica, Ant\u00f3nio Jos\u00e9 Seguro, pela primeira vez esta semana. O encontro ocorreu no Pal\u00e1cio de Bel\u00e9m, em Lisboa, e durou cerca de uma hora e meia.<\/p>\n<p>Foi decidido que as reuni\u00f5es semanais entre o Presidente da Rep\u00fablica e o Governo passariam a realizar-se \u00e0s ter\u00e7as-feiras, \u00e0s 18:00. A mudan\u00e7a foi anunciada pela assessoria de comunica\u00e7\u00e3o da Presid\u00eancia.<\/p>\n<p>No encerramento da reuni\u00e3o, Montenegro destacou aos jornalistas o ambiente de cordialidade e a coopera\u00e7\u00e3o estrat\u00e9gica entre o Governo e o Presidente, salientando que estes encontros n\u00e3o s\u00e3o publicitados.<\/p>\n<p>A sess\u00e3o de hoje reuniu o chefe do Governo, pertencente ao PSD\/CDS-PP, e o Presidente rec\u00e9m-empossado, marcando o in\u00edcio de uma nova periodicidade para as dilig\u00eancias entre as duas inst\u00e2ncias.<\/p>\n","protected":false},"excerpt":{"rendered":"<ul>\n<li>O primeiro-ministro, Lu\u00eds Montenegro, afirmou haver um ambiente de completa cordialidade e coopera\u00e7\u00e3o estrat\u00e9gica com o Presidente da Rep\u00fablica, Ant\u00f3nio Jos\u00e9 Seguro, na primeira reuni\u00e3o semanal entre ambos.<\/li>\n<li>As reuni\u00f5es semanais entre o Presidente da Rep\u00fablica e o chefe do Governo passam a realizar-se \u00e0s ter\u00e7as-feiras, \u00e0s 18:00, segundo a assessoria de comunica\u00e7\u00e3o da presid\u00eancia.<\/li>\n<li>A primeira reuni\u00e3o semanal entre o novo Presidente da Rep\u00fablica e o chefe do Governo, no Pal\u00e1cio de Bel\u00e9m, durou uma hora e meia.<\/li>\n<li>Montenegro disse aos jornalistas que estes encontros n\u00e3o s\u00e3o publicitados, permanecendo no recato das rela\u00e7\u00f5es institucionais.<\/li>\n<li>O encontro envolveu o Governo, liderado pelo PSD\/CDS-PP, e o Presidente da Rep\u00fablica, no in\u00edcio do mandato de Ant\u00f3nio Jos\u00e9 Seguro.<\/li>\n<\/ul>\n","protected":false},"author":2,"featured_media":407826,"comment_status":"closed","ping_status":"closed","sticky":false,"template":"","format":"standard","meta":{"footnotes":""},"categories":[1,5],"tags":[6178,34,2832,1014,30,2458],"class_list":["post-407816","post","type-post","status-publish","format-standard","has-post-thumbnail","hentry","category-noticias","category-politica","tag-assuntos-constitucionais","tag-governo","tag-politica","tag-portugal","tag-presidente","tag-psd-cds"],"yoast_head":"<!-- This site is optimized with the Yoast SEO plugin v27.2 - https:\/\/yoast.com\/product\/yoast-seo-wordpress\/ -->\n<title>Montenegro afirma cordialidade total com Seguro; reuni\u00f5es passam a ser \u00e0s ter\u00e7as - Portal Tela Portugal<\/title>\n<meta name=\"robots\" content=\"index, follow, max-snippet:-1, max-image-preview:large, max-video-preview:-1\" \/>\n<meta property=\"og:locale\" content=\"pt_PT\" \/>\n<meta property=\"og:type\" content=\"article\" \/>\n<meta property=\"og:title\" content=\"Montenegro afirma cordialidade total com Seguro; reuni\u00f5es passam a ser \u00e0s ter\u00e7as - Portal Tela Portugal\" \/>\n<meta property=\"og:description\" content=\"O primeiro-ministro, Lu\u00eds Montenegro, afirmou haver um ambiente de completa cordialidade e coopera\u00e7\u00e3o estrat\u00e9gica com o Presidente da Rep\u00fablica, Ant\u00f3nio Jos\u00e9 Seguro, na primeira reuni\u00e3o semanal entre ambos. As reuni\u00f5es semanais entre o Presidente da Rep\u00fablica e o chefe do Governo passam a realizar-se \u00e0s ter\u00e7as-feiras, \u00e0s 18:00, segundo a assessoria de comunica\u00e7\u00e3o da presid\u00eancia. A primeira reuni\u00e3o semanal entre o novo Presidente da Rep\u00fablica e o chefe do Governo, no Pal\u00e1cio de Bel\u00e9m, durou uma hora e meia. Montenegro disse aos jornalistas que estes encontros n\u00e3o s\u00e3o publicitados, permanecendo no recato das rela\u00e7\u00f5es institucionais. O encontro envolveu o Governo, liderado pelo PSD\/CDS-PP, e o Presidente da Rep\u00fablica, no in\u00edcio do mandato de Ant\u00f3nio Jos\u00e9 Seguro.\" \/>\n<meta property=\"og:url\" content=\"https:\/\/portaltela.pt\/noticias\/2026\/03\/12\/montenegro-afirma-cordialidade-total-com-seguro-reunioes-passam-a-ser-as-tercas\/\" \/>\n<meta property=\"og:site_name\" content=\"Portal Tela Portugal\" \/>\n<meta property=\"article:published_time\" content=\"2026-03-12T18:26:12+00:00\" \/>\n<meta name=\"author\" content=\"Telinha\" \/>\n<meta name=\"twitter:card\" content=\"summary_large_image\" \/>\n<meta name=\"twitter:label1\" content=\"Escrito por\" \/>\n\t<meta name=\"twitter:data1\" content=\"Telinha\" \/>\n\t<meta name=\"twitter:label2\" content=\"Tempo estimado de leitura\" \/>\n\t<meta name=\"twitter:data2\" content=\"1 minuto\" \/>\n<script type=\"application\/ld+json\" class=\"yoast-schema-graph\">{\"@context\":\"https:\/\/schema.org\",\"@graph\":[{\"@type\":\"Article\",\"@id\":\"https:\/\/portaltela.pt\/noticias\/2026\/03\/12\/montenegro-afirma-cordialidade-total-com-seguro-reunioes-passam-a-ser-as-tercas\/#article\",\"isPartOf\":{\"@id\":\"https:\/\/portaltela.pt\/noticias\/2026\/03\/12\/montenegro-afirma-cordialidade-total-com-seguro-reunioes-passam-a-ser-as-tercas\/\"},\"author\":{\"name\":\"Telinha\",\"@id\":\"https:\/\/portaltela.pt\/#\/schema\/person\/c4278d4a6028830caff9ee44b42d32ed\"},\"headline\":\"Montenegro afirma cordialidade total com Seguro; reuni\u00f5es passam a ser \u00e0s ter\u00e7as\",\"datePublished\":\"2026-03-12T18:26:12+00:00\",\"mainEntityOfPage\":{\"@id\":\"https:\/\/portaltela.pt\/noticias\/2026\/03\/12\/montenegro-afirma-cordialidade-total-com-seguro-reunioes-passam-a-ser-as-tercas\/\"},\"wordCount\":161,\"image\":{\"@id\":\"https:\/\/portaltela.pt\/noticias\/2026\/03\/12\/montenegro-afirma-cordialidade-total-com-seguro-reunioes-passam-a-ser-as-tercas\/#primaryimage\"},\"thumbnailUrl\":\"https:\/\/portaltela.pt\/s.01k8rhncp4jt1\/2026\/03\/img_1500x1000uu2026-03-12-18-24-13-2271992.jpg\",\"keywords\":[\"Assuntos Constitucionais\",\"governo\",\"pol\u00edtica\",\"Portugal\",\"presidente\",\"PSD\/CDS\"],\"articleSection\":[\"Not\u00edcias\",\"Pol\u00edtica\"],\"inLanguage\":\"pt-PT\"},{\"@type\":\"WebPage\",\"@id\":\"https:\/\/portaltela.pt\/noticias\/2026\/03\/12\/montenegro-afirma-cordialidade-total-com-seguro-reunioes-passam-a-ser-as-tercas\/\",\"url\":\"https:\/\/portaltela.pt\/noticias\/2026\/03\/12\/montenegro-afirma-cordialidade-total-com-seguro-reunioes-passam-a-ser-as-tercas\/\",\"name\":\"Montenegro afirma cordialidade total com Seguro; reuni\u00f5es passam a ser \u00e0s ter\u00e7as - Portal Tela Portugal\",\"isPartOf\":{\"@id\":\"https:\/\/portaltela.pt\/#website\"},\"primaryImageOfPage\":{\"@id\":\"https:\/\/portaltela.pt\/noticias\/2026\/03\/12\/montenegro-afirma-cordialidade-total-com-seguro-reunioes-passam-a-ser-as-tercas\/#primaryimage\"},\"image\":{\"@id\":\"https:\/\/portaltela.pt\/noticias\/2026\/03\/12\/montenegro-afirma-cordialidade-total-com-seguro-reunioes-passam-a-ser-as-tercas\/#primaryimage\"},\"thumbnailUrl\":\"https:\/\/portaltela.pt\/s.01k8rhncp4jt1\/2026\/03\/img_1500x1000uu2026-03-12-18-24-13-2271992.jpg\",\"datePublished\":\"2026-03-12T18:26:12+00:00\",\"author\":{\"@id\":\"https:\/\/portaltela.pt\/#\/schema\/person\/c4278d4a6028830caff9ee44b42d32ed\"},\"breadcrumb\":{\"@id\":\"https:\/\/portaltela.pt\/noticias\/2026\/03\/12\/montenegro-afirma-cordialidade-total-com-seguro-reunioes-passam-a-ser-as-tercas\/#breadcrumb\"},\"inLanguage\":\"pt-PT\",\"potentialAction\":[{\"@type\":\"ReadAction\",\"target\":[\"https:\/\/portaltela.pt\/noticias\/2026\/03\/12\/montenegro-afirma-cordialidade-total-com-seguro-reunioes-passam-a-ser-as-tercas\/\"]}]},{\"@type\":\"ImageObject\",\"inLanguage\":\"pt-PT\",\"@id\":\"https:\/\/portaltela.pt\/noticias\/2026\/03\/12\/montenegro-afirma-cordialidade-total-com-seguro-reunioes-passam-a-ser-as-tercas\/#primaryimage\",\"url\":\"https:\/\/portaltela.pt\/s.01k8rhncp4jt1\/2026\/03\/img_1500x1000uu2026-03-12-18-24-13-2271992.jpg\",\"contentUrl\":\"https:\/\/portaltela.pt\/s.01k8rhncp4jt1\/2026\/03\/img_1500x1000uu2026-03-12-18-24-13-2271992.jpg\",\"width\":796,\"height\":448,\"caption\":\"Primeiro-ministro, Lu\u00eds Montenegro, encontra-se com Ant\u00f3nio Jos\u00e9 Seguro\"},{\"@type\":\"BreadcrumbList\",\"@id\":\"https:\/\/portaltela.pt\/noticias\/2026\/03\/12\/montenegro-afirma-cordialidade-total-com-seguro-reunioes-passam-a-ser-as-tercas\/#breadcrumb\",\"itemListElement\":[{\"@type\":\"ListItem\",\"position\":1,\"name\":\"In\u00edcio\",\"item\":\"https:\/\/portaltela.pt\/\"},{\"@type\":\"ListItem\",\"position\":2,\"name\":\"Montenegro afirma cordialidade total com Seguro; reuni\u00f5es passam a ser \u00e0s ter\u00e7as\"}]},{\"@type\":\"WebSite\",\"@id\":\"https:\/\/portaltela.pt\/#website\",\"url\":\"https:\/\/portaltela.pt\/\",\"name\":\"Portal Tela Portugal\",\"description\":\"\",\"potentialAction\":[{\"@type\":\"SearchAction\",\"target\":{\"@type\":\"EntryPoint\",\"urlTemplate\":\"https:\/\/portaltela.pt\/?s={search_term_string}\"},\"query-input\":{\"@type\":\"PropertyValueSpecification\",\"valueRequired\":true,\"valueName\":\"search_term_string\"}}],\"inLanguage\":\"pt-PT\"},{\"@type\":\"Person\",\"@id\":\"https:\/\/portaltela.pt\/#\/schema\/person\/c4278d4a6028830caff9ee44b42d32ed\",\"name\":\"Telinha\",\"image\":{\"@type\":\"ImageObject\",\"inLanguage\":\"pt-PT\",\"@id\":\"https:\/\/portaltela.pt\/s.01k8rhncp4jt1\/2025\/11\/talking-bot-125x125.png\",\"url\":\"https:\/\/portaltela.pt\/s.01k8rhncp4jt1\/2025\/11\/talking-bot-125x125.png\",\"contentUrl\":\"https:\/\/portaltela.pt\/s.01k8rhncp4jt1\/2025\/11\/talking-bot-125x125.png\",\"caption\":\"Telinha\"},\"sameAs\":[\"https:\/\/portaltela.pt\/\"],\"url\":\"https:\/\/portaltela.pt\/por\/367410592786\/\"}]}<\/script>\n<!-- \/ Yoast SEO plugin. -->","yoast_head_json":{"title":"Montenegro afirma cordialidade total com Seguro; reuni\u00f5es passam a ser \u00e0s ter\u00e7as - Portal Tela Portugal","robots":{"index":"index","follow":"follow","max-snippet":"max-snippet:-1","max-image-preview":"max-image-preview:large","max-video-preview":"max-video-preview:-1"},"og_locale":"pt_PT","og_type":"article","og_title":"Montenegro afirma cordialidade total com Seguro; reuni\u00f5es passam a ser \u00e0s ter\u00e7as - Portal Tela Portugal","og_description":"O primeiro-ministro, Lu\u00eds Montenegro, afirmou haver um ambiente de completa cordialidade e coopera\u00e7\u00e3o estrat\u00e9gica com o Presidente da Rep\u00fablica, Ant\u00f3nio Jos\u00e9 Seguro, na primeira reuni\u00e3o semanal entre ambos. As reuni\u00f5es semanais entre o Presidente da Rep\u00fablica e o chefe do Governo passam a realizar-se \u00e0s ter\u00e7as-feiras, \u00e0s 18:00, segundo a assessoria de comunica\u00e7\u00e3o da presid\u00eancia. A primeira reuni\u00e3o semanal entre o novo Presidente da Rep\u00fablica e o chefe do Governo, no Pal\u00e1cio de Bel\u00e9m, durou uma hora e meia. Montenegro disse aos jornalistas que estes encontros n\u00e3o s\u00e3o publicitados, permanecendo no recato das rela\u00e7\u00f5es institucionais. O encontro envolveu o Governo, liderado pelo PSD\/CDS-PP, e o Presidente da Rep\u00fablica, no in\u00edcio do mandato de Ant\u00f3nio Jos\u00e9 Seguro.","og_url":"https:\/\/portaltela.pt\/noticias\/2026\/03\/12\/montenegro-afirma-cordialidade-total-com-seguro-reunioes-passam-a-ser-as-tercas\/","og_site_name":"Portal Tela Portugal","article_published_time":"2026-03-12T18:26:12+00:00","author":"Telinha","twitter_card":"summary_large_image","twitter_misc":{"Escrito por":"Telinha","Tempo estimado de leitura":"1 minuto"},"schema":{"@context":"https:\/\/schema.org","@graph":[{"@type":"Article","@id":"https:\/\/portaltela.pt\/noticias\/2026\/03\/12\/montenegro-afirma-cordialidade-total-com-seguro-reunioes-passam-a-ser-as-tercas\/#article","isPartOf":{"@id":"https:\/\/portaltela.pt\/noticias\/2026\/03\/12\/montenegro-afirma-cordialidade-total-com-seguro-reunioes-passam-a-ser-as-tercas\/"},"author":{"name":"Telinha","@id":"https:\/\/portaltela.pt\/#\/schema\/person\/c4278d4a6028830caff9ee44b42d32ed"},"headline":"Montenegro afirma cordialidade total com Seguro; reuni\u00f5es passam a ser \u00e0s ter\u00e7as","datePublished":"2026-03-12T18:26:12+00:00","mainEntityOfPage":{"@id":"https:\/\/portaltela.pt\/noticias\/2026\/03\/12\/montenegro-afirma-cordialidade-total-com-seguro-reunioes-passam-a-ser-as-tercas\/"},"wordCount":161,"image":{"@id":"https:\/\/portaltela.pt\/noticias\/2026\/03\/12\/montenegro-afirma-cordialidade-total-com-seguro-reunioes-passam-a-ser-as-tercas\/#primaryimage"},"thumbnailUrl":"https:\/\/portaltela.pt\/s.01k8rhncp4jt1\/2026\/03\/img_1500x1000uu2026-03-12-18-24-13-2271992.jpg","keywords":["Assuntos Constitucionais","governo","pol\u00edtica","Portugal","presidente","PSD\/CDS"],"articleSection":["Not\u00edcias","Pol\u00edtica"],"inLanguage":"pt-PT"},{"@type":"WebPage","@id":"https:\/\/portaltela.pt\/noticias\/2026\/03\/12\/montenegro-afirma-cordialidade-total-com-seguro-reunioes-passam-a-ser-as-tercas\/","url":"https:\/\/portaltela.pt\/noticias\/2026\/03\/12\/montenegro-afirma-cordialidade-total-com-seguro-reunioes-passam-a-ser-as-tercas\/","name":"Montenegro afirma cordialidade total com Seguro; reuni\u00f5es passam a ser \u00e0s ter\u00e7as - Portal Tela Portugal","isPartOf":{"@id":"https:\/\/portaltela.pt\/#website"},"primaryImageOfPage":{"@id":"https:\/\/portaltela.pt\/noticias\/2026\/03\/12\/montenegro-afirma-cordialidade-total-com-seguro-reunioes-passam-a-ser-as-tercas\/#primaryimage"},"image":{"@id":"https:\/\/portaltela.pt\/noticias\/2026\/03\/12\/montenegro-afirma-cordialidade-total-com-seguro-reunioes-passam-a-ser-as-tercas\/#primaryimage"},"thumbnailUrl":"https:\/\/portaltela.pt\/s.01k8rhncp4jt1\/2026\/03\/img_1500x1000uu2026-03-12-18-24-13-2271992.jpg","datePublished":"2026-03-12T18:26:12+00:00","author":{"@id":"https:\/\/portaltela.pt\/#\/schema\/person\/c4278d4a6028830caff9ee44b42d32ed"},"breadcrumb":{"@id":"https:\/\/portaltela.pt\/noticias\/2026\/03\/12\/montenegro-afirma-cordialidade-total-com-seguro-reunioes-passam-a-ser-as-tercas\/#breadcrumb"},"inLanguage":"pt-PT","potentialAction":[{"@type":"ReadAction","target":["https:\/\/portaltela.pt\/noticias\/2026\/03\/12\/montenegro-afirma-cordialidade-total-com-seguro-reunioes-passam-a-ser-as-tercas\/"]}]},{"@type":"ImageObject","inLanguage":"pt-PT","@id":"https:\/\/portaltela.pt\/noticias\/2026\/03\/12\/montenegro-afirma-cordialidade-total-com-seguro-reunioes-passam-a-ser-as-tercas\/#primaryimage","url":"https:\/\/portaltela.pt\/s.01k8rhncp4jt1\/2026\/03\/img_1500x1000uu2026-03-12-18-24-13-2271992.jpg","contentUrl":"https:\/\/portaltela.pt\/s.01k8rhncp4jt1\/2026\/03\/img_1500x1000uu2026-03-12-18-24-13-2271992.jpg","width":796,"height":448,"caption":"Primeiro-ministro, Lu\u00eds Montenegro, encontra-se com Ant\u00f3nio Jos\u00e9 Seguro"},{"@type":"BreadcrumbList","@id":"https:\/\/portaltela.pt\/noticias\/2026\/03\/12\/montenegro-afirma-cordialidade-total-com-seguro-reunioes-passam-a-ser-as-tercas\/#breadcrumb","itemListElement":[{"@type":"ListItem","position":1,"name":"In\u00edcio","item":"https:\/\/portaltela.pt\/"},{"@type":"ListItem","position":2,"name":"Montenegro afirma cordialidade total com Seguro; reuni\u00f5es passam a ser \u00e0s ter\u00e7as"}]},{"@type":"WebSite","@id":"https:\/\/portaltela.pt\/#website","url":"https:\/\/portaltela.pt\/","name":"Portal Tela Portugal","description":"","potentialAction":[{"@type":"SearchAction","target":{"@type":"EntryPoint","urlTemplate":"https:\/\/portaltela.pt\/?s={search_term_string}"},"query-input":{"@type":"PropertyValueSpecification","valueRequired":true,"valueName":"search_term_string"}}],"inLanguage":"pt-PT"},{"@type":"Person","@id":"https:\/\/portaltela.pt\/#\/schema\/person\/c4278d4a6028830caff9ee44b42d32ed","name":"Telinha","image":{"@type":"ImageObject","inLanguage":"pt-PT","@id":"https:\/\/portaltela.pt\/s.01k8rhncp4jt1\/2025\/11\/talking-bot-125x125.png","url":"https:\/\/portaltela.pt\/s.01k8rhncp4jt1\/2025\/11\/talking-bot-125x125.png","contentUrl":"https:\/\/portaltela.pt\/s.01k8rhncp4jt1\/2025\/11\/talking-bot-125x125.png","caption":"Telinha"},"sameAs":["https:\/\/portaltela.pt\/"],"url":"https:\/\/portaltela.pt\/por\/367410592786\/"}]}},"_links":{"self":[{"href":"https:\/\/portaltela.pt\/api\/wp\/v2\/posts\/407816","targetHints":{"allow":["GET"]}}],"collection":[{"href":"https:\/\/portaltela.pt\/api\/wp\/v2\/posts"}],"about":[{"href":"https:\/\/portaltela.pt\/api\/wp\/v2\/types\/post"}],"author":[{"embeddable":true,"href":"https:\/\/portaltela.pt\/api\/wp\/v2\/users\/2"}],"replies":[{"embeddable":true,"href":"https:\/\/portaltela.pt\/api\/wp\/v2\/comments?post=407816"}],"version-history":[{"count":0,"href":"https:\/\/portaltela.pt\/api\/wp\/v2\/posts\/407816\/revisions"}],"wp:featuredmedia":[{"embeddable":true,"href":"https:\/\/portaltela.pt\/api\/wp\/v2\/media\/407826"}],"wp:attachment":[{"href":"https:\/\/portaltela.pt\/api\/wp\/v2\/media?parent=407816"}],"wp:term":[{"taxonomy":"category","embeddable":true,"href":"https:\/\/portaltela.pt\/api\/wp\/v2\/categories?post=407816"},{"taxonomy":"post_tag","embeddable":true,"href":"https:\/\/portaltela.pt\/api\/wp\/v2\/tags?post=407816"}],"curies":[{"name":"wp","href":"https:\/\/api.w.org\/{rel}","templated":true}]}}