{"id":407811,"date":"2026-03-12T15:24:57","date_gmt":"2026-03-12T18:24:57","guid":{"rendered":"https:\/\/portaltela.pt\/noticias\/2026\/03\/12\/cartaz-gigante-em-telavive-agradece-trump-pelo-apoio-a-israel\/"},"modified":"2026-03-12T15:24:57","modified_gmt":"2026-03-12T18:24:57","slug":"cartaz-gigante-em-telavive-agradece-trump-pelo-apoio-a-israel","status":"publish","type":"post","link":"https:\/\/portaltela.pt\/noticias\/politica\/2026\/03\/12\/cartaz-gigante-em-telavive-agradece-trump-pelo-apoio-a-israel\/","title":{"rendered":"Cartaz gigante em Telavive agradece Trump pelo apoio a Israel"},"content":{"rendered":"<p>Um grande cartaz foi colocado no centro de Telavive nesta quinta-feira, agradecendo ao presidente dos EUA, Donald Trump, pelo apoio a Israel. A pe\u00e7a est\u00e1 instalada numa \u00e1rea central da cidade.<\/p>\n<p>O painel mostra Trump ao lado das bandeiras de Israel e dos Estados Unidos, acompanhado da mensagem de agradecimento. A constru\u00e7\u00e3o visual visa sublinhar a proximidade entre os dois pa\u00edses.<\/p>\n<p>N\u00e3o foram facultadas informa\u00e7\u00f5es oficiais sobre os autores do cartaz ou as motiva\u00e7\u00f5es espec\u00edficas da iniciativa. A presen\u00e7a do painel coincide com o debate regional sobre o apoio americano a Israel.<\/p>\n<p>A iniciativa foi divulgada pela imprensa local, sem indica\u00e7\u00e3o de datas adicionais para remo\u00e7\u00e3o ou continua\u00e7\u00e3o da instala\u00e7\u00e3o. O cartaz permanece exposto no centro urbano de Telavive.<\/p>\n","protected":false},"excerpt":{"rendered":"<ul>\n<li>Um grande cartaz de agradecimento a Donald Trump foi colocado no centro de Telavive, nesta quinta-feira.<\/li>\n<li>O painel apresenta Trump junto \u00e0s bandeiras de Israel e dos Estados Unidos.<\/li>\n<li>A frase exibida \u00e9 \u201cObrigado Deus e Donald Trump!\u201d.<\/li>\n<li>O evento insere-se numa leitura de apoio a Israel, sem mais detalhes apresentados no texto.<\/li>\n<\/ul>\n","protected":false},"author":2,"featured_media":407812,"comment_status":"closed","ping_status":"closed","sticky":false,"template":"","format":"standard","meta":{"footnotes":""},"categories":[6912,5],"tags":[4953,3708,2832,5698,27,2871],"class_list":["post-407811","post","type-post","status-publish","format-standard","has-post-thumbnail","hentry","category-internacionais","category-politica","tag-donald-trump","tag-israel","tag-politica","tag-politica-internacional","tag-relacoes-internacionais","tag-telavive"],"yoast_head":"<!-- This site is optimized with the Yoast SEO plugin v27.2 - https:\/\/yoast.com\/product\/yoast-seo-wordpress\/ -->\n<title>Cartaz gigante em Telavive agradece Trump pelo apoio a Israel - Portal Tela Portugal<\/title>\n<meta name=\"robots\" content=\"index, follow, max-snippet:-1, max-image-preview:large, max-video-preview:-1\" \/>\n<meta property=\"og:locale\" content=\"pt_PT\" \/>\n<meta property=\"og:type\" content=\"article\" \/>\n<meta property=\"og:title\" content=\"Cartaz gigante em Telavive agradece Trump pelo apoio a Israel - Portal Tela Portugal\" \/>\n<meta property=\"og:description\" content=\"Um grande cartaz de agradecimento a Donald Trump foi colocado no centro de Telavive, nesta quinta-feira. O painel apresenta Trump junto \u00e0s bandeiras de Israel e dos Estados Unidos. A frase exibida \u00e9 \u201cObrigado Deus e Donald Trump!\u201d. O evento insere-se numa leitura de apoio a Israel, sem mais detalhes apresentados no texto.\" \/>\n<meta property=\"og:url\" content=\"https:\/\/portaltela.pt\/noticias\/2026\/03\/12\/cartaz-gigante-em-telavive-agradece-trump-pelo-apoio-a-israel\/\" \/>\n<meta property=\"og:site_name\" content=\"Portal Tela Portugal\" \/>\n<meta property=\"article:published_time\" content=\"2026-03-12T18:24:57+00:00\" \/>\n<meta name=\"author\" content=\"Telinha\" \/>\n<meta name=\"twitter:card\" content=\"summary_large_image\" \/>\n<meta name=\"twitter:label1\" content=\"Escrito por\" \/>\n\t<meta name=\"twitter:data1\" content=\"Telinha\" \/>\n\t<meta name=\"twitter:label2\" content=\"Tempo estimado de leitura\" \/>\n\t<meta name=\"twitter:data2\" content=\"1 minuto\" \/>\n<script type=\"application\/ld+json\" class=\"yoast-schema-graph\">{\"@context\":\"https:\/\/schema.org\",\"@graph\":[{\"@type\":\"Article\",\"@id\":\"https:\/\/portaltela.pt\/noticias\/2026\/03\/12\/cartaz-gigante-em-telavive-agradece-trump-pelo-apoio-a-israel\/#article\",\"isPartOf\":{\"@id\":\"https:\/\/portaltela.pt\/noticias\/2026\/03\/12\/cartaz-gigante-em-telavive-agradece-trump-pelo-apoio-a-israel\/\"},\"author\":{\"name\":\"Telinha\",\"@id\":\"https:\/\/portaltela.pt\/#\/schema\/person\/c4278d4a6028830caff9ee44b42d32ed\"},\"headline\":\"Cartaz gigante em Telavive agradece Trump pelo apoio a Israel\",\"datePublished\":\"2026-03-12T18:24:57+00:00\",\"mainEntityOfPage\":{\"@id\":\"https:\/\/portaltela.pt\/noticias\/2026\/03\/12\/cartaz-gigante-em-telavive-agradece-trump-pelo-apoio-a-israel\/\"},\"wordCount\":141,\"image\":{\"@id\":\"https:\/\/portaltela.pt\/noticias\/2026\/03\/12\/cartaz-gigante-em-telavive-agradece-trump-pelo-apoio-a-israel\/#primaryimage\"},\"thumbnailUrl\":\"https:\/\/portaltela.pt\/s.01k8rhncp4jt1\/2026\/03\/img_1280x722uu2026-03-12-18-21-38-2271991.jpg\",\"keywords\":[\"Donald Trump\",\"Israel\",\"pol\u00edtica\",\"pol\u00edtica internacional\",\"rela\u00e7\u00f5es internacionais\",\"Telavive\"],\"articleSection\":[\"Internacionais\",\"Pol\u00edtica\"],\"inLanguage\":\"pt-PT\"},{\"@type\":\"WebPage\",\"@id\":\"https:\/\/portaltela.pt\/noticias\/2026\/03\/12\/cartaz-gigante-em-telavive-agradece-trump-pelo-apoio-a-israel\/\",\"url\":\"https:\/\/portaltela.pt\/noticias\/2026\/03\/12\/cartaz-gigante-em-telavive-agradece-trump-pelo-apoio-a-israel\/\",\"name\":\"Cartaz gigante em Telavive agradece Trump pelo apoio a Israel - Portal Tela Portugal\",\"isPartOf\":{\"@id\":\"https:\/\/portaltela.pt\/#website\"},\"primaryImageOfPage\":{\"@id\":\"https:\/\/portaltela.pt\/noticias\/2026\/03\/12\/cartaz-gigante-em-telavive-agradece-trump-pelo-apoio-a-israel\/#primaryimage\"},\"image\":{\"@id\":\"https:\/\/portaltela.pt\/noticias\/2026\/03\/12\/cartaz-gigante-em-telavive-agradece-trump-pelo-apoio-a-israel\/#primaryimage\"},\"thumbnailUrl\":\"https:\/\/portaltela.pt\/s.01k8rhncp4jt1\/2026\/03\/img_1280x722uu2026-03-12-18-21-38-2271991.jpg\",\"datePublished\":\"2026-03-12T18:24:57+00:00\",\"author\":{\"@id\":\"https:\/\/portaltela.pt\/#\/schema\/person\/c4278d4a6028830caff9ee44b42d32ed\"},\"breadcrumb\":{\"@id\":\"https:\/\/portaltela.pt\/noticias\/2026\/03\/12\/cartaz-gigante-em-telavive-agradece-trump-pelo-apoio-a-israel\/#breadcrumb\"},\"inLanguage\":\"pt-PT\",\"potentialAction\":[{\"@type\":\"ReadAction\",\"target\":[\"https:\/\/portaltela.pt\/noticias\/2026\/03\/12\/cartaz-gigante-em-telavive-agradece-trump-pelo-apoio-a-israel\/\"]}]},{\"@type\":\"ImageObject\",\"inLanguage\":\"pt-PT\",\"@id\":\"https:\/\/portaltela.pt\/noticias\/2026\/03\/12\/cartaz-gigante-em-telavive-agradece-trump-pelo-apoio-a-israel\/#primaryimage\",\"url\":\"https:\/\/portaltela.pt\/s.01k8rhncp4jt1\/2026\/03\/img_1280x722uu2026-03-12-18-21-38-2271991.jpg\",\"contentUrl\":\"https:\/\/portaltela.pt\/s.01k8rhncp4jt1\/2026\/03\/img_1280x722uu2026-03-12-18-21-38-2271991.jpg\",\"width\":796,\"height\":448,\"caption\":\"Photo\"},{\"@type\":\"BreadcrumbList\",\"@id\":\"https:\/\/portaltela.pt\/noticias\/2026\/03\/12\/cartaz-gigante-em-telavive-agradece-trump-pelo-apoio-a-israel\/#breadcrumb\",\"itemListElement\":[{\"@type\":\"ListItem\",\"position\":1,\"name\":\"In\u00edcio\",\"item\":\"https:\/\/portaltela.pt\/\"},{\"@type\":\"ListItem\",\"position\":2,\"name\":\"Cartaz gigante em Telavive agradece Trump pelo apoio a Israel\"}]},{\"@type\":\"WebSite\",\"@id\":\"https:\/\/portaltela.pt\/#website\",\"url\":\"https:\/\/portaltela.pt\/\",\"name\":\"Portal Tela Portugal\",\"description\":\"\",\"potentialAction\":[{\"@type\":\"SearchAction\",\"target\":{\"@type\":\"EntryPoint\",\"urlTemplate\":\"https:\/\/portaltela.pt\/?s={search_term_string}\"},\"query-input\":{\"@type\":\"PropertyValueSpecification\",\"valueRequired\":true,\"valueName\":\"search_term_string\"}}],\"inLanguage\":\"pt-PT\"},{\"@type\":\"Person\",\"@id\":\"https:\/\/portaltela.pt\/#\/schema\/person\/c4278d4a6028830caff9ee44b42d32ed\",\"name\":\"Telinha\",\"image\":{\"@type\":\"ImageObject\",\"inLanguage\":\"pt-PT\",\"@id\":\"https:\/\/portaltela.pt\/s.01k8rhncp4jt1\/2025\/11\/talking-bot-125x125.png\",\"url\":\"https:\/\/portaltela.pt\/s.01k8rhncp4jt1\/2025\/11\/talking-bot-125x125.png\",\"contentUrl\":\"https:\/\/portaltela.pt\/s.01k8rhncp4jt1\/2025\/11\/talking-bot-125x125.png\",\"caption\":\"Telinha\"},\"sameAs\":[\"https:\/\/portaltela.pt\/\"],\"url\":\"https:\/\/portaltela.pt\/por\/367410592786\/\"}]}<\/script>\n<!-- \/ Yoast SEO plugin. -->","yoast_head_json":{"title":"Cartaz gigante em Telavive agradece Trump pelo apoio a Israel - Portal Tela Portugal","robots":{"index":"index","follow":"follow","max-snippet":"max-snippet:-1","max-image-preview":"max-image-preview:large","max-video-preview":"max-video-preview:-1"},"og_locale":"pt_PT","og_type":"article","og_title":"Cartaz gigante em Telavive agradece Trump pelo apoio a Israel - Portal Tela Portugal","og_description":"Um grande cartaz de agradecimento a Donald Trump foi colocado no centro de Telavive, nesta quinta-feira. O painel apresenta Trump junto \u00e0s bandeiras de Israel e dos Estados Unidos. A frase exibida \u00e9 \u201cObrigado Deus e Donald Trump!\u201d. O evento insere-se numa leitura de apoio a Israel, sem mais detalhes apresentados no texto.","og_url":"https:\/\/portaltela.pt\/noticias\/2026\/03\/12\/cartaz-gigante-em-telavive-agradece-trump-pelo-apoio-a-israel\/","og_site_name":"Portal Tela Portugal","article_published_time":"2026-03-12T18:24:57+00:00","author":"Telinha","twitter_card":"summary_large_image","twitter_misc":{"Escrito por":"Telinha","Tempo estimado de leitura":"1 minuto"},"schema":{"@context":"https:\/\/schema.org","@graph":[{"@type":"Article","@id":"https:\/\/portaltela.pt\/noticias\/2026\/03\/12\/cartaz-gigante-em-telavive-agradece-trump-pelo-apoio-a-israel\/#article","isPartOf":{"@id":"https:\/\/portaltela.pt\/noticias\/2026\/03\/12\/cartaz-gigante-em-telavive-agradece-trump-pelo-apoio-a-israel\/"},"author":{"name":"Telinha","@id":"https:\/\/portaltela.pt\/#\/schema\/person\/c4278d4a6028830caff9ee44b42d32ed"},"headline":"Cartaz gigante em Telavive agradece Trump pelo apoio a Israel","datePublished":"2026-03-12T18:24:57+00:00","mainEntityOfPage":{"@id":"https:\/\/portaltela.pt\/noticias\/2026\/03\/12\/cartaz-gigante-em-telavive-agradece-trump-pelo-apoio-a-israel\/"},"wordCount":141,"image":{"@id":"https:\/\/portaltela.pt\/noticias\/2026\/03\/12\/cartaz-gigante-em-telavive-agradece-trump-pelo-apoio-a-israel\/#primaryimage"},"thumbnailUrl":"https:\/\/portaltela.pt\/s.01k8rhncp4jt1\/2026\/03\/img_1280x722uu2026-03-12-18-21-38-2271991.jpg","keywords":["Donald Trump","Israel","pol\u00edtica","pol\u00edtica internacional","rela\u00e7\u00f5es internacionais","Telavive"],"articleSection":["Internacionais","Pol\u00edtica"],"inLanguage":"pt-PT"},{"@type":"WebPage","@id":"https:\/\/portaltela.pt\/noticias\/2026\/03\/12\/cartaz-gigante-em-telavive-agradece-trump-pelo-apoio-a-israel\/","url":"https:\/\/portaltela.pt\/noticias\/2026\/03\/12\/cartaz-gigante-em-telavive-agradece-trump-pelo-apoio-a-israel\/","name":"Cartaz gigante em Telavive agradece Trump pelo apoio a Israel - Portal Tela Portugal","isPartOf":{"@id":"https:\/\/portaltela.pt\/#website"},"primaryImageOfPage":{"@id":"https:\/\/portaltela.pt\/noticias\/2026\/03\/12\/cartaz-gigante-em-telavive-agradece-trump-pelo-apoio-a-israel\/#primaryimage"},"image":{"@id":"https:\/\/portaltela.pt\/noticias\/2026\/03\/12\/cartaz-gigante-em-telavive-agradece-trump-pelo-apoio-a-israel\/#primaryimage"},"thumbnailUrl":"https:\/\/portaltela.pt\/s.01k8rhncp4jt1\/2026\/03\/img_1280x722uu2026-03-12-18-21-38-2271991.jpg","datePublished":"2026-03-12T18:24:57+00:00","author":{"@id":"https:\/\/portaltela.pt\/#\/schema\/person\/c4278d4a6028830caff9ee44b42d32ed"},"breadcrumb":{"@id":"https:\/\/portaltela.pt\/noticias\/2026\/03\/12\/cartaz-gigante-em-telavive-agradece-trump-pelo-apoio-a-israel\/#breadcrumb"},"inLanguage":"pt-PT","potentialAction":[{"@type":"ReadAction","target":["https:\/\/portaltela.pt\/noticias\/2026\/03\/12\/cartaz-gigante-em-telavive-agradece-trump-pelo-apoio-a-israel\/"]}]},{"@type":"ImageObject","inLanguage":"pt-PT","@id":"https:\/\/portaltela.pt\/noticias\/2026\/03\/12\/cartaz-gigante-em-telavive-agradece-trump-pelo-apoio-a-israel\/#primaryimage","url":"https:\/\/portaltela.pt\/s.01k8rhncp4jt1\/2026\/03\/img_1280x722uu2026-03-12-18-21-38-2271991.jpg","contentUrl":"https:\/\/portaltela.pt\/s.01k8rhncp4jt1\/2026\/03\/img_1280x722uu2026-03-12-18-21-38-2271991.jpg","width":796,"height":448,"caption":"Photo"},{"@type":"BreadcrumbList","@id":"https:\/\/portaltela.pt\/noticias\/2026\/03\/12\/cartaz-gigante-em-telavive-agradece-trump-pelo-apoio-a-israel\/#breadcrumb","itemListElement":[{"@type":"ListItem","position":1,"name":"In\u00edcio","item":"https:\/\/portaltela.pt\/"},{"@type":"ListItem","position":2,"name":"Cartaz gigante em Telavive agradece Trump pelo apoio a Israel"}]},{"@type":"WebSite","@id":"https:\/\/portaltela.pt\/#website","url":"https:\/\/portaltela.pt\/","name":"Portal Tela Portugal","description":"","potentialAction":[{"@type":"SearchAction","target":{"@type":"EntryPoint","urlTemplate":"https:\/\/portaltela.pt\/?s={search_term_string}"},"query-input":{"@type":"PropertyValueSpecification","valueRequired":true,"valueName":"search_term_string"}}],"inLanguage":"pt-PT"},{"@type":"Person","@id":"https:\/\/portaltela.pt\/#\/schema\/person\/c4278d4a6028830caff9ee44b42d32ed","name":"Telinha","image":{"@type":"ImageObject","inLanguage":"pt-PT","@id":"https:\/\/portaltela.pt\/s.01k8rhncp4jt1\/2025\/11\/talking-bot-125x125.png","url":"https:\/\/portaltela.pt\/s.01k8rhncp4jt1\/2025\/11\/talking-bot-125x125.png","contentUrl":"https:\/\/portaltela.pt\/s.01k8rhncp4jt1\/2025\/11\/talking-bot-125x125.png","caption":"Telinha"},"sameAs":["https:\/\/portaltela.pt\/"],"url":"https:\/\/portaltela.pt\/por\/367410592786\/"}]}},"_links":{"self":[{"href":"https:\/\/portaltela.pt\/api\/wp\/v2\/posts\/407811","targetHints":{"allow":["GET"]}}],"collection":[{"href":"https:\/\/portaltela.pt\/api\/wp\/v2\/posts"}],"about":[{"href":"https:\/\/portaltela.pt\/api\/wp\/v2\/types\/post"}],"author":[{"embeddable":true,"href":"https:\/\/portaltela.pt\/api\/wp\/v2\/users\/2"}],"replies":[{"embeddable":true,"href":"https:\/\/portaltela.pt\/api\/wp\/v2\/comments?post=407811"}],"version-history":[{"count":0,"href":"https:\/\/portaltela.pt\/api\/wp\/v2\/posts\/407811\/revisions"}],"wp:featuredmedia":[{"embeddable":true,"href":"https:\/\/portaltela.pt\/api\/wp\/v2\/media\/407812"}],"wp:attachment":[{"href":"https:\/\/portaltela.pt\/api\/wp\/v2\/media?parent=407811"}],"wp:term":[{"taxonomy":"category","embeddable":true,"href":"https:\/\/portaltela.pt\/api\/wp\/v2\/categories?post=407811"},{"taxonomy":"post_tag","embeddable":true,"href":"https:\/\/portaltela.pt\/api\/wp\/v2\/tags?post=407811"}],"curies":[{"name":"wp","href":"https:\/\/api.w.org\/{rel}","templated":true}]}}