{"id":407776,"date":"2026-03-12T14:43:29","date_gmt":"2026-03-12T17:43:29","guid":{"rendered":"https:\/\/portaltela.pt\/noticias\/2026\/03\/12\/academia-portuguesa-de-cinema-considera-obra-de-mario-zambujal-marco-para-cinema\/"},"modified":"2026-03-12T14:43:29","modified_gmt":"2026-03-12T17:43:29","slug":"academia-portuguesa-de-cinema-considera-obra-de-mario-zambujal-marco-para-cinema","status":"publish","type":"post","link":"https:\/\/portaltela.pt\/noticias\/2026\/03\/12\/academia-portuguesa-de-cinema-considera-obra-de-mario-zambujal-marco-para-cinema\/","title":{"rendered":"Academia Portuguesa de Cinema considera obra de M\u00e1rio Zambujal marco para cinema"},"content":{"rendered":"<p>A Academia Portuguesa de Cinema confirmou a morte de M\u00e1rio Zambujal aos 90 anos, nesta quinta-feira. A institui\u00e7\u00e3o destacou que a obra do escritor, jornalista e argumentista atravessou v\u00e1rias \u00e1reas da cultura portuguesa e deixou uma marca relevante no audiovisual e no cinema. O \u00f3bito ocorreu este dia, em honra \u00e0 mem\u00f3ria de um autor que nasceu em Moura, a 5 de mar\u00e7o de 1936.<\/p>\n<p>Ao longo de d\u00e9cadas, Zambujal construiu uma carreira destacada no jornalismo portugu\u00eas, com passagens por A Bola, Di\u00e1rio de Not\u00edcias, O S\u00e9culo, Record e Se7e. Tornou-se tamb\u00e9m uma figura p\u00fablica por meio da r\u00e1dio e da televis\u00e3o, conforme releva a academia em comunicado.<\/p>\n<h3>Obra liter\u00e1ria e passagem pelo cinema<\/h3>\n<p>No campo da fic\u00e7\u00e3o, destacou-se com Cr\u00f3nica dos Bons Malandros (1980), o seu romance de estreia, uma das obras mais populares da literatura portuguesa contempor\u00e2nea. O livro foi adaptado ao cinema numa longa-metragem dirigida por Fernando Lopes, que ajudou a levar o universo liter\u00e1rio de Zambujal ao grande ecr\u00e3.<\/p>\n<p>D\u00e9cadas depois, o romance voltou a ganhar vida no audiovisual, numa s\u00e9rie de televis\u00e3o da RTP1 em 2020, realizada por Jorge Paix\u00e3o da Costa e com oito epis\u00f3dios inspirados no livro. A academia sublinha que estas adapta\u00e7\u00f5es reafirmaram a perman\u00eancia da narrativa de Zambujal.<\/p>\n<p>Al\u00e9m da escrita ficcional, M\u00e1rio Zambujal colaborou no audiovisual como autor e argumentista, contribuindo para o refor\u00e7o da escrita de argumentos em Portugal. Estreou-se na televis\u00e3o com gui\u00f5es de v\u00e1rias s\u00e9ries e programas de fic\u00e7\u00e3o.<\/p>\n<p>Ao longo da sua carreira, Zambujal escreveu gui\u00f5es de s\u00e9ries como L\u00e1 em Casa Tudo Bem (1987), com Raul Solnado e Artur Santos, Isto \u00e9 o Agildo (1995) com Agildo Ribeiro, N\u00f3s os Ricos (1996) e Os Impar\u00e1veis (1996). A Academia sublinha o humor, a observa\u00e7\u00e3o social e o olhar sobre a vida urbana portuguesa como tra\u00e7os marcantes da sua obra.<\/p>\n<p>A academia expressa condol\u00eancias \u00e0 fam\u00edlia, aos amigos e a todos os profissionais que com ele trabalharam. M\u00e1rio Zambujal deixa um legado que atravessa jornalismo, literatura e audiovisual, mantendo presen\u00e7a duradoura na cultura portuguesa.<\/p>\n","protected":false},"excerpt":{"rendered":"<ul>\n<li>Morreu o escritor, jornalista e argumentista M\u00e1rio Zambujal aos 90 anos, na quinta-feira; nasceu em Moura a 5 de mar\u00e7o de 1936.<\/li>\n<li>A Academia Portuguesa de Cinema destaca que a obra dele atravessou v\u00e1rias \u00e1reas da cultura portuguesa e deixou marca no audiovisual e no cinema.<\/li>\n<li>Destacou-se na fic\u00e7\u00e3o com Cr\u00f3nica dos Bons Malandros (1980), romance adaptado ao cinema por Fernando Lopes e, em 2020, para televis\u00e3o na RTP1, com oito epis\u00f3dios dirigidos por Jorge Paix\u00e3o da Costa.<\/li>\n<li>Ao longo da carreira, trabalhou no jornalismo em A Bola, Di\u00e1rio de Not\u00edcias, O S\u00e9culo, Record e Se7e, e contribuiu para o audiovisual como autor e argumentista de s\u00e9ries de fic\u00e7\u00e3o.<\/li>\n<li>Deixa um legado no jornalismo, literatura e cinema, com contribui\u00e7\u00f5es para a escrita de argumentos em Portugal; a academia apresenta condol\u00eancias \u00e0 fam\u00edlia, amigos e colegas.<\/li>\n<\/ul>\n","protected":false},"author":2,"featured_media":407778,"comment_status":"closed","ping_status":"closed","sticky":false,"template":"","format":"standard","meta":{"footnotes":""},"categories":[1],"tags":[112,145,5707,106,2396,1014],"class_list":["post-407776","post","type-post","status-publish","format-standard","has-post-thumbnail","hentry","category-noticias","tag-cinema","tag-cultura","tag-jornalistas","tag-literatura","tag-moura","tag-portugal"],"yoast_head":"<!-- This site is optimized with the Yoast SEO plugin v27.2 - https:\/\/yoast.com\/product\/yoast-seo-wordpress\/ -->\n<title>Academia Portuguesa de Cinema considera obra de M\u00e1rio Zambujal marco para cinema - Portal Tela Portugal<\/title>\n<meta name=\"robots\" content=\"index, follow, max-snippet:-1, max-image-preview:large, max-video-preview:-1\" \/>\n<meta property=\"og:locale\" content=\"pt_PT\" \/>\n<meta property=\"og:type\" content=\"article\" \/>\n<meta property=\"og:title\" content=\"Academia Portuguesa de Cinema considera obra de M\u00e1rio Zambujal marco para cinema - Portal Tela Portugal\" \/>\n<meta property=\"og:description\" content=\"Morreu o escritor, jornalista e argumentista M\u00e1rio Zambujal aos 90 anos, na quinta-feira; nasceu em Moura a 5 de mar\u00e7o de 1936. A Academia Portuguesa de Cinema destaca que a obra dele atravessou v\u00e1rias \u00e1reas da cultura portuguesa e deixou marca no audiovisual e no cinema. Destacou-se na fic\u00e7\u00e3o com Cr\u00f3nica dos Bons Malandros (1980), romance adaptado ao cinema por Fernando Lopes e, em 2020, para televis\u00e3o na RTP1, com oito epis\u00f3dios dirigidos por Jorge Paix\u00e3o da Costa. Ao longo da carreira, trabalhou no jornalismo em A Bola, Di\u00e1rio de Not\u00edcias, O S\u00e9culo, Record e Se7e, e contribuiu para o audiovisual como autor e argumentista de s\u00e9ries de fic\u00e7\u00e3o. Deixa um legado no jornalismo, literatura e cinema, com contribui\u00e7\u00f5es para a escrita de argumentos em Portugal; a academia apresenta condol\u00eancias \u00e0 fam\u00edlia, amigos e colegas.\" \/>\n<meta property=\"og:url\" content=\"https:\/\/portaltela.pt\/noticias\/2026\/03\/12\/academia-portuguesa-de-cinema-considera-obra-de-mario-zambujal-marco-para-cinema\/\" \/>\n<meta property=\"og:site_name\" content=\"Portal Tela Portugal\" \/>\n<meta property=\"article:published_time\" content=\"2026-03-12T17:43:29+00:00\" \/>\n<meta name=\"author\" content=\"Telinha\" \/>\n<meta name=\"twitter:card\" content=\"summary_large_image\" \/>\n<meta name=\"twitter:label1\" content=\"Escrito por\" \/>\n\t<meta name=\"twitter:data1\" content=\"Telinha\" \/>\n\t<meta name=\"twitter:label2\" content=\"Tempo estimado de leitura\" \/>\n\t<meta name=\"twitter:data2\" content=\"2 minutos\" \/>\n<script type=\"application\/ld+json\" class=\"yoast-schema-graph\">{\"@context\":\"https:\/\/schema.org\",\"@graph\":[{\"@type\":\"Article\",\"@id\":\"https:\/\/portaltela.pt\/noticias\/2026\/03\/12\/academia-portuguesa-de-cinema-considera-obra-de-mario-zambujal-marco-para-cinema\/#article\",\"isPartOf\":{\"@id\":\"https:\/\/portaltela.pt\/noticias\/2026\/03\/12\/academia-portuguesa-de-cinema-considera-obra-de-mario-zambujal-marco-para-cinema\/\"},\"author\":{\"name\":\"Telinha\",\"@id\":\"https:\/\/portaltela.pt\/#\/schema\/person\/c4278d4a6028830caff9ee44b42d32ed\"},\"headline\":\"Academia Portuguesa de Cinema considera obra de M\u00e1rio Zambujal marco para cinema\",\"datePublished\":\"2026-03-12T17:43:29+00:00\",\"mainEntityOfPage\":{\"@id\":\"https:\/\/portaltela.pt\/noticias\/2026\/03\/12\/academia-portuguesa-de-cinema-considera-obra-de-mario-zambujal-marco-para-cinema\/\"},\"wordCount\":383,\"image\":{\"@id\":\"https:\/\/portaltela.pt\/noticias\/2026\/03\/12\/academia-portuguesa-de-cinema-considera-obra-de-mario-zambujal-marco-para-cinema\/#primaryimage\"},\"thumbnailUrl\":\"https:\/\/portaltela.pt\/s.01k8rhncp4jt1\/2026\/03\/img_1500x1000uu2026-03-12-14-34-00-2271950.jpg\",\"keywords\":[\"cinema\",\"cultura\",\"jornalistas\",\"literatura\",\"Moura\",\"Portugal\"],\"articleSection\":[\"Not\u00edcias\"],\"inLanguage\":\"pt-PT\"},{\"@type\":\"WebPage\",\"@id\":\"https:\/\/portaltela.pt\/noticias\/2026\/03\/12\/academia-portuguesa-de-cinema-considera-obra-de-mario-zambujal-marco-para-cinema\/\",\"url\":\"https:\/\/portaltela.pt\/noticias\/2026\/03\/12\/academia-portuguesa-de-cinema-considera-obra-de-mario-zambujal-marco-para-cinema\/\",\"name\":\"Academia Portuguesa de Cinema considera obra de M\u00e1rio Zambujal marco para cinema - Portal Tela Portugal\",\"isPartOf\":{\"@id\":\"https:\/\/portaltela.pt\/#website\"},\"primaryImageOfPage\":{\"@id\":\"https:\/\/portaltela.pt\/noticias\/2026\/03\/12\/academia-portuguesa-de-cinema-considera-obra-de-mario-zambujal-marco-para-cinema\/#primaryimage\"},\"image\":{\"@id\":\"https:\/\/portaltela.pt\/noticias\/2026\/03\/12\/academia-portuguesa-de-cinema-considera-obra-de-mario-zambujal-marco-para-cinema\/#primaryimage\"},\"thumbnailUrl\":\"https:\/\/portaltela.pt\/s.01k8rhncp4jt1\/2026\/03\/img_1500x1000uu2026-03-12-14-34-00-2271950.jpg\",\"datePublished\":\"2026-03-12T17:43:29+00:00\",\"author\":{\"@id\":\"https:\/\/portaltela.pt\/#\/schema\/person\/c4278d4a6028830caff9ee44b42d32ed\"},\"breadcrumb\":{\"@id\":\"https:\/\/portaltela.pt\/noticias\/2026\/03\/12\/academia-portuguesa-de-cinema-considera-obra-de-mario-zambujal-marco-para-cinema\/#breadcrumb\"},\"inLanguage\":\"pt-PT\",\"potentialAction\":[{\"@type\":\"ReadAction\",\"target\":[\"https:\/\/portaltela.pt\/noticias\/2026\/03\/12\/academia-portuguesa-de-cinema-considera-obra-de-mario-zambujal-marco-para-cinema\/\"]}]},{\"@type\":\"ImageObject\",\"inLanguage\":\"pt-PT\",\"@id\":\"https:\/\/portaltela.pt\/noticias\/2026\/03\/12\/academia-portuguesa-de-cinema-considera-obra-de-mario-zambujal-marco-para-cinema\/#primaryimage\",\"url\":\"https:\/\/portaltela.pt\/s.01k8rhncp4jt1\/2026\/03\/img_1500x1000uu2026-03-12-14-34-00-2271950.jpg\",\"contentUrl\":\"https:\/\/portaltela.pt\/s.01k8rhncp4jt1\/2026\/03\/img_1500x1000uu2026-03-12-14-34-00-2271950.jpg\",\"width\":796,\"height\":448,\"caption\":\"M\u00e1rio Zambujal\"},{\"@type\":\"BreadcrumbList\",\"@id\":\"https:\/\/portaltela.pt\/noticias\/2026\/03\/12\/academia-portuguesa-de-cinema-considera-obra-de-mario-zambujal-marco-para-cinema\/#breadcrumb\",\"itemListElement\":[{\"@type\":\"ListItem\",\"position\":1,\"name\":\"In\u00edcio\",\"item\":\"https:\/\/portaltela.pt\/\"},{\"@type\":\"ListItem\",\"position\":2,\"name\":\"Academia Portuguesa de Cinema considera obra de M\u00e1rio Zambujal marco para cinema\"}]},{\"@type\":\"WebSite\",\"@id\":\"https:\/\/portaltela.pt\/#website\",\"url\":\"https:\/\/portaltela.pt\/\",\"name\":\"Portal Tela Portugal\",\"description\":\"\",\"potentialAction\":[{\"@type\":\"SearchAction\",\"target\":{\"@type\":\"EntryPoint\",\"urlTemplate\":\"https:\/\/portaltela.pt\/?s={search_term_string}\"},\"query-input\":{\"@type\":\"PropertyValueSpecification\",\"valueRequired\":true,\"valueName\":\"search_term_string\"}}],\"inLanguage\":\"pt-PT\"},{\"@type\":\"Person\",\"@id\":\"https:\/\/portaltela.pt\/#\/schema\/person\/c4278d4a6028830caff9ee44b42d32ed\",\"name\":\"Telinha\",\"image\":{\"@type\":\"ImageObject\",\"inLanguage\":\"pt-PT\",\"@id\":\"https:\/\/portaltela.pt\/s.01k8rhncp4jt1\/2025\/11\/talking-bot-125x125.png\",\"url\":\"https:\/\/portaltela.pt\/s.01k8rhncp4jt1\/2025\/11\/talking-bot-125x125.png\",\"contentUrl\":\"https:\/\/portaltela.pt\/s.01k8rhncp4jt1\/2025\/11\/talking-bot-125x125.png\",\"caption\":\"Telinha\"},\"sameAs\":[\"https:\/\/portaltela.pt\/\"],\"url\":\"https:\/\/portaltela.pt\/por\/367410592786\/\"}]}<\/script>\n<!-- \/ Yoast SEO plugin. -->","yoast_head_json":{"title":"Academia Portuguesa de Cinema considera obra de M\u00e1rio Zambujal marco para cinema - Portal Tela Portugal","robots":{"index":"index","follow":"follow","max-snippet":"max-snippet:-1","max-image-preview":"max-image-preview:large","max-video-preview":"max-video-preview:-1"},"og_locale":"pt_PT","og_type":"article","og_title":"Academia Portuguesa de Cinema considera obra de M\u00e1rio Zambujal marco para cinema - Portal Tela Portugal","og_description":"Morreu o escritor, jornalista e argumentista M\u00e1rio Zambujal aos 90 anos, na quinta-feira; nasceu em Moura a 5 de mar\u00e7o de 1936. A Academia Portuguesa de Cinema destaca que a obra dele atravessou v\u00e1rias \u00e1reas da cultura portuguesa e deixou marca no audiovisual e no cinema. Destacou-se na fic\u00e7\u00e3o com Cr\u00f3nica dos Bons Malandros (1980), romance adaptado ao cinema por Fernando Lopes e, em 2020, para televis\u00e3o na RTP1, com oito epis\u00f3dios dirigidos por Jorge Paix\u00e3o da Costa. Ao longo da carreira, trabalhou no jornalismo em A Bola, Di\u00e1rio de Not\u00edcias, O S\u00e9culo, Record e Se7e, e contribuiu para o audiovisual como autor e argumentista de s\u00e9ries de fic\u00e7\u00e3o. Deixa um legado no jornalismo, literatura e cinema, com contribui\u00e7\u00f5es para a escrita de argumentos em Portugal; a academia apresenta condol\u00eancias \u00e0 fam\u00edlia, amigos e colegas.","og_url":"https:\/\/portaltela.pt\/noticias\/2026\/03\/12\/academia-portuguesa-de-cinema-considera-obra-de-mario-zambujal-marco-para-cinema\/","og_site_name":"Portal Tela Portugal","article_published_time":"2026-03-12T17:43:29+00:00","author":"Telinha","twitter_card":"summary_large_image","twitter_misc":{"Escrito por":"Telinha","Tempo estimado de leitura":"2 minutos"},"schema":{"@context":"https:\/\/schema.org","@graph":[{"@type":"Article","@id":"https:\/\/portaltela.pt\/noticias\/2026\/03\/12\/academia-portuguesa-de-cinema-considera-obra-de-mario-zambujal-marco-para-cinema\/#article","isPartOf":{"@id":"https:\/\/portaltela.pt\/noticias\/2026\/03\/12\/academia-portuguesa-de-cinema-considera-obra-de-mario-zambujal-marco-para-cinema\/"},"author":{"name":"Telinha","@id":"https:\/\/portaltela.pt\/#\/schema\/person\/c4278d4a6028830caff9ee44b42d32ed"},"headline":"Academia Portuguesa de Cinema considera obra de M\u00e1rio Zambujal marco para cinema","datePublished":"2026-03-12T17:43:29+00:00","mainEntityOfPage":{"@id":"https:\/\/portaltela.pt\/noticias\/2026\/03\/12\/academia-portuguesa-de-cinema-considera-obra-de-mario-zambujal-marco-para-cinema\/"},"wordCount":383,"image":{"@id":"https:\/\/portaltela.pt\/noticias\/2026\/03\/12\/academia-portuguesa-de-cinema-considera-obra-de-mario-zambujal-marco-para-cinema\/#primaryimage"},"thumbnailUrl":"https:\/\/portaltela.pt\/s.01k8rhncp4jt1\/2026\/03\/img_1500x1000uu2026-03-12-14-34-00-2271950.jpg","keywords":["cinema","cultura","jornalistas","literatura","Moura","Portugal"],"articleSection":["Not\u00edcias"],"inLanguage":"pt-PT"},{"@type":"WebPage","@id":"https:\/\/portaltela.pt\/noticias\/2026\/03\/12\/academia-portuguesa-de-cinema-considera-obra-de-mario-zambujal-marco-para-cinema\/","url":"https:\/\/portaltela.pt\/noticias\/2026\/03\/12\/academia-portuguesa-de-cinema-considera-obra-de-mario-zambujal-marco-para-cinema\/","name":"Academia Portuguesa de Cinema considera obra de M\u00e1rio Zambujal marco para cinema - Portal Tela Portugal","isPartOf":{"@id":"https:\/\/portaltela.pt\/#website"},"primaryImageOfPage":{"@id":"https:\/\/portaltela.pt\/noticias\/2026\/03\/12\/academia-portuguesa-de-cinema-considera-obra-de-mario-zambujal-marco-para-cinema\/#primaryimage"},"image":{"@id":"https:\/\/portaltela.pt\/noticias\/2026\/03\/12\/academia-portuguesa-de-cinema-considera-obra-de-mario-zambujal-marco-para-cinema\/#primaryimage"},"thumbnailUrl":"https:\/\/portaltela.pt\/s.01k8rhncp4jt1\/2026\/03\/img_1500x1000uu2026-03-12-14-34-00-2271950.jpg","datePublished":"2026-03-12T17:43:29+00:00","author":{"@id":"https:\/\/portaltela.pt\/#\/schema\/person\/c4278d4a6028830caff9ee44b42d32ed"},"breadcrumb":{"@id":"https:\/\/portaltela.pt\/noticias\/2026\/03\/12\/academia-portuguesa-de-cinema-considera-obra-de-mario-zambujal-marco-para-cinema\/#breadcrumb"},"inLanguage":"pt-PT","potentialAction":[{"@type":"ReadAction","target":["https:\/\/portaltela.pt\/noticias\/2026\/03\/12\/academia-portuguesa-de-cinema-considera-obra-de-mario-zambujal-marco-para-cinema\/"]}]},{"@type":"ImageObject","inLanguage":"pt-PT","@id":"https:\/\/portaltela.pt\/noticias\/2026\/03\/12\/academia-portuguesa-de-cinema-considera-obra-de-mario-zambujal-marco-para-cinema\/#primaryimage","url":"https:\/\/portaltela.pt\/s.01k8rhncp4jt1\/2026\/03\/img_1500x1000uu2026-03-12-14-34-00-2271950.jpg","contentUrl":"https:\/\/portaltela.pt\/s.01k8rhncp4jt1\/2026\/03\/img_1500x1000uu2026-03-12-14-34-00-2271950.jpg","width":796,"height":448,"caption":"M\u00e1rio Zambujal"},{"@type":"BreadcrumbList","@id":"https:\/\/portaltela.pt\/noticias\/2026\/03\/12\/academia-portuguesa-de-cinema-considera-obra-de-mario-zambujal-marco-para-cinema\/#breadcrumb","itemListElement":[{"@type":"ListItem","position":1,"name":"In\u00edcio","item":"https:\/\/portaltela.pt\/"},{"@type":"ListItem","position":2,"name":"Academia Portuguesa de Cinema considera obra de M\u00e1rio Zambujal marco para cinema"}]},{"@type":"WebSite","@id":"https:\/\/portaltela.pt\/#website","url":"https:\/\/portaltela.pt\/","name":"Portal Tela Portugal","description":"","potentialAction":[{"@type":"SearchAction","target":{"@type":"EntryPoint","urlTemplate":"https:\/\/portaltela.pt\/?s={search_term_string}"},"query-input":{"@type":"PropertyValueSpecification","valueRequired":true,"valueName":"search_term_string"}}],"inLanguage":"pt-PT"},{"@type":"Person","@id":"https:\/\/portaltela.pt\/#\/schema\/person\/c4278d4a6028830caff9ee44b42d32ed","name":"Telinha","image":{"@type":"ImageObject","inLanguage":"pt-PT","@id":"https:\/\/portaltela.pt\/s.01k8rhncp4jt1\/2025\/11\/talking-bot-125x125.png","url":"https:\/\/portaltela.pt\/s.01k8rhncp4jt1\/2025\/11\/talking-bot-125x125.png","contentUrl":"https:\/\/portaltela.pt\/s.01k8rhncp4jt1\/2025\/11\/talking-bot-125x125.png","caption":"Telinha"},"sameAs":["https:\/\/portaltela.pt\/"],"url":"https:\/\/portaltela.pt\/por\/367410592786\/"}]}},"_links":{"self":[{"href":"https:\/\/portaltela.pt\/api\/wp\/v2\/posts\/407776","targetHints":{"allow":["GET"]}}],"collection":[{"href":"https:\/\/portaltela.pt\/api\/wp\/v2\/posts"}],"about":[{"href":"https:\/\/portaltela.pt\/api\/wp\/v2\/types\/post"}],"author":[{"embeddable":true,"href":"https:\/\/portaltela.pt\/api\/wp\/v2\/users\/2"}],"replies":[{"embeddable":true,"href":"https:\/\/portaltela.pt\/api\/wp\/v2\/comments?post=407776"}],"version-history":[{"count":0,"href":"https:\/\/portaltela.pt\/api\/wp\/v2\/posts\/407776\/revisions"}],"wp:featuredmedia":[{"embeddable":true,"href":"https:\/\/portaltela.pt\/api\/wp\/v2\/media\/407778"}],"wp:attachment":[{"href":"https:\/\/portaltela.pt\/api\/wp\/v2\/media?parent=407776"}],"wp:term":[{"taxonomy":"category","embeddable":true,"href":"https:\/\/portaltela.pt\/api\/wp\/v2\/categories?post=407776"},{"taxonomy":"post_tag","embeddable":true,"href":"https:\/\/portaltela.pt\/api\/wp\/v2\/tags?post=407776"}],"curies":[{"name":"wp","href":"https:\/\/api.w.org\/{rel}","templated":true}]}}