{"id":407761,"date":"2026-03-12T14:29:00","date_gmt":"2026-03-12T17:29:00","guid":{"rendered":"https:\/\/portaltela.pt\/noticias\/2026\/03\/12\/ventura-reclama-vitoria-da-liberdade-de-expressao-nos-cartazes-do-chega\/"},"modified":"2026-03-12T14:29:00","modified_gmt":"2026-03-12T17:29:00","slug":"ventura-reclama-vitoria-da-liberdade-de-expressao-nos-cartazes-do-chega","status":"publish","type":"post","link":"https:\/\/portaltela.pt\/noticias\/2026\/03\/12\/ventura-reclama-vitoria-da-liberdade-de-expressao-nos-cartazes-do-chega\/","title":{"rendered":"Ventura reclama vit\u00f3ria da liberdade de express\u00e3o nos cartazes do Chega"},"content":{"rendered":"<p>O presidente do Chega, Ventura, afirmou hoje que a decis\u00e3o do Minist\u00e9rio P\u00fablico de arquivar o inqu\u00e9rito relativo aos cartazes do Chega sobre o Bangladesh e a comunidade cigana representa uma vit\u00f3ria da liberdade de express\u00e3o.<\/p>\n<p>A decis\u00e3o de arquivar o inqu\u00e9rito foi comunicada pelo Minist\u00e9rio P\u00fablico, segundo Ventura, que considerou o desfecho uma defesa do direito de expressar opini\u00f5es. N\u00e3o foram divulgados detalhes adicionais sobre o caso ou sobre as alega\u00e7\u00f5es que deram origem \u00e0 investiga\u00e7\u00e3o.<\/p>\n<p>O Chega mant\u00e9m a posi\u00e7\u00e3o de que as mensagens presentes nos cartazes refletem uma manifesta\u00e7\u00e3o pol\u00edtica e social. O estado atual do processo n\u00e3o inclui informa\u00e7\u00f5es sobre eventuais recursos ou fases seguintes do procedimento.<\/p>\n","protected":false},"excerpt":{"rendered":"<ul>\n<li>Minist\u00e9rio P\u00fablico arquivou o inqu\u00e9rito relativo aos cartazes do Chega sobre o Bangladesh e a comunidade cigana.<\/li>\n<li>O presidente do Chega, Ventura, afirmou que a decis\u00e3o representa uma vit\u00f3ria da liberdade de express\u00e3o.<\/li>\n<li>A posi\u00e7\u00e3o de Ventura foi apresentada como uma avalia\u00e7\u00e3o da decis\u00e3o do MP.<\/li>\n<li>A not\u00edcia aborda o tema dos cartazes e a rela\u00e7\u00e3o com Bangladesh e a comunidade cigana.<\/li>\n<\/ul>\n","protected":false},"author":2,"featured_media":407762,"comment_status":"closed","ping_status":"closed","sticky":false,"template":"","format":"standard","meta":{"footnotes":""},"categories":[6815,1],"tags":[5883,2142,2920,2832,2558],"class_list":["post-407761","post","type-post","status-publish","format-standard","has-post-thumbnail","hentry","category-justica","category-noticias","tag-bangladesh","tag-chega","tag-liberdade-de-expressao","tag-politica","tag-ventura"],"yoast_head":"<!-- This site is optimized with the Yoast SEO plugin v27.2 - https:\/\/yoast.com\/product\/yoast-seo-wordpress\/ -->\n<title>Ventura reclama vit\u00f3ria da liberdade de express\u00e3o nos cartazes do Chega - Portal Tela Portugal<\/title>\n<meta name=\"robots\" content=\"index, follow, max-snippet:-1, max-image-preview:large, max-video-preview:-1\" \/>\n<meta property=\"og:locale\" content=\"pt_PT\" \/>\n<meta property=\"og:type\" content=\"article\" \/>\n<meta property=\"og:title\" content=\"Ventura reclama vit\u00f3ria da liberdade de express\u00e3o nos cartazes do Chega - Portal Tela Portugal\" \/>\n<meta property=\"og:description\" content=\"Minist\u00e9rio P\u00fablico arquivou o inqu\u00e9rito relativo aos cartazes do Chega sobre o Bangladesh e a comunidade cigana. O presidente do Chega, Ventura, afirmou que a decis\u00e3o representa uma vit\u00f3ria da liberdade de express\u00e3o. A posi\u00e7\u00e3o de Ventura foi apresentada como uma avalia\u00e7\u00e3o da decis\u00e3o do MP. A not\u00edcia aborda o tema dos cartazes e a rela\u00e7\u00e3o com Bangladesh e a comunidade cigana.\" \/>\n<meta property=\"og:url\" content=\"https:\/\/portaltela.pt\/noticias\/2026\/03\/12\/ventura-reclama-vitoria-da-liberdade-de-expressao-nos-cartazes-do-chega\/\" \/>\n<meta property=\"og:site_name\" content=\"Portal Tela Portugal\" \/>\n<meta property=\"article:published_time\" content=\"2026-03-12T17:29:00+00:00\" \/>\n<meta name=\"author\" content=\"Telinha\" \/>\n<meta name=\"twitter:card\" content=\"summary_large_image\" \/>\n<meta name=\"twitter:label1\" content=\"Escrito por\" \/>\n\t<meta name=\"twitter:data1\" content=\"Telinha\" \/>\n\t<meta name=\"twitter:label2\" content=\"Tempo estimado de leitura\" \/>\n\t<meta name=\"twitter:data2\" content=\"1 minuto\" \/>\n<script type=\"application\/ld+json\" class=\"yoast-schema-graph\">{\"@context\":\"https:\/\/schema.org\",\"@graph\":[{\"@type\":\"Article\",\"@id\":\"https:\/\/portaltela.pt\/noticias\/2026\/03\/12\/ventura-reclama-vitoria-da-liberdade-de-expressao-nos-cartazes-do-chega\/#article\",\"isPartOf\":{\"@id\":\"https:\/\/portaltela.pt\/noticias\/2026\/03\/12\/ventura-reclama-vitoria-da-liberdade-de-expressao-nos-cartazes-do-chega\/\"},\"author\":{\"name\":\"Telinha\",\"@id\":\"https:\/\/portaltela.pt\/#\/schema\/person\/c4278d4a6028830caff9ee44b42d32ed\"},\"headline\":\"Ventura reclama vit\u00f3ria da liberdade de express\u00e3o nos cartazes do Chega\",\"datePublished\":\"2026-03-12T17:29:00+00:00\",\"mainEntityOfPage\":{\"@id\":\"https:\/\/portaltela.pt\/noticias\/2026\/03\/12\/ventura-reclama-vitoria-da-liberdade-de-expressao-nos-cartazes-do-chega\/\"},\"wordCount\":143,\"image\":{\"@id\":\"https:\/\/portaltela.pt\/noticias\/2026\/03\/12\/ventura-reclama-vitoria-da-liberdade-de-expressao-nos-cartazes-do-chega\/#primaryimage\"},\"thumbnailUrl\":\"https:\/\/portaltela.pt\/s.01k8rhncp4jt1\/2026\/03\/CACHE_780X1200_ANALOG_WATERMARKED_46733406_5732900_11032026062326.jpg\",\"keywords\":[\"Bangladesh\",\"CHEGA\",\"liberdade de express\u00e3o\",\"pol\u00edtica\",\"Ventura\"],\"articleSection\":[\"Justi\u00e7a\",\"Not\u00edcias\"],\"inLanguage\":\"pt-PT\"},{\"@type\":\"WebPage\",\"@id\":\"https:\/\/portaltela.pt\/noticias\/2026\/03\/12\/ventura-reclama-vitoria-da-liberdade-de-expressao-nos-cartazes-do-chega\/\",\"url\":\"https:\/\/portaltela.pt\/noticias\/2026\/03\/12\/ventura-reclama-vitoria-da-liberdade-de-expressao-nos-cartazes-do-chega\/\",\"name\":\"Ventura reclama vit\u00f3ria da liberdade de express\u00e3o nos cartazes do Chega - Portal Tela Portugal\",\"isPartOf\":{\"@id\":\"https:\/\/portaltela.pt\/#website\"},\"primaryImageOfPage\":{\"@id\":\"https:\/\/portaltela.pt\/noticias\/2026\/03\/12\/ventura-reclama-vitoria-da-liberdade-de-expressao-nos-cartazes-do-chega\/#primaryimage\"},\"image\":{\"@id\":\"https:\/\/portaltela.pt\/noticias\/2026\/03\/12\/ventura-reclama-vitoria-da-liberdade-de-expressao-nos-cartazes-do-chega\/#primaryimage\"},\"thumbnailUrl\":\"https:\/\/portaltela.pt\/s.01k8rhncp4jt1\/2026\/03\/CACHE_780X1200_ANALOG_WATERMARKED_46733406_5732900_11032026062326.jpg\",\"datePublished\":\"2026-03-12T17:29:00+00:00\",\"author\":{\"@id\":\"https:\/\/portaltela.pt\/#\/schema\/person\/c4278d4a6028830caff9ee44b42d32ed\"},\"breadcrumb\":{\"@id\":\"https:\/\/portaltela.pt\/noticias\/2026\/03\/12\/ventura-reclama-vitoria-da-liberdade-de-expressao-nos-cartazes-do-chega\/#breadcrumb\"},\"inLanguage\":\"pt-PT\",\"potentialAction\":[{\"@type\":\"ReadAction\",\"target\":[\"https:\/\/portaltela.pt\/noticias\/2026\/03\/12\/ventura-reclama-vitoria-da-liberdade-de-expressao-nos-cartazes-do-chega\/\"]}]},{\"@type\":\"ImageObject\",\"inLanguage\":\"pt-PT\",\"@id\":\"https:\/\/portaltela.pt\/noticias\/2026\/03\/12\/ventura-reclama-vitoria-da-liberdade-de-expressao-nos-cartazes-do-chega\/#primaryimage\",\"url\":\"https:\/\/portaltela.pt\/s.01k8rhncp4jt1\/2026\/03\/CACHE_780X1200_ANALOG_WATERMARKED_46733406_5732900_11032026062326.jpg\",\"contentUrl\":\"https:\/\/portaltela.pt\/s.01k8rhncp4jt1\/2026\/03\/CACHE_780X1200_ANALOG_WATERMARKED_46733406_5732900_11032026062326.jpg\",\"width\":768,\"height\":512,\"caption\":\"Ventura reclama vit\u00f3ria da liberdade de express\u00e3o no caso dos cartazes do Chega\"},{\"@type\":\"BreadcrumbList\",\"@id\":\"https:\/\/portaltela.pt\/noticias\/2026\/03\/12\/ventura-reclama-vitoria-da-liberdade-de-expressao-nos-cartazes-do-chega\/#breadcrumb\",\"itemListElement\":[{\"@type\":\"ListItem\",\"position\":1,\"name\":\"In\u00edcio\",\"item\":\"https:\/\/portaltela.pt\/\"},{\"@type\":\"ListItem\",\"position\":2,\"name\":\"Ventura reclama vit\u00f3ria da liberdade de express\u00e3o nos cartazes do Chega\"}]},{\"@type\":\"WebSite\",\"@id\":\"https:\/\/portaltela.pt\/#website\",\"url\":\"https:\/\/portaltela.pt\/\",\"name\":\"Portal Tela Portugal\",\"description\":\"\",\"potentialAction\":[{\"@type\":\"SearchAction\",\"target\":{\"@type\":\"EntryPoint\",\"urlTemplate\":\"https:\/\/portaltela.pt\/?s={search_term_string}\"},\"query-input\":{\"@type\":\"PropertyValueSpecification\",\"valueRequired\":true,\"valueName\":\"search_term_string\"}}],\"inLanguage\":\"pt-PT\"},{\"@type\":\"Person\",\"@id\":\"https:\/\/portaltela.pt\/#\/schema\/person\/c4278d4a6028830caff9ee44b42d32ed\",\"name\":\"Telinha\",\"image\":{\"@type\":\"ImageObject\",\"inLanguage\":\"pt-PT\",\"@id\":\"https:\/\/portaltela.pt\/s.01k8rhncp4jt1\/2025\/11\/talking-bot-125x125.png\",\"url\":\"https:\/\/portaltela.pt\/s.01k8rhncp4jt1\/2025\/11\/talking-bot-125x125.png\",\"contentUrl\":\"https:\/\/portaltela.pt\/s.01k8rhncp4jt1\/2025\/11\/talking-bot-125x125.png\",\"caption\":\"Telinha\"},\"sameAs\":[\"https:\/\/portaltela.pt\/\"],\"url\":\"https:\/\/portaltela.pt\/por\/367410592786\/\"}]}<\/script>\n<!-- \/ Yoast SEO plugin. -->","yoast_head_json":{"title":"Ventura reclama vit\u00f3ria da liberdade de express\u00e3o nos cartazes do Chega - Portal Tela Portugal","robots":{"index":"index","follow":"follow","max-snippet":"max-snippet:-1","max-image-preview":"max-image-preview:large","max-video-preview":"max-video-preview:-1"},"og_locale":"pt_PT","og_type":"article","og_title":"Ventura reclama vit\u00f3ria da liberdade de express\u00e3o nos cartazes do Chega - Portal Tela Portugal","og_description":"Minist\u00e9rio P\u00fablico arquivou o inqu\u00e9rito relativo aos cartazes do Chega sobre o Bangladesh e a comunidade cigana. O presidente do Chega, Ventura, afirmou que a decis\u00e3o representa uma vit\u00f3ria da liberdade de express\u00e3o. A posi\u00e7\u00e3o de Ventura foi apresentada como uma avalia\u00e7\u00e3o da decis\u00e3o do MP. A not\u00edcia aborda o tema dos cartazes e a rela\u00e7\u00e3o com Bangladesh e a comunidade cigana.","og_url":"https:\/\/portaltela.pt\/noticias\/2026\/03\/12\/ventura-reclama-vitoria-da-liberdade-de-expressao-nos-cartazes-do-chega\/","og_site_name":"Portal Tela Portugal","article_published_time":"2026-03-12T17:29:00+00:00","author":"Telinha","twitter_card":"summary_large_image","twitter_misc":{"Escrito por":"Telinha","Tempo estimado de leitura":"1 minuto"},"schema":{"@context":"https:\/\/schema.org","@graph":[{"@type":"Article","@id":"https:\/\/portaltela.pt\/noticias\/2026\/03\/12\/ventura-reclama-vitoria-da-liberdade-de-expressao-nos-cartazes-do-chega\/#article","isPartOf":{"@id":"https:\/\/portaltela.pt\/noticias\/2026\/03\/12\/ventura-reclama-vitoria-da-liberdade-de-expressao-nos-cartazes-do-chega\/"},"author":{"name":"Telinha","@id":"https:\/\/portaltela.pt\/#\/schema\/person\/c4278d4a6028830caff9ee44b42d32ed"},"headline":"Ventura reclama vit\u00f3ria da liberdade de express\u00e3o nos cartazes do Chega","datePublished":"2026-03-12T17:29:00+00:00","mainEntityOfPage":{"@id":"https:\/\/portaltela.pt\/noticias\/2026\/03\/12\/ventura-reclama-vitoria-da-liberdade-de-expressao-nos-cartazes-do-chega\/"},"wordCount":143,"image":{"@id":"https:\/\/portaltela.pt\/noticias\/2026\/03\/12\/ventura-reclama-vitoria-da-liberdade-de-expressao-nos-cartazes-do-chega\/#primaryimage"},"thumbnailUrl":"https:\/\/portaltela.pt\/s.01k8rhncp4jt1\/2026\/03\/CACHE_780X1200_ANALOG_WATERMARKED_46733406_5732900_11032026062326.jpg","keywords":["Bangladesh","CHEGA","liberdade de express\u00e3o","pol\u00edtica","Ventura"],"articleSection":["Justi\u00e7a","Not\u00edcias"],"inLanguage":"pt-PT"},{"@type":"WebPage","@id":"https:\/\/portaltela.pt\/noticias\/2026\/03\/12\/ventura-reclama-vitoria-da-liberdade-de-expressao-nos-cartazes-do-chega\/","url":"https:\/\/portaltela.pt\/noticias\/2026\/03\/12\/ventura-reclama-vitoria-da-liberdade-de-expressao-nos-cartazes-do-chega\/","name":"Ventura reclama vit\u00f3ria da liberdade de express\u00e3o nos cartazes do Chega - Portal Tela Portugal","isPartOf":{"@id":"https:\/\/portaltela.pt\/#website"},"primaryImageOfPage":{"@id":"https:\/\/portaltela.pt\/noticias\/2026\/03\/12\/ventura-reclama-vitoria-da-liberdade-de-expressao-nos-cartazes-do-chega\/#primaryimage"},"image":{"@id":"https:\/\/portaltela.pt\/noticias\/2026\/03\/12\/ventura-reclama-vitoria-da-liberdade-de-expressao-nos-cartazes-do-chega\/#primaryimage"},"thumbnailUrl":"https:\/\/portaltela.pt\/s.01k8rhncp4jt1\/2026\/03\/CACHE_780X1200_ANALOG_WATERMARKED_46733406_5732900_11032026062326.jpg","datePublished":"2026-03-12T17:29:00+00:00","author":{"@id":"https:\/\/portaltela.pt\/#\/schema\/person\/c4278d4a6028830caff9ee44b42d32ed"},"breadcrumb":{"@id":"https:\/\/portaltela.pt\/noticias\/2026\/03\/12\/ventura-reclama-vitoria-da-liberdade-de-expressao-nos-cartazes-do-chega\/#breadcrumb"},"inLanguage":"pt-PT","potentialAction":[{"@type":"ReadAction","target":["https:\/\/portaltela.pt\/noticias\/2026\/03\/12\/ventura-reclama-vitoria-da-liberdade-de-expressao-nos-cartazes-do-chega\/"]}]},{"@type":"ImageObject","inLanguage":"pt-PT","@id":"https:\/\/portaltela.pt\/noticias\/2026\/03\/12\/ventura-reclama-vitoria-da-liberdade-de-expressao-nos-cartazes-do-chega\/#primaryimage","url":"https:\/\/portaltela.pt\/s.01k8rhncp4jt1\/2026\/03\/CACHE_780X1200_ANALOG_WATERMARKED_46733406_5732900_11032026062326.jpg","contentUrl":"https:\/\/portaltela.pt\/s.01k8rhncp4jt1\/2026\/03\/CACHE_780X1200_ANALOG_WATERMARKED_46733406_5732900_11032026062326.jpg","width":768,"height":512,"caption":"Ventura reclama vit\u00f3ria da liberdade de express\u00e3o no caso dos cartazes do Chega"},{"@type":"BreadcrumbList","@id":"https:\/\/portaltela.pt\/noticias\/2026\/03\/12\/ventura-reclama-vitoria-da-liberdade-de-expressao-nos-cartazes-do-chega\/#breadcrumb","itemListElement":[{"@type":"ListItem","position":1,"name":"In\u00edcio","item":"https:\/\/portaltela.pt\/"},{"@type":"ListItem","position":2,"name":"Ventura reclama vit\u00f3ria da liberdade de express\u00e3o nos cartazes do Chega"}]},{"@type":"WebSite","@id":"https:\/\/portaltela.pt\/#website","url":"https:\/\/portaltela.pt\/","name":"Portal Tela Portugal","description":"","potentialAction":[{"@type":"SearchAction","target":{"@type":"EntryPoint","urlTemplate":"https:\/\/portaltela.pt\/?s={search_term_string}"},"query-input":{"@type":"PropertyValueSpecification","valueRequired":true,"valueName":"search_term_string"}}],"inLanguage":"pt-PT"},{"@type":"Person","@id":"https:\/\/portaltela.pt\/#\/schema\/person\/c4278d4a6028830caff9ee44b42d32ed","name":"Telinha","image":{"@type":"ImageObject","inLanguage":"pt-PT","@id":"https:\/\/portaltela.pt\/s.01k8rhncp4jt1\/2025\/11\/talking-bot-125x125.png","url":"https:\/\/portaltela.pt\/s.01k8rhncp4jt1\/2025\/11\/talking-bot-125x125.png","contentUrl":"https:\/\/portaltela.pt\/s.01k8rhncp4jt1\/2025\/11\/talking-bot-125x125.png","caption":"Telinha"},"sameAs":["https:\/\/portaltela.pt\/"],"url":"https:\/\/portaltela.pt\/por\/367410592786\/"}]}},"_links":{"self":[{"href":"https:\/\/portaltela.pt\/api\/wp\/v2\/posts\/407761","targetHints":{"allow":["GET"]}}],"collection":[{"href":"https:\/\/portaltela.pt\/api\/wp\/v2\/posts"}],"about":[{"href":"https:\/\/portaltela.pt\/api\/wp\/v2\/types\/post"}],"author":[{"embeddable":true,"href":"https:\/\/portaltela.pt\/api\/wp\/v2\/users\/2"}],"replies":[{"embeddable":true,"href":"https:\/\/portaltela.pt\/api\/wp\/v2\/comments?post=407761"}],"version-history":[{"count":0,"href":"https:\/\/portaltela.pt\/api\/wp\/v2\/posts\/407761\/revisions"}],"wp:featuredmedia":[{"embeddable":true,"href":"https:\/\/portaltela.pt\/api\/wp\/v2\/media\/407762"}],"wp:attachment":[{"href":"https:\/\/portaltela.pt\/api\/wp\/v2\/media?parent=407761"}],"wp:term":[{"taxonomy":"category","embeddable":true,"href":"https:\/\/portaltela.pt\/api\/wp\/v2\/categories?post=407761"},{"taxonomy":"post_tag","embeddable":true,"href":"https:\/\/portaltela.pt\/api\/wp\/v2\/tags?post=407761"}],"curies":[{"name":"wp","href":"https:\/\/api.w.org\/{rel}","templated":true}]}}