{"id":407743,"date":"2026-03-12T14:24:00","date_gmt":"2026-03-12T17:24:00","guid":{"rendered":"https:\/\/portaltela.pt\/noticias\/2026\/03\/12\/psd-acusa-ps-de-deixar-na-gaveta-a-revisao-da-lei-dos-tvde\/"},"modified":"2026-03-12T14:24:00","modified_gmt":"2026-03-12T17:24:00","slug":"psd-acusa-ps-de-deixar-na-gaveta-a-revisao-da-lei-dos-tvde","status":"publish","type":"post","link":"https:\/\/portaltela.pt\/noticias\/politica\/2026\/03\/12\/psd-acusa-ps-de-deixar-na-gaveta-a-revisao-da-lei-dos-tvde\/","title":{"rendered":"PSD acusa PS de deixar na gaveta a revis\u00e3o da lei dos TVDE"},"content":{"rendered":"<p>Na atual discuss\u00e3o parlamentar sobre o regime jur\u00eddico dos TVDE, o PSD acusa o PS de ter deixado na gaveta a revis\u00e3o da lei que regula o setor. O debate incidiu sobre v\u00e1rios diplomas destinados a alterar o enquadramento do sistema de mobilidade.<\/p>\n<p>Gon\u00e7alo Aires, deputado social-democrata, apresentou o Projeto de Lei n.\u00ba396\/XVII\/1.\u00aa, garantindo a necessidade de um quadro legal que assegure equil\u00edbrio no setor. O TVDE j\u00e1 n\u00e3o \u00e9 considerado experimental, afirmou.<\/p>\n<p>O PSD defende regras claras para uma concorr\u00eancia justa entre operadores, bem como maior transpar\u00eancia e responsabilidade das plataformas. A proposta visa adaptar o enquadramento legal \u00e0 mobilidade atual.<\/p>\n<h3>Contesta\u00e7\u00e3o entre for\u00e7as pol\u00edticas e vis\u00e3o de futuro<\/h3>\n<p>A proposta de Aires sustenta que a mobilidade urbana mudou e exige regula\u00e7\u00e3o com equil\u00edbrio, inova\u00e7\u00e3o e fiscaliza\u00e7\u00e3o. O objetivo \u00e9 regular para modernizar, mantendo previsibilidade e colabora\u00e7\u00e3o entre setores que preenchem a mobilidade de forma integrada.<\/p>\n<p>O PS contestou, por sua vez, que h\u00e1 confus\u00e3o entre servi\u00e7os: o t\u00e1xi \u00e9 servi\u00e7o p\u00fablico e o TVDE \u00e9 liberal e concorrencial. O deputado Lu\u00eds Testa afirmou que o projeto pode diminuir a concorr\u00eancia existente.<\/p>\n<h3>Perspetiva de propostas alternativas<\/h3>\n<p>A troca de cr\u00edticas seguiu com o PSD a acusar o PS de manter a lei 45 de 2018 na gaveta por anos, sem altera\u00e7\u00f5es. Aires referiu que a revis\u00e3o estava prometida h\u00e1 tr\u00eas anos e n\u00e3o avan\u00e7ou, o que \u00e9 apresentado como atraso regulat\u00f3rio.<\/p>\n<p>Paralelamente, In\u00eas Sousa Real, do PAN, trouxe um projeto de lei centrado na seguran\u00e7a das mulheres em viagens de TVDE, destacando situa\u00e7\u00f5es de risco, ass\u00e9dio e percurso desviado sem explica\u00e7\u00e3o. Uma leitura diferente do tema esteve em debate.<\/p>\n<h3>Refor\u00e7o da seguran\u00e7a e do equil\u00edbrio regulat\u00f3rio<\/h3>\n<p>O PAN defende um diploma que acrescente medidas de prote\u00e7\u00e3o para utilizadoras, com foco em estrat\u00e9gias de preven\u00e7\u00e3o e resposta a incidentes. A iniciativa acrescenta perspetivas de prote\u00e7\u00e3o que complementarizam o regime atual.<\/p>\n<p>O debate seguiu com promessas de que qualquer atualiza\u00e7\u00e3o deve promover concorr\u00eancia justa, transpar\u00eancia e responsabilidade, sem excluir a inova\u00e7\u00e3o nem prejudicar a mobilidade dos cidad\u00e3os. O tema continua em an\u00e1lise no parlamento.<\/p>\n","protected":false},"excerpt":{"rendered":"<ul>\n<li>O PSD acusa o PS de ter deixado na gaveta a revis\u00e3o da lei dos TVDE durante a discuss\u00e3o de diplomas para alterar o regime jur\u00eddico do setor.<\/li>\n<li>O deputado Gon\u00e7alo Aires defende um quadro legal que garanta equil\u00edbrio, transpar\u00eancia e concorr\u00eancia justa entre operadores, destacando que o TVDE j\u00e1 \u00e9 utilizado diariamente por milhares de pessoas.<\/li>\n<li>O PSD prop\u00f5e atualizar o enquadramento legal para que haja regras claras e um modelo de mobilidade mais integrado, onde t\u00e1xis e TVDE convivam sem conflitos.<\/li>\n<li>O PS, atrav\u00e9s de Lu\u00eds Testa, diz que o projeto do PSD confunde servi\u00e7os diferentes, afirmando que o t\u00e1xi \u00e9 servi\u00e7o p\u00fablico e o TVDE \u00e9 liberal, e que a proposta pode reduzir a concorr\u00eancia.<\/li>\n<li>O PAN, com In\u00eas Sousa Real, apresenta um projeto centrado em seguran\u00e7a para as mulheres em viagens de TVDE, apontando problemas como coment\u00e1rios inadequados, desvios de percurso e mensagens impr\u00f3prias.<\/li>\n<\/ul>\n","protected":false},"author":2,"featured_media":407754,"comment_status":"closed","ping_status":"closed","sticky":false,"template":"","format":"standard","meta":{"footnotes":""},"categories":[1,5],"tags":[2207,2110,2701,3427,332,192],"class_list":["post-407743","post","type-post","status-publish","format-standard","has-post-thumbnail","hentry","category-noticias","category-politica","tag-concorrencia","tag-mobilidade","tag-mulheres","tag-pan","tag-transparencia","tag-transporte"],"yoast_head":"<!-- This site is optimized with the Yoast SEO plugin v27.2 - https:\/\/yoast.com\/product\/yoast-seo-wordpress\/ -->\n<title>PSD acusa PS de deixar na gaveta a revis\u00e3o da lei dos TVDE - Portal Tela Portugal<\/title>\n<meta name=\"robots\" content=\"index, follow, max-snippet:-1, max-image-preview:large, max-video-preview:-1\" \/>\n<meta property=\"og:locale\" content=\"pt_PT\" \/>\n<meta property=\"og:type\" content=\"article\" \/>\n<meta property=\"og:title\" content=\"PSD acusa PS de deixar na gaveta a revis\u00e3o da lei dos TVDE - Portal Tela Portugal\" \/>\n<meta property=\"og:description\" content=\"O PSD acusa o PS de ter deixado na gaveta a revis\u00e3o da lei dos TVDE durante a discuss\u00e3o de diplomas para alterar o regime jur\u00eddico do setor. O deputado Gon\u00e7alo Aires defende um quadro legal que garanta equil\u00edbrio, transpar\u00eancia e concorr\u00eancia justa entre operadores, destacando que o TVDE j\u00e1 \u00e9 utilizado diariamente por milhares de pessoas. O PSD prop\u00f5e atualizar o enquadramento legal para que haja regras claras e um modelo de mobilidade mais integrado, onde t\u00e1xis e TVDE convivam sem conflitos. O PS, atrav\u00e9s de Lu\u00eds Testa, diz que o projeto do PSD confunde servi\u00e7os diferentes, afirmando que o t\u00e1xi \u00e9 servi\u00e7o p\u00fablico e o TVDE \u00e9 liberal, e que a proposta pode reduzir a concorr\u00eancia. O PAN, com In\u00eas Sousa Real, apresenta um projeto centrado em seguran\u00e7a para as mulheres em viagens de TVDE, apontando problemas como coment\u00e1rios inadequados, desvios de percurso e mensagens impr\u00f3prias.\" \/>\n<meta property=\"og:url\" content=\"https:\/\/portaltela.pt\/noticias\/2026\/03\/12\/psd-acusa-ps-de-deixar-na-gaveta-a-revisao-da-lei-dos-tvde\/\" \/>\n<meta property=\"og:site_name\" content=\"Portal Tela Portugal\" \/>\n<meta property=\"article:published_time\" content=\"2026-03-12T17:24:00+00:00\" \/>\n<meta name=\"author\" content=\"Telinha\" \/>\n<meta name=\"twitter:card\" content=\"summary_large_image\" \/>\n<meta name=\"twitter:label1\" content=\"Escrito por\" \/>\n\t<meta name=\"twitter:data1\" content=\"Telinha\" \/>\n\t<meta name=\"twitter:label2\" content=\"Tempo estimado de leitura\" \/>\n\t<meta name=\"twitter:data2\" content=\"2 minutos\" \/>\n<script type=\"application\/ld+json\" class=\"yoast-schema-graph\">{\"@context\":\"https:\/\/schema.org\",\"@graph\":[{\"@type\":\"Article\",\"@id\":\"https:\/\/portaltela.pt\/noticias\/2026\/03\/12\/psd-acusa-ps-de-deixar-na-gaveta-a-revisao-da-lei-dos-tvde\/#article\",\"isPartOf\":{\"@id\":\"https:\/\/portaltela.pt\/noticias\/2026\/03\/12\/psd-acusa-ps-de-deixar-na-gaveta-a-revisao-da-lei-dos-tvde\/\"},\"author\":{\"name\":\"Telinha\",\"@id\":\"https:\/\/portaltela.pt\/#\/schema\/person\/c4278d4a6028830caff9ee44b42d32ed\"},\"headline\":\"PSD acusa PS de deixar na gaveta a revis\u00e3o da lei dos TVDE\",\"datePublished\":\"2026-03-12T17:24:00+00:00\",\"mainEntityOfPage\":{\"@id\":\"https:\/\/portaltela.pt\/noticias\/2026\/03\/12\/psd-acusa-ps-de-deixar-na-gaveta-a-revisao-da-lei-dos-tvde\/\"},\"wordCount\":401,\"image\":{\"@id\":\"https:\/\/portaltela.pt\/noticias\/2026\/03\/12\/psd-acusa-ps-de-deixar-na-gaveta-a-revisao-da-lei-dos-tvde\/#primaryimage\"},\"thumbnailUrl\":\"https:\/\/portaltela.pt\/s.01k8rhncp4jt1\/2026\/03\/img_1500x1000uu2026-03-06-14-00-04-2270769.jpg\",\"keywords\":[\"concorr\u00eancia\",\"mobilidade\",\"Mulheres\",\"PAN\",\"transpar\u00eancia\",\"transporte\"],\"articleSection\":[\"Not\u00edcias\",\"Pol\u00edtica\"],\"inLanguage\":\"pt-PT\"},{\"@type\":\"WebPage\",\"@id\":\"https:\/\/portaltela.pt\/noticias\/2026\/03\/12\/psd-acusa-ps-de-deixar-na-gaveta-a-revisao-da-lei-dos-tvde\/\",\"url\":\"https:\/\/portaltela.pt\/noticias\/2026\/03\/12\/psd-acusa-ps-de-deixar-na-gaveta-a-revisao-da-lei-dos-tvde\/\",\"name\":\"PSD acusa PS de deixar na gaveta a revis\u00e3o da lei dos TVDE - Portal Tela Portugal\",\"isPartOf\":{\"@id\":\"https:\/\/portaltela.pt\/#website\"},\"primaryImageOfPage\":{\"@id\":\"https:\/\/portaltela.pt\/noticias\/2026\/03\/12\/psd-acusa-ps-de-deixar-na-gaveta-a-revisao-da-lei-dos-tvde\/#primaryimage\"},\"image\":{\"@id\":\"https:\/\/portaltela.pt\/noticias\/2026\/03\/12\/psd-acusa-ps-de-deixar-na-gaveta-a-revisao-da-lei-dos-tvde\/#primaryimage\"},\"thumbnailUrl\":\"https:\/\/portaltela.pt\/s.01k8rhncp4jt1\/2026\/03\/img_1500x1000uu2026-03-06-14-00-04-2270769.jpg\",\"datePublished\":\"2026-03-12T17:24:00+00:00\",\"author\":{\"@id\":\"https:\/\/portaltela.pt\/#\/schema\/person\/c4278d4a6028830caff9ee44b42d32ed\"},\"breadcrumb\":{\"@id\":\"https:\/\/portaltela.pt\/noticias\/2026\/03\/12\/psd-acusa-ps-de-deixar-na-gaveta-a-revisao-da-lei-dos-tvde\/#breadcrumb\"},\"inLanguage\":\"pt-PT\",\"potentialAction\":[{\"@type\":\"ReadAction\",\"target\":[\"https:\/\/portaltela.pt\/noticias\/2026\/03\/12\/psd-acusa-ps-de-deixar-na-gaveta-a-revisao-da-lei-dos-tvde\/\"]}]},{\"@type\":\"ImageObject\",\"inLanguage\":\"pt-PT\",\"@id\":\"https:\/\/portaltela.pt\/noticias\/2026\/03\/12\/psd-acusa-ps-de-deixar-na-gaveta-a-revisao-da-lei-dos-tvde\/#primaryimage\",\"url\":\"https:\/\/portaltela.pt\/s.01k8rhncp4jt1\/2026\/03\/img_1500x1000uu2026-03-06-14-00-04-2270769.jpg\",\"contentUrl\":\"https:\/\/portaltela.pt\/s.01k8rhncp4jt1\/2026\/03\/img_1500x1000uu2026-03-06-14-00-04-2270769.jpg\",\"width\":796,\"height\":448,\"caption\":\"TVDE\"},{\"@type\":\"BreadcrumbList\",\"@id\":\"https:\/\/portaltela.pt\/noticias\/2026\/03\/12\/psd-acusa-ps-de-deixar-na-gaveta-a-revisao-da-lei-dos-tvde\/#breadcrumb\",\"itemListElement\":[{\"@type\":\"ListItem\",\"position\":1,\"name\":\"In\u00edcio\",\"item\":\"https:\/\/portaltela.pt\/\"},{\"@type\":\"ListItem\",\"position\":2,\"name\":\"PSD acusa PS de deixar na gaveta a revis\u00e3o da lei dos TVDE\"}]},{\"@type\":\"WebSite\",\"@id\":\"https:\/\/portaltela.pt\/#website\",\"url\":\"https:\/\/portaltela.pt\/\",\"name\":\"Portal Tela Portugal\",\"description\":\"\",\"potentialAction\":[{\"@type\":\"SearchAction\",\"target\":{\"@type\":\"EntryPoint\",\"urlTemplate\":\"https:\/\/portaltela.pt\/?s={search_term_string}\"},\"query-input\":{\"@type\":\"PropertyValueSpecification\",\"valueRequired\":true,\"valueName\":\"search_term_string\"}}],\"inLanguage\":\"pt-PT\"},{\"@type\":\"Person\",\"@id\":\"https:\/\/portaltela.pt\/#\/schema\/person\/c4278d4a6028830caff9ee44b42d32ed\",\"name\":\"Telinha\",\"image\":{\"@type\":\"ImageObject\",\"inLanguage\":\"pt-PT\",\"@id\":\"https:\/\/portaltela.pt\/s.01k8rhncp4jt1\/2025\/11\/talking-bot-125x125.png\",\"url\":\"https:\/\/portaltela.pt\/s.01k8rhncp4jt1\/2025\/11\/talking-bot-125x125.png\",\"contentUrl\":\"https:\/\/portaltela.pt\/s.01k8rhncp4jt1\/2025\/11\/talking-bot-125x125.png\",\"caption\":\"Telinha\"},\"sameAs\":[\"https:\/\/portaltela.pt\/\"],\"url\":\"https:\/\/portaltela.pt\/por\/367410592786\/\"}]}<\/script>\n<!-- \/ Yoast SEO plugin. -->","yoast_head_json":{"title":"PSD acusa PS de deixar na gaveta a revis\u00e3o da lei dos TVDE - Portal Tela Portugal","robots":{"index":"index","follow":"follow","max-snippet":"max-snippet:-1","max-image-preview":"max-image-preview:large","max-video-preview":"max-video-preview:-1"},"og_locale":"pt_PT","og_type":"article","og_title":"PSD acusa PS de deixar na gaveta a revis\u00e3o da lei dos TVDE - Portal Tela Portugal","og_description":"O PSD acusa o PS de ter deixado na gaveta a revis\u00e3o da lei dos TVDE durante a discuss\u00e3o de diplomas para alterar o regime jur\u00eddico do setor. O deputado Gon\u00e7alo Aires defende um quadro legal que garanta equil\u00edbrio, transpar\u00eancia e concorr\u00eancia justa entre operadores, destacando que o TVDE j\u00e1 \u00e9 utilizado diariamente por milhares de pessoas. O PSD prop\u00f5e atualizar o enquadramento legal para que haja regras claras e um modelo de mobilidade mais integrado, onde t\u00e1xis e TVDE convivam sem conflitos. O PS, atrav\u00e9s de Lu\u00eds Testa, diz que o projeto do PSD confunde servi\u00e7os diferentes, afirmando que o t\u00e1xi \u00e9 servi\u00e7o p\u00fablico e o TVDE \u00e9 liberal, e que a proposta pode reduzir a concorr\u00eancia. O PAN, com In\u00eas Sousa Real, apresenta um projeto centrado em seguran\u00e7a para as mulheres em viagens de TVDE, apontando problemas como coment\u00e1rios inadequados, desvios de percurso e mensagens impr\u00f3prias.","og_url":"https:\/\/portaltela.pt\/noticias\/2026\/03\/12\/psd-acusa-ps-de-deixar-na-gaveta-a-revisao-da-lei-dos-tvde\/","og_site_name":"Portal Tela Portugal","article_published_time":"2026-03-12T17:24:00+00:00","author":"Telinha","twitter_card":"summary_large_image","twitter_misc":{"Escrito por":"Telinha","Tempo estimado de leitura":"2 minutos"},"schema":{"@context":"https:\/\/schema.org","@graph":[{"@type":"Article","@id":"https:\/\/portaltela.pt\/noticias\/2026\/03\/12\/psd-acusa-ps-de-deixar-na-gaveta-a-revisao-da-lei-dos-tvde\/#article","isPartOf":{"@id":"https:\/\/portaltela.pt\/noticias\/2026\/03\/12\/psd-acusa-ps-de-deixar-na-gaveta-a-revisao-da-lei-dos-tvde\/"},"author":{"name":"Telinha","@id":"https:\/\/portaltela.pt\/#\/schema\/person\/c4278d4a6028830caff9ee44b42d32ed"},"headline":"PSD acusa PS de deixar na gaveta a revis\u00e3o da lei dos TVDE","datePublished":"2026-03-12T17:24:00+00:00","mainEntityOfPage":{"@id":"https:\/\/portaltela.pt\/noticias\/2026\/03\/12\/psd-acusa-ps-de-deixar-na-gaveta-a-revisao-da-lei-dos-tvde\/"},"wordCount":401,"image":{"@id":"https:\/\/portaltela.pt\/noticias\/2026\/03\/12\/psd-acusa-ps-de-deixar-na-gaveta-a-revisao-da-lei-dos-tvde\/#primaryimage"},"thumbnailUrl":"https:\/\/portaltela.pt\/s.01k8rhncp4jt1\/2026\/03\/img_1500x1000uu2026-03-06-14-00-04-2270769.jpg","keywords":["concorr\u00eancia","mobilidade","Mulheres","PAN","transpar\u00eancia","transporte"],"articleSection":["Not\u00edcias","Pol\u00edtica"],"inLanguage":"pt-PT"},{"@type":"WebPage","@id":"https:\/\/portaltela.pt\/noticias\/2026\/03\/12\/psd-acusa-ps-de-deixar-na-gaveta-a-revisao-da-lei-dos-tvde\/","url":"https:\/\/portaltela.pt\/noticias\/2026\/03\/12\/psd-acusa-ps-de-deixar-na-gaveta-a-revisao-da-lei-dos-tvde\/","name":"PSD acusa PS de deixar na gaveta a revis\u00e3o da lei dos TVDE - Portal Tela Portugal","isPartOf":{"@id":"https:\/\/portaltela.pt\/#website"},"primaryImageOfPage":{"@id":"https:\/\/portaltela.pt\/noticias\/2026\/03\/12\/psd-acusa-ps-de-deixar-na-gaveta-a-revisao-da-lei-dos-tvde\/#primaryimage"},"image":{"@id":"https:\/\/portaltela.pt\/noticias\/2026\/03\/12\/psd-acusa-ps-de-deixar-na-gaveta-a-revisao-da-lei-dos-tvde\/#primaryimage"},"thumbnailUrl":"https:\/\/portaltela.pt\/s.01k8rhncp4jt1\/2026\/03\/img_1500x1000uu2026-03-06-14-00-04-2270769.jpg","datePublished":"2026-03-12T17:24:00+00:00","author":{"@id":"https:\/\/portaltela.pt\/#\/schema\/person\/c4278d4a6028830caff9ee44b42d32ed"},"breadcrumb":{"@id":"https:\/\/portaltela.pt\/noticias\/2026\/03\/12\/psd-acusa-ps-de-deixar-na-gaveta-a-revisao-da-lei-dos-tvde\/#breadcrumb"},"inLanguage":"pt-PT","potentialAction":[{"@type":"ReadAction","target":["https:\/\/portaltela.pt\/noticias\/2026\/03\/12\/psd-acusa-ps-de-deixar-na-gaveta-a-revisao-da-lei-dos-tvde\/"]}]},{"@type":"ImageObject","inLanguage":"pt-PT","@id":"https:\/\/portaltela.pt\/noticias\/2026\/03\/12\/psd-acusa-ps-de-deixar-na-gaveta-a-revisao-da-lei-dos-tvde\/#primaryimage","url":"https:\/\/portaltela.pt\/s.01k8rhncp4jt1\/2026\/03\/img_1500x1000uu2026-03-06-14-00-04-2270769.jpg","contentUrl":"https:\/\/portaltela.pt\/s.01k8rhncp4jt1\/2026\/03\/img_1500x1000uu2026-03-06-14-00-04-2270769.jpg","width":796,"height":448,"caption":"TVDE"},{"@type":"BreadcrumbList","@id":"https:\/\/portaltela.pt\/noticias\/2026\/03\/12\/psd-acusa-ps-de-deixar-na-gaveta-a-revisao-da-lei-dos-tvde\/#breadcrumb","itemListElement":[{"@type":"ListItem","position":1,"name":"In\u00edcio","item":"https:\/\/portaltela.pt\/"},{"@type":"ListItem","position":2,"name":"PSD acusa PS de deixar na gaveta a revis\u00e3o da lei dos TVDE"}]},{"@type":"WebSite","@id":"https:\/\/portaltela.pt\/#website","url":"https:\/\/portaltela.pt\/","name":"Portal Tela Portugal","description":"","potentialAction":[{"@type":"SearchAction","target":{"@type":"EntryPoint","urlTemplate":"https:\/\/portaltela.pt\/?s={search_term_string}"},"query-input":{"@type":"PropertyValueSpecification","valueRequired":true,"valueName":"search_term_string"}}],"inLanguage":"pt-PT"},{"@type":"Person","@id":"https:\/\/portaltela.pt\/#\/schema\/person\/c4278d4a6028830caff9ee44b42d32ed","name":"Telinha","image":{"@type":"ImageObject","inLanguage":"pt-PT","@id":"https:\/\/portaltela.pt\/s.01k8rhncp4jt1\/2025\/11\/talking-bot-125x125.png","url":"https:\/\/portaltela.pt\/s.01k8rhncp4jt1\/2025\/11\/talking-bot-125x125.png","contentUrl":"https:\/\/portaltela.pt\/s.01k8rhncp4jt1\/2025\/11\/talking-bot-125x125.png","caption":"Telinha"},"sameAs":["https:\/\/portaltela.pt\/"],"url":"https:\/\/portaltela.pt\/por\/367410592786\/"}]}},"_links":{"self":[{"href":"https:\/\/portaltela.pt\/api\/wp\/v2\/posts\/407743","targetHints":{"allow":["GET"]}}],"collection":[{"href":"https:\/\/portaltela.pt\/api\/wp\/v2\/posts"}],"about":[{"href":"https:\/\/portaltela.pt\/api\/wp\/v2\/types\/post"}],"author":[{"embeddable":true,"href":"https:\/\/portaltela.pt\/api\/wp\/v2\/users\/2"}],"replies":[{"embeddable":true,"href":"https:\/\/portaltela.pt\/api\/wp\/v2\/comments?post=407743"}],"version-history":[{"count":0,"href":"https:\/\/portaltela.pt\/api\/wp\/v2\/posts\/407743\/revisions"}],"wp:featuredmedia":[{"embeddable":true,"href":"https:\/\/portaltela.pt\/api\/wp\/v2\/media\/407754"}],"wp:attachment":[{"href":"https:\/\/portaltela.pt\/api\/wp\/v2\/media?parent=407743"}],"wp:term":[{"taxonomy":"category","embeddable":true,"href":"https:\/\/portaltela.pt\/api\/wp\/v2\/categories?post=407743"},{"taxonomy":"post_tag","embeddable":true,"href":"https:\/\/portaltela.pt\/api\/wp\/v2\/tags?post=407743"}],"curies":[{"name":"wp","href":"https:\/\/api.w.org\/{rel}","templated":true}]}}