{"id":407737,"date":"2026-03-12T14:23:22","date_gmt":"2026-03-12T17:23:22","guid":{"rendered":"https:\/\/portaltela.pt\/noticias\/2026\/03\/12\/tomas-mendes-operado-encerra-a-epoca\/"},"modified":"2026-03-12T14:23:22","modified_gmt":"2026-03-12T17:23:22","slug":"tomas-mendes-operado-encerra-a-epoca","status":"publish","type":"post","link":"https:\/\/portaltela.pt\/desporto\/futebol\/2026\/03\/12\/tomas-mendes-operado-encerra-a-epoca\/","title":{"rendered":"Tom\u00e1s Mendes operado encerra a \u00e9poca"},"content":{"rendered":"<p>Tom\u00e1s Mendes, m\u00e9dio de 21 anos, foi operado ao <strong>joelho direito<\/strong>. O jogador, cedido pelo Alav\u00e9s ao Alverca no in\u00edcio da \u00e9poca, lesionou-se frente ao AVS SAD a 4 de outubro de 2025. Ap\u00f3s tratamento inicial e melhorias, a situa\u00e7\u00e3o agravou-se, levando \u00e0 interven\u00e7\u00e3o cir\u00fargica.<\/p>\n<p>O atleta realizou cinco jogos desde o in\u00edcio da temporada e n\u00e3o dever\u00e1 regressar aos relvados nesta campanha. A evolu\u00e7\u00e3o cl\u00ednica levou \u00e0 decis\u00e3o de avan\u00e7ar para a opera\u00e7\u00e3o, com objetivo de recupera\u00e7\u00e3o a longo prazo.<\/p>\n<h3>Desdobramentos<\/h3>\n<p>A opera\u00e7\u00e3o encerra, pelo momento, a participa\u00e7\u00e3o de Mendes na presente \u00e9poca. O clube n\u00e3o revelou detalhes sobre o tempo de recupera\u00e7\u00e3o previsto nem sobre o alinhamento contratual entre Alav\u00e9s e Alverca, mantendo o foco na reabilita\u00e7\u00e3o.<\/p>\n<p>O corpo cl\u00ednico mant\u00e9m-se a acompanhar o caso, sem indicar retorno imediato aos treinos de alta intensidade. A equipa t\u00e9cnica continuar\u00e1 a avaliar o estado f\u00edsico do jogador ao longo das pr\u00f3ximas semanas.<\/p>\n","protected":false},"excerpt":{"rendered":"<ul>\n<li>Tom\u00e1s Mendes foi operado ao joelho direito.<\/li>\n<li>M\u00e9dio de 21 anos, cedido pelo Alav\u00e9s ao Alverca no in\u00edcio da temporada.<\/li>\n<li>Lesionou-se frente ao AVS SAD a 4 de outubro de 2025.<\/li>\n<li>Ap\u00f3s tratamento e melhorias, a situa\u00e7\u00e3o agravou-se, levando \u00e0 interven\u00e7\u00e3o cir\u00fargica.<\/li>\n<li>J\u00e1 disputou cinco jogos nesta \u00e9poca e fica fora at\u00e9 ao final da temporada.<\/li>\n<\/ul>\n","protected":false},"author":2,"featured_media":407750,"comment_status":"closed","ping_status":"closed","sticky":false,"template":"","format":"standard","meta":{"footnotes":""},"categories":[21,24],"tags":[2594,152,32,2799,242,2538],"class_list":["post-407737","post","type-post","status-publish","format-standard","has-post-thumbnail","hentry","category-desporto","category-futebol","tag-cirurgia","tag-desporto","tag-futebol","tag-joelhos","tag-jogadores","tag-lesoes"],"yoast_head":"<!-- This site is optimized with the Yoast SEO plugin v27.2 - https:\/\/yoast.com\/product\/yoast-seo-wordpress\/ -->\n<title>Tom\u00e1s Mendes operado encerra a \u00e9poca - Portal Tela Portugal<\/title>\n<meta name=\"robots\" content=\"index, follow, max-snippet:-1, max-image-preview:large, max-video-preview:-1\" \/>\n<meta property=\"og:locale\" content=\"pt_PT\" \/>\n<meta property=\"og:type\" content=\"article\" \/>\n<meta property=\"og:title\" content=\"Tom\u00e1s Mendes operado encerra a \u00e9poca - Portal Tela Portugal\" \/>\n<meta property=\"og:description\" content=\"Tom\u00e1s Mendes foi operado ao joelho direito. M\u00e9dio de 21 anos, cedido pelo Alav\u00e9s ao Alverca no in\u00edcio da temporada. Lesionou-se frente ao AVS SAD a 4 de outubro de 2025. Ap\u00f3s tratamento e melhorias, a situa\u00e7\u00e3o agravou-se, levando \u00e0 interven\u00e7\u00e3o cir\u00fargica. J\u00e1 disputou cinco jogos nesta \u00e9poca e fica fora at\u00e9 ao final da temporada.\" \/>\n<meta property=\"og:url\" content=\"https:\/\/portaltela.pt\/noticias\/2026\/03\/12\/tomas-mendes-operado-encerra-a-epoca\/\" \/>\n<meta property=\"og:site_name\" content=\"Portal Tela Portugal\" \/>\n<meta property=\"article:published_time\" content=\"2026-03-12T17:23:22+00:00\" \/>\n<meta name=\"author\" content=\"Telinha\" \/>\n<meta name=\"twitter:card\" content=\"summary_large_image\" \/>\n<meta name=\"twitter:label1\" content=\"Escrito por\" \/>\n\t<meta name=\"twitter:data1\" content=\"Telinha\" \/>\n\t<meta name=\"twitter:label2\" content=\"Tempo estimado de leitura\" \/>\n\t<meta name=\"twitter:data2\" content=\"1 minuto\" \/>\n<script type=\"application\/ld+json\" class=\"yoast-schema-graph\">{\"@context\":\"https:\/\/schema.org\",\"@graph\":[{\"@type\":\"Article\",\"@id\":\"https:\/\/portaltela.pt\/noticias\/2026\/03\/12\/tomas-mendes-operado-encerra-a-epoca\/#article\",\"isPartOf\":{\"@id\":\"https:\/\/portaltela.pt\/noticias\/2026\/03\/12\/tomas-mendes-operado-encerra-a-epoca\/\"},\"author\":{\"name\":\"Telinha\",\"@id\":\"https:\/\/portaltela.pt\/#\/schema\/person\/c4278d4a6028830caff9ee44b42d32ed\"},\"headline\":\"Tom\u00e1s Mendes operado encerra a \u00e9poca\",\"datePublished\":\"2026-03-12T17:23:22+00:00\",\"mainEntityOfPage\":{\"@id\":\"https:\/\/portaltela.pt\/noticias\/2026\/03\/12\/tomas-mendes-operado-encerra-a-epoca\/\"},\"wordCount\":181,\"image\":{\"@id\":\"https:\/\/portaltela.pt\/noticias\/2026\/03\/12\/tomas-mendes-operado-encerra-a-epoca\/#primaryimage\"},\"thumbnailUrl\":\"https:\/\/portaltela.pt\/s.01k8rhncp4jt1\/2026\/03\/img_920x518uu2025-10-02-19-24-57-2393564.jpg\",\"keywords\":[\"cirurgia\",\"desporto\",\"futebol\",\"joelhos\",\"jogadores\",\"les\u00f5es\"],\"articleSection\":[\"Desporto\",\"Futebol\"],\"inLanguage\":\"pt-PT\"},{\"@type\":\"WebPage\",\"@id\":\"https:\/\/portaltela.pt\/noticias\/2026\/03\/12\/tomas-mendes-operado-encerra-a-epoca\/\",\"url\":\"https:\/\/portaltela.pt\/noticias\/2026\/03\/12\/tomas-mendes-operado-encerra-a-epoca\/\",\"name\":\"Tom\u00e1s Mendes operado encerra a \u00e9poca - Portal Tela Portugal\",\"isPartOf\":{\"@id\":\"https:\/\/portaltela.pt\/#website\"},\"primaryImageOfPage\":{\"@id\":\"https:\/\/portaltela.pt\/noticias\/2026\/03\/12\/tomas-mendes-operado-encerra-a-epoca\/#primaryimage\"},\"image\":{\"@id\":\"https:\/\/portaltela.pt\/noticias\/2026\/03\/12\/tomas-mendes-operado-encerra-a-epoca\/#primaryimage\"},\"thumbnailUrl\":\"https:\/\/portaltela.pt\/s.01k8rhncp4jt1\/2026\/03\/img_920x518uu2025-10-02-19-24-57-2393564.jpg\",\"datePublished\":\"2026-03-12T17:23:22+00:00\",\"author\":{\"@id\":\"https:\/\/portaltela.pt\/#\/schema\/person\/c4278d4a6028830caff9ee44b42d32ed\"},\"breadcrumb\":{\"@id\":\"https:\/\/portaltela.pt\/noticias\/2026\/03\/12\/tomas-mendes-operado-encerra-a-epoca\/#breadcrumb\"},\"inLanguage\":\"pt-PT\",\"potentialAction\":[{\"@type\":\"ReadAction\",\"target\":[\"https:\/\/portaltela.pt\/noticias\/2026\/03\/12\/tomas-mendes-operado-encerra-a-epoca\/\"]}]},{\"@type\":\"ImageObject\",\"inLanguage\":\"pt-PT\",\"@id\":\"https:\/\/portaltela.pt\/noticias\/2026\/03\/12\/tomas-mendes-operado-encerra-a-epoca\/#primaryimage\",\"url\":\"https:\/\/portaltela.pt\/s.01k8rhncp4jt1\/2026\/03\/img_920x518uu2025-10-02-19-24-57-2393564.jpg\",\"contentUrl\":\"https:\/\/portaltela.pt\/s.01k8rhncp4jt1\/2026\/03\/img_920x518uu2025-10-02-19-24-57-2393564.jpg\",\"width\":796,\"height\":448,\"caption\":\"Tom\u00e1s Mendes\"},{\"@type\":\"BreadcrumbList\",\"@id\":\"https:\/\/portaltela.pt\/noticias\/2026\/03\/12\/tomas-mendes-operado-encerra-a-epoca\/#breadcrumb\",\"itemListElement\":[{\"@type\":\"ListItem\",\"position\":1,\"name\":\"In\u00edcio\",\"item\":\"https:\/\/portaltela.pt\/\"},{\"@type\":\"ListItem\",\"position\":2,\"name\":\"Tom\u00e1s Mendes operado encerra a \u00e9poca\"}]},{\"@type\":\"WebSite\",\"@id\":\"https:\/\/portaltela.pt\/#website\",\"url\":\"https:\/\/portaltela.pt\/\",\"name\":\"Portal Tela Portugal\",\"description\":\"\",\"potentialAction\":[{\"@type\":\"SearchAction\",\"target\":{\"@type\":\"EntryPoint\",\"urlTemplate\":\"https:\/\/portaltela.pt\/?s={search_term_string}\"},\"query-input\":{\"@type\":\"PropertyValueSpecification\",\"valueRequired\":true,\"valueName\":\"search_term_string\"}}],\"inLanguage\":\"pt-PT\"},{\"@type\":\"Person\",\"@id\":\"https:\/\/portaltela.pt\/#\/schema\/person\/c4278d4a6028830caff9ee44b42d32ed\",\"name\":\"Telinha\",\"image\":{\"@type\":\"ImageObject\",\"inLanguage\":\"pt-PT\",\"@id\":\"https:\/\/portaltela.pt\/s.01k8rhncp4jt1\/2025\/11\/talking-bot-125x125.png\",\"url\":\"https:\/\/portaltela.pt\/s.01k8rhncp4jt1\/2025\/11\/talking-bot-125x125.png\",\"contentUrl\":\"https:\/\/portaltela.pt\/s.01k8rhncp4jt1\/2025\/11\/talking-bot-125x125.png\",\"caption\":\"Telinha\"},\"sameAs\":[\"https:\/\/portaltela.pt\/\"],\"url\":\"https:\/\/portaltela.pt\/por\/367410592786\/\"}]}<\/script>\n<!-- \/ Yoast SEO plugin. -->","yoast_head_json":{"title":"Tom\u00e1s Mendes operado encerra a \u00e9poca - Portal Tela Portugal","robots":{"index":"index","follow":"follow","max-snippet":"max-snippet:-1","max-image-preview":"max-image-preview:large","max-video-preview":"max-video-preview:-1"},"og_locale":"pt_PT","og_type":"article","og_title":"Tom\u00e1s Mendes operado encerra a \u00e9poca - Portal Tela Portugal","og_description":"Tom\u00e1s Mendes foi operado ao joelho direito. M\u00e9dio de 21 anos, cedido pelo Alav\u00e9s ao Alverca no in\u00edcio da temporada. Lesionou-se frente ao AVS SAD a 4 de outubro de 2025. Ap\u00f3s tratamento e melhorias, a situa\u00e7\u00e3o agravou-se, levando \u00e0 interven\u00e7\u00e3o cir\u00fargica. J\u00e1 disputou cinco jogos nesta \u00e9poca e fica fora at\u00e9 ao final da temporada.","og_url":"https:\/\/portaltela.pt\/noticias\/2026\/03\/12\/tomas-mendes-operado-encerra-a-epoca\/","og_site_name":"Portal Tela Portugal","article_published_time":"2026-03-12T17:23:22+00:00","author":"Telinha","twitter_card":"summary_large_image","twitter_misc":{"Escrito por":"Telinha","Tempo estimado de leitura":"1 minuto"},"schema":{"@context":"https:\/\/schema.org","@graph":[{"@type":"Article","@id":"https:\/\/portaltela.pt\/noticias\/2026\/03\/12\/tomas-mendes-operado-encerra-a-epoca\/#article","isPartOf":{"@id":"https:\/\/portaltela.pt\/noticias\/2026\/03\/12\/tomas-mendes-operado-encerra-a-epoca\/"},"author":{"name":"Telinha","@id":"https:\/\/portaltela.pt\/#\/schema\/person\/c4278d4a6028830caff9ee44b42d32ed"},"headline":"Tom\u00e1s Mendes operado encerra a \u00e9poca","datePublished":"2026-03-12T17:23:22+00:00","mainEntityOfPage":{"@id":"https:\/\/portaltela.pt\/noticias\/2026\/03\/12\/tomas-mendes-operado-encerra-a-epoca\/"},"wordCount":181,"image":{"@id":"https:\/\/portaltela.pt\/noticias\/2026\/03\/12\/tomas-mendes-operado-encerra-a-epoca\/#primaryimage"},"thumbnailUrl":"https:\/\/portaltela.pt\/s.01k8rhncp4jt1\/2026\/03\/img_920x518uu2025-10-02-19-24-57-2393564.jpg","keywords":["cirurgia","desporto","futebol","joelhos","jogadores","les\u00f5es"],"articleSection":["Desporto","Futebol"],"inLanguage":"pt-PT"},{"@type":"WebPage","@id":"https:\/\/portaltela.pt\/noticias\/2026\/03\/12\/tomas-mendes-operado-encerra-a-epoca\/","url":"https:\/\/portaltela.pt\/noticias\/2026\/03\/12\/tomas-mendes-operado-encerra-a-epoca\/","name":"Tom\u00e1s Mendes operado encerra a \u00e9poca - Portal Tela Portugal","isPartOf":{"@id":"https:\/\/portaltela.pt\/#website"},"primaryImageOfPage":{"@id":"https:\/\/portaltela.pt\/noticias\/2026\/03\/12\/tomas-mendes-operado-encerra-a-epoca\/#primaryimage"},"image":{"@id":"https:\/\/portaltela.pt\/noticias\/2026\/03\/12\/tomas-mendes-operado-encerra-a-epoca\/#primaryimage"},"thumbnailUrl":"https:\/\/portaltela.pt\/s.01k8rhncp4jt1\/2026\/03\/img_920x518uu2025-10-02-19-24-57-2393564.jpg","datePublished":"2026-03-12T17:23:22+00:00","author":{"@id":"https:\/\/portaltela.pt\/#\/schema\/person\/c4278d4a6028830caff9ee44b42d32ed"},"breadcrumb":{"@id":"https:\/\/portaltela.pt\/noticias\/2026\/03\/12\/tomas-mendes-operado-encerra-a-epoca\/#breadcrumb"},"inLanguage":"pt-PT","potentialAction":[{"@type":"ReadAction","target":["https:\/\/portaltela.pt\/noticias\/2026\/03\/12\/tomas-mendes-operado-encerra-a-epoca\/"]}]},{"@type":"ImageObject","inLanguage":"pt-PT","@id":"https:\/\/portaltela.pt\/noticias\/2026\/03\/12\/tomas-mendes-operado-encerra-a-epoca\/#primaryimage","url":"https:\/\/portaltela.pt\/s.01k8rhncp4jt1\/2026\/03\/img_920x518uu2025-10-02-19-24-57-2393564.jpg","contentUrl":"https:\/\/portaltela.pt\/s.01k8rhncp4jt1\/2026\/03\/img_920x518uu2025-10-02-19-24-57-2393564.jpg","width":796,"height":448,"caption":"Tom\u00e1s Mendes"},{"@type":"BreadcrumbList","@id":"https:\/\/portaltela.pt\/noticias\/2026\/03\/12\/tomas-mendes-operado-encerra-a-epoca\/#breadcrumb","itemListElement":[{"@type":"ListItem","position":1,"name":"In\u00edcio","item":"https:\/\/portaltela.pt\/"},{"@type":"ListItem","position":2,"name":"Tom\u00e1s Mendes operado encerra a \u00e9poca"}]},{"@type":"WebSite","@id":"https:\/\/portaltela.pt\/#website","url":"https:\/\/portaltela.pt\/","name":"Portal Tela Portugal","description":"","potentialAction":[{"@type":"SearchAction","target":{"@type":"EntryPoint","urlTemplate":"https:\/\/portaltela.pt\/?s={search_term_string}"},"query-input":{"@type":"PropertyValueSpecification","valueRequired":true,"valueName":"search_term_string"}}],"inLanguage":"pt-PT"},{"@type":"Person","@id":"https:\/\/portaltela.pt\/#\/schema\/person\/c4278d4a6028830caff9ee44b42d32ed","name":"Telinha","image":{"@type":"ImageObject","inLanguage":"pt-PT","@id":"https:\/\/portaltela.pt\/s.01k8rhncp4jt1\/2025\/11\/talking-bot-125x125.png","url":"https:\/\/portaltela.pt\/s.01k8rhncp4jt1\/2025\/11\/talking-bot-125x125.png","contentUrl":"https:\/\/portaltela.pt\/s.01k8rhncp4jt1\/2025\/11\/talking-bot-125x125.png","caption":"Telinha"},"sameAs":["https:\/\/portaltela.pt\/"],"url":"https:\/\/portaltela.pt\/por\/367410592786\/"}]}},"_links":{"self":[{"href":"https:\/\/portaltela.pt\/api\/wp\/v2\/posts\/407737","targetHints":{"allow":["GET"]}}],"collection":[{"href":"https:\/\/portaltela.pt\/api\/wp\/v2\/posts"}],"about":[{"href":"https:\/\/portaltela.pt\/api\/wp\/v2\/types\/post"}],"author":[{"embeddable":true,"href":"https:\/\/portaltela.pt\/api\/wp\/v2\/users\/2"}],"replies":[{"embeddable":true,"href":"https:\/\/portaltela.pt\/api\/wp\/v2\/comments?post=407737"}],"version-history":[{"count":0,"href":"https:\/\/portaltela.pt\/api\/wp\/v2\/posts\/407737\/revisions"}],"wp:featuredmedia":[{"embeddable":true,"href":"https:\/\/portaltela.pt\/api\/wp\/v2\/media\/407750"}],"wp:attachment":[{"href":"https:\/\/portaltela.pt\/api\/wp\/v2\/media?parent=407737"}],"wp:term":[{"taxonomy":"category","embeddable":true,"href":"https:\/\/portaltela.pt\/api\/wp\/v2\/categories?post=407737"},{"taxonomy":"post_tag","embeddable":true,"href":"https:\/\/portaltela.pt\/api\/wp\/v2\/tags?post=407737"}],"curies":[{"name":"wp","href":"https:\/\/api.w.org\/{rel}","templated":true}]}}