{"id":407736,"date":"2026-03-12T14:26:34","date_gmt":"2026-03-12T17:26:34","guid":{"rendered":"https:\/\/portaltela.pt\/noticias\/2026\/03\/12\/ventura-ve-vitoria-da-liberdade-de-expressao-em-caso-dos-cartazes-do-chega\/"},"modified":"2026-03-12T14:26:34","modified_gmt":"2026-03-12T17:26:34","slug":"ventura-ve-vitoria-da-liberdade-de-expressao-em-caso-dos-cartazes-do-chega","status":"publish","type":"post","link":"https:\/\/portaltela.pt\/noticias\/politica\/2026\/03\/12\/ventura-ve-vitoria-da-liberdade-de-expressao-em-caso-dos-cartazes-do-chega\/","title":{"rendered":"Ventura v\u00ea vit\u00f3ria da liberdade de express\u00e3o em caso dos cartazes do Chega"},"content":{"rendered":"<p>O Minist\u00e9rio P\u00fablico arquivou o inqu\u00e9rito relativo aos cartazes do Chega sobre Bangladesh e a comunidade cigana. O resultado levou Andr\u00e9 Ventura a afirmar, na Assembleia da Rep\u00fablica, que houve uma vit\u00f3ria da liberdade de express\u00e3o.<\/p>\n<p>O l\u00edder do Chega enalteceu a decis\u00e3o, dizendo que ela representa uma jurisprud\u00eancia para o futuro e que condiciona o debate p\u00fablico nos pr\u00f3ximos anos em Portugal. A conclus\u00e3o do MP foi apresentada ap\u00f3s an\u00e1lise das mensagens dos cartazes.<\/p>\n<p>Ventura afirmou que a cobertura medi\u00e1tica foi menos intensa face a outras acusa\u00e7\u00f5es de discrimina\u00e7\u00e3o contra o partido e ele pr\u00f3prio. Afirmou ainda que o MP n\u00e3o se deixou influenciar pela imprensa nem por correntes pol\u00edticas.<\/p>\n<p>Segundo o presidente do Chega, o despacho de arquivamento esclarece que as mensagens n\u00e3o constituem crime e enquadram-se no espa\u00e7o constitucional da liberdade de express\u00e3o. Afirmou que a decis\u00e3o n\u00e3o afeta apenas a atual campanha ou contexto pol\u00edtico.<\/p>\n","protected":false},"excerpt":{"rendered":"<ul>\n<li>O Minist\u00e9rio P\u00fablico arquivou o inqu\u00e9rito relativo aos cartazes do Chega sobre Bangladesh e a comunidade cigana.<\/li>\n<li>Andr\u00e9 Ventura, l\u00edder do Chega, afirmou que a decis\u00e3o \u00e9 uma vit\u00f3ria da liberdade de express\u00e3o e poder\u00e1 criar jurisprud\u00eancia para o futuro.<\/li>\n<li>O MP concluiu que as mensagens dos cartazes n\u00e3o incitaram nem amea\u00e7aram as minorias visadas.<\/li>\n<li>Ventura criticou a cobertura medi\u00e1tica, dizendo que houve menos aten\u00e7\u00e3o face \u00e0s acusa\u00e7\u00f5es de discrimina\u00e7\u00e3o contra ele e o partido.<\/li>\n<li>O l\u00edder afirmou que o MP n\u00e3o se deixou condicionar pela imprensa nem pela esquerda e que as mensagens n\u00e3o configuram crime nem extrapolam a liberdade de express\u00e3o.<\/li>\n<\/ul>\n","protected":false},"author":2,"featured_media":407749,"comment_status":"closed","ping_status":"closed","sticky":false,"template":"","format":"standard","meta":{"footnotes":""},"categories":[1,5],"tags":[5883,2142,903,2920,2832,1014],"class_list":["post-407736","post","type-post","status-publish","format-standard","has-post-thumbnail","hentry","category-noticias","category-politica","tag-bangladesh","tag-chega","tag-comunidades","tag-liberdade-de-expressao","tag-politica","tag-portugal"],"yoast_head":"<!-- This site is optimized with the Yoast SEO plugin v27.2 - https:\/\/yoast.com\/product\/yoast-seo-wordpress\/ -->\n<title>Ventura v\u00ea vit\u00f3ria da liberdade de express\u00e3o em caso dos cartazes do Chega - Portal Tela Portugal<\/title>\n<meta name=\"robots\" content=\"index, follow, max-snippet:-1, max-image-preview:large, max-video-preview:-1\" \/>\n<meta property=\"og:locale\" content=\"pt_PT\" \/>\n<meta property=\"og:type\" content=\"article\" \/>\n<meta property=\"og:title\" content=\"Ventura v\u00ea vit\u00f3ria da liberdade de express\u00e3o em caso dos cartazes do Chega - Portal Tela Portugal\" \/>\n<meta property=\"og:description\" content=\"O Minist\u00e9rio P\u00fablico arquivou o inqu\u00e9rito relativo aos cartazes do Chega sobre Bangladesh e a comunidade cigana. Andr\u00e9 Ventura, l\u00edder do Chega, afirmou que a decis\u00e3o \u00e9 uma vit\u00f3ria da liberdade de express\u00e3o e poder\u00e1 criar jurisprud\u00eancia para o futuro. O MP concluiu que as mensagens dos cartazes n\u00e3o incitaram nem amea\u00e7aram as minorias visadas. Ventura criticou a cobertura medi\u00e1tica, dizendo que houve menos aten\u00e7\u00e3o face \u00e0s acusa\u00e7\u00f5es de discrimina\u00e7\u00e3o contra ele e o partido. O l\u00edder afirmou que o MP n\u00e3o se deixou condicionar pela imprensa nem pela esquerda e que as mensagens n\u00e3o configuram crime nem extrapolam a liberdade de express\u00e3o.\" \/>\n<meta property=\"og:url\" content=\"https:\/\/portaltela.pt\/noticias\/2026\/03\/12\/ventura-ve-vitoria-da-liberdade-de-expressao-em-caso-dos-cartazes-do-chega\/\" \/>\n<meta property=\"og:site_name\" content=\"Portal Tela Portugal\" \/>\n<meta property=\"article:published_time\" content=\"2026-03-12T17:26:34+00:00\" \/>\n<meta name=\"author\" content=\"Telinha\" \/>\n<meta name=\"twitter:card\" content=\"summary_large_image\" \/>\n<meta name=\"twitter:label1\" content=\"Escrito por\" \/>\n\t<meta name=\"twitter:data1\" content=\"Telinha\" \/>\n\t<meta name=\"twitter:label2\" content=\"Tempo estimado de leitura\" \/>\n\t<meta name=\"twitter:data2\" content=\"1 minuto\" \/>\n<script type=\"application\/ld+json\" class=\"yoast-schema-graph\">{\"@context\":\"https:\/\/schema.org\",\"@graph\":[{\"@type\":\"Article\",\"@id\":\"https:\/\/portaltela.pt\/noticias\/2026\/03\/12\/ventura-ve-vitoria-da-liberdade-de-expressao-em-caso-dos-cartazes-do-chega\/#article\",\"isPartOf\":{\"@id\":\"https:\/\/portaltela.pt\/noticias\/2026\/03\/12\/ventura-ve-vitoria-da-liberdade-de-expressao-em-caso-dos-cartazes-do-chega\/\"},\"author\":{\"name\":\"Telinha\",\"@id\":\"https:\/\/portaltela.pt\/#\/schema\/person\/c4278d4a6028830caff9ee44b42d32ed\"},\"headline\":\"Ventura v\u00ea vit\u00f3ria da liberdade de express\u00e3o em caso dos cartazes do Chega\",\"datePublished\":\"2026-03-12T17:26:34+00:00\",\"mainEntityOfPage\":{\"@id\":\"https:\/\/portaltela.pt\/noticias\/2026\/03\/12\/ventura-ve-vitoria-da-liberdade-de-expressao-em-caso-dos-cartazes-do-chega\/\"},\"wordCount\":190,\"image\":{\"@id\":\"https:\/\/portaltela.pt\/noticias\/2026\/03\/12\/ventura-ve-vitoria-da-liberdade-de-expressao-em-caso-dos-cartazes-do-chega\/#primaryimage\"},\"thumbnailUrl\":\"https:\/\/portaltela.pt\/s.01k8rhncp4jt1\/2026\/03\/img_1500x1000uu2026-02-08-18-59-00-2265641-1.jpg\",\"keywords\":[\"Bangladesh\",\"CHEGA\",\"comunidades\",\"liberdade de express\u00e3o\",\"pol\u00edtica\",\"Portugal\"],\"articleSection\":[\"Not\u00edcias\",\"Pol\u00edtica\"],\"inLanguage\":\"pt-PT\"},{\"@type\":\"WebPage\",\"@id\":\"https:\/\/portaltela.pt\/noticias\/2026\/03\/12\/ventura-ve-vitoria-da-liberdade-de-expressao-em-caso-dos-cartazes-do-chega\/\",\"url\":\"https:\/\/portaltela.pt\/noticias\/2026\/03\/12\/ventura-ve-vitoria-da-liberdade-de-expressao-em-caso-dos-cartazes-do-chega\/\",\"name\":\"Ventura v\u00ea vit\u00f3ria da liberdade de express\u00e3o em caso dos cartazes do Chega - Portal Tela Portugal\",\"isPartOf\":{\"@id\":\"https:\/\/portaltela.pt\/#website\"},\"primaryImageOfPage\":{\"@id\":\"https:\/\/portaltela.pt\/noticias\/2026\/03\/12\/ventura-ve-vitoria-da-liberdade-de-expressao-em-caso-dos-cartazes-do-chega\/#primaryimage\"},\"image\":{\"@id\":\"https:\/\/portaltela.pt\/noticias\/2026\/03\/12\/ventura-ve-vitoria-da-liberdade-de-expressao-em-caso-dos-cartazes-do-chega\/#primaryimage\"},\"thumbnailUrl\":\"https:\/\/portaltela.pt\/s.01k8rhncp4jt1\/2026\/03\/img_1500x1000uu2026-02-08-18-59-00-2265641-1.jpg\",\"datePublished\":\"2026-03-12T17:26:34+00:00\",\"author\":{\"@id\":\"https:\/\/portaltela.pt\/#\/schema\/person\/c4278d4a6028830caff9ee44b42d32ed\"},\"breadcrumb\":{\"@id\":\"https:\/\/portaltela.pt\/noticias\/2026\/03\/12\/ventura-ve-vitoria-da-liberdade-de-expressao-em-caso-dos-cartazes-do-chega\/#breadcrumb\"},\"inLanguage\":\"pt-PT\",\"potentialAction\":[{\"@type\":\"ReadAction\",\"target\":[\"https:\/\/portaltela.pt\/noticias\/2026\/03\/12\/ventura-ve-vitoria-da-liberdade-de-expressao-em-caso-dos-cartazes-do-chega\/\"]}]},{\"@type\":\"ImageObject\",\"inLanguage\":\"pt-PT\",\"@id\":\"https:\/\/portaltela.pt\/noticias\/2026\/03\/12\/ventura-ve-vitoria-da-liberdade-de-expressao-em-caso-dos-cartazes-do-chega\/#primaryimage\",\"url\":\"https:\/\/portaltela.pt\/s.01k8rhncp4jt1\/2026\/03\/img_1500x1000uu2026-02-08-18-59-00-2265641-1.jpg\",\"contentUrl\":\"https:\/\/portaltela.pt\/s.01k8rhncp4jt1\/2026\/03\/img_1500x1000uu2026-02-08-18-59-00-2265641-1.jpg\",\"width\":796,\"height\":448,\"caption\":\"Andr\u00e9 Ventura\"},{\"@type\":\"BreadcrumbList\",\"@id\":\"https:\/\/portaltela.pt\/noticias\/2026\/03\/12\/ventura-ve-vitoria-da-liberdade-de-expressao-em-caso-dos-cartazes-do-chega\/#breadcrumb\",\"itemListElement\":[{\"@type\":\"ListItem\",\"position\":1,\"name\":\"In\u00edcio\",\"item\":\"https:\/\/portaltela.pt\/\"},{\"@type\":\"ListItem\",\"position\":2,\"name\":\"Ventura v\u00ea vit\u00f3ria da liberdade de express\u00e3o em caso dos cartazes do Chega\"}]},{\"@type\":\"WebSite\",\"@id\":\"https:\/\/portaltela.pt\/#website\",\"url\":\"https:\/\/portaltela.pt\/\",\"name\":\"Portal Tela Portugal\",\"description\":\"\",\"potentialAction\":[{\"@type\":\"SearchAction\",\"target\":{\"@type\":\"EntryPoint\",\"urlTemplate\":\"https:\/\/portaltela.pt\/?s={search_term_string}\"},\"query-input\":{\"@type\":\"PropertyValueSpecification\",\"valueRequired\":true,\"valueName\":\"search_term_string\"}}],\"inLanguage\":\"pt-PT\"},{\"@type\":\"Person\",\"@id\":\"https:\/\/portaltela.pt\/#\/schema\/person\/c4278d4a6028830caff9ee44b42d32ed\",\"name\":\"Telinha\",\"image\":{\"@type\":\"ImageObject\",\"inLanguage\":\"pt-PT\",\"@id\":\"https:\/\/portaltela.pt\/s.01k8rhncp4jt1\/2025\/11\/talking-bot-125x125.png\",\"url\":\"https:\/\/portaltela.pt\/s.01k8rhncp4jt1\/2025\/11\/talking-bot-125x125.png\",\"contentUrl\":\"https:\/\/portaltela.pt\/s.01k8rhncp4jt1\/2025\/11\/talking-bot-125x125.png\",\"caption\":\"Telinha\"},\"sameAs\":[\"https:\/\/portaltela.pt\/\"],\"url\":\"https:\/\/portaltela.pt\/por\/367410592786\/\"}]}<\/script>\n<!-- \/ Yoast SEO plugin. -->","yoast_head_json":{"title":"Ventura v\u00ea vit\u00f3ria da liberdade de express\u00e3o em caso dos cartazes do Chega - Portal Tela Portugal","robots":{"index":"index","follow":"follow","max-snippet":"max-snippet:-1","max-image-preview":"max-image-preview:large","max-video-preview":"max-video-preview:-1"},"og_locale":"pt_PT","og_type":"article","og_title":"Ventura v\u00ea vit\u00f3ria da liberdade de express\u00e3o em caso dos cartazes do Chega - Portal Tela Portugal","og_description":"O Minist\u00e9rio P\u00fablico arquivou o inqu\u00e9rito relativo aos cartazes do Chega sobre Bangladesh e a comunidade cigana. Andr\u00e9 Ventura, l\u00edder do Chega, afirmou que a decis\u00e3o \u00e9 uma vit\u00f3ria da liberdade de express\u00e3o e poder\u00e1 criar jurisprud\u00eancia para o futuro. O MP concluiu que as mensagens dos cartazes n\u00e3o incitaram nem amea\u00e7aram as minorias visadas. Ventura criticou a cobertura medi\u00e1tica, dizendo que houve menos aten\u00e7\u00e3o face \u00e0s acusa\u00e7\u00f5es de discrimina\u00e7\u00e3o contra ele e o partido. O l\u00edder afirmou que o MP n\u00e3o se deixou condicionar pela imprensa nem pela esquerda e que as mensagens n\u00e3o configuram crime nem extrapolam a liberdade de express\u00e3o.","og_url":"https:\/\/portaltela.pt\/noticias\/2026\/03\/12\/ventura-ve-vitoria-da-liberdade-de-expressao-em-caso-dos-cartazes-do-chega\/","og_site_name":"Portal Tela Portugal","article_published_time":"2026-03-12T17:26:34+00:00","author":"Telinha","twitter_card":"summary_large_image","twitter_misc":{"Escrito por":"Telinha","Tempo estimado de leitura":"1 minuto"},"schema":{"@context":"https:\/\/schema.org","@graph":[{"@type":"Article","@id":"https:\/\/portaltela.pt\/noticias\/2026\/03\/12\/ventura-ve-vitoria-da-liberdade-de-expressao-em-caso-dos-cartazes-do-chega\/#article","isPartOf":{"@id":"https:\/\/portaltela.pt\/noticias\/2026\/03\/12\/ventura-ve-vitoria-da-liberdade-de-expressao-em-caso-dos-cartazes-do-chega\/"},"author":{"name":"Telinha","@id":"https:\/\/portaltela.pt\/#\/schema\/person\/c4278d4a6028830caff9ee44b42d32ed"},"headline":"Ventura v\u00ea vit\u00f3ria da liberdade de express\u00e3o em caso dos cartazes do Chega","datePublished":"2026-03-12T17:26:34+00:00","mainEntityOfPage":{"@id":"https:\/\/portaltela.pt\/noticias\/2026\/03\/12\/ventura-ve-vitoria-da-liberdade-de-expressao-em-caso-dos-cartazes-do-chega\/"},"wordCount":190,"image":{"@id":"https:\/\/portaltela.pt\/noticias\/2026\/03\/12\/ventura-ve-vitoria-da-liberdade-de-expressao-em-caso-dos-cartazes-do-chega\/#primaryimage"},"thumbnailUrl":"https:\/\/portaltela.pt\/s.01k8rhncp4jt1\/2026\/03\/img_1500x1000uu2026-02-08-18-59-00-2265641-1.jpg","keywords":["Bangladesh","CHEGA","comunidades","liberdade de express\u00e3o","pol\u00edtica","Portugal"],"articleSection":["Not\u00edcias","Pol\u00edtica"],"inLanguage":"pt-PT"},{"@type":"WebPage","@id":"https:\/\/portaltela.pt\/noticias\/2026\/03\/12\/ventura-ve-vitoria-da-liberdade-de-expressao-em-caso-dos-cartazes-do-chega\/","url":"https:\/\/portaltela.pt\/noticias\/2026\/03\/12\/ventura-ve-vitoria-da-liberdade-de-expressao-em-caso-dos-cartazes-do-chega\/","name":"Ventura v\u00ea vit\u00f3ria da liberdade de express\u00e3o em caso dos cartazes do Chega - Portal Tela Portugal","isPartOf":{"@id":"https:\/\/portaltela.pt\/#website"},"primaryImageOfPage":{"@id":"https:\/\/portaltela.pt\/noticias\/2026\/03\/12\/ventura-ve-vitoria-da-liberdade-de-expressao-em-caso-dos-cartazes-do-chega\/#primaryimage"},"image":{"@id":"https:\/\/portaltela.pt\/noticias\/2026\/03\/12\/ventura-ve-vitoria-da-liberdade-de-expressao-em-caso-dos-cartazes-do-chega\/#primaryimage"},"thumbnailUrl":"https:\/\/portaltela.pt\/s.01k8rhncp4jt1\/2026\/03\/img_1500x1000uu2026-02-08-18-59-00-2265641-1.jpg","datePublished":"2026-03-12T17:26:34+00:00","author":{"@id":"https:\/\/portaltela.pt\/#\/schema\/person\/c4278d4a6028830caff9ee44b42d32ed"},"breadcrumb":{"@id":"https:\/\/portaltela.pt\/noticias\/2026\/03\/12\/ventura-ve-vitoria-da-liberdade-de-expressao-em-caso-dos-cartazes-do-chega\/#breadcrumb"},"inLanguage":"pt-PT","potentialAction":[{"@type":"ReadAction","target":["https:\/\/portaltela.pt\/noticias\/2026\/03\/12\/ventura-ve-vitoria-da-liberdade-de-expressao-em-caso-dos-cartazes-do-chega\/"]}]},{"@type":"ImageObject","inLanguage":"pt-PT","@id":"https:\/\/portaltela.pt\/noticias\/2026\/03\/12\/ventura-ve-vitoria-da-liberdade-de-expressao-em-caso-dos-cartazes-do-chega\/#primaryimage","url":"https:\/\/portaltela.pt\/s.01k8rhncp4jt1\/2026\/03\/img_1500x1000uu2026-02-08-18-59-00-2265641-1.jpg","contentUrl":"https:\/\/portaltela.pt\/s.01k8rhncp4jt1\/2026\/03\/img_1500x1000uu2026-02-08-18-59-00-2265641-1.jpg","width":796,"height":448,"caption":"Andr\u00e9 Ventura"},{"@type":"BreadcrumbList","@id":"https:\/\/portaltela.pt\/noticias\/2026\/03\/12\/ventura-ve-vitoria-da-liberdade-de-expressao-em-caso-dos-cartazes-do-chega\/#breadcrumb","itemListElement":[{"@type":"ListItem","position":1,"name":"In\u00edcio","item":"https:\/\/portaltela.pt\/"},{"@type":"ListItem","position":2,"name":"Ventura v\u00ea vit\u00f3ria da liberdade de express\u00e3o em caso dos cartazes do Chega"}]},{"@type":"WebSite","@id":"https:\/\/portaltela.pt\/#website","url":"https:\/\/portaltela.pt\/","name":"Portal Tela Portugal","description":"","potentialAction":[{"@type":"SearchAction","target":{"@type":"EntryPoint","urlTemplate":"https:\/\/portaltela.pt\/?s={search_term_string}"},"query-input":{"@type":"PropertyValueSpecification","valueRequired":true,"valueName":"search_term_string"}}],"inLanguage":"pt-PT"},{"@type":"Person","@id":"https:\/\/portaltela.pt\/#\/schema\/person\/c4278d4a6028830caff9ee44b42d32ed","name":"Telinha","image":{"@type":"ImageObject","inLanguage":"pt-PT","@id":"https:\/\/portaltela.pt\/s.01k8rhncp4jt1\/2025\/11\/talking-bot-125x125.png","url":"https:\/\/portaltela.pt\/s.01k8rhncp4jt1\/2025\/11\/talking-bot-125x125.png","contentUrl":"https:\/\/portaltela.pt\/s.01k8rhncp4jt1\/2025\/11\/talking-bot-125x125.png","caption":"Telinha"},"sameAs":["https:\/\/portaltela.pt\/"],"url":"https:\/\/portaltela.pt\/por\/367410592786\/"}]}},"_links":{"self":[{"href":"https:\/\/portaltela.pt\/api\/wp\/v2\/posts\/407736","targetHints":{"allow":["GET"]}}],"collection":[{"href":"https:\/\/portaltela.pt\/api\/wp\/v2\/posts"}],"about":[{"href":"https:\/\/portaltela.pt\/api\/wp\/v2\/types\/post"}],"author":[{"embeddable":true,"href":"https:\/\/portaltela.pt\/api\/wp\/v2\/users\/2"}],"replies":[{"embeddable":true,"href":"https:\/\/portaltela.pt\/api\/wp\/v2\/comments?post=407736"}],"version-history":[{"count":0,"href":"https:\/\/portaltela.pt\/api\/wp\/v2\/posts\/407736\/revisions"}],"wp:featuredmedia":[{"embeddable":true,"href":"https:\/\/portaltela.pt\/api\/wp\/v2\/media\/407749"}],"wp:attachment":[{"href":"https:\/\/portaltela.pt\/api\/wp\/v2\/media?parent=407736"}],"wp:term":[{"taxonomy":"category","embeddable":true,"href":"https:\/\/portaltela.pt\/api\/wp\/v2\/categories?post=407736"},{"taxonomy":"post_tag","embeddable":true,"href":"https:\/\/portaltela.pt\/api\/wp\/v2\/tags?post=407736"}],"curies":[{"name":"wp","href":"https:\/\/api.w.org\/{rel}","templated":true}]}}