{"id":407719,"date":"2026-03-12T11:22:00","date_gmt":"2026-03-12T14:22:00","guid":{"rendered":"https:\/\/portaltela.pt\/noticias\/2026\/03\/12\/montenegro-pede-a-costa-para-nao-enfraquecer-mercado-de-carbono-da-ue-2\/"},"modified":"2026-03-12T11:22:00","modified_gmt":"2026-03-12T14:22:00","slug":"montenegro-pede-a-costa-para-nao-enfraquecer-mercado-de-carbono-da-ue-2","status":"publish","type":"post","link":"https:\/\/portaltela.pt\/noticias\/2026\/03\/12\/montenegro-pede-a-costa-para-nao-enfraquecer-mercado-de-carbono-da-ue-2\/","title":{"rendered":"Montenegro pede a Costa para n\u00e3o enfraquecer mercado de carbono da UE"},"content":{"rendered":"<p>O Montenegro pediu ao Primeiro-Ministro de Portugal, Ant\u00f3nio Costa, que n\u00e3o se enfraque\u00e7a o mercado de carbono da Uni\u00e3o Europeia. A informa\u00e7\u00e3o \u00e9 baseada no t\u00edtulo de uma not\u00edcia cuja vers\u00e3o completa est\u00e1 acess\u00edvel apenas a subscritores, sem detalhes adicionais dispon\u00edveis no momento.<\/p>\n<p>Segundo a pe\u00e7a, o pedido visa manter a robustez do sistema de com\u00e9rcio de emiss\u00f5es da UE, com implica\u00e7\u00f5es para pol\u00edticas clim\u00e1ticas e competitividade econ\u00f3mica. N\u00e3o foram divulgados dados sobre o conte\u00fado das negocia\u00e7\u00f5es, nem sobre o contexto exacto em que a solicita\u00e7\u00e3o foi apresentada.<\/p>\n<p>At\u00e9 ao momento, n\u00e3o existem confirma\u00e7\u00f5es oficiais sobre a data, o local ou o formato da comunica\u00e7\u00e3o entre Montenegro e o governo portugu\u00eas. A falta de fontes p\u00fablicas impede uma descri\u00e7\u00e3o mais detalhada dos motivos apresentados pelo Montenegro.<\/p>\n","protected":false},"excerpt":{"rendered":"<ul>\n<li>Montenegro pediu ao primeiro-ministro de Portugal, Ant\u00f3nio Costa, que n\u00e3o enfraque\u00e7a o mercado de carbono da Uni\u00e3o Europeia.<\/li>\n<li>O objetivo \u00e9 manter s\u00f3lido o sistema de com\u00e9rcio de emiss\u00f5es da UE.<\/li>\n<li>A nota indica que o conte\u00fado completo est\u00e1 dispon\u00edvel apenas para subscritores.<\/li>\n<li>N\u00e3o h\u00e1, no texto fornecido, mais detalhes sobre a posi\u00e7\u00e3o ou respostas oficiais.<\/li>\n<\/ul>\n","protected":false},"author":2,"featured_media":407726,"comment_status":"closed","ping_status":"closed","sticky":false,"template":"","format":"standard","meta":{"footnotes":""},"categories":[6725,1],"tags":[5072,28,5218,7073,2487,5698],"class_list":["post-407719","post","type-post","status-publish","format-standard","has-post-thumbnail","hentry","category-meio-ambiente","category-noticias","tag-descarbonizacao","tag-economia","tag-economia-verde","tag-emissoes","tag-europa","tag-politica-internacional"],"yoast_head":"<!-- This site is optimized with the Yoast SEO plugin v27.2 - https:\/\/yoast.com\/product\/yoast-seo-wordpress\/ -->\n<title>Montenegro pede a Costa para n\u00e3o enfraquecer mercado de carbono da UE - Portal Tela Portugal<\/title>\n<meta name=\"robots\" content=\"index, follow, max-snippet:-1, max-image-preview:large, max-video-preview:-1\" \/>\n<meta property=\"og:locale\" content=\"pt_PT\" \/>\n<meta property=\"og:type\" content=\"article\" \/>\n<meta property=\"og:title\" content=\"Montenegro pede a Costa para n\u00e3o enfraquecer mercado de carbono da UE - Portal Tela Portugal\" \/>\n<meta property=\"og:description\" content=\"Montenegro pediu ao primeiro-ministro de Portugal, Ant\u00f3nio Costa, que n\u00e3o enfraque\u00e7a o mercado de carbono da Uni\u00e3o Europeia. O objetivo \u00e9 manter s\u00f3lido o sistema de com\u00e9rcio de emiss\u00f5es da UE. A nota indica que o conte\u00fado completo est\u00e1 dispon\u00edvel apenas para subscritores. N\u00e3o h\u00e1, no texto fornecido, mais detalhes sobre a posi\u00e7\u00e3o ou respostas oficiais.\" \/>\n<meta property=\"og:url\" content=\"https:\/\/portaltela.pt\/noticias\/2026\/03\/12\/montenegro-pede-a-costa-para-nao-enfraquecer-mercado-de-carbono-da-ue-2\/\" \/>\n<meta property=\"og:site_name\" content=\"Portal Tela Portugal\" \/>\n<meta property=\"article:published_time\" content=\"2026-03-12T14:22:00+00:00\" \/>\n<meta name=\"author\" content=\"Telinha\" \/>\n<meta name=\"twitter:card\" content=\"summary_large_image\" \/>\n<meta name=\"twitter:label1\" content=\"Escrito por\" \/>\n\t<meta name=\"twitter:data1\" content=\"Telinha\" \/>\n\t<meta name=\"twitter:label2\" content=\"Tempo estimado de leitura\" \/>\n\t<meta name=\"twitter:data2\" content=\"1 minuto\" \/>\n<script type=\"application\/ld+json\" class=\"yoast-schema-graph\">{\"@context\":\"https:\/\/schema.org\",\"@graph\":[{\"@type\":\"Article\",\"@id\":\"https:\/\/portaltela.pt\/noticias\/2026\/03\/12\/montenegro-pede-a-costa-para-nao-enfraquecer-mercado-de-carbono-da-ue-2\/#article\",\"isPartOf\":{\"@id\":\"https:\/\/portaltela.pt\/noticias\/2026\/03\/12\/montenegro-pede-a-costa-para-nao-enfraquecer-mercado-de-carbono-da-ue-2\/\"},\"author\":{\"name\":\"Telinha\",\"@id\":\"https:\/\/portaltela.pt\/#\/schema\/person\/c4278d4a6028830caff9ee44b42d32ed\"},\"headline\":\"Montenegro pede a Costa para n\u00e3o enfraquecer mercado de carbono da UE\",\"datePublished\":\"2026-03-12T14:22:00+00:00\",\"mainEntityOfPage\":{\"@id\":\"https:\/\/portaltela.pt\/noticias\/2026\/03\/12\/montenegro-pede-a-costa-para-nao-enfraquecer-mercado-de-carbono-da-ue-2\/\"},\"wordCount\":165,\"image\":{\"@id\":\"https:\/\/portaltela.pt\/noticias\/2026\/03\/12\/montenegro-pede-a-costa-para-nao-enfraquecer-mercado-de-carbono-da-ue-2\/#primaryimage\"},\"thumbnailUrl\":\"https:\/\/portaltela.pt\/s.01k8rhncp4jt1\/2026\/03\/CACHE_780X1200_ANALOG_WATERMARKED_46671895_3712382_02032026030711.jpg\",\"keywords\":[\"descarboniza\u00e7\u00e3o\",\"economia\",\"economia verde\",\"emiss\u00f5es\",\"Europa\",\"pol\u00edtica internacional\"],\"articleSection\":[\"Meio Ambiente\",\"Not\u00edcias\"],\"inLanguage\":\"pt-PT\"},{\"@type\":\"WebPage\",\"@id\":\"https:\/\/portaltela.pt\/noticias\/2026\/03\/12\/montenegro-pede-a-costa-para-nao-enfraquecer-mercado-de-carbono-da-ue-2\/\",\"url\":\"https:\/\/portaltela.pt\/noticias\/2026\/03\/12\/montenegro-pede-a-costa-para-nao-enfraquecer-mercado-de-carbono-da-ue-2\/\",\"name\":\"Montenegro pede a Costa para n\u00e3o enfraquecer mercado de carbono da UE - Portal Tela Portugal\",\"isPartOf\":{\"@id\":\"https:\/\/portaltela.pt\/#website\"},\"primaryImageOfPage\":{\"@id\":\"https:\/\/portaltela.pt\/noticias\/2026\/03\/12\/montenegro-pede-a-costa-para-nao-enfraquecer-mercado-de-carbono-da-ue-2\/#primaryimage\"},\"image\":{\"@id\":\"https:\/\/portaltela.pt\/noticias\/2026\/03\/12\/montenegro-pede-a-costa-para-nao-enfraquecer-mercado-de-carbono-da-ue-2\/#primaryimage\"},\"thumbnailUrl\":\"https:\/\/portaltela.pt\/s.01k8rhncp4jt1\/2026\/03\/CACHE_780X1200_ANALOG_WATERMARKED_46671895_3712382_02032026030711.jpg\",\"datePublished\":\"2026-03-12T14:22:00+00:00\",\"author\":{\"@id\":\"https:\/\/portaltela.pt\/#\/schema\/person\/c4278d4a6028830caff9ee44b42d32ed\"},\"breadcrumb\":{\"@id\":\"https:\/\/portaltela.pt\/noticias\/2026\/03\/12\/montenegro-pede-a-costa-para-nao-enfraquecer-mercado-de-carbono-da-ue-2\/#breadcrumb\"},\"inLanguage\":\"pt-PT\",\"potentialAction\":[{\"@type\":\"ReadAction\",\"target\":[\"https:\/\/portaltela.pt\/noticias\/2026\/03\/12\/montenegro-pede-a-costa-para-nao-enfraquecer-mercado-de-carbono-da-ue-2\/\"]}]},{\"@type\":\"ImageObject\",\"inLanguage\":\"pt-PT\",\"@id\":\"https:\/\/portaltela.pt\/noticias\/2026\/03\/12\/montenegro-pede-a-costa-para-nao-enfraquecer-mercado-de-carbono-da-ue-2\/#primaryimage\",\"url\":\"https:\/\/portaltela.pt\/s.01k8rhncp4jt1\/2026\/03\/CACHE_780X1200_ANALOG_WATERMARKED_46671895_3712382_02032026030711.jpg\",\"contentUrl\":\"https:\/\/portaltela.pt\/s.01k8rhncp4jt1\/2026\/03\/CACHE_780X1200_ANALOG_WATERMARKED_46671895_3712382_02032026030711.jpg\",\"width\":796,\"height\":448,\"caption\":\"Montenegro pede a Costa que n\u00e3o se enfraque\u00e7a mercado de carbono da UE\"},{\"@type\":\"BreadcrumbList\",\"@id\":\"https:\/\/portaltela.pt\/noticias\/2026\/03\/12\/montenegro-pede-a-costa-para-nao-enfraquecer-mercado-de-carbono-da-ue-2\/#breadcrumb\",\"itemListElement\":[{\"@type\":\"ListItem\",\"position\":1,\"name\":\"In\u00edcio\",\"item\":\"https:\/\/portaltela.pt\/\"},{\"@type\":\"ListItem\",\"position\":2,\"name\":\"Montenegro pede a Costa para n\u00e3o enfraquecer mercado de carbono da UE\"}]},{\"@type\":\"WebSite\",\"@id\":\"https:\/\/portaltela.pt\/#website\",\"url\":\"https:\/\/portaltela.pt\/\",\"name\":\"Portal Tela Portugal\",\"description\":\"\",\"potentialAction\":[{\"@type\":\"SearchAction\",\"target\":{\"@type\":\"EntryPoint\",\"urlTemplate\":\"https:\/\/portaltela.pt\/?s={search_term_string}\"},\"query-input\":{\"@type\":\"PropertyValueSpecification\",\"valueRequired\":true,\"valueName\":\"search_term_string\"}}],\"inLanguage\":\"pt-PT\"},{\"@type\":\"Person\",\"@id\":\"https:\/\/portaltela.pt\/#\/schema\/person\/c4278d4a6028830caff9ee44b42d32ed\",\"name\":\"Telinha\",\"image\":{\"@type\":\"ImageObject\",\"inLanguage\":\"pt-PT\",\"@id\":\"https:\/\/portaltela.pt\/s.01k8rhncp4jt1\/2025\/11\/talking-bot-125x125.png\",\"url\":\"https:\/\/portaltela.pt\/s.01k8rhncp4jt1\/2025\/11\/talking-bot-125x125.png\",\"contentUrl\":\"https:\/\/portaltela.pt\/s.01k8rhncp4jt1\/2025\/11\/talking-bot-125x125.png\",\"caption\":\"Telinha\"},\"sameAs\":[\"https:\/\/portaltela.pt\/\"],\"url\":\"https:\/\/portaltela.pt\/por\/367410592786\/\"}]}<\/script>\n<!-- \/ Yoast SEO plugin. -->","yoast_head_json":{"title":"Montenegro pede a Costa para n\u00e3o enfraquecer mercado de carbono da UE - Portal Tela Portugal","robots":{"index":"index","follow":"follow","max-snippet":"max-snippet:-1","max-image-preview":"max-image-preview:large","max-video-preview":"max-video-preview:-1"},"og_locale":"pt_PT","og_type":"article","og_title":"Montenegro pede a Costa para n\u00e3o enfraquecer mercado de carbono da UE - Portal Tela Portugal","og_description":"Montenegro pediu ao primeiro-ministro de Portugal, Ant\u00f3nio Costa, que n\u00e3o enfraque\u00e7a o mercado de carbono da Uni\u00e3o Europeia. O objetivo \u00e9 manter s\u00f3lido o sistema de com\u00e9rcio de emiss\u00f5es da UE. A nota indica que o conte\u00fado completo est\u00e1 dispon\u00edvel apenas para subscritores. N\u00e3o h\u00e1, no texto fornecido, mais detalhes sobre a posi\u00e7\u00e3o ou respostas oficiais.","og_url":"https:\/\/portaltela.pt\/noticias\/2026\/03\/12\/montenegro-pede-a-costa-para-nao-enfraquecer-mercado-de-carbono-da-ue-2\/","og_site_name":"Portal Tela Portugal","article_published_time":"2026-03-12T14:22:00+00:00","author":"Telinha","twitter_card":"summary_large_image","twitter_misc":{"Escrito por":"Telinha","Tempo estimado de leitura":"1 minuto"},"schema":{"@context":"https:\/\/schema.org","@graph":[{"@type":"Article","@id":"https:\/\/portaltela.pt\/noticias\/2026\/03\/12\/montenegro-pede-a-costa-para-nao-enfraquecer-mercado-de-carbono-da-ue-2\/#article","isPartOf":{"@id":"https:\/\/portaltela.pt\/noticias\/2026\/03\/12\/montenegro-pede-a-costa-para-nao-enfraquecer-mercado-de-carbono-da-ue-2\/"},"author":{"name":"Telinha","@id":"https:\/\/portaltela.pt\/#\/schema\/person\/c4278d4a6028830caff9ee44b42d32ed"},"headline":"Montenegro pede a Costa para n\u00e3o enfraquecer mercado de carbono da UE","datePublished":"2026-03-12T14:22:00+00:00","mainEntityOfPage":{"@id":"https:\/\/portaltela.pt\/noticias\/2026\/03\/12\/montenegro-pede-a-costa-para-nao-enfraquecer-mercado-de-carbono-da-ue-2\/"},"wordCount":165,"image":{"@id":"https:\/\/portaltela.pt\/noticias\/2026\/03\/12\/montenegro-pede-a-costa-para-nao-enfraquecer-mercado-de-carbono-da-ue-2\/#primaryimage"},"thumbnailUrl":"https:\/\/portaltela.pt\/s.01k8rhncp4jt1\/2026\/03\/CACHE_780X1200_ANALOG_WATERMARKED_46671895_3712382_02032026030711.jpg","keywords":["descarboniza\u00e7\u00e3o","economia","economia verde","emiss\u00f5es","Europa","pol\u00edtica internacional"],"articleSection":["Meio Ambiente","Not\u00edcias"],"inLanguage":"pt-PT"},{"@type":"WebPage","@id":"https:\/\/portaltela.pt\/noticias\/2026\/03\/12\/montenegro-pede-a-costa-para-nao-enfraquecer-mercado-de-carbono-da-ue-2\/","url":"https:\/\/portaltela.pt\/noticias\/2026\/03\/12\/montenegro-pede-a-costa-para-nao-enfraquecer-mercado-de-carbono-da-ue-2\/","name":"Montenegro pede a Costa para n\u00e3o enfraquecer mercado de carbono da UE - Portal Tela Portugal","isPartOf":{"@id":"https:\/\/portaltela.pt\/#website"},"primaryImageOfPage":{"@id":"https:\/\/portaltela.pt\/noticias\/2026\/03\/12\/montenegro-pede-a-costa-para-nao-enfraquecer-mercado-de-carbono-da-ue-2\/#primaryimage"},"image":{"@id":"https:\/\/portaltela.pt\/noticias\/2026\/03\/12\/montenegro-pede-a-costa-para-nao-enfraquecer-mercado-de-carbono-da-ue-2\/#primaryimage"},"thumbnailUrl":"https:\/\/portaltela.pt\/s.01k8rhncp4jt1\/2026\/03\/CACHE_780X1200_ANALOG_WATERMARKED_46671895_3712382_02032026030711.jpg","datePublished":"2026-03-12T14:22:00+00:00","author":{"@id":"https:\/\/portaltela.pt\/#\/schema\/person\/c4278d4a6028830caff9ee44b42d32ed"},"breadcrumb":{"@id":"https:\/\/portaltela.pt\/noticias\/2026\/03\/12\/montenegro-pede-a-costa-para-nao-enfraquecer-mercado-de-carbono-da-ue-2\/#breadcrumb"},"inLanguage":"pt-PT","potentialAction":[{"@type":"ReadAction","target":["https:\/\/portaltela.pt\/noticias\/2026\/03\/12\/montenegro-pede-a-costa-para-nao-enfraquecer-mercado-de-carbono-da-ue-2\/"]}]},{"@type":"ImageObject","inLanguage":"pt-PT","@id":"https:\/\/portaltela.pt\/noticias\/2026\/03\/12\/montenegro-pede-a-costa-para-nao-enfraquecer-mercado-de-carbono-da-ue-2\/#primaryimage","url":"https:\/\/portaltela.pt\/s.01k8rhncp4jt1\/2026\/03\/CACHE_780X1200_ANALOG_WATERMARKED_46671895_3712382_02032026030711.jpg","contentUrl":"https:\/\/portaltela.pt\/s.01k8rhncp4jt1\/2026\/03\/CACHE_780X1200_ANALOG_WATERMARKED_46671895_3712382_02032026030711.jpg","width":796,"height":448,"caption":"Montenegro pede a Costa que n\u00e3o se enfraque\u00e7a mercado de carbono da UE"},{"@type":"BreadcrumbList","@id":"https:\/\/portaltela.pt\/noticias\/2026\/03\/12\/montenegro-pede-a-costa-para-nao-enfraquecer-mercado-de-carbono-da-ue-2\/#breadcrumb","itemListElement":[{"@type":"ListItem","position":1,"name":"In\u00edcio","item":"https:\/\/portaltela.pt\/"},{"@type":"ListItem","position":2,"name":"Montenegro pede a Costa para n\u00e3o enfraquecer mercado de carbono da UE"}]},{"@type":"WebSite","@id":"https:\/\/portaltela.pt\/#website","url":"https:\/\/portaltela.pt\/","name":"Portal Tela Portugal","description":"","potentialAction":[{"@type":"SearchAction","target":{"@type":"EntryPoint","urlTemplate":"https:\/\/portaltela.pt\/?s={search_term_string}"},"query-input":{"@type":"PropertyValueSpecification","valueRequired":true,"valueName":"search_term_string"}}],"inLanguage":"pt-PT"},{"@type":"Person","@id":"https:\/\/portaltela.pt\/#\/schema\/person\/c4278d4a6028830caff9ee44b42d32ed","name":"Telinha","image":{"@type":"ImageObject","inLanguage":"pt-PT","@id":"https:\/\/portaltela.pt\/s.01k8rhncp4jt1\/2025\/11\/talking-bot-125x125.png","url":"https:\/\/portaltela.pt\/s.01k8rhncp4jt1\/2025\/11\/talking-bot-125x125.png","contentUrl":"https:\/\/portaltela.pt\/s.01k8rhncp4jt1\/2025\/11\/talking-bot-125x125.png","caption":"Telinha"},"sameAs":["https:\/\/portaltela.pt\/"],"url":"https:\/\/portaltela.pt\/por\/367410592786\/"}]}},"_links":{"self":[{"href":"https:\/\/portaltela.pt\/api\/wp\/v2\/posts\/407719","targetHints":{"allow":["GET"]}}],"collection":[{"href":"https:\/\/portaltela.pt\/api\/wp\/v2\/posts"}],"about":[{"href":"https:\/\/portaltela.pt\/api\/wp\/v2\/types\/post"}],"author":[{"embeddable":true,"href":"https:\/\/portaltela.pt\/api\/wp\/v2\/users\/2"}],"replies":[{"embeddable":true,"href":"https:\/\/portaltela.pt\/api\/wp\/v2\/comments?post=407719"}],"version-history":[{"count":0,"href":"https:\/\/portaltela.pt\/api\/wp\/v2\/posts\/407719\/revisions"}],"wp:featuredmedia":[{"embeddable":true,"href":"https:\/\/portaltela.pt\/api\/wp\/v2\/media\/407726"}],"wp:attachment":[{"href":"https:\/\/portaltela.pt\/api\/wp\/v2\/media?parent=407719"}],"wp:term":[{"taxonomy":"category","embeddable":true,"href":"https:\/\/portaltela.pt\/api\/wp\/v2\/categories?post=407719"},{"taxonomy":"post_tag","embeddable":true,"href":"https:\/\/portaltela.pt\/api\/wp\/v2\/tags?post=407719"}],"curies":[{"name":"wp","href":"https:\/\/api.w.org\/{rel}","templated":true}]}}