{"id":407711,"date":"2026-03-12T14:17:09","date_gmt":"2026-03-12T17:17:09","guid":{"rendered":"https:\/\/portaltela.pt\/noticias\/2026\/03\/12\/smiljan-radic-clarke-vence-premio-pritzker-2026\/"},"modified":"2026-03-12T14:17:09","modified_gmt":"2026-03-12T17:17:09","slug":"smiljan-radic-clarke-vence-premio-pritzker-2026","status":"publish","type":"post","link":"https:\/\/portaltela.pt\/noticias\/2026\/03\/12\/smiljan-radic-clarke-vence-premio-pritzker-2026\/","title":{"rendered":"Smiljan Radi\u0107 Clarke vence Pr\u00e9mio Pritzker 2026"},"content":{"rendered":"<p>Smiljan Radi\u0107 Clarke, designer chileno, foi distinguido com o Pr\u00e9mio Pritzker de Arquitetura 2026, a mais alta honra internacional. A cerim\u00f3nia, adiada recentemente, confirmou o galardoado ap\u00f3s controv\u00e9rsia envolvendo o nome de Tom Pritzker. Radi\u0107 tem 60 anos e \u00e9 natural de Santiago.<\/p>\n<p>O j\u00fari descreveu a obra de Radi\u0107 como \u201cotimista e discretamente alegre\u201d, capaz de criar experi\u00eancias espaciais surpreendentes e naturais. O premiado afirmou que o objetivo \u00e9 criar estruturas que perdurem ao sol por s\u00e9culos e convidem \u00e0 contempla\u00e7\u00e3o cr\u00edtica do mundo.<\/p>\n<p>Radi\u0107 \u00e9 conhecido pela versatilidade de materiais e pela fus\u00e3o com a natureza. Entre os seus projectos mais reconhecidos est\u00e1 o Pavilh\u00e3o Serpentine Gallery, em Londres, que filtra a luz com uma concha transl\u00facida de fibra de vidro sobre pedras locais.<\/p>\n<h3>Adiamento da revela\u00e7\u00e3o e controv\u00e9rsia<\/h3>\n<p>A divulga\u00e7\u00e3o do vencedor devia ocorrer na semana passada, mas foi adiada. Os documentos relacionados com Jeffrey Epstein provocaram a sa\u00edda de Tom Pritzker da funda\u00e7\u00e3o que atribui o pr\u00e9mio, mantendo-o como administrador e vice-presidente.<\/p>\n<p>Radi\u0107 recebeu o pr\u00e9mio num momento em que o seu reconhecimento internacional cresce. O arquiteto tem projetos em prepara\u00e7\u00e3o na Alb\u00e2nia, Espanha, Su\u00ed\u00e7a e Reino Unido, ampliando o seu portf\u00f3lio global.<\/p>\n<h3>Obras marcantes e contexto<\/h3>\n<p>Entre as obras nacionais destacadas est\u00e1 o Teatro Regional del Biob\u00edo, em Concepci\u00f3n (2018). A constru\u00e7\u00e3o utiliza uma envolvente semitransl\u00facida para modular a luz e melhorar a ac\u00fastica de performances.<\/p>\n<p>Ao longo da sua carreira, Radi\u0107 tem mostrado uma pr\u00e1tica que alia forma, fun\u00e7\u00e3o e sensibilidade ambiental. A premia\u00e7\u00e3o soma-se a uma trajet\u00f3ria marcada por inova\u00e7\u00f5es que desafiam conven\u00e7\u00f5es arquitet\u00f3nicas.<\/p>\n<p>Smiljan Radi\u0107 Clarke torna-se assim o 55.\u00ba laureado do Pr\u00e9mio Pritzker. O galard\u00e3o, criado em 1979, j\u00e1 distinguiu nomes como Johnson, Niemeyer, Gehry, Koolhaas e Hadid, consolidando-se como refer\u00eancia global.<\/p>\n","protected":false},"excerpt":{"rendered":"<ul>\n<li>O designer chileno Smiljan Radi\u0107 Clarke foi galardoado com o Pr\u00e9mio Pritzker de Arquitetura de 2026, a mais alta distin\u00e7\u00e3o na \u00e1rea.<\/li>\n<li>A cerim\u00f3nia foi adiada devido a revealed rel\u00e2mpagos sobre os v\u00ednculos de Tom Pritzker com Jeffrey Epstein; Pritzker afastou-se da funda\u00e7\u00e3o, mantendo cargo de administrador e vice-presidente.<\/li>\n<li>Radi\u0107, de 60 anos e natural de Santiago, \u00e9 conhecido pela originalidade das suas obras e pela forma como funde materiais com a natureza; entre os destaques est\u00e1 o Pavilh\u00e3o da Serpentine Gallery, em Londres.<\/li>\n<li>O j\u00fari descreveu as suas estruturas como \u201cotimistas e discretamente alegres\u201d e afirmou que a arquitetura dele oferece experi\u00eancias espaciais naturais e surpreendentes.<\/li>\n<li>Entre os trabalhos do arquiteto no Chile est\u00e1 o teatro regional de Biob\u00edo (Concepci\u00f3n, 2018); Radi\u0107 tem projetos em prepara\u00e7\u00e3o na Alb\u00e2nia, Espanha, Su\u00ed\u00e7a e Reino Unido.<\/li>\n<\/ul>\n","protected":false},"author":2,"featured_media":407717,"comment_status":"closed","ping_status":"closed","sticky":false,"template":"","format":"standard","meta":{"footnotes":""},"categories":[1],"tags":[142,2747,143,81,2376,45],"class_list":["post-407711","post","type-post","status-publish","format-standard","has-post-thumbnail","hentry","category-noticias","tag-arquitetura","tag-chile","tag-design","tag-internacionais","tag-londres","tag-meio-ambiente"],"yoast_head":"<!-- This site is optimized with the Yoast SEO plugin v27.2 - https:\/\/yoast.com\/product\/yoast-seo-wordpress\/ -->\n<title>Smiljan Radi\u0107 Clarke vence Pr\u00e9mio Pritzker 2026 - Portal Tela Portugal<\/title>\n<meta name=\"robots\" content=\"index, follow, max-snippet:-1, max-image-preview:large, max-video-preview:-1\" \/>\n<meta property=\"og:locale\" content=\"pt_PT\" \/>\n<meta property=\"og:type\" content=\"article\" \/>\n<meta property=\"og:title\" content=\"Smiljan Radi\u0107 Clarke vence Pr\u00e9mio Pritzker 2026 - Portal Tela Portugal\" \/>\n<meta property=\"og:description\" content=\"O designer chileno Smiljan Radi\u0107 Clarke foi galardoado com o Pr\u00e9mio Pritzker de Arquitetura de 2026, a mais alta distin\u00e7\u00e3o na \u00e1rea. A cerim\u00f3nia foi adiada devido a revealed rel\u00e2mpagos sobre os v\u00ednculos de Tom Pritzker com Jeffrey Epstein; Pritzker afastou-se da funda\u00e7\u00e3o, mantendo cargo de administrador e vice-presidente. Radi\u0107, de 60 anos e natural de Santiago, \u00e9 conhecido pela originalidade das suas obras e pela forma como funde materiais com a natureza; entre os destaques est\u00e1 o Pavilh\u00e3o da Serpentine Gallery, em Londres. O j\u00fari descreveu as suas estruturas como \u201cotimistas e discretamente alegres\u201d e afirmou que a arquitetura dele oferece experi\u00eancias espaciais naturais e surpreendentes. Entre os trabalhos do arquiteto no Chile est\u00e1 o teatro regional de Biob\u00edo (Concepci\u00f3n, 2018); Radi\u0107 tem projetos em prepara\u00e7\u00e3o na Alb\u00e2nia, Espanha, Su\u00ed\u00e7a e Reino Unido.\" \/>\n<meta property=\"og:url\" content=\"https:\/\/portaltela.pt\/noticias\/2026\/03\/12\/smiljan-radic-clarke-vence-premio-pritzker-2026\/\" \/>\n<meta property=\"og:site_name\" content=\"Portal Tela Portugal\" \/>\n<meta property=\"article:published_time\" content=\"2026-03-12T17:17:09+00:00\" \/>\n<meta name=\"author\" content=\"Telinha\" \/>\n<meta name=\"twitter:card\" content=\"summary_large_image\" \/>\n<meta name=\"twitter:label1\" content=\"Escrito por\" \/>\n\t<meta name=\"twitter:data1\" content=\"Telinha\" \/>\n\t<meta name=\"twitter:label2\" content=\"Tempo estimado de leitura\" \/>\n\t<meta name=\"twitter:data2\" content=\"2 minutos\" \/>\n<script type=\"application\/ld+json\" class=\"yoast-schema-graph\">{\"@context\":\"https:\/\/schema.org\",\"@graph\":[{\"@type\":\"Article\",\"@id\":\"https:\/\/portaltela.pt\/noticias\/2026\/03\/12\/smiljan-radic-clarke-vence-premio-pritzker-2026\/#article\",\"isPartOf\":{\"@id\":\"https:\/\/portaltela.pt\/noticias\/2026\/03\/12\/smiljan-radic-clarke-vence-premio-pritzker-2026\/\"},\"author\":{\"name\":\"Telinha\",\"@id\":\"https:\/\/portaltela.pt\/#\/schema\/person\/c4278d4a6028830caff9ee44b42d32ed\"},\"headline\":\"Smiljan Radi\u0107 Clarke vence Pr\u00e9mio Pritzker 2026\",\"datePublished\":\"2026-03-12T17:17:09+00:00\",\"mainEntityOfPage\":{\"@id\":\"https:\/\/portaltela.pt\/noticias\/2026\/03\/12\/smiljan-radic-clarke-vence-premio-pritzker-2026\/\"},\"wordCount\":327,\"image\":{\"@id\":\"https:\/\/portaltela.pt\/noticias\/2026\/03\/12\/smiljan-radic-clarke-vence-premio-pritzker-2026\/#primaryimage\"},\"thumbnailUrl\":\"https:\/\/portaltela.pt\/s.01k8rhncp4jt1\/2026\/03\/1536x864_cmsv2_57387f63-bc7a-593c-9e27-d6e9b19d5e90-9673214.jpg\",\"keywords\":[\"arquitetura\",\"Chile\",\"design\",\"internacionais\",\"Londres\",\"meio-ambiente\"],\"articleSection\":[\"Not\u00edcias\"],\"inLanguage\":\"pt-PT\"},{\"@type\":\"WebPage\",\"@id\":\"https:\/\/portaltela.pt\/noticias\/2026\/03\/12\/smiljan-radic-clarke-vence-premio-pritzker-2026\/\",\"url\":\"https:\/\/portaltela.pt\/noticias\/2026\/03\/12\/smiljan-radic-clarke-vence-premio-pritzker-2026\/\",\"name\":\"Smiljan Radi\u0107 Clarke vence Pr\u00e9mio Pritzker 2026 - Portal Tela Portugal\",\"isPartOf\":{\"@id\":\"https:\/\/portaltela.pt\/#website\"},\"primaryImageOfPage\":{\"@id\":\"https:\/\/portaltela.pt\/noticias\/2026\/03\/12\/smiljan-radic-clarke-vence-premio-pritzker-2026\/#primaryimage\"},\"image\":{\"@id\":\"https:\/\/portaltela.pt\/noticias\/2026\/03\/12\/smiljan-radic-clarke-vence-premio-pritzker-2026\/#primaryimage\"},\"thumbnailUrl\":\"https:\/\/portaltela.pt\/s.01k8rhncp4jt1\/2026\/03\/1536x864_cmsv2_57387f63-bc7a-593c-9e27-d6e9b19d5e90-9673214.jpg\",\"datePublished\":\"2026-03-12T17:17:09+00:00\",\"author\":{\"@id\":\"https:\/\/portaltela.pt\/#\/schema\/person\/c4278d4a6028830caff9ee44b42d32ed\"},\"breadcrumb\":{\"@id\":\"https:\/\/portaltela.pt\/noticias\/2026\/03\/12\/smiljan-radic-clarke-vence-premio-pritzker-2026\/#breadcrumb\"},\"inLanguage\":\"pt-PT\",\"potentialAction\":[{\"@type\":\"ReadAction\",\"target\":[\"https:\/\/portaltela.pt\/noticias\/2026\/03\/12\/smiljan-radic-clarke-vence-premio-pritzker-2026\/\"]}]},{\"@type\":\"ImageObject\",\"inLanguage\":\"pt-PT\",\"@id\":\"https:\/\/portaltela.pt\/noticias\/2026\/03\/12\/smiljan-radic-clarke-vence-premio-pritzker-2026\/#primaryimage\",\"url\":\"https:\/\/portaltela.pt\/s.01k8rhncp4jt1\/2026\/03\/1536x864_cmsv2_57387f63-bc7a-593c-9e27-d6e9b19d5e90-9673214.jpg\",\"contentUrl\":\"https:\/\/portaltela.pt\/s.01k8rhncp4jt1\/2026\/03\/1536x864_cmsv2_57387f63-bc7a-593c-9e27-d6e9b19d5e90-9673214.jpg\",\"width\":796,\"height\":448,\"caption\":\"Arquitecto Smiljan Radic Clarke, vencedor do Pr\u00e9mio Pritzker 2026\"},{\"@type\":\"BreadcrumbList\",\"@id\":\"https:\/\/portaltela.pt\/noticias\/2026\/03\/12\/smiljan-radic-clarke-vence-premio-pritzker-2026\/#breadcrumb\",\"itemListElement\":[{\"@type\":\"ListItem\",\"position\":1,\"name\":\"In\u00edcio\",\"item\":\"https:\/\/portaltela.pt\/\"},{\"@type\":\"ListItem\",\"position\":2,\"name\":\"Smiljan Radi\u0107 Clarke vence Pr\u00e9mio Pritzker 2026\"}]},{\"@type\":\"WebSite\",\"@id\":\"https:\/\/portaltela.pt\/#website\",\"url\":\"https:\/\/portaltela.pt\/\",\"name\":\"Portal Tela Portugal\",\"description\":\"\",\"potentialAction\":[{\"@type\":\"SearchAction\",\"target\":{\"@type\":\"EntryPoint\",\"urlTemplate\":\"https:\/\/portaltela.pt\/?s={search_term_string}\"},\"query-input\":{\"@type\":\"PropertyValueSpecification\",\"valueRequired\":true,\"valueName\":\"search_term_string\"}}],\"inLanguage\":\"pt-PT\"},{\"@type\":\"Person\",\"@id\":\"https:\/\/portaltela.pt\/#\/schema\/person\/c4278d4a6028830caff9ee44b42d32ed\",\"name\":\"Telinha\",\"image\":{\"@type\":\"ImageObject\",\"inLanguage\":\"pt-PT\",\"@id\":\"https:\/\/portaltela.pt\/s.01k8rhncp4jt1\/2025\/11\/talking-bot-125x125.png\",\"url\":\"https:\/\/portaltela.pt\/s.01k8rhncp4jt1\/2025\/11\/talking-bot-125x125.png\",\"contentUrl\":\"https:\/\/portaltela.pt\/s.01k8rhncp4jt1\/2025\/11\/talking-bot-125x125.png\",\"caption\":\"Telinha\"},\"sameAs\":[\"https:\/\/portaltela.pt\/\"],\"url\":\"https:\/\/portaltela.pt\/por\/367410592786\/\"}]}<\/script>\n<!-- \/ Yoast SEO plugin. -->","yoast_head_json":{"title":"Smiljan Radi\u0107 Clarke vence Pr\u00e9mio Pritzker 2026 - Portal Tela Portugal","robots":{"index":"index","follow":"follow","max-snippet":"max-snippet:-1","max-image-preview":"max-image-preview:large","max-video-preview":"max-video-preview:-1"},"og_locale":"pt_PT","og_type":"article","og_title":"Smiljan Radi\u0107 Clarke vence Pr\u00e9mio Pritzker 2026 - Portal Tela Portugal","og_description":"O designer chileno Smiljan Radi\u0107 Clarke foi galardoado com o Pr\u00e9mio Pritzker de Arquitetura de 2026, a mais alta distin\u00e7\u00e3o na \u00e1rea. A cerim\u00f3nia foi adiada devido a revealed rel\u00e2mpagos sobre os v\u00ednculos de Tom Pritzker com Jeffrey Epstein; Pritzker afastou-se da funda\u00e7\u00e3o, mantendo cargo de administrador e vice-presidente. Radi\u0107, de 60 anos e natural de Santiago, \u00e9 conhecido pela originalidade das suas obras e pela forma como funde materiais com a natureza; entre os destaques est\u00e1 o Pavilh\u00e3o da Serpentine Gallery, em Londres. O j\u00fari descreveu as suas estruturas como \u201cotimistas e discretamente alegres\u201d e afirmou que a arquitetura dele oferece experi\u00eancias espaciais naturais e surpreendentes. Entre os trabalhos do arquiteto no Chile est\u00e1 o teatro regional de Biob\u00edo (Concepci\u00f3n, 2018); Radi\u0107 tem projetos em prepara\u00e7\u00e3o na Alb\u00e2nia, Espanha, Su\u00ed\u00e7a e Reino Unido.","og_url":"https:\/\/portaltela.pt\/noticias\/2026\/03\/12\/smiljan-radic-clarke-vence-premio-pritzker-2026\/","og_site_name":"Portal Tela Portugal","article_published_time":"2026-03-12T17:17:09+00:00","author":"Telinha","twitter_card":"summary_large_image","twitter_misc":{"Escrito por":"Telinha","Tempo estimado de leitura":"2 minutos"},"schema":{"@context":"https:\/\/schema.org","@graph":[{"@type":"Article","@id":"https:\/\/portaltela.pt\/noticias\/2026\/03\/12\/smiljan-radic-clarke-vence-premio-pritzker-2026\/#article","isPartOf":{"@id":"https:\/\/portaltela.pt\/noticias\/2026\/03\/12\/smiljan-radic-clarke-vence-premio-pritzker-2026\/"},"author":{"name":"Telinha","@id":"https:\/\/portaltela.pt\/#\/schema\/person\/c4278d4a6028830caff9ee44b42d32ed"},"headline":"Smiljan Radi\u0107 Clarke vence Pr\u00e9mio Pritzker 2026","datePublished":"2026-03-12T17:17:09+00:00","mainEntityOfPage":{"@id":"https:\/\/portaltela.pt\/noticias\/2026\/03\/12\/smiljan-radic-clarke-vence-premio-pritzker-2026\/"},"wordCount":327,"image":{"@id":"https:\/\/portaltela.pt\/noticias\/2026\/03\/12\/smiljan-radic-clarke-vence-premio-pritzker-2026\/#primaryimage"},"thumbnailUrl":"https:\/\/portaltela.pt\/s.01k8rhncp4jt1\/2026\/03\/1536x864_cmsv2_57387f63-bc7a-593c-9e27-d6e9b19d5e90-9673214.jpg","keywords":["arquitetura","Chile","design","internacionais","Londres","meio-ambiente"],"articleSection":["Not\u00edcias"],"inLanguage":"pt-PT"},{"@type":"WebPage","@id":"https:\/\/portaltela.pt\/noticias\/2026\/03\/12\/smiljan-radic-clarke-vence-premio-pritzker-2026\/","url":"https:\/\/portaltela.pt\/noticias\/2026\/03\/12\/smiljan-radic-clarke-vence-premio-pritzker-2026\/","name":"Smiljan Radi\u0107 Clarke vence Pr\u00e9mio Pritzker 2026 - Portal Tela Portugal","isPartOf":{"@id":"https:\/\/portaltela.pt\/#website"},"primaryImageOfPage":{"@id":"https:\/\/portaltela.pt\/noticias\/2026\/03\/12\/smiljan-radic-clarke-vence-premio-pritzker-2026\/#primaryimage"},"image":{"@id":"https:\/\/portaltela.pt\/noticias\/2026\/03\/12\/smiljan-radic-clarke-vence-premio-pritzker-2026\/#primaryimage"},"thumbnailUrl":"https:\/\/portaltela.pt\/s.01k8rhncp4jt1\/2026\/03\/1536x864_cmsv2_57387f63-bc7a-593c-9e27-d6e9b19d5e90-9673214.jpg","datePublished":"2026-03-12T17:17:09+00:00","author":{"@id":"https:\/\/portaltela.pt\/#\/schema\/person\/c4278d4a6028830caff9ee44b42d32ed"},"breadcrumb":{"@id":"https:\/\/portaltela.pt\/noticias\/2026\/03\/12\/smiljan-radic-clarke-vence-premio-pritzker-2026\/#breadcrumb"},"inLanguage":"pt-PT","potentialAction":[{"@type":"ReadAction","target":["https:\/\/portaltela.pt\/noticias\/2026\/03\/12\/smiljan-radic-clarke-vence-premio-pritzker-2026\/"]}]},{"@type":"ImageObject","inLanguage":"pt-PT","@id":"https:\/\/portaltela.pt\/noticias\/2026\/03\/12\/smiljan-radic-clarke-vence-premio-pritzker-2026\/#primaryimage","url":"https:\/\/portaltela.pt\/s.01k8rhncp4jt1\/2026\/03\/1536x864_cmsv2_57387f63-bc7a-593c-9e27-d6e9b19d5e90-9673214.jpg","contentUrl":"https:\/\/portaltela.pt\/s.01k8rhncp4jt1\/2026\/03\/1536x864_cmsv2_57387f63-bc7a-593c-9e27-d6e9b19d5e90-9673214.jpg","width":796,"height":448,"caption":"Arquitecto Smiljan Radic Clarke, vencedor do Pr\u00e9mio Pritzker 2026"},{"@type":"BreadcrumbList","@id":"https:\/\/portaltela.pt\/noticias\/2026\/03\/12\/smiljan-radic-clarke-vence-premio-pritzker-2026\/#breadcrumb","itemListElement":[{"@type":"ListItem","position":1,"name":"In\u00edcio","item":"https:\/\/portaltela.pt\/"},{"@type":"ListItem","position":2,"name":"Smiljan Radi\u0107 Clarke vence Pr\u00e9mio Pritzker 2026"}]},{"@type":"WebSite","@id":"https:\/\/portaltela.pt\/#website","url":"https:\/\/portaltela.pt\/","name":"Portal Tela Portugal","description":"","potentialAction":[{"@type":"SearchAction","target":{"@type":"EntryPoint","urlTemplate":"https:\/\/portaltela.pt\/?s={search_term_string}"},"query-input":{"@type":"PropertyValueSpecification","valueRequired":true,"valueName":"search_term_string"}}],"inLanguage":"pt-PT"},{"@type":"Person","@id":"https:\/\/portaltela.pt\/#\/schema\/person\/c4278d4a6028830caff9ee44b42d32ed","name":"Telinha","image":{"@type":"ImageObject","inLanguage":"pt-PT","@id":"https:\/\/portaltela.pt\/s.01k8rhncp4jt1\/2025\/11\/talking-bot-125x125.png","url":"https:\/\/portaltela.pt\/s.01k8rhncp4jt1\/2025\/11\/talking-bot-125x125.png","contentUrl":"https:\/\/portaltela.pt\/s.01k8rhncp4jt1\/2025\/11\/talking-bot-125x125.png","caption":"Telinha"},"sameAs":["https:\/\/portaltela.pt\/"],"url":"https:\/\/portaltela.pt\/por\/367410592786\/"}]}},"_links":{"self":[{"href":"https:\/\/portaltela.pt\/api\/wp\/v2\/posts\/407711","targetHints":{"allow":["GET"]}}],"collection":[{"href":"https:\/\/portaltela.pt\/api\/wp\/v2\/posts"}],"about":[{"href":"https:\/\/portaltela.pt\/api\/wp\/v2\/types\/post"}],"author":[{"embeddable":true,"href":"https:\/\/portaltela.pt\/api\/wp\/v2\/users\/2"}],"replies":[{"embeddable":true,"href":"https:\/\/portaltela.pt\/api\/wp\/v2\/comments?post=407711"}],"version-history":[{"count":0,"href":"https:\/\/portaltela.pt\/api\/wp\/v2\/posts\/407711\/revisions"}],"wp:featuredmedia":[{"embeddable":true,"href":"https:\/\/portaltela.pt\/api\/wp\/v2\/media\/407717"}],"wp:attachment":[{"href":"https:\/\/portaltela.pt\/api\/wp\/v2\/media?parent=407711"}],"wp:term":[{"taxonomy":"category","embeddable":true,"href":"https:\/\/portaltela.pt\/api\/wp\/v2\/categories?post=407711"},{"taxonomy":"post_tag","embeddable":true,"href":"https:\/\/portaltela.pt\/api\/wp\/v2\/tags?post=407711"}],"curies":[{"name":"wp","href":"https:\/\/api.w.org\/{rel}","templated":true}]}}