{"id":407701,"date":"2026-03-12T13:50:00","date_gmt":"2026-03-12T16:50:00","guid":{"rendered":"https:\/\/portaltela.pt\/noticias\/2026\/03\/12\/cibercrime-e-o-crime-mais-comum-em-portugal-alerta-o-procurador-geral\/"},"modified":"2026-03-12T13:50:00","modified_gmt":"2026-03-12T16:50:00","slug":"cibercrime-e-o-crime-mais-comum-em-portugal-alerta-o-procurador-geral","status":"publish","type":"post","link":"https:\/\/portaltela.pt\/noticias\/2026\/03\/12\/cibercrime-e-o-crime-mais-comum-em-portugal-alerta-o-procurador-geral\/","title":{"rendered":"Cibercrime \u00e9 o crime mais comum em Portugal, alerta o Procurador-Geral"},"content":{"rendered":"<p>O Procurador-Geral da Rep\u00fablica, Amadeu Guerra, advertiu que o cibercrime \u00e9 a forma de criminalidade mais participada em Portugal e o que mais tem aumentado em n\u00famero de inqu\u00e9ritos e em sofistica\u00e7\u00e3o. A interven\u00e7\u00e3o ocorreu \u00e0 margem da confer\u00eancia sobre Ciberseguran\u00e7a e Transpar\u00eancia, em Bragan\u00e7a.<\/p>\n<p>Guerra referiu que as queixas recebidas diariamente pelas autoridades s\u00e3o 12, relacionadas com cibercrime, mas h\u00e1 muitas outras participa\u00e7\u00f5es que entram na Pol\u00edcia Judici\u00e1ria, PSP, GNR, no DCIA e na DGP, ampliando o universo de investiga\u00e7\u00e3o. O leque de burlas j\u00e1 inclui cerca de 20 m\u00e9todos de crime organizado.<\/p>\n<h3>Dados e perspetivas de investiga\u00e7\u00e3o<\/h3>\n<p>O diretor do DCIAP, Rui Cardoso, afirmou que o Gabinete do Cibercrime recebe den\u00fancias, mas representam apenas uma frac\u00e7\u00e3o dos totais. Em Portugal, o Gabinete identifica que o n\u00famero de casos \u00e9 elevado e que a maioria das fraudes ocorre fora do pa\u00eds.<\/p>\n<p>Amadeu Guerra j\u00e1 tinha defendido, em sede parlamentar, a possibilidade de excluir inqu\u00e9ritos de valores baixos para facilitar a investiga\u00e7\u00e3o, hip\u00f3tese que reconhece ser juridicamente complexa. A solu\u00e7\u00e3o passa pela centraliza\u00e7\u00e3o de dados na PJ e pela coopera\u00e7\u00e3o entre entidades.<\/p>\n<h3>Desafios operacionais e estrat\u00e9gias<\/h3>\n<p>O PGR explicou que a identifica\u00e7\u00e3o de autores \u00e9 o principal obst\u00e1culo: muitos crimes s\u00e3o praticados no estrangeiro, dificultando a origem das opera\u00e7\u00f5es. Mesmo assim, h\u00e1 casos de inqu\u00e9ritos de branqueamento quando movimentos banc\u00e1rios acontecem em Portugal.<\/p>\n<p>O Minist\u00e9rio P\u00fablico pretende consolidar informa\u00e7\u00f5es para evitar duplica\u00e7\u00e3o de investiga\u00e7\u00f5es sobre o mesmo fen\u00f3meno, com foco na atua\u00e7\u00e3o de grupos criminosos. O Gabinete de Cibercrime foi transferido para o DCIAP para melhorar a articula\u00e7\u00e3o entre os DIAP.<\/p>\n<h3>Contexto institucional<\/h3>\n<p>O DCIAP est\u00e1 a preparar um novo modo de atua\u00e7\u00e3o, com recolha e tratamento de informa\u00e7\u00e3o em colabora\u00e7\u00e3o estreita com a PJ. O objetivo \u00e9 facilitar a identifica\u00e7\u00e3o de grupos que operam em Portugal, permitindo investiga\u00e7\u00f5es mais eficientes e com melhores resultados.<\/p>\n<p>Estima-se que Portugal enfrente uma m\u00e9dia de 2 086 ciberataques por semana, destacando a necessidade de refor\u00e7o de coordena\u00e7\u00e3o entre servi\u00e7os e uma atua\u00e7\u00e3o mais centrada na preven\u00e7\u00e3o e na resposta r\u00e1pida aos incidentes.<\/p>\n","protected":false},"excerpt":{"rendered":"<ul>\n<li>O Procurador-Geral da Rep\u00fablica, Amadeu Guerra, disse que o cibercrime \u00e9 a criminalidade mais participada em Portugal e a que mais tem aumentado, em n\u00famero de inqu\u00e9ritos e na sofistica\u00e7\u00e3o.<\/li>\n<li>Em Portugal chegam 12 queixas por dia relativas a cibercrime, segundo o baston\u00e1rio da Ordem dos Advogados, Jo\u00e3o Massano.<\/li>\n<li>O Gabinete do Cibercrime recebe den\u00fancias, mas representariam apenas um d\u00e9cimo do total de participa\u00e7\u00f5es, com 20 m\u00e9todos de burlas j\u00e1 identificados pelo crime organizado.<\/li>\n<li>A procuradoria defende ampliar alternativas de investiga\u00e7\u00e3o para casos de menor express\u00e3o econ\u00f3mica e centralizar informa\u00e7\u00f5es na Pol\u00edcia Judici\u00e1ria para evitar dispers\u00e3o e duplica\u00e7\u00e3o de investiga\u00e7\u00f5es.<\/li>\n<li>O setor de cibercrime foi transferido do gabinete da Procuradoria-Geral da Rep\u00fablica para o Departamento Central de Investiga\u00e7\u00e3o e A\u00e7\u00e3o Penal, com melhoria de coordena\u00e7\u00e3o entre a Pol\u00edcia Judici\u00e1ria e os DIAP, num contexto de cerca de 2 086 ciberataques por semana.<\/li>\n<\/ul>\n","protected":false},"author":2,"featured_media":407702,"comment_status":"closed","ping_status":"closed","sticky":false,"template":"","format":"standard","meta":{"footnotes":""},"categories":[6815,1],"tags":[1724,3681,215,1802,1014,250],"class_list":["post-407701","post","type-post","status-publish","format-standard","has-post-thumbnail","hentry","category-justica","category-noticias","tag-cibercrime","tag-cyberseguranca","tag-investigacao","tag-policia-judiciaria","tag-portugal","tag-seguranca-publica"],"yoast_head":"<!-- This site is optimized with the Yoast SEO plugin v27.2 - https:\/\/yoast.com\/product\/yoast-seo-wordpress\/ -->\n<title>Cibercrime \u00e9 o crime mais comum em Portugal, alerta o Procurador-Geral - Portal Tela Portugal<\/title>\n<meta name=\"robots\" content=\"index, follow, max-snippet:-1, max-image-preview:large, max-video-preview:-1\" \/>\n<meta property=\"og:locale\" content=\"pt_PT\" \/>\n<meta property=\"og:type\" content=\"article\" \/>\n<meta property=\"og:title\" content=\"Cibercrime \u00e9 o crime mais comum em Portugal, alerta o Procurador-Geral - Portal Tela Portugal\" \/>\n<meta property=\"og:description\" content=\"O Procurador-Geral da Rep\u00fablica, Amadeu Guerra, disse que o cibercrime \u00e9 a criminalidade mais participada em Portugal e a que mais tem aumentado, em n\u00famero de inqu\u00e9ritos e na sofistica\u00e7\u00e3o. Em Portugal chegam 12 queixas por dia relativas a cibercrime, segundo o baston\u00e1rio da Ordem dos Advogados, Jo\u00e3o Massano. O Gabinete do Cibercrime recebe den\u00fancias, mas representariam apenas um d\u00e9cimo do total de participa\u00e7\u00f5es, com 20 m\u00e9todos de burlas j\u00e1 identificados pelo crime organizado. A procuradoria defende ampliar alternativas de investiga\u00e7\u00e3o para casos de menor express\u00e3o econ\u00f3mica e centralizar informa\u00e7\u00f5es na Pol\u00edcia Judici\u00e1ria para evitar dispers\u00e3o e duplica\u00e7\u00e3o de investiga\u00e7\u00f5es. O setor de cibercrime foi transferido do gabinete da Procuradoria-Geral da Rep\u00fablica para o Departamento Central de Investiga\u00e7\u00e3o e A\u00e7\u00e3o Penal, com melhoria de coordena\u00e7\u00e3o entre a Pol\u00edcia Judici\u00e1ria e os DIAP, num contexto de cerca de 2 086 ciberataques por semana.\" \/>\n<meta property=\"og:url\" content=\"https:\/\/portaltela.pt\/noticias\/2026\/03\/12\/cibercrime-e-o-crime-mais-comum-em-portugal-alerta-o-procurador-geral\/\" \/>\n<meta property=\"og:site_name\" content=\"Portal Tela Portugal\" \/>\n<meta property=\"article:published_time\" content=\"2026-03-12T16:50:00+00:00\" \/>\n<meta name=\"author\" content=\"Telinha\" \/>\n<meta name=\"twitter:card\" content=\"summary_large_image\" \/>\n<meta name=\"twitter:label1\" content=\"Escrito por\" \/>\n\t<meta name=\"twitter:data1\" content=\"Telinha\" \/>\n\t<meta name=\"twitter:label2\" content=\"Tempo estimado de leitura\" \/>\n\t<meta name=\"twitter:data2\" content=\"2 minutos\" \/>\n<script type=\"application\/ld+json\" class=\"yoast-schema-graph\">{\"@context\":\"https:\/\/schema.org\",\"@graph\":[{\"@type\":\"Article\",\"@id\":\"https:\/\/portaltela.pt\/noticias\/2026\/03\/12\/cibercrime-e-o-crime-mais-comum-em-portugal-alerta-o-procurador-geral\/#article\",\"isPartOf\":{\"@id\":\"https:\/\/portaltela.pt\/noticias\/2026\/03\/12\/cibercrime-e-o-crime-mais-comum-em-portugal-alerta-o-procurador-geral\/\"},\"author\":{\"name\":\"Telinha\",\"@id\":\"https:\/\/portaltela.pt\/#\/schema\/person\/c4278d4a6028830caff9ee44b42d32ed\"},\"headline\":\"Cibercrime \u00e9 o crime mais comum em Portugal, alerta o Procurador-Geral\",\"datePublished\":\"2026-03-12T16:50:00+00:00\",\"mainEntityOfPage\":{\"@id\":\"https:\/\/portaltela.pt\/noticias\/2026\/03\/12\/cibercrime-e-o-crime-mais-comum-em-portugal-alerta-o-procurador-geral\/\"},\"wordCount\":393,\"image\":{\"@id\":\"https:\/\/portaltela.pt\/noticias\/2026\/03\/12\/cibercrime-e-o-crime-mais-comum-em-portugal-alerta-o-procurador-geral\/#primaryimage\"},\"thumbnailUrl\":\"https:\/\/portaltela.pt\/s.01k8rhncp4jt1\/2026\/03\/image-792.jpg\",\"keywords\":[\"cibercrime\",\"cyberseguran\u00e7a\",\"investiga\u00e7\u00e3o\",\"Pol\u00edcia Judici\u00e1ria\",\"Portugal\",\"seguran\u00e7a p\u00fablica\"],\"articleSection\":[\"Justi\u00e7a\",\"Not\u00edcias\"],\"inLanguage\":\"pt-PT\"},{\"@type\":\"WebPage\",\"@id\":\"https:\/\/portaltela.pt\/noticias\/2026\/03\/12\/cibercrime-e-o-crime-mais-comum-em-portugal-alerta-o-procurador-geral\/\",\"url\":\"https:\/\/portaltela.pt\/noticias\/2026\/03\/12\/cibercrime-e-o-crime-mais-comum-em-portugal-alerta-o-procurador-geral\/\",\"name\":\"Cibercrime \u00e9 o crime mais comum em Portugal, alerta o Procurador-Geral - Portal Tela Portugal\",\"isPartOf\":{\"@id\":\"https:\/\/portaltela.pt\/#website\"},\"primaryImageOfPage\":{\"@id\":\"https:\/\/portaltela.pt\/noticias\/2026\/03\/12\/cibercrime-e-o-crime-mais-comum-em-portugal-alerta-o-procurador-geral\/#primaryimage\"},\"image\":{\"@id\":\"https:\/\/portaltela.pt\/noticias\/2026\/03\/12\/cibercrime-e-o-crime-mais-comum-em-portugal-alerta-o-procurador-geral\/#primaryimage\"},\"thumbnailUrl\":\"https:\/\/portaltela.pt\/s.01k8rhncp4jt1\/2026\/03\/image-792.jpg\",\"datePublished\":\"2026-03-12T16:50:00+00:00\",\"author\":{\"@id\":\"https:\/\/portaltela.pt\/#\/schema\/person\/c4278d4a6028830caff9ee44b42d32ed\"},\"breadcrumb\":{\"@id\":\"https:\/\/portaltela.pt\/noticias\/2026\/03\/12\/cibercrime-e-o-crime-mais-comum-em-portugal-alerta-o-procurador-geral\/#breadcrumb\"},\"inLanguage\":\"pt-PT\",\"potentialAction\":[{\"@type\":\"ReadAction\",\"target\":[\"https:\/\/portaltela.pt\/noticias\/2026\/03\/12\/cibercrime-e-o-crime-mais-comum-em-portugal-alerta-o-procurador-geral\/\"]}]},{\"@type\":\"ImageObject\",\"inLanguage\":\"pt-PT\",\"@id\":\"https:\/\/portaltela.pt\/noticias\/2026\/03\/12\/cibercrime-e-o-crime-mais-comum-em-portugal-alerta-o-procurador-geral\/#primaryimage\",\"url\":\"https:\/\/portaltela.pt\/s.01k8rhncp4jt1\/2026\/03\/image-792.jpg\",\"contentUrl\":\"https:\/\/portaltela.pt\/s.01k8rhncp4jt1\/2026\/03\/image-792.jpg\",\"width\":796,\"height\":448,\"caption\":\"Amadeu Guerra revelou que o cibercrime \u00e9 cada vez mais sofisticado\"},{\"@type\":\"BreadcrumbList\",\"@id\":\"https:\/\/portaltela.pt\/noticias\/2026\/03\/12\/cibercrime-e-o-crime-mais-comum-em-portugal-alerta-o-procurador-geral\/#breadcrumb\",\"itemListElement\":[{\"@type\":\"ListItem\",\"position\":1,\"name\":\"In\u00edcio\",\"item\":\"https:\/\/portaltela.pt\/\"},{\"@type\":\"ListItem\",\"position\":2,\"name\":\"Cibercrime \u00e9 o crime mais comum em Portugal, alerta o Procurador-Geral\"}]},{\"@type\":\"WebSite\",\"@id\":\"https:\/\/portaltela.pt\/#website\",\"url\":\"https:\/\/portaltela.pt\/\",\"name\":\"Portal Tela Portugal\",\"description\":\"\",\"potentialAction\":[{\"@type\":\"SearchAction\",\"target\":{\"@type\":\"EntryPoint\",\"urlTemplate\":\"https:\/\/portaltela.pt\/?s={search_term_string}\"},\"query-input\":{\"@type\":\"PropertyValueSpecification\",\"valueRequired\":true,\"valueName\":\"search_term_string\"}}],\"inLanguage\":\"pt-PT\"},{\"@type\":\"Person\",\"@id\":\"https:\/\/portaltela.pt\/#\/schema\/person\/c4278d4a6028830caff9ee44b42d32ed\",\"name\":\"Telinha\",\"image\":{\"@type\":\"ImageObject\",\"inLanguage\":\"pt-PT\",\"@id\":\"https:\/\/portaltela.pt\/s.01k8rhncp4jt1\/2025\/11\/talking-bot-125x125.png\",\"url\":\"https:\/\/portaltela.pt\/s.01k8rhncp4jt1\/2025\/11\/talking-bot-125x125.png\",\"contentUrl\":\"https:\/\/portaltela.pt\/s.01k8rhncp4jt1\/2025\/11\/talking-bot-125x125.png\",\"caption\":\"Telinha\"},\"sameAs\":[\"https:\/\/portaltela.pt\/\"],\"url\":\"https:\/\/portaltela.pt\/por\/367410592786\/\"}]}<\/script>\n<!-- \/ Yoast SEO plugin. -->","yoast_head_json":{"title":"Cibercrime \u00e9 o crime mais comum em Portugal, alerta o Procurador-Geral - Portal Tela Portugal","robots":{"index":"index","follow":"follow","max-snippet":"max-snippet:-1","max-image-preview":"max-image-preview:large","max-video-preview":"max-video-preview:-1"},"og_locale":"pt_PT","og_type":"article","og_title":"Cibercrime \u00e9 o crime mais comum em Portugal, alerta o Procurador-Geral - Portal Tela Portugal","og_description":"O Procurador-Geral da Rep\u00fablica, Amadeu Guerra, disse que o cibercrime \u00e9 a criminalidade mais participada em Portugal e a que mais tem aumentado, em n\u00famero de inqu\u00e9ritos e na sofistica\u00e7\u00e3o. Em Portugal chegam 12 queixas por dia relativas a cibercrime, segundo o baston\u00e1rio da Ordem dos Advogados, Jo\u00e3o Massano. O Gabinete do Cibercrime recebe den\u00fancias, mas representariam apenas um d\u00e9cimo do total de participa\u00e7\u00f5es, com 20 m\u00e9todos de burlas j\u00e1 identificados pelo crime organizado. A procuradoria defende ampliar alternativas de investiga\u00e7\u00e3o para casos de menor express\u00e3o econ\u00f3mica e centralizar informa\u00e7\u00f5es na Pol\u00edcia Judici\u00e1ria para evitar dispers\u00e3o e duplica\u00e7\u00e3o de investiga\u00e7\u00f5es. O setor de cibercrime foi transferido do gabinete da Procuradoria-Geral da Rep\u00fablica para o Departamento Central de Investiga\u00e7\u00e3o e A\u00e7\u00e3o Penal, com melhoria de coordena\u00e7\u00e3o entre a Pol\u00edcia Judici\u00e1ria e os DIAP, num contexto de cerca de 2 086 ciberataques por semana.","og_url":"https:\/\/portaltela.pt\/noticias\/2026\/03\/12\/cibercrime-e-o-crime-mais-comum-em-portugal-alerta-o-procurador-geral\/","og_site_name":"Portal Tela Portugal","article_published_time":"2026-03-12T16:50:00+00:00","author":"Telinha","twitter_card":"summary_large_image","twitter_misc":{"Escrito por":"Telinha","Tempo estimado de leitura":"2 minutos"},"schema":{"@context":"https:\/\/schema.org","@graph":[{"@type":"Article","@id":"https:\/\/portaltela.pt\/noticias\/2026\/03\/12\/cibercrime-e-o-crime-mais-comum-em-portugal-alerta-o-procurador-geral\/#article","isPartOf":{"@id":"https:\/\/portaltela.pt\/noticias\/2026\/03\/12\/cibercrime-e-o-crime-mais-comum-em-portugal-alerta-o-procurador-geral\/"},"author":{"name":"Telinha","@id":"https:\/\/portaltela.pt\/#\/schema\/person\/c4278d4a6028830caff9ee44b42d32ed"},"headline":"Cibercrime \u00e9 o crime mais comum em Portugal, alerta o Procurador-Geral","datePublished":"2026-03-12T16:50:00+00:00","mainEntityOfPage":{"@id":"https:\/\/portaltela.pt\/noticias\/2026\/03\/12\/cibercrime-e-o-crime-mais-comum-em-portugal-alerta-o-procurador-geral\/"},"wordCount":393,"image":{"@id":"https:\/\/portaltela.pt\/noticias\/2026\/03\/12\/cibercrime-e-o-crime-mais-comum-em-portugal-alerta-o-procurador-geral\/#primaryimage"},"thumbnailUrl":"https:\/\/portaltela.pt\/s.01k8rhncp4jt1\/2026\/03\/image-792.jpg","keywords":["cibercrime","cyberseguran\u00e7a","investiga\u00e7\u00e3o","Pol\u00edcia Judici\u00e1ria","Portugal","seguran\u00e7a p\u00fablica"],"articleSection":["Justi\u00e7a","Not\u00edcias"],"inLanguage":"pt-PT"},{"@type":"WebPage","@id":"https:\/\/portaltela.pt\/noticias\/2026\/03\/12\/cibercrime-e-o-crime-mais-comum-em-portugal-alerta-o-procurador-geral\/","url":"https:\/\/portaltela.pt\/noticias\/2026\/03\/12\/cibercrime-e-o-crime-mais-comum-em-portugal-alerta-o-procurador-geral\/","name":"Cibercrime \u00e9 o crime mais comum em Portugal, alerta o Procurador-Geral - Portal Tela Portugal","isPartOf":{"@id":"https:\/\/portaltela.pt\/#website"},"primaryImageOfPage":{"@id":"https:\/\/portaltela.pt\/noticias\/2026\/03\/12\/cibercrime-e-o-crime-mais-comum-em-portugal-alerta-o-procurador-geral\/#primaryimage"},"image":{"@id":"https:\/\/portaltela.pt\/noticias\/2026\/03\/12\/cibercrime-e-o-crime-mais-comum-em-portugal-alerta-o-procurador-geral\/#primaryimage"},"thumbnailUrl":"https:\/\/portaltela.pt\/s.01k8rhncp4jt1\/2026\/03\/image-792.jpg","datePublished":"2026-03-12T16:50:00+00:00","author":{"@id":"https:\/\/portaltela.pt\/#\/schema\/person\/c4278d4a6028830caff9ee44b42d32ed"},"breadcrumb":{"@id":"https:\/\/portaltela.pt\/noticias\/2026\/03\/12\/cibercrime-e-o-crime-mais-comum-em-portugal-alerta-o-procurador-geral\/#breadcrumb"},"inLanguage":"pt-PT","potentialAction":[{"@type":"ReadAction","target":["https:\/\/portaltela.pt\/noticias\/2026\/03\/12\/cibercrime-e-o-crime-mais-comum-em-portugal-alerta-o-procurador-geral\/"]}]},{"@type":"ImageObject","inLanguage":"pt-PT","@id":"https:\/\/portaltela.pt\/noticias\/2026\/03\/12\/cibercrime-e-o-crime-mais-comum-em-portugal-alerta-o-procurador-geral\/#primaryimage","url":"https:\/\/portaltela.pt\/s.01k8rhncp4jt1\/2026\/03\/image-792.jpg","contentUrl":"https:\/\/portaltela.pt\/s.01k8rhncp4jt1\/2026\/03\/image-792.jpg","width":796,"height":448,"caption":"Amadeu Guerra revelou que o cibercrime \u00e9 cada vez mais sofisticado"},{"@type":"BreadcrumbList","@id":"https:\/\/portaltela.pt\/noticias\/2026\/03\/12\/cibercrime-e-o-crime-mais-comum-em-portugal-alerta-o-procurador-geral\/#breadcrumb","itemListElement":[{"@type":"ListItem","position":1,"name":"In\u00edcio","item":"https:\/\/portaltela.pt\/"},{"@type":"ListItem","position":2,"name":"Cibercrime \u00e9 o crime mais comum em Portugal, alerta o Procurador-Geral"}]},{"@type":"WebSite","@id":"https:\/\/portaltela.pt\/#website","url":"https:\/\/portaltela.pt\/","name":"Portal Tela Portugal","description":"","potentialAction":[{"@type":"SearchAction","target":{"@type":"EntryPoint","urlTemplate":"https:\/\/portaltela.pt\/?s={search_term_string}"},"query-input":{"@type":"PropertyValueSpecification","valueRequired":true,"valueName":"search_term_string"}}],"inLanguage":"pt-PT"},{"@type":"Person","@id":"https:\/\/portaltela.pt\/#\/schema\/person\/c4278d4a6028830caff9ee44b42d32ed","name":"Telinha","image":{"@type":"ImageObject","inLanguage":"pt-PT","@id":"https:\/\/portaltela.pt\/s.01k8rhncp4jt1\/2025\/11\/talking-bot-125x125.png","url":"https:\/\/portaltela.pt\/s.01k8rhncp4jt1\/2025\/11\/talking-bot-125x125.png","contentUrl":"https:\/\/portaltela.pt\/s.01k8rhncp4jt1\/2025\/11\/talking-bot-125x125.png","caption":"Telinha"},"sameAs":["https:\/\/portaltela.pt\/"],"url":"https:\/\/portaltela.pt\/por\/367410592786\/"}]}},"_links":{"self":[{"href":"https:\/\/portaltela.pt\/api\/wp\/v2\/posts\/407701","targetHints":{"allow":["GET"]}}],"collection":[{"href":"https:\/\/portaltela.pt\/api\/wp\/v2\/posts"}],"about":[{"href":"https:\/\/portaltela.pt\/api\/wp\/v2\/types\/post"}],"author":[{"embeddable":true,"href":"https:\/\/portaltela.pt\/api\/wp\/v2\/users\/2"}],"replies":[{"embeddable":true,"href":"https:\/\/portaltela.pt\/api\/wp\/v2\/comments?post=407701"}],"version-history":[{"count":0,"href":"https:\/\/portaltela.pt\/api\/wp\/v2\/posts\/407701\/revisions"}],"wp:featuredmedia":[{"embeddable":true,"href":"https:\/\/portaltela.pt\/api\/wp\/v2\/media\/407702"}],"wp:attachment":[{"href":"https:\/\/portaltela.pt\/api\/wp\/v2\/media?parent=407701"}],"wp:term":[{"taxonomy":"category","embeddable":true,"href":"https:\/\/portaltela.pt\/api\/wp\/v2\/categories?post=407701"},{"taxonomy":"post_tag","embeddable":true,"href":"https:\/\/portaltela.pt\/api\/wp\/v2\/tags?post=407701"}],"curies":[{"name":"wp","href":"https:\/\/api.w.org\/{rel}","templated":true}]}}